{"id":994,"date":"2019-10-23T08:41:43","date_gmt":"2019-10-23T11:41:43","guid":{"rendered":"https:\/\/blog.univicosa.com.br\/?p=994"},"modified":"2019-10-23T08:41:43","modified_gmt":"2019-10-23T11:41:43","slug":"construcao-civil-retoma-contratacoes-e-os-salarios-sofrem-aumento","status":"publish","type":"post","link":"https:\/\/blog.univicosa.com.br\/index.php\/2019\/10\/23\/construcao-civil-retoma-contratacoes-e-os-salarios-sofrem-aumento\/","title":{"rendered":"Constru\u00e7\u00e3o civil retoma contrata\u00e7\u00f5es e os sal\u00e1rios sofrem aumento"},"content":{"rendered":"\n<p><em>O estudo divulgado pela Revista Exame trata-se de um levantamento feito pela Michael Page \u2013 empresa do ramo de recrutamento \u2013; uma \u00f3tima not\u00edcia para os profissionais da constru\u00e7\u00e3o civil.<\/em><\/p>\n\n\n\n<figure class=\"wp-block-image\"><img data-attachment-id=\"995\" data-permalink=\"https:\/\/blog.univicosa.com.br\/index.php\/2019\/10\/23\/construcao-civil-retoma-contratacoes-e-os-salarios-sofrem-aumento\/equipamentos-de-construcao\/\" data-orig-file=\"https:\/\/blog.univicosa.com.br\/wp-content\/uploads\/2019\/10\/equipamentos-de-construcao.jpg\" data-orig-size=\"651,501\" data-comments-opened=\"1\" data-image-meta=\"{&quot;aperture&quot;:&quot;0&quot;,&quot;credit&quot;:&quot;&quot;,&quot;camera&quot;:&quot;&quot;,&quot;caption&quot;:&quot;&quot;,&quot;created_timestamp&quot;:&quot;0&quot;,&quot;copyright&quot;:&quot;&quot;,&quot;focal_length&quot;:&quot;0&quot;,&quot;iso&quot;:&quot;0&quot;,&quot;shutter_speed&quot;:&quot;0&quot;,&quot;title&quot;:&quot;&quot;,&quot;orientation&quot;:&quot;1&quot;}\" data-image-title=\"equipamentos-de-construcao\" data-image-description=\"\" data-medium-file=\"https:\/\/blog.univicosa.com.br\/wp-content\/uploads\/2019\/10\/equipamentos-de-construcao-300x231.jpg\" data-large-file=\"https:\/\/blog.univicosa.com.br\/wp-content\/uploads\/2019\/10\/equipamentos-de-construcao.jpg\" loading=\"lazy\" width=\"651\" height=\"501\" src=\"https:\/\/blog.univicosa.com.br\/wp-content\/uploads\/2019\/10\/equipamentos-de-construcao.jpg\" alt=\"\" class=\"wp-image-995\" srcset=\"https:\/\/blog.univicosa.com.br\/wp-content\/uploads\/2019\/10\/equipamentos-de-construcao.jpg 651w, https:\/\/blog.univicosa.com.br\/wp-content\/uploads\/2019\/10\/equipamentos-de-construcao-300x231.jpg 300w, https:\/\/blog.univicosa.com.br\/wp-content\/uploads\/2019\/10\/equipamentos-de-construcao-390x300.jpg 390w\" sizes=\"(max-width: 651px) 100vw, 651px\" \/><\/figure>\n\n\n\n<h2><\/h2>\n\n\n\n<p>Ap\u00f3s per\u00edodo de menor procura, o\nsetor de constru\u00e7\u00e3o civil come\u00e7a a dar sinais de crescimento, de acordo com a\npesquisa in\u00e9dita veiculada na <em>Michael\nPage<\/em>. No PIB do 2\u00ba trimestre, a \u00e1rea mostrou um crescimento de 2% em\nrela\u00e7\u00e3o ao mesmo per\u00edodo de 2018, segundo dados do IBGE. Foi o primeiro\nresultado positivo ap\u00f3s 20 quedas consecutivas.<\/p>\n\n\n\n<p>E o n\u00famero tamb\u00e9m se reflete nas\ncontrata\u00e7\u00f5es. Segundo levantamento da <em>Michael\nPage<\/em>, a procura por certos profissionais da \u00e1rea aumentou 300% nos nove\nprimeiros meses deste ano ante o mesmo per\u00edodo anterior.<\/p>\n\n\n\n<p>Atualmente, as oportunidades est\u00e3o\nconcentradas ainda na regi\u00e3o Sudeste, onde ficam as bases das maiores\nincorporadoras, principalmente em S\u00e3o Paulo. Para o resto do Brasil, o gerente\nacredita que a retomada ocorra de forma mais lenta.<\/p>\n\n\n\n<p>Ainda de acordo com os estudos da <em>Michael Page<\/em>, h\u00e1 um aumento de 300% nas\ncontrata\u00e7\u00f5es na \u00e1rea. <\/p>\n\n\n\n<p style=\"text-align:center\"><strong>Veja os cargos em alta agora e para 2020:<\/strong><\/p>\n\n\n\n<p><strong>Gerente ou diretor de novos neg\u00f3cios<\/strong><\/p>\n\n\n\n<p><strong>O que faz:<\/strong> prospec\u00e7\u00e3o de novos neg\u00f3cios para a empresa,\nnegocia\u00e7\u00e3o e busca por terrenos, estudo de viabilidade econ\u00f4mica, especialista\nem aprova\u00e7\u00e3o, legaliza\u00e7\u00e3o, regulamenta\u00e7\u00e3o, gest\u00e3o de equipe, participa de\nconven\u00e7\u00f5es e congressos, al\u00e9m de desenvolver o relacionamento no mercado\np\u00fablico e privado.<\/p>\n\n\n\n<p><strong>Perfil:<\/strong> \u00e9 desej\u00e1vel forma\u00e7\u00e3o ou especializa\u00e7\u00e3o em Engenharia,\nNeg\u00f3cios, Negocia\u00e7\u00e3o. O conhecimento de idiomas \u00e9 desej\u00e1vel, mas n\u00e3o\nimprescind\u00edvel, a depender da empresa. O perfil tamb\u00e9m \u00e9 estrat\u00e9gico para\nrelacionamento com a rede de corretores e vendedores.<\/p>\n\n\n\n<p><strong>Sal\u00e1rio:<\/strong> para gerente, de 15 a 25 mil reais (com vari\u00e1vel). Para\ndiretor, de 25 a 40 mil reais (com vari\u00e1vel)<\/p>\n\n\n\n<p><strong>Motivo para alta em 2019:<\/strong> o cargo \u00e9 pe\u00e7a-chave para\naquisi\u00e7\u00f5es nas incorporadoras e construtoras, gerando oportunidade de novos\nneg\u00f3cios, tamb\u00e9m \u00e9 fundamental nas defini\u00e7\u00f5es de planos t\u00e1ticos e estrat\u00e9gicos\nda companhia para o atingimento das metas e aumento nos resultados.<\/p>\n\n\n\n<p><strong>Gerente comercial\/vendas<\/strong><\/p>\n\n\n\n<p><strong>O que faz:<\/strong> prospec\u00e7\u00e3o de potenciais clientes e parceiros, gera\ndemanda e a\u00e7\u00f5es promocionais, acompanha a performance e desenvolve a for\u00e7a de\nvendas, estabelece planos de visitas, realiza an\u00e1lise de concorrentes, estudo\nde mercado, levantamento de resultados de vendas e demanda, participa de\nconven\u00e7\u00f5es e congressos, desenvolve relacionamento no mercado p\u00fablico e\nprivado.<\/p>\n\n\n\n<p><strong>Perfil:<\/strong> \u00e9 desej\u00e1vel ter forma\u00e7\u00e3o ou especializa\u00e7\u00e3o em Engenharia,\nNeg\u00f3cios, Marketing, Comercial ou Negocia\u00e7\u00e3o; ter experi\u00eancia pr\u00e9via no mercado\nde Real Estate; conhecimento de idiomas \u00e9 desej\u00e1vel, mas n\u00e3o imprescind\u00edvel,\nisso pode variar pela nacionalidade e demais pr\u00e9-requisitos da empresa.<\/p>\n\n\n\n<p><strong>Sal\u00e1rios:<\/strong> de 20 mil a 30 mil reais (com vari\u00e1vel)<\/p>\n\n\n\n<p><strong>Motivo para alta em 2019:<\/strong> as incorporadoras t\u00eam estruturado cada\nvez mais as \u201cHouses\u201d (bra\u00e7os comerciais de vendas do setor imobili\u00e1rio) para\nn\u00e3o depender das imobili\u00e1rias e corretoras, oferecendo pacote mais atrativo e\ntreinamentos preparat\u00f3rios. As \u201cHouses\u201d se tornaram pe\u00e7a-chave nas defini\u00e7\u00f5es\nde planos t\u00e1ticos e estrat\u00e9gicos comerciais das incorporadoras para o\ncumprimento das metas, aumento nos resultados de vendas e engajamento da equipe\ncomercial.<\/p>\n\n\n\n<p><strong>Gerente de facilities\/property<\/strong><\/p>\n\n\n\n<p>O que faz: \u00e9 o profissional\nrespons\u00e1vel pela gest\u00e3o dos contratos terceirizados ou de presta\u00e7\u00e3o de servi\u00e7os\nno que diz respeito a aluguel, recep\u00e7\u00e3o, manuten\u00e7\u00e3o, instala\u00e7\u00e3o, limpeza,\ntelefonia, seguran\u00e7a patrimonial, compras, etc. Esse profissional tamb\u00e9m fica\nrespons\u00e1vel pela elabora\u00e7\u00e3o de estrat\u00e9gias de revis\u00e3o\/cancelamento\/assinatura desses\ncontratos, visando ao controle de custos, estabelecimento de despesas\nprevistas, elabora\u00e7\u00e3o de budget anual ou semestral. Ele tamb\u00e9m olha para o\nestabelecimento de novas parcerias e benef\u00edcios que agreguem valor \u00e0 vida dos\ncolaboradores, bem como busca a implementa\u00e7\u00e3o de inova\u00e7\u00f5es tecnol\u00f3gicas que\nproporcionem bem-estar geral. O objetivo \u00e9 sempre avaliar e apresentar os\nresultados obtidos.<\/p>\n\n\n\n<p><strong>Perfil:<\/strong> \u00e9 desej\u00e1vel forma\u00e7\u00e3o em Engenharia Civil, com p\u00f3s ou\nespecializa\u00e7\u00e3o em Administra\u00e7\u00e3o, Arquitetura, Direito e \u00e1reas correlatas.<\/p>\n\n\n\n<p><strong>Sal\u00e1rio:<\/strong> de 18 mil a 25 mil reais, dependendo do porte da empresa.<\/p>\n\n\n\n<p><strong>Motivo para retomada em 2019:<\/strong> em momento de retomada \u00e9\nimportante \u201corganizar a casa\u201d e priorizar redu\u00e7\u00e3o de custos e despesas, bem\ncomo retomar o olhar de cuidado com os servi\u00e7os aos clientes e aos\ncolaboradores.<\/p>\n\n\n\n<p><\/p>\n","protected":false},"excerpt":{"rendered":"<p>O estudo divulgado pela Revista Exame trata-se de um levantamento feito pela Michael Page \u2013 empresa do ramo de recrutamento \u2013; uma \u00f3tima not\u00edcia para os profissionais da constru\u00e7\u00e3o civil. Ap\u00f3s per\u00edodo de menor procura, o setor de constru\u00e7\u00e3o civil come\u00e7a a dar sinais de crescimento, de acordo com a pesquisa in\u00e9dita veiculada na Michael&#8230;<\/p>\n","protected":false},"author":2,"featured_media":0,"comment_status":"open","ping_status":"open","sticky":false,"template":"","format":"standard","meta":{"spay_email":""},"categories":[1],"tags":[],"jetpack_featured_media_url":"","jetpack_shortlink":"https:\/\/wp.me\/pbcCKk-g2","_links":{"self":[{"href":"https:\/\/blog.univicosa.com.br\/index.php\/wp-json\/wp\/v2\/posts\/994"}],"collection":[{"href":"https:\/\/blog.univicosa.com.br\/index.php\/wp-json\/wp\/v2\/posts"}],"about":[{"href":"https:\/\/blog.univicosa.com.br\/index.php\/wp-json\/wp\/v2\/types\/post"}],"author":[{"embeddable":true,"href":"https:\/\/blog.univicosa.com.br\/index.php\/wp-json\/wp\/v2\/users\/2"}],"replies":[{"embeddable":true,"href":"https:\/\/blog.univicosa.com.br\/index.php\/wp-json\/wp\/v2\/comments?post=994"}],"version-history":[{"count":1,"href":"https:\/\/blog.univicosa.com.br\/index.php\/wp-json\/wp\/v2\/posts\/994\/revisions"}],"predecessor-version":[{"id":996,"href":"https:\/\/blog.univicosa.com.br\/index.php\/wp-json\/wp\/v2\/posts\/994\/revisions\/996"}],"wp:attachment":[{"href":"https:\/\/blog.univicosa.com.br\/index.php\/wp-json\/wp\/v2\/media?parent=994"}],"wp:term":[{"taxonomy":"category","embeddable":true,"href":"https:\/\/blog.univicosa.com.br\/index.php\/wp-json\/wp\/v2\/categories?post=994"},{"taxonomy":"post_tag","embeddable":true,"href":"https:\/\/blog.univicosa.com.br\/index.php\/wp-json\/wp\/v2\/tags?post=994"}],"curies":[{"name":"wp","href":"https:\/\/api.w.org\/{rel}","templated":true}]}}