{"id":4584,"date":"2025-11-17T17:51:31","date_gmt":"2025-11-17T20:51:31","guid":{"rendered":"https:\/\/blog.univicosa.com.br\/?p=4584"},"modified":"2025-11-17T17:51:33","modified_gmt":"2025-11-17T20:51:33","slug":"por-gabriela-tomazia-ramos-e-jansen-cardoso-pereira-brasil-enfrenta-novo-cenario-global-apos-o-tarifaco-imposto-pelos-eua","status":"publish","type":"post","link":"https:\/\/blog.univicosa.com.br\/index.php\/2025\/11\/17\/por-gabriela-tomazia-ramos-e-jansen-cardoso-pereira-brasil-enfrenta-novo-cenario-global-apos-o-tarifaco-imposto-pelos-eua\/","title":{"rendered":"Por Gabriela Tom\u00e1zia Ramos e Jansen Cardoso Pereira: Brasil enfrenta novo cen\u00e1rio global ap\u00f3s o tarifa\u00e7o imposto pelos EUA"},"content":{"rendered":"\n<figure class=\"wp-block-image size-large\"><img data-attachment-id=\"4585\" data-permalink=\"https:\/\/blog.univicosa.com.br\/index.php\/2025\/11\/17\/por-gabriela-tomazia-ramos-e-jansen-cardoso-pereira-brasil-enfrenta-novo-cenario-global-apos-o-tarifaco-imposto-pelos-eua\/chatgpt-image-17-de-nov-de-2025-17_47_49\/\" data-orig-file=\"https:\/\/blog.univicosa.com.br\/wp-content\/uploads\/2025\/11\/ChatGPT-Image-17-de-nov.-de-2025-17_47_49.png\" data-orig-size=\"1536,1024\" data-comments-opened=\"1\" data-image-meta=\"{&quot;aperture&quot;:&quot;0&quot;,&quot;credit&quot;:&quot;&quot;,&quot;camera&quot;:&quot;&quot;,&quot;caption&quot;:&quot;&quot;,&quot;created_timestamp&quot;:&quot;0&quot;,&quot;copyright&quot;:&quot;&quot;,&quot;focal_length&quot;:&quot;0&quot;,&quot;iso&quot;:&quot;0&quot;,&quot;shutter_speed&quot;:&quot;0&quot;,&quot;title&quot;:&quot;&quot;,&quot;orientation&quot;:&quot;0&quot;}\" data-image-title=\"ChatGPT Image 17 de nov. de 2025, 17_47_49\" data-image-description=\"\" data-medium-file=\"https:\/\/blog.univicosa.com.br\/wp-content\/uploads\/2025\/11\/ChatGPT-Image-17-de-nov.-de-2025-17_47_49-300x200.png\" data-large-file=\"https:\/\/blog.univicosa.com.br\/wp-content\/uploads\/2025\/11\/ChatGPT-Image-17-de-nov.-de-2025-17_47_49-1024x683.png\" loading=\"lazy\" width=\"1024\" height=\"683\" src=\"https:\/\/blog.univicosa.com.br\/wp-content\/uploads\/2025\/11\/ChatGPT-Image-17-de-nov.-de-2025-17_47_49-1024x683.png\" alt=\"\" class=\"wp-image-4585\" srcset=\"https:\/\/blog.univicosa.com.br\/wp-content\/uploads\/2025\/11\/ChatGPT-Image-17-de-nov.-de-2025-17_47_49-1024x683.png 1024w, https:\/\/blog.univicosa.com.br\/wp-content\/uploads\/2025\/11\/ChatGPT-Image-17-de-nov.-de-2025-17_47_49-300x200.png 300w, https:\/\/blog.univicosa.com.br\/wp-content\/uploads\/2025\/11\/ChatGPT-Image-17-de-nov.-de-2025-17_47_49-768x512.png 768w, https:\/\/blog.univicosa.com.br\/wp-content\/uploads\/2025\/11\/ChatGPT-Image-17-de-nov.-de-2025-17_47_49-850x567.png 850w, https:\/\/blog.univicosa.com.br\/wp-content\/uploads\/2025\/11\/ChatGPT-Image-17-de-nov.-de-2025-17_47_49.png 1536w\" sizes=\"(max-width: 1024px) 100vw, 1024px\" \/><\/figure>\n\n\n\n<p>A decis\u00e3o do governo Donald Trump de impor um <strong>tarifa\u00e7o sobre produtos importados<\/strong>, incluindo bens brasileiros, provocou uma onda de instabilidade que afetou profundamente as rela\u00e7\u00f5es comerciais internacionais. As tarifas, que chegaram a atingir <strong>altas de at\u00e9 50%<\/strong> em determinados itens brasileiros, foram justificadas pela necessidade de proteger a ind\u00fastria norte-americana e reequilibrar uma balan\u00e7a comercial considerada \u201cinjusta\u201d pelo governo dos Estados Unidos.<\/p>\n\n\n\n<p>Por\u00e9m, economistas e autoridades brasileiras rapidamente contestaram a medida. O Ministro da Fazenda, <strong>Fernando Haddad<\/strong>, afirmou que o tarifa\u00e7o trouxe mais preju\u00edzos do que benef\u00edcios para os pr\u00f3prios americanos, elevando custos internos sem resolver os principais desafios estruturais da economia dos EUA. Institui\u00e7\u00f5es como <strong>FGV Ibre<\/strong> e <strong>UERJ<\/strong> tamb\u00e9m destacaram que a volatilidade gerada pelas a\u00e7\u00f5es americanas desestabiliza o com\u00e9rcio internacional, prejudica contratos de longo prazo e aumenta o risco de <strong>infla\u00e7\u00e3o global<\/strong>.<\/p>\n\n\n\n<h2><strong>Cen\u00e1rio brasileiro: entre oportunidades e amea\u00e7as<\/strong><\/h2>\n\n\n\n<p>O Brasil se encontra diante de um contexto amb\u00edguo. De um lado, h\u00e1 <strong>oportunidades importantes<\/strong>; de outro, <strong>amea\u00e7as significativas<\/strong>.<\/p>\n\n\n\n<h3><strong>Oportunidades<\/strong><\/h3>\n\n\n\n<p>As tens\u00f5es entre Estados Unidos e China abrem espa\u00e7o para que o Brasil se reposicione estrategicamente no mercado global, sobretudo como <strong>fornecedor alternativo para os chineses<\/strong> em setores como agroneg\u00f3cio e minera\u00e7\u00e3o.<\/p>\n\n\n\n<p>Outra possibilidade surge com a <strong>perda de competitividade de pa\u00edses afetados pelo tarifa\u00e7o<\/strong>, permitindo ao Brasil ampliar sua participa\u00e7\u00e3o no mercado americano em determinados segmentos.<\/p>\n\n\n\n<p>Al\u00e9m disso, minerais estrat\u00e9gicos como as <strong>Terras Raras<\/strong>, abundantes no territ\u00f3rio brasileiro, ganham valor geopol\u00edtico em meio \u00e0 disputa entre as pot\u00eancias.<\/p>\n\n\n\n<p>A expectativa pela <strong>retomada do di\u00e1logo pol\u00edtico entre Brasil e Estados Unidos<\/strong>, intensificada ap\u00f3s o encontro entre Lula e Trump, gera esperan\u00e7as de revis\u00e3o tarif\u00e1ria e maior estabilidade para exportadores brasileiros.<\/p>\n\n\n\n<h3><strong>Amea\u00e7as<\/strong><\/h3>\n\n\n\n<p>Entretanto, os riscos s\u00e3o expressivos. Setores como <strong>caf\u00e9, carne bovina, m\u00f3veis e t\u00eaxteis<\/strong> sofrem diretamente com a perda de competitividade, afetando cerca de <strong>36% das exporta\u00e7\u00f5es brasileiras<\/strong> para os EUA.<\/p>\n\n\n\n<p>A possibilidade de uma <strong>recess\u00e3o global<\/strong>, acompanhada de instabilidade cambial e oscila\u00e7\u00e3o nos pre\u00e7os de commodities, tamb\u00e9m preocupa.<\/p>\n\n\n\n<p>Outro desafio \u00e9 o poss\u00edvel <strong>desvio de produtos chineses para o Brasil<\/strong>, j\u00e1 que o bloqueio americano pode levar empresas chinesas a buscar novos mercados, aumentando a concorr\u00eancia interna.<\/p>\n\n\n\n<p>Al\u00e9m disso, insumos importados dos EUA \u2014 como motores e pe\u00e7as industriais \u2014 podem ficar mais caros, pressionando os custos de produ\u00e7\u00e3o e impulsionando a infla\u00e7\u00e3o.<\/p>\n\n\n\n<h2><strong>Pontos fortes e fragilidades do Brasil nas negocia\u00e7\u00f5es<\/strong><\/h2>\n\n\n\n<p>O pa\u00eds apresenta alguns diferenciais importantes. A exist\u00eancia de um <strong>d\u00e9ficit comercial com os EUA<\/strong> fortalece o argumento brasileiro de que n\u00e3o h\u00e1 desequil\u00edbrio na balan\u00e7a bilateral e d\u00e1 legitimidade para contestar as tarifas.<\/p>\n\n\n\n<p>A participa\u00e7\u00e3o no <strong>BRICS<\/strong>, especialmente com a aproxima\u00e7\u00e3o \u00e0 China e o debate sobre moedas alternativas ao d\u00f3lar, amplia o poder de barganha do Brasil.<\/p>\n\n\n\n<p>O peso do <strong>agroneg\u00f3cio brasileiro<\/strong>, com destaque para commodities como soja, torna o pa\u00eds um parceiro estrat\u00e9gico para grandes compradores internacionais.<\/p>\n\n\n\n<p>Por outro lado, h\u00e1 fragilidades evidentes. A depend\u00eancia de mercados concentrados torna o Brasil vulner\u00e1vel a choques externos, como no caso das exporta\u00e7\u00f5es de caf\u00e9 para os EUA. A <strong>alta taxa de juros<\/strong> e o <strong>elevado endividamento p\u00fablico<\/strong> limitam a capacidade de investimento e dificultam uma expans\u00e3o industrial competitiva.<\/p>\n\n\n\n<p>Internamente, press\u00f5es pol\u00edticas tamb\u00e9m restringem concess\u00f5es, como no setor do etanol, que impacta diretamente estados nordestinos.<\/p>\n\n\n\n<p>A Guerra Comercial norte-americana representa, para o Brasil, <strong>um desafio e uma oportunidade<\/strong>. O momento exige vis\u00e3o estrat\u00e9gica, planejamento s\u00f3lido e articula\u00e7\u00e3o diplom\u00e1tica eficiente.<\/p>\n\n\n\n<p>Se o pa\u00eds conseguir fortalecer seus pontos positivos, reduzir fragilidades e se posicionar com firmeza nas negocia\u00e7\u00f5es, o tarifa\u00e7o pode representar n\u00e3o apenas um obst\u00e1culo tempor\u00e1rio, mas uma chance concreta de <strong>reconfigurar o papel do Brasil no com\u00e9rcio internacional<\/strong>.<\/p>\n","protected":false},"excerpt":{"rendered":"<p>A decis\u00e3o do governo Donald Trump de impor um tarifa\u00e7o sobre produtos importados, incluindo bens brasileiros, provocou uma onda de instabilidade que afetou profundamente as rela\u00e7\u00f5es comerciais internacionais. As tarifas, que chegaram a atingir altas de at\u00e9 50% em determinados itens brasileiros, foram justificadas pela necessidade de proteger a ind\u00fastria norte-americana e reequilibrar uma balan\u00e7a&#8230;<\/p>\n","protected":false},"author":2,"featured_media":0,"comment_status":"open","ping_status":"open","sticky":false,"template":"","format":"standard","meta":{"spay_email":""},"categories":[1],"tags":[3,1542,751],"jetpack_featured_media_url":"","jetpack_shortlink":"https:\/\/wp.me\/pbcCKk-1bW","_links":{"self":[{"href":"https:\/\/blog.univicosa.com.br\/index.php\/wp-json\/wp\/v2\/posts\/4584"}],"collection":[{"href":"https:\/\/blog.univicosa.com.br\/index.php\/wp-json\/wp\/v2\/posts"}],"about":[{"href":"https:\/\/blog.univicosa.com.br\/index.php\/wp-json\/wp\/v2\/types\/post"}],"author":[{"embeddable":true,"href":"https:\/\/blog.univicosa.com.br\/index.php\/wp-json\/wp\/v2\/users\/2"}],"replies":[{"embeddable":true,"href":"https:\/\/blog.univicosa.com.br\/index.php\/wp-json\/wp\/v2\/comments?post=4584"}],"version-history":[{"count":1,"href":"https:\/\/blog.univicosa.com.br\/index.php\/wp-json\/wp\/v2\/posts\/4584\/revisions"}],"predecessor-version":[{"id":4586,"href":"https:\/\/blog.univicosa.com.br\/index.php\/wp-json\/wp\/v2\/posts\/4584\/revisions\/4586"}],"wp:attachment":[{"href":"https:\/\/blog.univicosa.com.br\/index.php\/wp-json\/wp\/v2\/media?parent=4584"}],"wp:term":[{"taxonomy":"category","embeddable":true,"href":"https:\/\/blog.univicosa.com.br\/index.php\/wp-json\/wp\/v2\/categories?post=4584"},{"taxonomy":"post_tag","embeddable":true,"href":"https:\/\/blog.univicosa.com.br\/index.php\/wp-json\/wp\/v2\/tags?post=4584"}],"curies":[{"name":"wp","href":"https:\/\/api.w.org\/{rel}","templated":true}]}}