{"id":4574,"date":"2025-09-22T15:43:51","date_gmt":"2025-09-22T18:43:51","guid":{"rendered":"https:\/\/blog.univicosa.com.br\/?p=4574"},"modified":"2025-09-22T15:43:53","modified_gmt":"2025-09-22T18:43:53","slug":"aluna-e-egresso-da-univicosa-prestam-atendimento-fisioterapeutico-na-corrida-da-prefeitura-de-vicosa-2025","status":"publish","type":"post","link":"https:\/\/blog.univicosa.com.br\/index.php\/2025\/09\/22\/aluna-e-egresso-da-univicosa-prestam-atendimento-fisioterapeutico-na-corrida-da-prefeitura-de-vicosa-2025\/","title":{"rendered":"Aluna e egresso da Univi\u00e7osa prestam atendimento fisioterap\u00eautico na Corrida da Prefeitura de Vi\u00e7osa 2025"},"content":{"rendered":"\n<figure class=\"wp-block-image size-large\"><img data-attachment-id=\"4575\" data-permalink=\"https:\/\/blog.univicosa.com.br\/index.php\/2025\/09\/22\/aluna-e-egresso-da-univicosa-prestam-atendimento-fisioterapeutico-na-corrida-da-prefeitura-de-vicosa-2025\/design-sem-nome\/\" data-orig-file=\"https:\/\/blog.univicosa.com.br\/wp-content\/uploads\/2025\/09\/Design-sem-nome.png\" data-orig-size=\"700,520\" data-comments-opened=\"1\" data-image-meta=\"{&quot;aperture&quot;:&quot;0&quot;,&quot;credit&quot;:&quot;&quot;,&quot;camera&quot;:&quot;&quot;,&quot;caption&quot;:&quot;&quot;,&quot;created_timestamp&quot;:&quot;0&quot;,&quot;copyright&quot;:&quot;&quot;,&quot;focal_length&quot;:&quot;0&quot;,&quot;iso&quot;:&quot;0&quot;,&quot;shutter_speed&quot;:&quot;0&quot;,&quot;title&quot;:&quot;&quot;,&quot;orientation&quot;:&quot;0&quot;}\" data-image-title=\"Design sem nome\" data-image-description=\"\" data-medium-file=\"https:\/\/blog.univicosa.com.br\/wp-content\/uploads\/2025\/09\/Design-sem-nome-300x223.png\" data-large-file=\"https:\/\/blog.univicosa.com.br\/wp-content\/uploads\/2025\/09\/Design-sem-nome.png\" loading=\"lazy\" width=\"700\" height=\"520\" src=\"https:\/\/blog.univicosa.com.br\/wp-content\/uploads\/2025\/09\/Design-sem-nome.png\" alt=\"\" class=\"wp-image-4575\" srcset=\"https:\/\/blog.univicosa.com.br\/wp-content\/uploads\/2025\/09\/Design-sem-nome.png 700w, https:\/\/blog.univicosa.com.br\/wp-content\/uploads\/2025\/09\/Design-sem-nome-300x223.png 300w\" sizes=\"(max-width: 700px) 100vw, 700px\" \/><\/figure>\n\n\n\n<p>A Univi\u00e7osa esteve presente na Corrida da Prefeitura de Vi\u00e7osa 2025 por meio da atua\u00e7\u00e3o da aluna <strong>Roberta Moreira<\/strong> e do egresso <strong>Guilherme Dias<\/strong>, que ofereceram <strong>assist\u00eancia fisioterap\u00eautica aos atletas<\/strong> durante o evento. A participa\u00e7\u00e3o refor\u00e7a a import\u00e2ncia do fisioterapeuta em a\u00e7\u00f5es voltadas \u00e0 sa\u00fade esportiva e evidencia a aplica\u00e7\u00e3o pr\u00e1tica dos conhecimentos adquiridos no curso de Fisioterapia.<\/p>\n\n\n\n<p>Ap\u00f3s a prova, os participantes puderam contar com atendimentos diretos realizados pelos representantes da Univi\u00e7osa, que se destacaram pelo <strong>comprometimento, aten\u00e7\u00e3o e profissionalismo<\/strong> no cuidado aos corredores.<\/p>\n\n\n\n<p>Roberta compartilhou sua experi\u00eancia:<br><em>&#8220;Gostei demais de participar da assist\u00eancia fisioterap\u00eautica direta aos atletas na Corrida da Prefeitura de Vi\u00e7osa. Foi uma experi\u00eancia que acrescentou muito ao meu aprendizado e mostrou, na pr\u00e1tica, como o fisioterapeuta \u00e9 fundamental na recupera\u00e7\u00e3o dos atletas. Pude avaliar e aplicar t\u00e9cnicas aprendidas em sala e tamb\u00e9m desenvolver ainda mais o trabalho em equipe em eventos externos. Fiquei muito feliz de ter participado e quero estar presente em outras oportunidades como essa.&#8221;<\/em><\/p>\n\n\n\n<p>A participa\u00e7\u00e3o de estudantes e egressos da Univi\u00e7osa em eventos esportivos refor\u00e7a o compromisso da institui\u00e7\u00e3o em oferecer uma <strong>forma\u00e7\u00e3o completa<\/strong>, que alia teoria e pr\u00e1tica, preparando profissionais capacitados para atuar em diferentes cen\u00e1rios da fisioterapia.<\/p>\n","protected":false},"excerpt":{"rendered":"<p>A Univi\u00e7osa esteve presente na Corrida da Prefeitura de Vi\u00e7osa 2025 por meio da atua\u00e7\u00e3o da aluna Roberta Moreira e do egresso Guilherme Dias, que ofereceram assist\u00eancia fisioterap\u00eautica aos atletas durante o evento. A participa\u00e7\u00e3o refor\u00e7a a import\u00e2ncia do fisioterapeuta em a\u00e7\u00f5es voltadas \u00e0 sa\u00fade esportiva e evidencia a aplica\u00e7\u00e3o pr\u00e1tica dos conhecimentos adquiridos no&#8230;<\/p>\n","protected":false},"author":2,"featured_media":4575,"comment_status":"open","ping_status":"open","sticky":false,"template":"","format":"standard","meta":{"spay_email":""},"categories":[42],"tags":[],"jetpack_featured_media_url":"https:\/\/blog.univicosa.com.br\/wp-content\/uploads\/2025\/09\/Design-sem-nome.png","jetpack_shortlink":"https:\/\/wp.me\/pbcCKk-1bM","_links":{"self":[{"href":"https:\/\/blog.univicosa.com.br\/index.php\/wp-json\/wp\/v2\/posts\/4574"}],"collection":[{"href":"https:\/\/blog.univicosa.com.br\/index.php\/wp-json\/wp\/v2\/posts"}],"about":[{"href":"https:\/\/blog.univicosa.com.br\/index.php\/wp-json\/wp\/v2\/types\/post"}],"author":[{"embeddable":true,"href":"https:\/\/blog.univicosa.com.br\/index.php\/wp-json\/wp\/v2\/users\/2"}],"replies":[{"embeddable":true,"href":"https:\/\/blog.univicosa.com.br\/index.php\/wp-json\/wp\/v2\/comments?post=4574"}],"version-history":[{"count":1,"href":"https:\/\/blog.univicosa.com.br\/index.php\/wp-json\/wp\/v2\/posts\/4574\/revisions"}],"predecessor-version":[{"id":4576,"href":"https:\/\/blog.univicosa.com.br\/index.php\/wp-json\/wp\/v2\/posts\/4574\/revisions\/4576"}],"wp:featuredmedia":[{"embeddable":true,"href":"https:\/\/blog.univicosa.com.br\/index.php\/wp-json\/wp\/v2\/media\/4575"}],"wp:attachment":[{"href":"https:\/\/blog.univicosa.com.br\/index.php\/wp-json\/wp\/v2\/media?parent=4574"}],"wp:term":[{"taxonomy":"category","embeddable":true,"href":"https:\/\/blog.univicosa.com.br\/index.php\/wp-json\/wp\/v2\/categories?post=4574"},{"taxonomy":"post_tag","embeddable":true,"href":"https:\/\/blog.univicosa.com.br\/index.php\/wp-json\/wp\/v2\/tags?post=4574"}],"curies":[{"name":"wp","href":"https:\/\/api.w.org\/{rel}","templated":true}]}}