{"id":4552,"date":"2025-06-25T15:08:44","date_gmt":"2025-06-25T18:08:44","guid":{"rendered":"https:\/\/blog.univicosa.com.br\/?p=4552"},"modified":"2025-06-25T15:11:56","modified_gmt":"2025-06-25T18:11:56","slug":"dando-vida-as-cidades-invisiveis","status":"publish","type":"post","link":"https:\/\/blog.univicosa.com.br\/index.php\/2025\/06\/25\/dando-vida-as-cidades-invisiveis\/","title":{"rendered":"Dando vida \u00e0s cidades invis\u00edveis"},"content":{"rendered":"\n<p>Por Liz Valente<\/p>\n\n\n\n<figure class=\"wp-block-image size-large\"><img data-attachment-id=\"4553\" data-permalink=\"https:\/\/blog.univicosa.com.br\/index.php\/2025\/06\/25\/dando-vida-as-cidades-invisiveis\/whatsapp-image-2025-06-25-at-14-00-20\/\" data-orig-file=\"https:\/\/blog.univicosa.com.br\/wp-content\/uploads\/2025\/06\/WhatsApp-Image-2025-06-25-at-14.00.20.jpeg\" data-orig-size=\"1080,1080\" data-comments-opened=\"1\" data-image-meta=\"{&quot;aperture&quot;:&quot;0&quot;,&quot;credit&quot;:&quot;&quot;,&quot;camera&quot;:&quot;&quot;,&quot;caption&quot;:&quot;&quot;,&quot;created_timestamp&quot;:&quot;0&quot;,&quot;copyright&quot;:&quot;&quot;,&quot;focal_length&quot;:&quot;0&quot;,&quot;iso&quot;:&quot;0&quot;,&quot;shutter_speed&quot;:&quot;0&quot;,&quot;title&quot;:&quot;&quot;,&quot;orientation&quot;:&quot;0&quot;}\" data-image-title=\"WhatsApp Image 2025-06-25 at 14.00.20\" data-image-description=\"\" data-medium-file=\"https:\/\/blog.univicosa.com.br\/wp-content\/uploads\/2025\/06\/WhatsApp-Image-2025-06-25-at-14.00.20-300x300.jpeg\" data-large-file=\"https:\/\/blog.univicosa.com.br\/wp-content\/uploads\/2025\/06\/WhatsApp-Image-2025-06-25-at-14.00.20-1024x1024.jpeg\" loading=\"lazy\" width=\"1024\" height=\"1024\" src=\"https:\/\/blog.univicosa.com.br\/wp-content\/uploads\/2025\/06\/WhatsApp-Image-2025-06-25-at-14.00.20-1024x1024.jpeg\" alt=\"\" class=\"wp-image-4553\" srcset=\"https:\/\/blog.univicosa.com.br\/wp-content\/uploads\/2025\/06\/WhatsApp-Image-2025-06-25-at-14.00.20-1024x1024.jpeg 1024w, https:\/\/blog.univicosa.com.br\/wp-content\/uploads\/2025\/06\/WhatsApp-Image-2025-06-25-at-14.00.20-300x300.jpeg 300w, https:\/\/blog.univicosa.com.br\/wp-content\/uploads\/2025\/06\/WhatsApp-Image-2025-06-25-at-14.00.20-150x150.jpeg 150w, https:\/\/blog.univicosa.com.br\/wp-content\/uploads\/2025\/06\/WhatsApp-Image-2025-06-25-at-14.00.20-768x768.jpeg 768w, https:\/\/blog.univicosa.com.br\/wp-content\/uploads\/2025\/06\/WhatsApp-Image-2025-06-25-at-14.00.20-850x850.jpeg 850w, https:\/\/blog.univicosa.com.br\/wp-content\/uploads\/2025\/06\/WhatsApp-Image-2025-06-25-at-14.00.20.jpeg 1080w\" sizes=\"(max-width: 1024px) 100vw, 1024px\" \/><figcaption>\u201cCada cidade recebe a forma do deserto a que se op\u00f5e.\u201d<br>\u2014 \u00cdtalo Calvino<\/figcaption><\/figure>\n\n\n\n<p>\u201cCada cidade recebe a forma do deserto a que se op\u00f5e.\u201d<br>\u2014 \u00cdtalo Calvino<\/p>\n\n\n\n<p class=\"has-text-align-left\">No encerramento do primeiro semestre de 2025, os estudantes do curso de<br>Arquitetura e Urbanismo da Univi\u00e7osa realizaram uma exposi\u00e7\u00e3o surpreendente: esculturas inspiradas na obra As Cidades Invis\u00edveis, de \u00cdtalo Calvino. A mostra foi resultado do trabalho final da disciplina ARQ103 \u2013 Pl\u00e1stica, sob orienta\u00e7\u00e3o da professora Liz Valente, e transformou o espa\u00e7o universit\u00e1rio em um laborat\u00f3rio criativo de releituras po\u00e9ticas e cr\u00edticas sobre o espa\u00e7o urbano. A proposta do exerc\u00edcio era instigante: reinterpretar artisticamente um dos contos da obra de Calvino e transform\u00e1-lo em uma escultura tridimensional, com dimens\u00f5es aproximadas de 50x50x50 cm. A metodologia de releitura art\u00edstica foi adotada como ferramenta pedag\u00f3gica para desenvolver a criatividade, a sensibilidade est\u00e9tica e o pensamento cr\u00edtico dos estudantes. Cada grupo teve a responsabilidade de produzir<br>uma escultura que expressasse de forma material e sens\u00edvel as camadas simb\u00f3licas do conto escolhido.<\/p>\n\n\n\n<p class=\"has-text-align-left\"><br>Os resultados foram ricos em diversidade e profundidade conceitual. As esculturas revelaram o engajamento sens\u00edvel e a criatividade dos estudantes ao traduzirem as cidades de Calvino em formas tridimensionais. Fedora foi representada como uma cole\u00e7\u00e3o de futuros suspensos \u2014 uma cr\u00edtica \u00e0 utopia que nunca se concretiza. Ot\u00e1via, sustentada por fios sobre um abismo, tornou-se met\u00e1fora da instabilidade da vida urbana. Em Isaura, os alunos evidenciaram a tens\u00e3o entre apar\u00eancia e ocultamento,<br>explorando a cidade constru\u00edda sobre veios subterr\u00e2neos. Le\u00f4nia, por sua vez, foi interpretada como um retrato contundente do consumismo contempor\u00e2neo, onde o excesso de descartes revela uma sociedade que produz lixo t\u00e3o rapidamente quanto consome. E Eutr\u00f3pia apareceu como cidade das trocas e ciclos, onde a mudan\u00e7a constante esconde a perman\u00eancia do essencial.<\/p>\n\n\n\n<p class=\"has-text-align-left\">Cada uma dessas esculturas ecoa uma leitura sens\u00edvel e cr\u00edtica do texto original, materializando com cores, texturas e formas aquilo que a literatura apenas sugeria. O uso de materiais variados, a preocupa\u00e7\u00e3o com o acabamento e a coer\u00eancia conceitual foram crit\u00e9rios centrais da avalia\u00e7\u00e3o.<\/p>\n\n\n\n<p class=\"has-text-align-left\"><br>Os estudantes seguiram esse esp\u00edrito de liberdade ao dar forma ao invis\u00edvel e ao expressar, por meio da arte, reflex\u00f5es profundas sobre a cidade, o tempo e a sociedade. As esculturas, mais do que exerc\u00edcios acad\u00eamicos, foram interpreta\u00e7\u00f5es carregadas de sentido, questionamento e imagina\u00e7\u00e3o.<br>Parab\u00e9ns aos envolvidos! Que a experi\u00eancia de dar corpo \u00e0s cidades invis\u00edveis continue inspirando novos olhares sobre o que \u00e9, afinal, a cidade que habitamos \u2014 ou que deixamos de habitar.<\/p>\n\n\n\n<figure class=\"wp-block-image size-large is-style-default\"><img data-attachment-id=\"4554\" data-permalink=\"https:\/\/blog.univicosa.com.br\/index.php\/2025\/06\/25\/dando-vida-as-cidades-invisiveis\/whatsapp-image-2025-06-25-at-14-00-20-1\/\" data-orig-file=\"https:\/\/blog.univicosa.com.br\/wp-content\/uploads\/2025\/06\/WhatsApp-Image-2025-06-25-at-14.00.20-1.jpeg\" data-orig-size=\"1080,1080\" data-comments-opened=\"1\" data-image-meta=\"{&quot;aperture&quot;:&quot;0&quot;,&quot;credit&quot;:&quot;&quot;,&quot;camera&quot;:&quot;&quot;,&quot;caption&quot;:&quot;&quot;,&quot;created_timestamp&quot;:&quot;0&quot;,&quot;copyright&quot;:&quot;&quot;,&quot;focal_length&quot;:&quot;0&quot;,&quot;iso&quot;:&quot;0&quot;,&quot;shutter_speed&quot;:&quot;0&quot;,&quot;title&quot;:&quot;&quot;,&quot;orientation&quot;:&quot;0&quot;}\" data-image-title=\"WhatsApp Image 2025-06-25 at 14.00.20 (1)\" data-image-description=\"\" data-medium-file=\"https:\/\/blog.univicosa.com.br\/wp-content\/uploads\/2025\/06\/WhatsApp-Image-2025-06-25-at-14.00.20-1-300x300.jpeg\" data-large-file=\"https:\/\/blog.univicosa.com.br\/wp-content\/uploads\/2025\/06\/WhatsApp-Image-2025-06-25-at-14.00.20-1-1024x1024.jpeg\" loading=\"lazy\" width=\"1024\" height=\"1024\" src=\"https:\/\/blog.univicosa.com.br\/wp-content\/uploads\/2025\/06\/WhatsApp-Image-2025-06-25-at-14.00.20-1-1024x1024.jpeg\" alt=\"\" class=\"wp-image-4554\" srcset=\"https:\/\/blog.univicosa.com.br\/wp-content\/uploads\/2025\/06\/WhatsApp-Image-2025-06-25-at-14.00.20-1-1024x1024.jpeg 1024w, https:\/\/blog.univicosa.com.br\/wp-content\/uploads\/2025\/06\/WhatsApp-Image-2025-06-25-at-14.00.20-1-300x300.jpeg 300w, https:\/\/blog.univicosa.com.br\/wp-content\/uploads\/2025\/06\/WhatsApp-Image-2025-06-25-at-14.00.20-1-150x150.jpeg 150w, https:\/\/blog.univicosa.com.br\/wp-content\/uploads\/2025\/06\/WhatsApp-Image-2025-06-25-at-14.00.20-1-768x768.jpeg 768w, https:\/\/blog.univicosa.com.br\/wp-content\/uploads\/2025\/06\/WhatsApp-Image-2025-06-25-at-14.00.20-1-850x850.jpeg 850w, https:\/\/blog.univicosa.com.br\/wp-content\/uploads\/2025\/06\/WhatsApp-Image-2025-06-25-at-14.00.20-1.jpeg 1080w\" sizes=\"(max-width: 1024px) 100vw, 1024px\" \/><figcaption>(Bernardo Mendes Peixoto, Maria Eliza Santana de Paiva Faria, Priscilla C\u00e1ssia Morais da Costa e Rayssa da Silva Costa)<\/figcaption><\/figure>\n\n\n\n<p>\u201cFedora, possibilidades suspensas no tempo, intocadas, como rel\u00edquias de um porvir que jamais se concretizou. Nela, os sonhos de uma cidade melhor vivem apenas na imagina\u00e7\u00e3o, como se nunca fosse poss\u00edvel realiz\u00e1-los. Durante muito tempo, algu\u00e9m acreditou que ainda havia esperan\u00e7a. Que a cidade ideal ainda poderia existir. Mas o tempo passou. E aquilo que<br>ontem parecia um futuro poss\u00edvel, hoje \u00e9 apenas um desejo distante. Agora \u00e9 tarde demais. A cidade perfeita n\u00e3o foi esquecida \u2014 ela simplesmente nunca saiu do sonho.\u201d (Bernardo Mendes Peixoto, Maria Eliza Santana de Paiva Faria, Priscilla C\u00e1ssia Morais da Costa e Rayssa da Silva Costa).<\/p>\n\n\n\n<figure class=\"wp-block-image size-large\"><img data-attachment-id=\"4555\" data-permalink=\"https:\/\/blog.univicosa.com.br\/index.php\/2025\/06\/25\/dando-vida-as-cidades-invisiveis\/whatsapp-image-2025-06-25-at-14-00-20-2\/\" data-orig-file=\"https:\/\/blog.univicosa.com.br\/wp-content\/uploads\/2025\/06\/WhatsApp-Image-2025-06-25-at-14.00.20-2.jpeg\" data-orig-size=\"1080,1080\" data-comments-opened=\"1\" data-image-meta=\"{&quot;aperture&quot;:&quot;0&quot;,&quot;credit&quot;:&quot;&quot;,&quot;camera&quot;:&quot;&quot;,&quot;caption&quot;:&quot;&quot;,&quot;created_timestamp&quot;:&quot;0&quot;,&quot;copyright&quot;:&quot;&quot;,&quot;focal_length&quot;:&quot;0&quot;,&quot;iso&quot;:&quot;0&quot;,&quot;shutter_speed&quot;:&quot;0&quot;,&quot;title&quot;:&quot;&quot;,&quot;orientation&quot;:&quot;0&quot;}\" data-image-title=\"WhatsApp Image 2025-06-25 at 14.00.20 (2)\" data-image-description=\"\" data-medium-file=\"https:\/\/blog.univicosa.com.br\/wp-content\/uploads\/2025\/06\/WhatsApp-Image-2025-06-25-at-14.00.20-2-300x300.jpeg\" data-large-file=\"https:\/\/blog.univicosa.com.br\/wp-content\/uploads\/2025\/06\/WhatsApp-Image-2025-06-25-at-14.00.20-2-1024x1024.jpeg\" loading=\"lazy\" width=\"1024\" height=\"1024\" src=\"https:\/\/blog.univicosa.com.br\/wp-content\/uploads\/2025\/06\/WhatsApp-Image-2025-06-25-at-14.00.20-2-1024x1024.jpeg\" alt=\"\" class=\"wp-image-4555\" srcset=\"https:\/\/blog.univicosa.com.br\/wp-content\/uploads\/2025\/06\/WhatsApp-Image-2025-06-25-at-14.00.20-2-1024x1024.jpeg 1024w, https:\/\/blog.univicosa.com.br\/wp-content\/uploads\/2025\/06\/WhatsApp-Image-2025-06-25-at-14.00.20-2-300x300.jpeg 300w, https:\/\/blog.univicosa.com.br\/wp-content\/uploads\/2025\/06\/WhatsApp-Image-2025-06-25-at-14.00.20-2-150x150.jpeg 150w, https:\/\/blog.univicosa.com.br\/wp-content\/uploads\/2025\/06\/WhatsApp-Image-2025-06-25-at-14.00.20-2-768x768.jpeg 768w, https:\/\/blog.univicosa.com.br\/wp-content\/uploads\/2025\/06\/WhatsApp-Image-2025-06-25-at-14.00.20-2-850x850.jpeg 850w, https:\/\/blog.univicosa.com.br\/wp-content\/uploads\/2025\/06\/WhatsApp-Image-2025-06-25-at-14.00.20-2.jpeg 1080w\" sizes=\"(max-width: 1024px) 100vw, 1024px\" \/><figcaption>(Ana Vit\u00f3ria, Luiz Augusto, Renan Horsay e Thalles Forseca)<\/figcaption><\/figure>\n\n\n\n<p>\u201cCom inspira\u00e7\u00e3o em cidades \u00e1rabes, a nossa obra faz uma releitura da cidade de Isaura, descrita no conto de \u00cdtalo Calvino. Sob um imenso lago em tons de azul, canos se erguem e sustentam a cidade que cresce e se desenvolve em uma base rochosa. Os moinhos de vento s\u00e3o respons\u00e1veis por extra\u00edrem a \u00e1gua, mecanismo que garante a sobreviv\u00eancia e vitalidade da cidade.\u201d (Ana Vit\u00f3ria, Luiz Augusto, Renan Horsay e Thalles Forseca).<\/p>\n\n\n\n<figure class=\"wp-block-image size-large\"><img data-attachment-id=\"4556\" data-permalink=\"https:\/\/blog.univicosa.com.br\/index.php\/2025\/06\/25\/dando-vida-as-cidades-invisiveis\/whatsapp-image-2025-06-25-at-14-00-20-3\/\" data-orig-file=\"https:\/\/blog.univicosa.com.br\/wp-content\/uploads\/2025\/06\/WhatsApp-Image-2025-06-25-at-14.00.20-3.jpeg\" data-orig-size=\"1080,1080\" data-comments-opened=\"1\" data-image-meta=\"{&quot;aperture&quot;:&quot;0&quot;,&quot;credit&quot;:&quot;&quot;,&quot;camera&quot;:&quot;&quot;,&quot;caption&quot;:&quot;&quot;,&quot;created_timestamp&quot;:&quot;0&quot;,&quot;copyright&quot;:&quot;&quot;,&quot;focal_length&quot;:&quot;0&quot;,&quot;iso&quot;:&quot;0&quot;,&quot;shutter_speed&quot;:&quot;0&quot;,&quot;title&quot;:&quot;&quot;,&quot;orientation&quot;:&quot;0&quot;}\" data-image-title=\"WhatsApp Image 2025-06-25 at 14.00.20 (3)\" data-image-description=\"\" data-medium-file=\"https:\/\/blog.univicosa.com.br\/wp-content\/uploads\/2025\/06\/WhatsApp-Image-2025-06-25-at-14.00.20-3-300x300.jpeg\" data-large-file=\"https:\/\/blog.univicosa.com.br\/wp-content\/uploads\/2025\/06\/WhatsApp-Image-2025-06-25-at-14.00.20-3-1024x1024.jpeg\" loading=\"lazy\" width=\"1024\" height=\"1024\" src=\"https:\/\/blog.univicosa.com.br\/wp-content\/uploads\/2025\/06\/WhatsApp-Image-2025-06-25-at-14.00.20-3-1024x1024.jpeg\" alt=\"\" class=\"wp-image-4556\" srcset=\"https:\/\/blog.univicosa.com.br\/wp-content\/uploads\/2025\/06\/WhatsApp-Image-2025-06-25-at-14.00.20-3-1024x1024.jpeg 1024w, https:\/\/blog.univicosa.com.br\/wp-content\/uploads\/2025\/06\/WhatsApp-Image-2025-06-25-at-14.00.20-3-300x300.jpeg 300w, https:\/\/blog.univicosa.com.br\/wp-content\/uploads\/2025\/06\/WhatsApp-Image-2025-06-25-at-14.00.20-3-150x150.jpeg 150w, https:\/\/blog.univicosa.com.br\/wp-content\/uploads\/2025\/06\/WhatsApp-Image-2025-06-25-at-14.00.20-3-768x768.jpeg 768w, https:\/\/blog.univicosa.com.br\/wp-content\/uploads\/2025\/06\/WhatsApp-Image-2025-06-25-at-14.00.20-3-850x850.jpeg 850w, https:\/\/blog.univicosa.com.br\/wp-content\/uploads\/2025\/06\/WhatsApp-Image-2025-06-25-at-14.00.20-3.jpeg 1080w\" sizes=\"(max-width: 1024px) 100vw, 1024px\" \/><figcaption>(Cec\u00edlia Barbosa, Emily<br>Cristina, Isabela Gomes, Luana Catarina, Maria Eduarda Bordoni)<\/figcaption><\/figure>\n\n\n\n<p>\u201cA proposta da escultura inspirada na cidade de Ot\u00e1via, descrita por \u00cdtalo Calvino em As Cidades Invis\u00edveis, busca representar a fragilidade e interdepend\u00eancia da vida urbana. Ot\u00e1via \u00e9 uma cidade suspensa sobre um abismo, conectada por fios e passarelas, onde cada elemento depende do outro para sua exist\u00eancia. a escultura utiliza telas de aranha como met\u00e1fora para a sustentabilidade suspensa e vulner\u00e1veis. A cidade e seus habitantes est\u00e3o conectados entre si, e a escolha de posicionar a cidade entre duas montanhas, sobre um precip\u00edcio, refor\u00e7a a ideia de estabilidade ilus\u00f3ria e que a queda \u00e9 uma possibilidade constante.\u201d (Cec\u00edlia Barbosa, Emily<br>Cristina, Isabela Gomes, Luana Catarina, Maria Eduarda Bordoni).<\/p>\n\n\n\n<figure class=\"wp-block-image size-large\"><img data-attachment-id=\"4557\" data-permalink=\"https:\/\/blog.univicosa.com.br\/index.php\/2025\/06\/25\/dando-vida-as-cidades-invisiveis\/whatsapp-image-2025-06-25-at-14-00-20-4\/\" data-orig-file=\"https:\/\/blog.univicosa.com.br\/wp-content\/uploads\/2025\/06\/WhatsApp-Image-2025-06-25-at-14.00.20-4.jpeg\" data-orig-size=\"1080,1080\" data-comments-opened=\"1\" data-image-meta=\"{&quot;aperture&quot;:&quot;0&quot;,&quot;credit&quot;:&quot;&quot;,&quot;camera&quot;:&quot;&quot;,&quot;caption&quot;:&quot;&quot;,&quot;created_timestamp&quot;:&quot;0&quot;,&quot;copyright&quot;:&quot;&quot;,&quot;focal_length&quot;:&quot;0&quot;,&quot;iso&quot;:&quot;0&quot;,&quot;shutter_speed&quot;:&quot;0&quot;,&quot;title&quot;:&quot;&quot;,&quot;orientation&quot;:&quot;0&quot;}\" data-image-title=\"WhatsApp Image 2025-06-25 at 14.00.20 (4)\" data-image-description=\"\" data-medium-file=\"https:\/\/blog.univicosa.com.br\/wp-content\/uploads\/2025\/06\/WhatsApp-Image-2025-06-25-at-14.00.20-4-300x300.jpeg\" data-large-file=\"https:\/\/blog.univicosa.com.br\/wp-content\/uploads\/2025\/06\/WhatsApp-Image-2025-06-25-at-14.00.20-4-1024x1024.jpeg\" loading=\"lazy\" width=\"1024\" height=\"1024\" src=\"https:\/\/blog.univicosa.com.br\/wp-content\/uploads\/2025\/06\/WhatsApp-Image-2025-06-25-at-14.00.20-4-1024x1024.jpeg\" alt=\"\" class=\"wp-image-4557\" srcset=\"https:\/\/blog.univicosa.com.br\/wp-content\/uploads\/2025\/06\/WhatsApp-Image-2025-06-25-at-14.00.20-4-1024x1024.jpeg 1024w, https:\/\/blog.univicosa.com.br\/wp-content\/uploads\/2025\/06\/WhatsApp-Image-2025-06-25-at-14.00.20-4-300x300.jpeg 300w, https:\/\/blog.univicosa.com.br\/wp-content\/uploads\/2025\/06\/WhatsApp-Image-2025-06-25-at-14.00.20-4-150x150.jpeg 150w, https:\/\/blog.univicosa.com.br\/wp-content\/uploads\/2025\/06\/WhatsApp-Image-2025-06-25-at-14.00.20-4-768x768.jpeg 768w, https:\/\/blog.univicosa.com.br\/wp-content\/uploads\/2025\/06\/WhatsApp-Image-2025-06-25-at-14.00.20-4-850x850.jpeg 850w, https:\/\/blog.univicosa.com.br\/wp-content\/uploads\/2025\/06\/WhatsApp-Image-2025-06-25-at-14.00.20-4.jpeg 1080w\" sizes=\"(max-width: 1024px) 100vw, 1024px\" \/><figcaption>(Ariele Mendes Dos Reis, Ellen Coelho Martins, J\u00falia Mariana Duarte Batista, Larissa Jacob Cardoso, Maria Eduarda Silva E Castro)<\/figcaption><\/figure>\n\n\n\n<p>\u201cA cidade Le\u00f4nia \u00e9 caracterizada pelo consumismo desenfreado, diariamente descartando sem necessidade, por ter como ideal de luxo o uso de objetos novos todos os dias, incessantemente. Dessa forma, cria-se um longo rastro de res\u00edduos, descartes esses que se acumulam e formam uma &#8220;fortaleza de rebotalhos indestrut\u00edveis&#8221; (p. 48) \u2013 rebotalho significa a sobra ap\u00f3s escolher a melhor parte. O conceito da escultura baseia-se no consumismo e na quantidade de lixo produzida pela cidade. Tem-se uma cidade comum, descrita como bela e limpa, entretanto, existe uma imensa montanha de descarte, desperd\u00edcio, que se acumula e fica &#8220;por debaixo dos panos&#8221; \u2013 motivo pelo qual o lixo est\u00e1 sob a cidade \u2013 completamente<br>ignorado por seus habitantes, uma cultura que n\u00e3o questiona para onde est\u00e3o indo esses &#8220;rejeitos&#8221; desde que n\u00e3o estejam \u00e0 vista e n\u00e3o interfiram na percep\u00e7\u00e3o aparente de limpeza.<br>(Ariele Mendes Dos Reis, Ellen Coelho Martins, J\u00falia Mariana Duarte Batista, Larissa Jacob Cardoso, Maria Eduarda Silva E Castro).<\/p>\n\n\n\n<figure class=\"wp-block-image size-large\"><img data-attachment-id=\"4558\" data-permalink=\"https:\/\/blog.univicosa.com.br\/index.php\/2025\/06\/25\/dando-vida-as-cidades-invisiveis\/whatsapp-image-2025-06-25-at-14-00-20-5\/\" data-orig-file=\"https:\/\/blog.univicosa.com.br\/wp-content\/uploads\/2025\/06\/WhatsApp-Image-2025-06-25-at-14.00.20-5.jpeg\" data-orig-size=\"1080,1080\" data-comments-opened=\"1\" data-image-meta=\"{&quot;aperture&quot;:&quot;0&quot;,&quot;credit&quot;:&quot;&quot;,&quot;camera&quot;:&quot;&quot;,&quot;caption&quot;:&quot;&quot;,&quot;created_timestamp&quot;:&quot;0&quot;,&quot;copyright&quot;:&quot;&quot;,&quot;focal_length&quot;:&quot;0&quot;,&quot;iso&quot;:&quot;0&quot;,&quot;shutter_speed&quot;:&quot;0&quot;,&quot;title&quot;:&quot;&quot;,&quot;orientation&quot;:&quot;0&quot;}\" data-image-title=\"WhatsApp Image 2025-06-25 at 14.00.20 (5)\" data-image-description=\"\" data-medium-file=\"https:\/\/blog.univicosa.com.br\/wp-content\/uploads\/2025\/06\/WhatsApp-Image-2025-06-25-at-14.00.20-5-300x300.jpeg\" data-large-file=\"https:\/\/blog.univicosa.com.br\/wp-content\/uploads\/2025\/06\/WhatsApp-Image-2025-06-25-at-14.00.20-5-1024x1024.jpeg\" loading=\"lazy\" width=\"1024\" height=\"1024\" src=\"https:\/\/blog.univicosa.com.br\/wp-content\/uploads\/2025\/06\/WhatsApp-Image-2025-06-25-at-14.00.20-5-1024x1024.jpeg\" alt=\"\" class=\"wp-image-4558\" srcset=\"https:\/\/blog.univicosa.com.br\/wp-content\/uploads\/2025\/06\/WhatsApp-Image-2025-06-25-at-14.00.20-5-1024x1024.jpeg 1024w, https:\/\/blog.univicosa.com.br\/wp-content\/uploads\/2025\/06\/WhatsApp-Image-2025-06-25-at-14.00.20-5-300x300.jpeg 300w, https:\/\/blog.univicosa.com.br\/wp-content\/uploads\/2025\/06\/WhatsApp-Image-2025-06-25-at-14.00.20-5-150x150.jpeg 150w, https:\/\/blog.univicosa.com.br\/wp-content\/uploads\/2025\/06\/WhatsApp-Image-2025-06-25-at-14.00.20-5-768x768.jpeg 768w, https:\/\/blog.univicosa.com.br\/wp-content\/uploads\/2025\/06\/WhatsApp-Image-2025-06-25-at-14.00.20-5-850x850.jpeg 850w, https:\/\/blog.univicosa.com.br\/wp-content\/uploads\/2025\/06\/WhatsApp-Image-2025-06-25-at-14.00.20-5.jpeg 1080w\" sizes=\"(max-width: 1024px) 100vw, 1024px\" \/><figcaption>(Juliano R\u00e9gis do Carmo)<\/figcaption><\/figure>\n\n\n\n<p>\u201cA cidade de Eutr\u00f3pia, descrita por \u00cdtalo Calvino em As Cidades Invis\u00edveis, representa uma reflex\u00e3o sobre a repeti\u00e7\u00e3o e a ilus\u00e3o de mudan\u00e7a na vida urbana. Seus habitantes seguem padr\u00f5es c\u00edclicos, mudando de lugar e fun\u00e7\u00e3o, mas sem alterar a ess\u00eancia de suas vidas. Essa n\u00e3o altera\u00e7\u00e3o dos valores essenciais nos permite conceber que Eutr\u00f3pia passa ser um lugar ou \u201clugares\u201d de acolhida para quem chega, permanece e se torna mais um a participar desse ciclo de mudan\u00e7as rasas, mas cheia do essencial.\u201d (Juliano R\u00e9gis do Carmo).<\/p>\n\n\n\n<ul><li>Liz Valente \u2013 arquiteta e urbanista, professora no curso de Arquitetura e Urbanismo da Univi\u00e7osa. Ela tamb\u00e9m \u00e9 multiartista sendo autora de pe\u00e7as de teatro, cantora, compositora e poeta.<\/li><\/ul>\n\n\n\n<p>Refer\u00eancias:<br>CALVINO, \u00cdtalo. As cidades invis\u00edveis. Tradu\u00e7\u00e3o de Diogo Mainardi. S\u00e3o Paulo: Companhia das Letras, 1990.<\/p>\n","protected":false},"excerpt":{"rendered":"<p>Por Liz Valente \u201cCada cidade recebe a forma do deserto a que se op\u00f5e.\u201d\u2014 \u00cdtalo Calvino No encerramento do primeiro semestre de 2025, os estudantes do curso deArquitetura e Urbanismo da Univi\u00e7osa realizaram uma exposi\u00e7\u00e3o surpreendente: esculturas inspiradas na obra As Cidades Invis\u00edveis, de \u00cdtalo Calvino. A mostra foi resultado do trabalho final da disciplina&#8230;<\/p>\n","protected":false},"author":2,"featured_media":4553,"comment_status":"open","ping_status":"open","sticky":false,"template":"","format":"standard","meta":{"spay_email":""},"categories":[28,1],"tags":[],"jetpack_featured_media_url":"https:\/\/blog.univicosa.com.br\/wp-content\/uploads\/2025\/06\/WhatsApp-Image-2025-06-25-at-14.00.20.jpeg","jetpack_shortlink":"https:\/\/wp.me\/pbcCKk-1bq","_links":{"self":[{"href":"https:\/\/blog.univicosa.com.br\/index.php\/wp-json\/wp\/v2\/posts\/4552"}],"collection":[{"href":"https:\/\/blog.univicosa.com.br\/index.php\/wp-json\/wp\/v2\/posts"}],"about":[{"href":"https:\/\/blog.univicosa.com.br\/index.php\/wp-json\/wp\/v2\/types\/post"}],"author":[{"embeddable":true,"href":"https:\/\/blog.univicosa.com.br\/index.php\/wp-json\/wp\/v2\/users\/2"}],"replies":[{"embeddable":true,"href":"https:\/\/blog.univicosa.com.br\/index.php\/wp-json\/wp\/v2\/comments?post=4552"}],"version-history":[{"count":1,"href":"https:\/\/blog.univicosa.com.br\/index.php\/wp-json\/wp\/v2\/posts\/4552\/revisions"}],"predecessor-version":[{"id":4559,"href":"https:\/\/blog.univicosa.com.br\/index.php\/wp-json\/wp\/v2\/posts\/4552\/revisions\/4559"}],"wp:featuredmedia":[{"embeddable":true,"href":"https:\/\/blog.univicosa.com.br\/index.php\/wp-json\/wp\/v2\/media\/4553"}],"wp:attachment":[{"href":"https:\/\/blog.univicosa.com.br\/index.php\/wp-json\/wp\/v2\/media?parent=4552"}],"wp:term":[{"taxonomy":"category","embeddable":true,"href":"https:\/\/blog.univicosa.com.br\/index.php\/wp-json\/wp\/v2\/categories?post=4552"},{"taxonomy":"post_tag","embeddable":true,"href":"https:\/\/blog.univicosa.com.br\/index.php\/wp-json\/wp\/v2\/tags?post=4552"}],"curies":[{"name":"wp","href":"https:\/\/api.w.org\/{rel}","templated":true}]}}