{"id":4524,"date":"2025-05-12T17:51:01","date_gmt":"2025-05-12T20:51:01","guid":{"rendered":"https:\/\/blog.univicosa.com.br\/?p=4524"},"modified":"2025-05-12T17:51:03","modified_gmt":"2025-05-12T20:51:03","slug":"toda-travessia-precisa-de-um-farol-estudantes-do-curso-de-arquitetura-e-urbanismo-pintam-painel-no-espaco-travessia","status":"publish","type":"post","link":"https:\/\/blog.univicosa.com.br\/index.php\/2025\/05\/12\/toda-travessia-precisa-de-um-farol-estudantes-do-curso-de-arquitetura-e-urbanismo-pintam-painel-no-espaco-travessia\/","title":{"rendered":"TODA TRAVESSIA PRECISA DE UM FAROL \u2013 Estudantes do Curso de Arquitetura e Urbanismo pintam painel no Espa\u00e7o Travessia"},"content":{"rendered":"\n<figure class=\"wp-block-image size-large\"><img data-attachment-id=\"4525\" data-permalink=\"https:\/\/blog.univicosa.com.br\/index.php\/2025\/05\/12\/toda-travessia-precisa-de-um-farol-estudantes-do-curso-de-arquitetura-e-urbanismo-pintam-painel-no-espaco-travessia\/1-9\/\" data-orig-file=\"https:\/\/blog.univicosa.com.br\/wp-content\/uploads\/2025\/05\/1.jpg\" data-orig-size=\"1296,731\" data-comments-opened=\"1\" data-image-meta=\"{&quot;aperture&quot;:&quot;0&quot;,&quot;credit&quot;:&quot;&quot;,&quot;camera&quot;:&quot;&quot;,&quot;caption&quot;:&quot;&quot;,&quot;created_timestamp&quot;:&quot;0&quot;,&quot;copyright&quot;:&quot;&quot;,&quot;focal_length&quot;:&quot;0&quot;,&quot;iso&quot;:&quot;0&quot;,&quot;shutter_speed&quot;:&quot;0&quot;,&quot;title&quot;:&quot;&quot;,&quot;orientation&quot;:&quot;0&quot;}\" data-image-title=\"1\" data-image-description=\"\" data-medium-file=\"https:\/\/blog.univicosa.com.br\/wp-content\/uploads\/2025\/05\/1-300x169.jpg\" data-large-file=\"https:\/\/blog.univicosa.com.br\/wp-content\/uploads\/2025\/05\/1-1024x578.jpg\" loading=\"lazy\" width=\"1024\" height=\"578\" src=\"https:\/\/blog.univicosa.com.br\/wp-content\/uploads\/2025\/05\/1-1024x578.jpg\" alt=\"\" class=\"wp-image-4525\" srcset=\"https:\/\/blog.univicosa.com.br\/wp-content\/uploads\/2025\/05\/1-1024x578.jpg 1024w, https:\/\/blog.univicosa.com.br\/wp-content\/uploads\/2025\/05\/1-300x169.jpg 300w, https:\/\/blog.univicosa.com.br\/wp-content\/uploads\/2025\/05\/1-768x433.jpg 768w, https:\/\/blog.univicosa.com.br\/wp-content\/uploads\/2025\/05\/1-850x479.jpg 850w, https:\/\/blog.univicosa.com.br\/wp-content\/uploads\/2025\/05\/1.jpg 1296w\" sizes=\"(max-width: 1024px) 100vw, 1024px\" \/><figcaption>Disciplina ARQ 103 &#8211; Pl\u00e1stica<\/figcaption><\/figure>\n\n\n\n<p class=\"has-text-align-left\">Texto: Juliano Regis do Carmo, Isabela de Freitas Gomes, Emily Cristina Pereira, Luana Catarina Lopes Maciel e Liz Valente<\/p>\n\n\n\n<p class=\"has-text-align-left\">A disciplina de Pl\u00e1stica em Arquitetura e Urbanismo nos encontra para uma<br>experi\u00eancia significativa, na qual a maneira como os volumes e formas s\u00e3o organizados e percebidos visualmente. No\u00e7\u00f5es de est\u00e9tica, pl\u00e1stica, cria\u00e7\u00e3o de formas, cores e composi\u00e7\u00f5es passam a ser norteadores em um itiner\u00e1rio rico em conhecimento. <\/p>\n\n\n\n<p class=\"has-text-align-left\">Dentro dessa experi\u00eancia, Wassily Kandinsky (1866-1944), pintor da arte russa, \u00e9 trazido como te\u00f3rico que trata dos conceitos basais da forma e da composi\u00e7\u00e3o. Em suas obras, a presen\u00e7a marcante do ponto, da linha e do plano e o abstracionismo foram iluminando a disciplina no sentido de agu\u00e7ar a reflex\u00e3o dos estudantes. <\/p>\n\n\n\n<p class=\"has-text-align-left\">Kandinsky, desenvolveu uma teoria est\u00e9tica profunda que revolucionou a maneira como a arte era compreendida. Para ele, a arte n\u00e3o precisava representar o mundo vis\u00edvel para ser significativa, ela podia se libertar da figura\u00e7\u00e3o tradicional e tornar-se uma linguagem universal da alma. Para ele, uma cor n\u00e3o era apenas uma qualidade visual, mas uma for\u00e7a viva capaz de afetar diretamente o espectador. As formas, por sua vez, tamb\u00e9m tinham significados emocionais pr\u00f3prios. C\u00edrculos, tri\u00e2ngulos, linhas curvas ou retas, todos esses elementos compunham uma gram\u00e1tica visual que, podia tocar o \u201couvido interior\u201d do espectador, como uma m\u00fasica que ressoa diretamente na alma. A abstra\u00e7\u00e3o, para Kandinsky, n\u00e3o era uma nega\u00e7\u00e3o da realidade, mas uma forma de alcan\u00e7ar uma realidade interior, aquela que se encontra al\u00e9m da mat\u00e9ria, o esp\u00edrito e a ess\u00eancia do ser.<\/p>\n\n\n\n<p>Dentro do estudo, a did\u00e1tica sugerida pela professora Liz Valente provocou os alunos a um trabalho coletivo, cujo sentido foi estabelecer uma rela\u00e7\u00e3o de intimidade com o autor. Assim, as reflex\u00f5es e a criatividade foram ganhando forma, direcionando a um trabalho final sobre o plano existente no hall de entrada do Espa\u00e7o Travessia. Tudo isso foi se tornando realidade a partir do senso de abstra\u00e7\u00e3o e criatividade dos discentes.<\/p>\n\n\n\n<p><br>A obra em quest\u00e3o \u00e9 a representa\u00e7\u00e3o de um farol como um ponto de luz na escurid\u00e3o. Tal conceito parte do in\u00edcio da constru\u00e7\u00e3o do Espa\u00e7o Travessia como um lugar de reflex\u00f5es, busca e encontro de ideias na forma\u00e7\u00e3o do pensamento arquitet\u00f4nico. Sendo assim, o processo criativo se deu a partir da divis\u00e3o de grupos onde cada um desses contribuiu com uma ideia espec\u00edfica no contexto da disciplina. Dentro de uma experi\u00eancia coletiva a idealiza\u00e7\u00e3o da obra \u201cO Farol\u201d foi o coroamento de todo o trabalho.<\/p>\n\n\n\n<p><br>Como as fotos demonstram, o mural foi executado por estudantes do primeiro per\u00edodo do curso de Arquitetura e Urbanismo de 2025, matriculados na disciplina ARQ 103 \u2013 Pl\u00e1stica.<\/p>\n\n\n\n<p><br>\u201cEstamos no Espa\u00e7o Travessia, e toda travessia precisa de um farol\u201d \u2013 Disse a professora Liz. Essa frase reverberou na turma e nos ajuda compreender a inspira\u00e7\u00e3o por traz da imagem. Elaborada.<\/p>\n\n\n\n<p><br>Leitura da obra:<br><\/p>\n\n\n\n<p>O farol simboliza um ponto iluminador sobre o horizonte escuro de algo que est\u00e1 porvir que logo ser\u00e1 acessado a partir dessa ilumina\u00e7\u00e3o. O mar revolto simboliza os desafios a serem enfrentados ao longo da jornada. O sol \u00e9 a certeza que as noites escuras n\u00e3o s\u00e3o eternas; se o farol clareia a noite, o sol aquece e ilumina o dia. Por fim, as estrelas, essas t\u00eam como fun\u00e7\u00e3o na obra serem pequenos pontos de luz onde todos aqueles que passarem por ela poder\u00e3o contribuir, criando um la\u00e7o de interatividade<br>com ela.<\/p>\n\n\n\n<figure class=\"wp-block-image size-large\"><img data-attachment-id=\"4527\" data-permalink=\"https:\/\/blog.univicosa.com.br\/index.php\/2025\/05\/12\/toda-travessia-precisa-de-um-farol-estudantes-do-curso-de-arquitetura-e-urbanismo-pintam-painel-no-espaco-travessia\/2-21\/\" data-orig-file=\"https:\/\/blog.univicosa.com.br\/wp-content\/uploads\/2025\/05\/2.jpg\" data-orig-size=\"1600,1200\" data-comments-opened=\"1\" data-image-meta=\"{&quot;aperture&quot;:&quot;0&quot;,&quot;credit&quot;:&quot;&quot;,&quot;camera&quot;:&quot;&quot;,&quot;caption&quot;:&quot;&quot;,&quot;created_timestamp&quot;:&quot;0&quot;,&quot;copyright&quot;:&quot;&quot;,&quot;focal_length&quot;:&quot;0&quot;,&quot;iso&quot;:&quot;0&quot;,&quot;shutter_speed&quot;:&quot;0&quot;,&quot;title&quot;:&quot;&quot;,&quot;orientation&quot;:&quot;0&quot;}\" data-image-title=\"2\" data-image-description=\"\" data-medium-file=\"https:\/\/blog.univicosa.com.br\/wp-content\/uploads\/2025\/05\/2-300x225.jpg\" data-large-file=\"https:\/\/blog.univicosa.com.br\/wp-content\/uploads\/2025\/05\/2-1024x768.jpg\" loading=\"lazy\" width=\"1024\" height=\"768\" src=\"https:\/\/blog.univicosa.com.br\/wp-content\/uploads\/2025\/05\/2-1024x768.jpg\" alt=\"\" class=\"wp-image-4527\" srcset=\"https:\/\/blog.univicosa.com.br\/wp-content\/uploads\/2025\/05\/2-1024x768.jpg 1024w, https:\/\/blog.univicosa.com.br\/wp-content\/uploads\/2025\/05\/2-300x225.jpg 300w, https:\/\/blog.univicosa.com.br\/wp-content\/uploads\/2025\/05\/2-768x576.jpg 768w, https:\/\/blog.univicosa.com.br\/wp-content\/uploads\/2025\/05\/2-1536x1152.jpg 1536w, https:\/\/blog.univicosa.com.br\/wp-content\/uploads\/2025\/05\/2-850x638.jpg 850w, https:\/\/blog.univicosa.com.br\/wp-content\/uploads\/2025\/05\/2.jpg 1600w\" sizes=\"(max-width: 1024px) 100vw, 1024px\" \/><figcaption>antes<\/figcaption><\/figure>\n\n\n\n<figure class=\"wp-block-image size-large\"><img data-attachment-id=\"4528\" data-permalink=\"https:\/\/blog.univicosa.com.br\/index.php\/2025\/05\/12\/toda-travessia-precisa-de-um-farol-estudantes-do-curso-de-arquitetura-e-urbanismo-pintam-painel-no-espaco-travessia\/3-7\/\" data-orig-file=\"https:\/\/blog.univicosa.com.br\/wp-content\/uploads\/2025\/05\/3-1.jpg\" data-orig-size=\"1599,899\" data-comments-opened=\"1\" data-image-meta=\"{&quot;aperture&quot;:&quot;0&quot;,&quot;credit&quot;:&quot;&quot;,&quot;camera&quot;:&quot;&quot;,&quot;caption&quot;:&quot;&quot;,&quot;created_timestamp&quot;:&quot;0&quot;,&quot;copyright&quot;:&quot;&quot;,&quot;focal_length&quot;:&quot;0&quot;,&quot;iso&quot;:&quot;0&quot;,&quot;shutter_speed&quot;:&quot;0&quot;,&quot;title&quot;:&quot;&quot;,&quot;orientation&quot;:&quot;0&quot;}\" data-image-title=\"3\" data-image-description=\"\" data-medium-file=\"https:\/\/blog.univicosa.com.br\/wp-content\/uploads\/2025\/05\/3-1-300x169.jpg\" data-large-file=\"https:\/\/blog.univicosa.com.br\/wp-content\/uploads\/2025\/05\/3-1-1024x576.jpg\" loading=\"lazy\" width=\"1024\" height=\"576\" src=\"https:\/\/blog.univicosa.com.br\/wp-content\/uploads\/2025\/05\/3-1-1024x576.jpg\" alt=\"\" class=\"wp-image-4528\" srcset=\"https:\/\/blog.univicosa.com.br\/wp-content\/uploads\/2025\/05\/3-1-1024x576.jpg 1024w, https:\/\/blog.univicosa.com.br\/wp-content\/uploads\/2025\/05\/3-1-300x169.jpg 300w, https:\/\/blog.univicosa.com.br\/wp-content\/uploads\/2025\/05\/3-1-768x432.jpg 768w, https:\/\/blog.univicosa.com.br\/wp-content\/uploads\/2025\/05\/3-1-1536x864.jpg 1536w, https:\/\/blog.univicosa.com.br\/wp-content\/uploads\/2025\/05\/3-1-850x478.jpg 850w, https:\/\/blog.univicosa.com.br\/wp-content\/uploads\/2025\/05\/3-1.jpg 1599w\" sizes=\"(max-width: 1024px) 100vw, 1024px\" \/><figcaption>processo<\/figcaption><\/figure>\n\n\n\n<figure class=\"wp-block-image size-large\"><img data-attachment-id=\"4531\" data-permalink=\"https:\/\/blog.univicosa.com.br\/index.php\/2025\/05\/12\/toda-travessia-precisa-de-um-farol-estudantes-do-curso-de-arquitetura-e-urbanismo-pintam-painel-no-espaco-travessia\/4-6\/\" data-orig-file=\"https:\/\/blog.univicosa.com.br\/wp-content\/uploads\/2025\/05\/4.jpg\" data-orig-size=\"899,1599\" data-comments-opened=\"1\" data-image-meta=\"{&quot;aperture&quot;:&quot;0&quot;,&quot;credit&quot;:&quot;&quot;,&quot;camera&quot;:&quot;&quot;,&quot;caption&quot;:&quot;&quot;,&quot;created_timestamp&quot;:&quot;0&quot;,&quot;copyright&quot;:&quot;&quot;,&quot;focal_length&quot;:&quot;0&quot;,&quot;iso&quot;:&quot;0&quot;,&quot;shutter_speed&quot;:&quot;0&quot;,&quot;title&quot;:&quot;&quot;,&quot;orientation&quot;:&quot;0&quot;}\" data-image-title=\"4\" data-image-description=\"\" data-medium-file=\"https:\/\/blog.univicosa.com.br\/wp-content\/uploads\/2025\/05\/4-169x300.jpg\" data-large-file=\"https:\/\/blog.univicosa.com.br\/wp-content\/uploads\/2025\/05\/4-576x1024.jpg\" loading=\"lazy\" width=\"576\" height=\"1024\" src=\"https:\/\/blog.univicosa.com.br\/wp-content\/uploads\/2025\/05\/4-576x1024.jpg\" alt=\"\" class=\"wp-image-4531\" srcset=\"https:\/\/blog.univicosa.com.br\/wp-content\/uploads\/2025\/05\/4-576x1024.jpg 576w, https:\/\/blog.univicosa.com.br\/wp-content\/uploads\/2025\/05\/4-169x300.jpg 169w, https:\/\/blog.univicosa.com.br\/wp-content\/uploads\/2025\/05\/4-768x1366.jpg 768w, https:\/\/blog.univicosa.com.br\/wp-content\/uploads\/2025\/05\/4-864x1536.jpg 864w, https:\/\/blog.univicosa.com.br\/wp-content\/uploads\/2025\/05\/4-300x534.jpg 300w, https:\/\/blog.univicosa.com.br\/wp-content\/uploads\/2025\/05\/4-850x1512.jpg 850w, https:\/\/blog.univicosa.com.br\/wp-content\/uploads\/2025\/05\/4.jpg 899w\" sizes=\"(max-width: 576px) 100vw, 576px\" \/><figcaption>processo<\/figcaption><\/figure>\n\n\n\n<figure class=\"wp-block-image size-large\"><img data-attachment-id=\"4530\" data-permalink=\"https:\/\/blog.univicosa.com.br\/index.php\/2025\/05\/12\/toda-travessia-precisa-de-um-farol-estudantes-do-curso-de-arquitetura-e-urbanismo-pintam-painel-no-espaco-travessia\/5-3\/\" data-orig-file=\"https:\/\/blog.univicosa.com.br\/wp-content\/uploads\/2025\/05\/5.jpg\" data-orig-size=\"1294,1729\" data-comments-opened=\"1\" data-image-meta=\"{&quot;aperture&quot;:&quot;0&quot;,&quot;credit&quot;:&quot;&quot;,&quot;camera&quot;:&quot;&quot;,&quot;caption&quot;:&quot;&quot;,&quot;created_timestamp&quot;:&quot;0&quot;,&quot;copyright&quot;:&quot;&quot;,&quot;focal_length&quot;:&quot;0&quot;,&quot;iso&quot;:&quot;0&quot;,&quot;shutter_speed&quot;:&quot;0&quot;,&quot;title&quot;:&quot;&quot;,&quot;orientation&quot;:&quot;0&quot;}\" data-image-title=\"5\" data-image-description=\"\" data-medium-file=\"https:\/\/blog.univicosa.com.br\/wp-content\/uploads\/2025\/05\/5-225x300.jpg\" data-large-file=\"https:\/\/blog.univicosa.com.br\/wp-content\/uploads\/2025\/05\/5-766x1024.jpg\" loading=\"lazy\" width=\"766\" height=\"1024\" src=\"https:\/\/blog.univicosa.com.br\/wp-content\/uploads\/2025\/05\/5-766x1024.jpg\" alt=\"\" class=\"wp-image-4530\" srcset=\"https:\/\/blog.univicosa.com.br\/wp-content\/uploads\/2025\/05\/5-766x1024.jpg 766w, https:\/\/blog.univicosa.com.br\/wp-content\/uploads\/2025\/05\/5-225x300.jpg 225w, https:\/\/blog.univicosa.com.br\/wp-content\/uploads\/2025\/05\/5-768x1026.jpg 768w, https:\/\/blog.univicosa.com.br\/wp-content\/uploads\/2025\/05\/5-1150x1536.jpg 1150w, https:\/\/blog.univicosa.com.br\/wp-content\/uploads\/2025\/05\/5-300x401.jpg 300w, https:\/\/blog.univicosa.com.br\/wp-content\/uploads\/2025\/05\/5-850x1136.jpg 850w, https:\/\/blog.univicosa.com.br\/wp-content\/uploads\/2025\/05\/5.jpg 1294w\" sizes=\"(max-width: 766px) 100vw, 766px\" \/><figcaption>processo<\/figcaption><\/figure>\n\n\n\n<figure class=\"wp-block-image size-large\"><img data-attachment-id=\"4529\" data-permalink=\"https:\/\/blog.univicosa.com.br\/index.php\/2025\/05\/12\/toda-travessia-precisa-de-um-farol-estudantes-do-curso-de-arquitetura-e-urbanismo-pintam-painel-no-espaco-travessia\/6-2\/\" data-orig-file=\"https:\/\/blog.univicosa.com.br\/wp-content\/uploads\/2025\/05\/6.jpg\" data-orig-size=\"1200,1600\" data-comments-opened=\"1\" data-image-meta=\"{&quot;aperture&quot;:&quot;0&quot;,&quot;credit&quot;:&quot;&quot;,&quot;camera&quot;:&quot;&quot;,&quot;caption&quot;:&quot;&quot;,&quot;created_timestamp&quot;:&quot;0&quot;,&quot;copyright&quot;:&quot;&quot;,&quot;focal_length&quot;:&quot;0&quot;,&quot;iso&quot;:&quot;0&quot;,&quot;shutter_speed&quot;:&quot;0&quot;,&quot;title&quot;:&quot;&quot;,&quot;orientation&quot;:&quot;0&quot;}\" data-image-title=\"6\" data-image-description=\"\" data-medium-file=\"https:\/\/blog.univicosa.com.br\/wp-content\/uploads\/2025\/05\/6-225x300.jpg\" data-large-file=\"https:\/\/blog.univicosa.com.br\/wp-content\/uploads\/2025\/05\/6-768x1024.jpg\" loading=\"lazy\" width=\"768\" height=\"1024\" src=\"https:\/\/blog.univicosa.com.br\/wp-content\/uploads\/2025\/05\/6-768x1024.jpg\" alt=\"\" class=\"wp-image-4529\" srcset=\"https:\/\/blog.univicosa.com.br\/wp-content\/uploads\/2025\/05\/6-768x1024.jpg 768w, https:\/\/blog.univicosa.com.br\/wp-content\/uploads\/2025\/05\/6-225x300.jpg 225w, https:\/\/blog.univicosa.com.br\/wp-content\/uploads\/2025\/05\/6-1152x1536.jpg 1152w, https:\/\/blog.univicosa.com.br\/wp-content\/uploads\/2025\/05\/6-300x400.jpg 300w, https:\/\/blog.univicosa.com.br\/wp-content\/uploads\/2025\/05\/6-850x1133.jpg 850w, https:\/\/blog.univicosa.com.br\/wp-content\/uploads\/2025\/05\/6.jpg 1200w\" sizes=\"(max-width: 768px) 100vw, 768px\" \/><figcaption>(o olhar atento pode ler a palavra \u201ctravessia\u201d embutida no azul do mar)<\/figcaption><\/figure>\n","protected":false},"excerpt":{"rendered":"<p>Texto: Juliano Regis do Carmo, Isabela de Freitas Gomes, Emily Cristina Pereira, Luana Catarina Lopes Maciel e Liz Valente A disciplina de Pl\u00e1stica em Arquitetura e Urbanismo nos encontra para umaexperi\u00eancia significativa, na qual a maneira como os volumes e formas s\u00e3o organizados e percebidos visualmente. No\u00e7\u00f5es de est\u00e9tica, pl\u00e1stica, cria\u00e7\u00e3o de formas, cores e&#8230;<\/p>\n","protected":false},"author":2,"featured_media":0,"comment_status":"open","ping_status":"open","sticky":false,"template":"","format":"standard","meta":{"spay_email":""},"categories":[1],"tags":[],"jetpack_featured_media_url":"","jetpack_shortlink":"https:\/\/wp.me\/pbcCKk-1aY","_links":{"self":[{"href":"https:\/\/blog.univicosa.com.br\/index.php\/wp-json\/wp\/v2\/posts\/4524"}],"collection":[{"href":"https:\/\/blog.univicosa.com.br\/index.php\/wp-json\/wp\/v2\/posts"}],"about":[{"href":"https:\/\/blog.univicosa.com.br\/index.php\/wp-json\/wp\/v2\/types\/post"}],"author":[{"embeddable":true,"href":"https:\/\/blog.univicosa.com.br\/index.php\/wp-json\/wp\/v2\/users\/2"}],"replies":[{"embeddable":true,"href":"https:\/\/blog.univicosa.com.br\/index.php\/wp-json\/wp\/v2\/comments?post=4524"}],"version-history":[{"count":1,"href":"https:\/\/blog.univicosa.com.br\/index.php\/wp-json\/wp\/v2\/posts\/4524\/revisions"}],"predecessor-version":[{"id":4532,"href":"https:\/\/blog.univicosa.com.br\/index.php\/wp-json\/wp\/v2\/posts\/4524\/revisions\/4532"}],"wp:attachment":[{"href":"https:\/\/blog.univicosa.com.br\/index.php\/wp-json\/wp\/v2\/media?parent=4524"}],"wp:term":[{"taxonomy":"category","embeddable":true,"href":"https:\/\/blog.univicosa.com.br\/index.php\/wp-json\/wp\/v2\/categories?post=4524"},{"taxonomy":"post_tag","embeddable":true,"href":"https:\/\/blog.univicosa.com.br\/index.php\/wp-json\/wp\/v2\/tags?post=4524"}],"curies":[{"name":"wp","href":"https:\/\/api.w.org\/{rel}","templated":true}]}}