{"id":4395,"date":"2024-07-04T09:57:42","date_gmt":"2024-07-04T12:57:42","guid":{"rendered":"https:\/\/blog.univicosa.com.br\/?p=4395"},"modified":"2024-07-04T09:59:28","modified_gmt":"2024-07-04T12:59:28","slug":"conheca-o-projeto-de-extensao-arquitetura-no-silvestre","status":"publish","type":"post","link":"https:\/\/blog.univicosa.com.br\/index.php\/2024\/07\/04\/conheca-o-projeto-de-extensao-arquitetura-no-silvestre\/","title":{"rendered":"Conhe\u00e7a o projeto de extens\u00e3o Arquitetura no Silvestre"},"content":{"rendered":"\n<p><strong>Por Liz Valente e Maressa Fonseca<\/strong><\/p>\n\n\n\n<p>O projeto de extens\u00e3o curricular &#8220;Arquitetura no Silvestre&#8221;, realizado pelos estudantes do curso de Arquitetura e Urbanismo da Univi\u00e7osa, matriculados na disciplina ARQ 150 &#8211; Projeto arquitet\u00f4nico 1, orientados pelas professoras Liz Valente e Maressa Fonseca, teve in\u00edcio em fevereiro de 2024 e boa parte do projeto se realizou por meio de caminhadas explorat\u00f3rias pelo Silvestre. A ideia surgiu com o ensejo de ampliar a integra\u00e7\u00e3o dos estudantes de Arquitetura e Urbanismo com o entorno imediato da Univi\u00e7osa, aqui no distrito do Silvestre.<\/p>\n\n\n\n<p>Voc\u00ea j\u00e1 se pegou indo de um lugar para outro sem experimentar seu pr\u00f3prio percurso? Ou, j\u00e1 viveu numa rua e se deu conta de que, dentro de voc\u00ea, ela n\u00e3o era sua? A cidade precisa ser apropriada. As pessoas precisam se sentir pertencentes, precisam que os detalhes sejam delas, s\u00f3 assim haver\u00e1 chance para espa\u00e7os mais dignos e bem cuidados.&nbsp;<\/p>\n\n\n\n<p>Durante o projeto foram realizadas diversas caminhadas, conversas com os moradores e troca de experi\u00eancias em busca de responder duas perguntas: &#8220;o qu\u00ea que tem de bom aqui?&#8221; e &#8220;o que poderia ser melhor?&#8221;&nbsp; Ent\u00e3o foram elaborados os conte\u00fados que est\u00e3o dispon\u00edveis no Instagram (@arqnosilvestre) sempre com esse olhar investigativo sobre o espa\u00e7o e seu valor hist\u00f3rico e afetivo.<\/p>\n\n\n\n<p><strong>Jane Jacobs<\/strong> (1916-2006) foi uma ativista americana e escritora influente que revolucionou o urbanismo com suas ideias sobre planejamento urbano centrado nas comunidades e na vida das ruas. Em seu famoso livro \u201cMorte e vida de grandes cidades\u201d<a href=\"#_ftn1\"><sup>[1]<\/sup><\/a> ela defende que antes de modificar ou intervir em um local, \u00e9 essencial conhec\u00ea-lo profundamente. \u00c9 preciso descobrir o que as pessoas apreciam ali e o que difere uma rua da outra. Essa compreens\u00e3o s\u00f3 \u00e9 poss\u00edvel alcan\u00e7ar por meio da viv\u00eancia no espa\u00e7o e da cria\u00e7\u00e3o de v\u00ednculos com os lugares e seus moradores.<\/p>\n\n\n\n<p>Segundo Jacobs, ningu\u00e9m consegue descobrir o que funcionar\u00e1 para as nossas cidades&nbsp; apenas trabalhando a partir de maquetes em escalas reduzidas e projetos t\u00e9cnicos, \u00e9 preciso andar e vivenciar a cidade em sua complexidade. \u201cCaminhe e voc\u00ea ver\u00e1 que muitas das suposi\u00e7\u00f5es das quais os projetos dependem est\u00e3o visivelmente erradas. (\u2026) O cidad\u00e3o pode ser o maior especialista nisto; o que \u00e9 preciso \u00e9 olhar atento, curiosidade pelas pessoas e disposi\u00e7\u00e3o para caminhar.\u201d<a href=\"#_ftn2\"><sup>[2]<\/sup><\/a> (Jacobs, 1958). O slogan do projeto, \u201c\u00c9 caminhando que se v\u00ea\u201d, refor\u00e7a a no\u00e7\u00e3o de que o ato de andar pelo Silvestre \u00e9 muito mais do que uma atividade f\u00edsica, mas abrange outras formas de pertencer e se relacionar com o ambiente.<\/p>\n\n\n\n<p>O projeto encerrou o semestre com a Mostra Interativa na Pracinha, realizada no dia 26 de junho de 2024 na pra\u00e7a Ricardo Alves da Silva, com a presen\u00e7a de moradores e passantes. Neste evento, os conte\u00fados publicados na plataforma digital foram impressos e pendurados em varais, e todos foram inclu\u00eddos na conversa sobre o Silvestre, suas riquezas e car\u00eancias. Todos os presentes demonstraram satisfa\u00e7\u00e3o em receber esta iniciativa e encorajaram a continuidade de a\u00e7\u00f5es como esta.<\/p>\n\n\n\n<p>A seguir, veja algumas imagens que registram o desenvolvimento das caminhadas e da Mostra na Pracinha:<\/p>\n\n\n\n<figure class=\"wp-block-image size-large\"><img data-attachment-id=\"4396\" data-permalink=\"https:\/\/blog.univicosa.com.br\/index.php\/2024\/07\/04\/conheca-o-projeto-de-extensao-arquitetura-no-silvestre\/arq2-3\/\" data-orig-file=\"https:\/\/blog.univicosa.com.br\/wp-content\/uploads\/2024\/07\/arq2.jpg\" data-orig-size=\"1216,807\" data-comments-opened=\"1\" data-image-meta=\"{&quot;aperture&quot;:&quot;0&quot;,&quot;credit&quot;:&quot;&quot;,&quot;camera&quot;:&quot;&quot;,&quot;caption&quot;:&quot;&quot;,&quot;created_timestamp&quot;:&quot;0&quot;,&quot;copyright&quot;:&quot;&quot;,&quot;focal_length&quot;:&quot;0&quot;,&quot;iso&quot;:&quot;0&quot;,&quot;shutter_speed&quot;:&quot;0&quot;,&quot;title&quot;:&quot;&quot;,&quot;orientation&quot;:&quot;0&quot;}\" data-image-title=\"arq2\" data-image-description=\"\" data-medium-file=\"https:\/\/blog.univicosa.com.br\/wp-content\/uploads\/2024\/07\/arq2-300x199.jpg\" data-large-file=\"https:\/\/blog.univicosa.com.br\/wp-content\/uploads\/2024\/07\/arq2-1024x680.jpg\" loading=\"lazy\" width=\"1024\" height=\"680\" src=\"https:\/\/blog.univicosa.com.br\/wp-content\/uploads\/2024\/07\/arq2-1024x680.jpg\" alt=\"\" class=\"wp-image-4396\" srcset=\"https:\/\/blog.univicosa.com.br\/wp-content\/uploads\/2024\/07\/arq2-1024x680.jpg 1024w, https:\/\/blog.univicosa.com.br\/wp-content\/uploads\/2024\/07\/arq2-300x199.jpg 300w, https:\/\/blog.univicosa.com.br\/wp-content\/uploads\/2024\/07\/arq2-768x510.jpg 768w, https:\/\/blog.univicosa.com.br\/wp-content\/uploads\/2024\/07\/arq2-850x564.jpg 850w, https:\/\/blog.univicosa.com.br\/wp-content\/uploads\/2024\/07\/arq2.jpg 1216w\" sizes=\"(max-width: 1024px) 100vw, 1024px\" \/><figcaption>(Registro de caminhada pelo Silvestre\/ Foto: Maressa Fonseca e Souza)<\/figcaption><\/figure>\n\n\n\n<div class=\"wp-block-image\"><figure class=\"aligncenter size-large is-resized\"><img data-attachment-id=\"4398\" data-permalink=\"https:\/\/blog.univicosa.com.br\/arq3-jpg-2\/\" data-orig-file=\"https:\/\/blog.univicosa.com.br\/wp-content\/uploads\/2024\/07\/arq3.jpg-edited.png\" data-orig-size=\"1200,1600\" data-comments-opened=\"1\" data-image-meta=\"{&quot;aperture&quot;:&quot;0&quot;,&quot;credit&quot;:&quot;&quot;,&quot;camera&quot;:&quot;&quot;,&quot;caption&quot;:&quot;&quot;,&quot;created_timestamp&quot;:&quot;0&quot;,&quot;copyright&quot;:&quot;&quot;,&quot;focal_length&quot;:&quot;0&quot;,&quot;iso&quot;:&quot;0&quot;,&quot;shutter_speed&quot;:&quot;0&quot;,&quot;title&quot;:&quot;&quot;,&quot;orientation&quot;:&quot;0&quot;}\" data-image-title=\"arq3.jpg\" data-image-description=\"\" data-medium-file=\"https:\/\/blog.univicosa.com.br\/wp-content\/uploads\/2024\/07\/arq3.jpg-edited-225x300.png\" data-large-file=\"https:\/\/blog.univicosa.com.br\/wp-content\/uploads\/2024\/07\/arq3.jpg-edited-768x1024.png\" loading=\"lazy\" src=\"https:\/\/blog.univicosa.com.br\/wp-content\/uploads\/2024\/07\/arq3.jpg-edited.png\" alt=\"\" class=\"wp-image-4398\" width=\"382\" height=\"509\" srcset=\"https:\/\/blog.univicosa.com.br\/wp-content\/uploads\/2024\/07\/arq3.jpg-edited.png 1200w, https:\/\/blog.univicosa.com.br\/wp-content\/uploads\/2024\/07\/arq3.jpg-edited-225x300.png 225w, https:\/\/blog.univicosa.com.br\/wp-content\/uploads\/2024\/07\/arq3.jpg-edited-768x1024.png 768w, https:\/\/blog.univicosa.com.br\/wp-content\/uploads\/2024\/07\/arq3.jpg-edited-1152x1536.png 1152w, https:\/\/blog.univicosa.com.br\/wp-content\/uploads\/2024\/07\/arq3.jpg-edited-300x400.png 300w, https:\/\/blog.univicosa.com.br\/wp-content\/uploads\/2024\/07\/arq3.jpg-edited-850x1133.png 850w\" sizes=\"(max-width: 382px) 100vw, 382px\" \/><figcaption>(Registro de roda de conversa com moradores\/ Foto: Liz Valente)<\/figcaption><\/figure><\/div>\n\n\n\n<figure class=\"wp-block-image size-large\"><img data-attachment-id=\"4399\" data-permalink=\"https:\/\/blog.univicosa.com.br\/index.php\/2024\/07\/04\/conheca-o-projeto-de-extensao-arquitetura-no-silvestre\/arq7\/\" data-orig-file=\"https:\/\/blog.univicosa.com.br\/wp-content\/uploads\/2024\/07\/arq7.jpg\" data-orig-size=\"1363,905\" data-comments-opened=\"1\" data-image-meta=\"{&quot;aperture&quot;:&quot;0&quot;,&quot;credit&quot;:&quot;&quot;,&quot;camera&quot;:&quot;&quot;,&quot;caption&quot;:&quot;&quot;,&quot;created_timestamp&quot;:&quot;0&quot;,&quot;copyright&quot;:&quot;&quot;,&quot;focal_length&quot;:&quot;0&quot;,&quot;iso&quot;:&quot;0&quot;,&quot;shutter_speed&quot;:&quot;0&quot;,&quot;title&quot;:&quot;&quot;,&quot;orientation&quot;:&quot;0&quot;}\" data-image-title=\"arq7\" data-image-description=\"\" data-medium-file=\"https:\/\/blog.univicosa.com.br\/wp-content\/uploads\/2024\/07\/arq7-300x199.jpg\" data-large-file=\"https:\/\/blog.univicosa.com.br\/wp-content\/uploads\/2024\/07\/arq7-1024x680.jpg\" loading=\"lazy\" width=\"1024\" height=\"680\" src=\"https:\/\/blog.univicosa.com.br\/wp-content\/uploads\/2024\/07\/arq7-1024x680.jpg\" alt=\"\" class=\"wp-image-4399\" srcset=\"https:\/\/blog.univicosa.com.br\/wp-content\/uploads\/2024\/07\/arq7-1024x680.jpg 1024w, https:\/\/blog.univicosa.com.br\/wp-content\/uploads\/2024\/07\/arq7-300x199.jpg 300w, https:\/\/blog.univicosa.com.br\/wp-content\/uploads\/2024\/07\/arq7-768x510.jpg 768w, https:\/\/blog.univicosa.com.br\/wp-content\/uploads\/2024\/07\/arq7-850x564.jpg 850w, https:\/\/blog.univicosa.com.br\/wp-content\/uploads\/2024\/07\/arq7.jpg 1363w\" sizes=\"(max-width: 1024px) 100vw, 1024px\" \/><figcaption>(registro da Mostra na Pracinha\/ Foto: Maressa Fonseca e Souza)<\/figcaption><\/figure>\n\n\n\n<figure class=\"wp-block-image size-large\"><img data-attachment-id=\"4400\" data-permalink=\"https:\/\/blog.univicosa.com.br\/index.php\/2024\/07\/04\/conheca-o-projeto-de-extensao-arquitetura-no-silvestre\/arq9\/\" data-orig-file=\"https:\/\/blog.univicosa.com.br\/wp-content\/uploads\/2024\/07\/arq9.jpg\" data-orig-size=\"1363,907\" data-comments-opened=\"1\" data-image-meta=\"{&quot;aperture&quot;:&quot;0&quot;,&quot;credit&quot;:&quot;&quot;,&quot;camera&quot;:&quot;&quot;,&quot;caption&quot;:&quot;&quot;,&quot;created_timestamp&quot;:&quot;0&quot;,&quot;copyright&quot;:&quot;&quot;,&quot;focal_length&quot;:&quot;0&quot;,&quot;iso&quot;:&quot;0&quot;,&quot;shutter_speed&quot;:&quot;0&quot;,&quot;title&quot;:&quot;&quot;,&quot;orientation&quot;:&quot;0&quot;}\" data-image-title=\"arq9\" data-image-description=\"\" data-medium-file=\"https:\/\/blog.univicosa.com.br\/wp-content\/uploads\/2024\/07\/arq9-300x200.jpg\" data-large-file=\"https:\/\/blog.univicosa.com.br\/wp-content\/uploads\/2024\/07\/arq9-1024x681.jpg\" loading=\"lazy\" width=\"1024\" height=\"681\" src=\"https:\/\/blog.univicosa.com.br\/wp-content\/uploads\/2024\/07\/arq9-1024x681.jpg\" alt=\"\" class=\"wp-image-4400\" srcset=\"https:\/\/blog.univicosa.com.br\/wp-content\/uploads\/2024\/07\/arq9-1024x681.jpg 1024w, https:\/\/blog.univicosa.com.br\/wp-content\/uploads\/2024\/07\/arq9-300x200.jpg 300w, https:\/\/blog.univicosa.com.br\/wp-content\/uploads\/2024\/07\/arq9-768x511.jpg 768w, https:\/\/blog.univicosa.com.br\/wp-content\/uploads\/2024\/07\/arq9-850x566.jpg 850w, https:\/\/blog.univicosa.com.br\/wp-content\/uploads\/2024\/07\/arq9.jpg 1363w\" sizes=\"(max-width: 1024px) 100vw, 1024px\" \/><figcaption>(registro da Mostra na Pracinha\/ Foto: Maressa Fonseca e Souza)<\/figcaption><\/figure>\n\n\n\n<figure class=\"wp-block-image size-large\"><img data-attachment-id=\"4401\" data-permalink=\"https:\/\/blog.univicosa.com.br\/index.php\/2024\/07\/04\/conheca-o-projeto-de-extensao-arquitetura-no-silvestre\/arqsilvestre\/\" data-orig-file=\"https:\/\/blog.univicosa.com.br\/wp-content\/uploads\/2024\/07\/ARQSilvestre.jpg\" data-orig-size=\"1363,907\" data-comments-opened=\"1\" data-image-meta=\"{&quot;aperture&quot;:&quot;0&quot;,&quot;credit&quot;:&quot;&quot;,&quot;camera&quot;:&quot;&quot;,&quot;caption&quot;:&quot;&quot;,&quot;created_timestamp&quot;:&quot;0&quot;,&quot;copyright&quot;:&quot;&quot;,&quot;focal_length&quot;:&quot;0&quot;,&quot;iso&quot;:&quot;0&quot;,&quot;shutter_speed&quot;:&quot;0&quot;,&quot;title&quot;:&quot;&quot;,&quot;orientation&quot;:&quot;0&quot;}\" data-image-title=\"ARQSilvestre\" data-image-description=\"\" data-medium-file=\"https:\/\/blog.univicosa.com.br\/wp-content\/uploads\/2024\/07\/ARQSilvestre-300x200.jpg\" data-large-file=\"https:\/\/blog.univicosa.com.br\/wp-content\/uploads\/2024\/07\/ARQSilvestre-1024x681.jpg\" loading=\"lazy\" width=\"1024\" height=\"681\" src=\"https:\/\/blog.univicosa.com.br\/wp-content\/uploads\/2024\/07\/ARQSilvestre-1024x681.jpg\" alt=\"\" class=\"wp-image-4401\" srcset=\"https:\/\/blog.univicosa.com.br\/wp-content\/uploads\/2024\/07\/ARQSilvestre-1024x681.jpg 1024w, https:\/\/blog.univicosa.com.br\/wp-content\/uploads\/2024\/07\/ARQSilvestre-300x200.jpg 300w, https:\/\/blog.univicosa.com.br\/wp-content\/uploads\/2024\/07\/ARQSilvestre-768x511.jpg 768w, https:\/\/blog.univicosa.com.br\/wp-content\/uploads\/2024\/07\/ARQSilvestre-850x566.jpg 850w, https:\/\/blog.univicosa.com.br\/wp-content\/uploads\/2024\/07\/ARQSilvestre.jpg 1363w\" sizes=\"(max-width: 1024px) 100vw, 1024px\" \/><figcaption>(registro da Mostra na Pracinha\/ Foto: Maressa Fonseca e Souza)<\/figcaption><\/figure>\n\n\n\n<p>Siga a p\u00e1gina do Instagram <strong>@arqnosilvestre <\/strong>(https:\/\/www.instagram.com\/arqnosilvestre\/) e acompanhe os frutos desse projeto!&nbsp;<\/p>\n\n\n\n<hr class=\"wp-block-separator\"\/>\n\n\n\n<p><a href=\"#_ftnref1\"><sup>[1]<\/sup><\/a> JACOBS, Jane. <em>Morte e vida de grandes cidades<\/em>. 2. ed. S\u00e3o Paulo: WMF Martins Fontes, 2011.<\/p>\n\n\n\n<p><a href=\"#_ftnref2\"><sup>[2]<\/sup><\/a> Downtown is for people (Fortune Classic, 1958), dispon\u00edvel em &lt; <a href=\"https:\/\/fortune.com\/2011\/09\/18\/downtown-is-for-people-fortune-classic-1958\/\">https:\/\/fortune.com\/2011\/09\/18\/downtown-is-for-people-fortune-classic-1958\/<\/a>&gt; acesso em 03\/07\/0224.<\/p>\n","protected":false},"excerpt":{"rendered":"<p>Por Liz Valente e Maressa Fonseca O projeto de extens\u00e3o curricular &#8220;Arquitetura no Silvestre&#8221;, realizado pelos estudantes do curso de Arquitetura e Urbanismo da Univi\u00e7osa, matriculados na disciplina ARQ 150 &#8211; Projeto arquitet\u00f4nico 1, orientados pelas professoras Liz Valente e Maressa Fonseca, teve in\u00edcio em fevereiro de 2024 e boa parte do projeto se realizou&#8230;<\/p>\n","protected":false},"author":2,"featured_media":4404,"comment_status":"open","ping_status":"open","sticky":false,"template":"","format":"standard","meta":{"spay_email":""},"categories":[1],"tags":[],"jetpack_featured_media_url":"https:\/\/blog.univicosa.com.br\/wp-content\/uploads\/2024\/07\/Design-sem-nome-24.png","jetpack_shortlink":"https:\/\/wp.me\/pbcCKk-18T","_links":{"self":[{"href":"https:\/\/blog.univicosa.com.br\/index.php\/wp-json\/wp\/v2\/posts\/4395"}],"collection":[{"href":"https:\/\/blog.univicosa.com.br\/index.php\/wp-json\/wp\/v2\/posts"}],"about":[{"href":"https:\/\/blog.univicosa.com.br\/index.php\/wp-json\/wp\/v2\/types\/post"}],"author":[{"embeddable":true,"href":"https:\/\/blog.univicosa.com.br\/index.php\/wp-json\/wp\/v2\/users\/2"}],"replies":[{"embeddable":true,"href":"https:\/\/blog.univicosa.com.br\/index.php\/wp-json\/wp\/v2\/comments?post=4395"}],"version-history":[{"count":2,"href":"https:\/\/blog.univicosa.com.br\/index.php\/wp-json\/wp\/v2\/posts\/4395\/revisions"}],"predecessor-version":[{"id":4405,"href":"https:\/\/blog.univicosa.com.br\/index.php\/wp-json\/wp\/v2\/posts\/4395\/revisions\/4405"}],"wp:featuredmedia":[{"embeddable":true,"href":"https:\/\/blog.univicosa.com.br\/index.php\/wp-json\/wp\/v2\/media\/4404"}],"wp:attachment":[{"href":"https:\/\/blog.univicosa.com.br\/index.php\/wp-json\/wp\/v2\/media?parent=4395"}],"wp:term":[{"taxonomy":"category","embeddable":true,"href":"https:\/\/blog.univicosa.com.br\/index.php\/wp-json\/wp\/v2\/categories?post=4395"},{"taxonomy":"post_tag","embeddable":true,"href":"https:\/\/blog.univicosa.com.br\/index.php\/wp-json\/wp\/v2\/tags?post=4395"}],"curies":[{"name":"wp","href":"https:\/\/api.w.org\/{rel}","templated":true}]}}