{"id":4275,"date":"2024-04-22T17:21:15","date_gmt":"2024-04-22T20:21:15","guid":{"rendered":"https:\/\/blog.univicosa.com.br\/?p=4275"},"modified":"2024-04-22T17:50:29","modified_gmt":"2024-04-22T20:50:29","slug":"integrando-rios-as-cidades-um-desafio-ao-planejamento-urbano-frente-as-mudancas-climaticas","status":"publish","type":"post","link":"https:\/\/blog.univicosa.com.br\/index.php\/2024\/04\/22\/integrando-rios-as-cidades-um-desafio-ao-planejamento-urbano-frente-as-mudancas-climaticas\/","title":{"rendered":"Integrando rios \u00e0s cidades: um desafio ao planejamento urbano frente \u00e0s mudan\u00e7as clim\u00e1ticas"},"content":{"rendered":"\n<p><em><strong>Por Maressa Fonseca*<\/strong><\/em><\/p>\n\n\n\n<div class=\"wp-block-image\"><figure class=\"aligncenter size-large\"><img data-attachment-id=\"4276\" data-permalink=\"https:\/\/blog.univicosa.com.br\/index.php\/2024\/04\/22\/integrando-rios-as-cidades-um-desafio-ao-planejamento-urbano-frente-as-mudancas-climaticas\/arq4-2\/\" data-orig-file=\"https:\/\/blog.univicosa.com.br\/wp-content\/uploads\/2024\/04\/arq4.jpg\" data-orig-size=\"2231,1674\" data-comments-opened=\"1\" data-image-meta=\"{&quot;aperture&quot;:&quot;0&quot;,&quot;credit&quot;:&quot;&quot;,&quot;camera&quot;:&quot;&quot;,&quot;caption&quot;:&quot;&quot;,&quot;created_timestamp&quot;:&quot;0&quot;,&quot;copyright&quot;:&quot;&quot;,&quot;focal_length&quot;:&quot;0&quot;,&quot;iso&quot;:&quot;0&quot;,&quot;shutter_speed&quot;:&quot;0&quot;,&quot;title&quot;:&quot;&quot;,&quot;orientation&quot;:&quot;0&quot;}\" data-image-title=\"arq4\" data-image-description=\"\" data-medium-file=\"https:\/\/blog.univicosa.com.br\/wp-content\/uploads\/2024\/04\/arq4-300x225.jpg\" data-large-file=\"https:\/\/blog.univicosa.com.br\/wp-content\/uploads\/2024\/04\/arq4-1024x768.jpg\" loading=\"lazy\" width=\"1024\" height=\"768\" src=\"https:\/\/blog.univicosa.com.br\/wp-content\/uploads\/2024\/04\/arq4-1024x768.jpg\" alt=\"\" class=\"wp-image-4276\" srcset=\"https:\/\/blog.univicosa.com.br\/wp-content\/uploads\/2024\/04\/arq4-1024x768.jpg 1024w, https:\/\/blog.univicosa.com.br\/wp-content\/uploads\/2024\/04\/arq4-300x225.jpg 300w, https:\/\/blog.univicosa.com.br\/wp-content\/uploads\/2024\/04\/arq4-768x576.jpg 768w, https:\/\/blog.univicosa.com.br\/wp-content\/uploads\/2024\/04\/arq4-1536x1153.jpg 1536w, https:\/\/blog.univicosa.com.br\/wp-content\/uploads\/2024\/04\/arq4-2048x1537.jpg 2048w, https:\/\/blog.univicosa.com.br\/wp-content\/uploads\/2024\/04\/arq4-850x638.jpg 850w\" sizes=\"(max-width: 1024px) 100vw, 1024px\" \/><figcaption><strong>Rio Piabanha, que percorre o centro hist\u00f3rico de Petr\u00f3polis (RJ). Fonte: Acervo pessoal, 2024<\/strong><\/figcaption><\/figure><\/div>\n\n\n\n<p>Estive recentemente em Petr\u00f3polis (RJ) durante uma viagem de f\u00e9rias. Visitei pontos tur\u00edsticos, casarios ecl\u00e9ticos e pr\u00e9dios modernistas, mas o que mais me cativou foi a paisagem urbana permeada por rios e integrada \u00e0s ruas e morros com florestas preservadas. Embora cicatrizes estejam presentes na mem\u00f3ria dos moradores, n\u00e3o parecia que h\u00e1 menos de dois anos a cidade tinha sofrido com inunda\u00e7\u00f5es e deslizamentos causados por chuvas intensas. Ao voltar para o hotel, o notici\u00e1rio informava sobre mais uma enchente atingindo a capital do estado. Janeiro \u00e9 um m\u00eas molhado por aqui. Desastres naturais j\u00e1 se tornaram eventos c\u00edclicos no Brasil, garantindo aos jornalistas algumas pautas para o in\u00edcio do ano e reacendendo uma m\u00e1xima no debate p\u00fablico: \u201c\u00c9 falta de planejamento\u201d. Sabemos que n\u00e3o \u00e9 bem assim.<\/p>\n\n\n\n<p>Uma gest\u00e3o urbana que prioriza o asfaltamento de ruas em detrimento a sistemas de drenagem urbana, por exemplo, est\u00e1 orientando seu planejamento de alguma forma. Uma cidade onde cursos d\u2019\u00e1gua s\u00e3o canalizados e edif\u00edcios s\u00e3o constru\u00eddos virando as costas para os rios t\u00eam uma concep\u00e7\u00e3o de \u00e1gua como elemento indesejado ao seu cotidiano. A maioria das pessoas que mora em cidades, hoje quase 60% da popula\u00e7\u00e3o mundial, s\u00f3 possui contato direto com \u00e1gua limpa por meio de encanamentos (quando possuem), e poucos s\u00e3o aqueles que podem mergulhar em um rio ou lagoa em um parque acess\u00edvel. A cidade nos afastou das \u00e1guas, mas elas insistem em reaparecer, muitas vezes de forma pouco amig\u00e1vel.<\/p>\n\n\n\n<p>A cultura de planejamento urbano que invisibiliza os cursos d\u2019\u00e1gua pode ter sido \u00fatil a determinado per\u00edodo hist\u00f3rico, mas estamos hoje diante de outros paradigmas. Mudan\u00e7as clim\u00e1ticas associadas a eventos extremos batem \u00e0 porta e \u00e9 preciso repensar modelos de desenvolvimento, incluindo elementos naturais na orienta\u00e7\u00e3o de pol\u00edticas urbanas. Uma ferramenta que se apresenta como alternativa s\u00e3o as infraestruturas verdes e azuis (<em>green and blue infrastructure \u2013 GBI<\/em>) aplicadas \u00e0s cidades. Ao contr\u00e1rio das infraestruturas cinzas, constru\u00eddas utilizando materiais manufaturados como concreto, as infraestruturas verdes (vegeta\u00e7\u00e3o) e azuis (\u00e1gua) prop\u00f5em a integra\u00e7\u00e3o do ambiente constru\u00eddo e dos habitats naturais por meio de redes ecossist\u00eamicas que tornam eficientes as atividades urbanas.<\/p>\n\n\n\n<figure class=\"wp-block-image size-large\"><img data-attachment-id=\"4277\" data-permalink=\"https:\/\/blog.univicosa.com.br\/index.php\/2024\/04\/22\/integrando-rios-as-cidades-um-desafio-ao-planejamento-urbano-frente-as-mudancas-climaticas\/arq5\/\" data-orig-file=\"https:\/\/blog.univicosa.com.br\/wp-content\/uploads\/2024\/04\/arq5.jpg\" data-orig-size=\"1501,1000\" data-comments-opened=\"1\" data-image-meta=\"{&quot;aperture&quot;:&quot;0&quot;,&quot;credit&quot;:&quot;&quot;,&quot;camera&quot;:&quot;&quot;,&quot;caption&quot;:&quot;&quot;,&quot;created_timestamp&quot;:&quot;0&quot;,&quot;copyright&quot;:&quot;&quot;,&quot;focal_length&quot;:&quot;0&quot;,&quot;iso&quot;:&quot;0&quot;,&quot;shutter_speed&quot;:&quot;0&quot;,&quot;title&quot;:&quot;&quot;,&quot;orientation&quot;:&quot;0&quot;}\" data-image-title=\"arq5\" data-image-description=\"\" data-medium-file=\"https:\/\/blog.univicosa.com.br\/wp-content\/uploads\/2024\/04\/arq5-300x200.jpg\" data-large-file=\"https:\/\/blog.univicosa.com.br\/wp-content\/uploads\/2024\/04\/arq5-1024x682.jpg\" loading=\"lazy\" width=\"1024\" height=\"682\" src=\"https:\/\/blog.univicosa.com.br\/wp-content\/uploads\/2024\/04\/arq5-1024x682.jpg\" alt=\"\" class=\"wp-image-4277\" srcset=\"https:\/\/blog.univicosa.com.br\/wp-content\/uploads\/2024\/04\/arq5-1024x682.jpg 1024w, https:\/\/blog.univicosa.com.br\/wp-content\/uploads\/2024\/04\/arq5-300x200.jpg 300w, https:\/\/blog.univicosa.com.br\/wp-content\/uploads\/2024\/04\/arq5-768x512.jpg 768w, https:\/\/blog.univicosa.com.br\/wp-content\/uploads\/2024\/04\/arq5-850x566.jpg 850w, https:\/\/blog.univicosa.com.br\/wp-content\/uploads\/2024\/04\/arq5.jpg 1501w\" sizes=\"(max-width: 1024px) 100vw, 1024px\" \/><figcaption><strong>Parque Rachel de Queiroz em Fortaleza-CE, por Architectus S\/S. Fonte: Joana Fran\u00e7a via Archdaily.<\/strong><\/figcaption><\/figure>\n\n\n\n<p>Assim como n\u00e3o se pode compreender as \u00e1guas como uma parte isolada de seu ciclo natural, n\u00e3o \u00e9 poss\u00edvel resolver o problema de um rio apenas em uma cidade. \u00c9 necess\u00e1rio um pensamento multidisciplinar e em m\u00faltiplas escalas, conectando cidades e regi\u00f5es, possibilitando a participa\u00e7\u00e3o social para o envolvimento de comunidades e culturas. De forma coordenada, o planejamento orientado para as infraestruturas verdes e azuis incentiva solu\u00e7\u00f5es individuais (jardins privados) ou comunit\u00e1rias (agricultura urbana), implementadas por governos locais (parques municipais) ou nacionais (florestas urbanas, unidades de conserva\u00e7\u00e3o), gerenciadas pelo Estado ou atrav\u00e9s de parcerias.<\/p>\n\n\n\n<p>Existem diversas possibilidades, mas a busca por solu\u00e7\u00f5es para enfrentar as mudan\u00e7as clim\u00e1ticas nas cidades exige uma mudan\u00e7a de paradigma, superando a concep\u00e7\u00e3o de que o desenvolvimento urbano deve vir apenas \u00e0s custas da natureza. Pelo contr\u00e1rio, a sinergia entre ambiente constru\u00eddo e elementos naturais oferece oportunidades para transformar as cidades em locais que solucionam, e n\u00e3o apenas evidenciam, os problemas ambientais.<\/p>\n\n\n\n<div class=\"wp-block-image\"><figure class=\"aligncenter size-large\"><img data-attachment-id=\"4278\" data-permalink=\"https:\/\/blog.univicosa.com.br\/index.php\/2024\/04\/22\/integrando-rios-as-cidades-um-desafio-ao-planejamento-urbano-frente-as-mudancas-climaticas\/arq6\/\" data-orig-file=\"https:\/\/blog.univicosa.com.br\/wp-content\/uploads\/2024\/04\/arq6-scaled.jpg\" data-orig-size=\"1706,2560\" data-comments-opened=\"1\" data-image-meta=\"{&quot;aperture&quot;:&quot;0&quot;,&quot;credit&quot;:&quot;&quot;,&quot;camera&quot;:&quot;&quot;,&quot;caption&quot;:&quot;&quot;,&quot;created_timestamp&quot;:&quot;0&quot;,&quot;copyright&quot;:&quot;&quot;,&quot;focal_length&quot;:&quot;0&quot;,&quot;iso&quot;:&quot;0&quot;,&quot;shutter_speed&quot;:&quot;0&quot;,&quot;title&quot;:&quot;&quot;,&quot;orientation&quot;:&quot;0&quot;}\" data-image-title=\"arq6\" data-image-description=\"\" data-medium-file=\"https:\/\/blog.univicosa.com.br\/wp-content\/uploads\/2024\/04\/arq6-200x300.jpg\" data-large-file=\"https:\/\/blog.univicosa.com.br\/wp-content\/uploads\/2024\/04\/arq6-682x1024.jpg\" loading=\"lazy\" width=\"682\" height=\"1024\" src=\"https:\/\/blog.univicosa.com.br\/wp-content\/uploads\/2024\/04\/arq6-682x1024.jpg\" alt=\"\" class=\"wp-image-4278\" srcset=\"https:\/\/blog.univicosa.com.br\/wp-content\/uploads\/2024\/04\/arq6-682x1024.jpg 682w, https:\/\/blog.univicosa.com.br\/wp-content\/uploads\/2024\/04\/arq6-200x300.jpg 200w, https:\/\/blog.univicosa.com.br\/wp-content\/uploads\/2024\/04\/arq6-768x1152.jpg 768w, https:\/\/blog.univicosa.com.br\/wp-content\/uploads\/2024\/04\/arq6-1024x1536.jpg 1024w, https:\/\/blog.univicosa.com.br\/wp-content\/uploads\/2024\/04\/arq6-1365x2048.jpg 1365w, https:\/\/blog.univicosa.com.br\/wp-content\/uploads\/2024\/04\/arq6-300x450.jpg 300w, https:\/\/blog.univicosa.com.br\/wp-content\/uploads\/2024\/04\/arq6-850x1275.jpg 850w, https:\/\/blog.univicosa.com.br\/wp-content\/uploads\/2024\/04\/arq6-scaled.jpg 1706w\" sizes=\"(max-width: 682px) 100vw, 682px\" \/><figcaption><strong>Vista do centro hist\u00f3rico de Petr\u00f3polis (RJ) a partir do interior da Catedral de S\u00e3o Pedro de Alc\u00e2ntara.<\/strong><\/figcaption><\/figure><\/div>\n\n\n\n<p><br><strong>Fonte: Acervo pessoal, 2024<\/strong><\/p>\n\n\n\n<p>* <strong>Maressa Fonseca e Souza<\/strong> &#8211; arquiteta e urbanista, professora no curso de Arquitetura e Urbanismo da Univi\u00e7osa. \u00c9 pesquisadora com interesse em projetos e processos de habita\u00e7\u00e3o social e coletiva, infraestrutura verde e azul aplicada ao planejamento urbano, hist\u00f3ria da arquitetura e patrim\u00f4nio natural e constru\u00eddo. Voc\u00ea pode encontr\u00e1-la em <a href=\"https:\/\/instagram.com\/maressa.arq\">instagram.com\/maressa.arq<\/a>.<\/p>\n\n\n\n<p><strong>Refer\u00eancias:<\/strong><\/p>\n\n\n\n<p>ARCHDAILY Team. &#8220;Guia de infraestrutura verde e azul mostra como tornar as cidades sustent\u00e1veis&#8221; 04 Mar 2023. ArchDaily Brasil. Acesso em: <em>5 Abr 2024<\/em>. &lt;https:\/\/www.archdaily.com.br\/br\/996491\/guia-de-infraestrutura-verde-e-azul-mostra-como-tornar-as-cidades-sustentaveis&gt; ISSN 0719-8906<\/p>\n\n\n\n<p>MORSCH, M. R. S.; MASCAR\u00d3, J. J.; PANDOLFO, A.. Sustentabilidade urbana: recupera\u00e7\u00e3o dos rios como um dos princ\u00edpios da infraestrutura verde. <strong>Ambiente Constru\u00eddo<\/strong>, v. 17, n. 4, p. 305\u2013321, out. 2017.<\/p>\n","protected":false},"excerpt":{"rendered":"<p>Por Maressa Fonseca* Estive recentemente em Petr\u00f3polis (RJ) durante uma viagem de f\u00e9rias. Visitei pontos tur\u00edsticos, casarios ecl\u00e9ticos e pr\u00e9dios modernistas, mas o que mais me cativou foi a paisagem urbana permeada por rios e integrada \u00e0s ruas e morros com florestas preservadas. Embora cicatrizes estejam presentes na mem\u00f3ria dos moradores, n\u00e3o parecia que h\u00e1&#8230;<\/p>\n","protected":false},"author":2,"featured_media":4279,"comment_status":"open","ping_status":"open","sticky":false,"template":"","format":"standard","meta":{"spay_email":""},"categories":[1],"tags":[],"jetpack_featured_media_url":"https:\/\/blog.univicosa.com.br\/wp-content\/uploads\/2024\/04\/Integrando-rios-as-cidades-um-desafio-ao-planejamento-urbano-frente-as-mudancas-climaticas.png","jetpack_shortlink":"https:\/\/wp.me\/pbcCKk-16X","_links":{"self":[{"href":"https:\/\/blog.univicosa.com.br\/index.php\/wp-json\/wp\/v2\/posts\/4275"}],"collection":[{"href":"https:\/\/blog.univicosa.com.br\/index.php\/wp-json\/wp\/v2\/posts"}],"about":[{"href":"https:\/\/blog.univicosa.com.br\/index.php\/wp-json\/wp\/v2\/types\/post"}],"author":[{"embeddable":true,"href":"https:\/\/blog.univicosa.com.br\/index.php\/wp-json\/wp\/v2\/users\/2"}],"replies":[{"embeddable":true,"href":"https:\/\/blog.univicosa.com.br\/index.php\/wp-json\/wp\/v2\/comments?post=4275"}],"version-history":[{"count":2,"href":"https:\/\/blog.univicosa.com.br\/index.php\/wp-json\/wp\/v2\/posts\/4275\/revisions"}],"predecessor-version":[{"id":4281,"href":"https:\/\/blog.univicosa.com.br\/index.php\/wp-json\/wp\/v2\/posts\/4275\/revisions\/4281"}],"wp:featuredmedia":[{"embeddable":true,"href":"https:\/\/blog.univicosa.com.br\/index.php\/wp-json\/wp\/v2\/media\/4279"}],"wp:attachment":[{"href":"https:\/\/blog.univicosa.com.br\/index.php\/wp-json\/wp\/v2\/media?parent=4275"}],"wp:term":[{"taxonomy":"category","embeddable":true,"href":"https:\/\/blog.univicosa.com.br\/index.php\/wp-json\/wp\/v2\/categories?post=4275"},{"taxonomy":"post_tag","embeddable":true,"href":"https:\/\/blog.univicosa.com.br\/index.php\/wp-json\/wp\/v2\/tags?post=4275"}],"curies":[{"name":"wp","href":"https:\/\/api.w.org\/{rel}","templated":true}]}}