{"id":4221,"date":"2023-12-15T09:19:33","date_gmt":"2023-12-15T12:19:33","guid":{"rendered":"https:\/\/blog.univicosa.com.br\/?p=4221"},"modified":"2023-12-15T09:19:36","modified_gmt":"2023-12-15T12:19:36","slug":"como-habitamos-o-mundo","status":"publish","type":"post","link":"https:\/\/blog.univicosa.com.br\/index.php\/2023\/12\/15\/como-habitamos-o-mundo\/","title":{"rendered":"Como habitamos o mundo?"},"content":{"rendered":"\n<p class=\"has-medium-font-size\"><strong>Por Liz Valente<\/strong><\/p>\n\n\n\n<p class=\"has-text-align-justify\"><br>A palestra &#8220;Construir, Habitar, Pensar&#8221; proferida por Martin Heidegger, fil\u00f3sofo alem\u00e3o, em 1951, durante um simp\u00f3sio sobre a constru\u00e7\u00e3o de habita\u00e7\u00f5es rurais \u00e9 considerada uma das mais importantes contribui\u00e7\u00f5es de Heidegger \u00e0 arquitetura. Nela, o fil\u00f3sofo traz \u00e0 reflex\u00e3o sobre o significado do habitar e tra\u00e7a seu argumento a partir das ra\u00edzes etimol\u00f3gicas do termo \u201chabitar\u201d, que, no alem\u00e3o, deriva diretamente do verbo \u201cser\u201d.<\/p>\n\n\n\n<p class=\"has-text-align-justify\">Heidegger aborda a quest\u00e3o da habita\u00e7\u00e3o n\u00e3o apenas como um ato f\u00edsico de construir, mas como uma atividade mais ampla e fundamental que envolve a rela\u00e7\u00e3o entre o ser humano e o mundo. Ele destaca a import\u00e2ncia da compreens\u00e3o do significado do habitar e do construir como parte integrante da exist\u00eancia humana.<\/p>\n\n\n\n<p class=\"has-text-align-justify\">O conceito de &#8220;construir&#8221; vai al\u00e9m da ideia de erguer estruturas f\u00edsicas. Heidegger argumenta que construir \u00e9 um modo de revelar o mundo, de trazer \u00e0 luz o que est\u00e1 oculto. O ato de construir n\u00e3o se limita apenas \u00e0 arquitetura, mas se estende a todas as formas de atividade humana que moldam o mundo e cita o exemplo da escrita (cultivo de palavras) e da agricultura (cultivo de plantas).<\/p>\n\n\n\n<p class=\"has-text-align-justify\">Assim, &#8220;habitar&#8221; \u00e9 mais do que simplesmente residir em um espa\u00e7o. Heidegger destaca que habitar envolve uma rela\u00e7\u00e3o profunda e significativa com o lugar, uma integra\u00e7\u00e3o do homem com seu ambiente. Ele ressalta a import\u00e2ncia de desenvolver uma conex\u00e3o aut\u00eantica com o lugar em que vivemos, em vez de apenas ocup\u00e1-lo.<\/p>\n\n\n\n<p class=\"has-text-align-justify\">Estudantes do primeiro ano do curso de Arquitetura e Urbanismo na Univi\u00e7osa, tamb\u00e9m foram incentivados a transcender as no\u00e7\u00f5es convencionais do \u201chabitar\u201d ao desenvolver o tema por meio da confec\u00e7\u00e3o de uma cadeira. O exerc\u00edcio foi proposto dentro da disciplina de ARQ 104 \u2013 Composi\u00e7\u00e3o Formal da Arquitetura, lecionada pela professora Liz Valente.<\/p>\n\n\n\n<p class=\"has-text-align-justify\">A confec\u00e7\u00e3o de um mobili\u00e1rio, feito de materiais acess\u00edveis e sem muitos recursos, deveria trazer, em seu processo, aspectos da vida humana, tendo em mente que os m\u00f3veis s\u00e3o refl\u00e9xos dos modos de vida. Como afirma Maur\u00edcio Pulos:<\/p>\n\n\n\n<blockquote class=\"wp-block-quote\"><p>\u201cOs m\u00f3veis espelham os homens. S\u00f3 que eles n\u00e3o refletem nossa imagem diretamente, tal como as fotos, e sim pelo avesso, j\u00e1 que nada mais s\u00e3o do que a materializa\u00e7\u00e3o da forma humana ausente. Moldados a partir do nosso corpo, esses utens\u00edlios n\u00e3o s\u00f3 oferecem um suporte f\u00edsico \u00e0s nossas a\u00e7\u00f5es, mas tamb\u00e9m expressam nossa forma de ver o mundo e o modo como queremos ser vistos pelos outros\u201d. (PULS, 2017)<\/p><\/blockquote>\n\n\n\n<p class=\"has-text-align-justify\">Neste exerc\u00edcio, os estudantes desenvolveram uma cadeira utilizando o bambu como mat\u00e9ria prima. A escolha do material se deu pela fartura do bambu na regi\u00e3o, e pelo seu aspecto estrutural capaz de sustentar o peso de uma pessoa. Os resultados deste trabalho podem ser vistos nas fotos a seguir das cadeiras desenvolvidas pelos estudantes assim como fragmentos dos textos elaborados na defesa dos mobili\u00e1rios. Nota-se uma riqueza de significados uma simples cadeira pode carregar, ultrapassando o seu uso prim\u00e1rio de ser um suporte ao ato de sentar.<\/p>\n\n\n\n<p class=\"has-text-align-justify\">As cadeiras est\u00e3o em exposi\u00e7\u00e3o no hall de entrada do Espa\u00e7o Travessia e servir\u00e3o de acolhimento aos calouros que vir\u00e3o no in\u00edcio de 2024.<\/p>\n\n\n\n<div class=\"wp-block-image\"><figure class=\"aligncenter size-large is-resized\"><img data-attachment-id=\"4222\" data-permalink=\"https:\/\/blog.univicosa.com.br\/index.php\/2023\/12\/15\/como-habitamos-o-mundo\/image-5\/\" data-orig-file=\"https:\/\/blog.univicosa.com.br\/wp-content\/uploads\/2023\/12\/image.png\" data-orig-size=\"665,886\" data-comments-opened=\"1\" data-image-meta=\"{&quot;aperture&quot;:&quot;0&quot;,&quot;credit&quot;:&quot;&quot;,&quot;camera&quot;:&quot;&quot;,&quot;caption&quot;:&quot;&quot;,&quot;created_timestamp&quot;:&quot;0&quot;,&quot;copyright&quot;:&quot;&quot;,&quot;focal_length&quot;:&quot;0&quot;,&quot;iso&quot;:&quot;0&quot;,&quot;shutter_speed&quot;:&quot;0&quot;,&quot;title&quot;:&quot;&quot;,&quot;orientation&quot;:&quot;0&quot;}\" data-image-title=\"image\" data-image-description=\"\" data-medium-file=\"https:\/\/blog.univicosa.com.br\/wp-content\/uploads\/2023\/12\/image-225x300.png\" data-large-file=\"https:\/\/blog.univicosa.com.br\/wp-content\/uploads\/2023\/12\/image.png\" loading=\"lazy\" src=\"https:\/\/blog.univicosa.com.br\/wp-content\/uploads\/2023\/12\/image.png\" alt=\"\" class=\"wp-image-4222\" width=\"398\" height=\"530\" srcset=\"https:\/\/blog.univicosa.com.br\/wp-content\/uploads\/2023\/12\/image.png 665w, https:\/\/blog.univicosa.com.br\/wp-content\/uploads\/2023\/12\/image-225x300.png 225w, https:\/\/blog.univicosa.com.br\/wp-content\/uploads\/2023\/12\/image-300x400.png 300w\" sizes=\"(max-width: 398px) 100vw, 398px\" \/><figcaption>Figure 1 \u201cO conceito abordado no projeto da cadeira de bambu foi o de introspec\u00e7\u00e3o. Ele est\u00e1 presente no formato fechado dela no qual a pessoa fica completamente envolvida.\u201d (texto de apresenta\u00e7\u00e3o da cadeira desenvolvido pelas estudantes)<\/figcaption><\/figure><\/div>\n\n\n\n<div class=\"wp-block-image\"><figure class=\"aligncenter size-large is-resized\"><img data-attachment-id=\"4223\" data-permalink=\"https:\/\/blog.univicosa.com.br\/index.php\/2023\/12\/15\/como-habitamos-o-mundo\/image-1-3\/\" data-orig-file=\"https:\/\/blog.univicosa.com.br\/wp-content\/uploads\/2023\/12\/image-1.png\" data-orig-size=\"665,886\" data-comments-opened=\"1\" data-image-meta=\"{&quot;aperture&quot;:&quot;0&quot;,&quot;credit&quot;:&quot;&quot;,&quot;camera&quot;:&quot;&quot;,&quot;caption&quot;:&quot;&quot;,&quot;created_timestamp&quot;:&quot;0&quot;,&quot;copyright&quot;:&quot;&quot;,&quot;focal_length&quot;:&quot;0&quot;,&quot;iso&quot;:&quot;0&quot;,&quot;shutter_speed&quot;:&quot;0&quot;,&quot;title&quot;:&quot;&quot;,&quot;orientation&quot;:&quot;0&quot;}\" data-image-title=\"image-1\" data-image-description=\"\" data-medium-file=\"https:\/\/blog.univicosa.com.br\/wp-content\/uploads\/2023\/12\/image-1-225x300.png\" data-large-file=\"https:\/\/blog.univicosa.com.br\/wp-content\/uploads\/2023\/12\/image-1.png\" loading=\"lazy\" src=\"https:\/\/blog.univicosa.com.br\/wp-content\/uploads\/2023\/12\/image-1.png\" alt=\"\" class=\"wp-image-4223\" width=\"396\" height=\"526\"\/><figcaption>Figure 2 \u201cA vis\u00e3o principal do grupo foi o termo &#8220;acolher&#8221;, como se o momento de conforto fosse um certo abra\u00e7o ao indiv\u00edduo.\u201d (texto de apresenta\u00e7\u00e3o da cadeira desenvolvido pelas estudantes)<\/figcaption><\/figure><\/div>\n\n\n\n<div class=\"wp-block-image\"><figure class=\"aligncenter size-large is-resized\"><img data-attachment-id=\"4224\" data-permalink=\"https:\/\/blog.univicosa.com.br\/index.php\/2023\/12\/15\/como-habitamos-o-mundo\/image-2-2\/\" data-orig-file=\"https:\/\/blog.univicosa.com.br\/wp-content\/uploads\/2023\/12\/image-2.png\" data-orig-size=\"665,886\" data-comments-opened=\"1\" data-image-meta=\"{&quot;aperture&quot;:&quot;0&quot;,&quot;credit&quot;:&quot;&quot;,&quot;camera&quot;:&quot;&quot;,&quot;caption&quot;:&quot;&quot;,&quot;created_timestamp&quot;:&quot;0&quot;,&quot;copyright&quot;:&quot;&quot;,&quot;focal_length&quot;:&quot;0&quot;,&quot;iso&quot;:&quot;0&quot;,&quot;shutter_speed&quot;:&quot;0&quot;,&quot;title&quot;:&quot;&quot;,&quot;orientation&quot;:&quot;0&quot;}\" data-image-title=\"image-2\" data-image-description=\"\" data-medium-file=\"https:\/\/blog.univicosa.com.br\/wp-content\/uploads\/2023\/12\/image-2-225x300.png\" data-large-file=\"https:\/\/blog.univicosa.com.br\/wp-content\/uploads\/2023\/12\/image-2.png\" loading=\"lazy\" src=\"https:\/\/blog.univicosa.com.br\/wp-content\/uploads\/2023\/12\/image-2.png\" alt=\"\" class=\"wp-image-4224\" width=\"396\" height=\"526\"\/><figcaption>Figure 3 \u201cO bambu \u00e9 resist\u00eancia e a arquitetura \u00e9, tamb\u00e9m, resist\u00eancia; sen\u00e3o n\u00e3o seria morada ou demorada, ser, estar, residir, permanecer e lar. Residimos porque resistimos e resistimos porque a vida \u00e9 travessia. Vive de passos e descansos intercalados como n\u00f3s e o longo verde.\u201d (texto de apresenta\u00e7\u00e3o da cadeira desenvolvido pelas estudantes)<\/figcaption><\/figure><\/div>\n\n\n\n<div class=\"wp-block-image\"><figure class=\"aligncenter size-large\"><img data-attachment-id=\"4225\" data-permalink=\"https:\/\/blog.univicosa.com.br\/index.php\/2023\/12\/15\/como-habitamos-o-mundo\/image-3-2\/\" data-orig-file=\"https:\/\/blog.univicosa.com.br\/wp-content\/uploads\/2023\/12\/image-3.png\" data-orig-size=\"886,665\" data-comments-opened=\"1\" data-image-meta=\"{&quot;aperture&quot;:&quot;0&quot;,&quot;credit&quot;:&quot;&quot;,&quot;camera&quot;:&quot;&quot;,&quot;caption&quot;:&quot;&quot;,&quot;created_timestamp&quot;:&quot;0&quot;,&quot;copyright&quot;:&quot;&quot;,&quot;focal_length&quot;:&quot;0&quot;,&quot;iso&quot;:&quot;0&quot;,&quot;shutter_speed&quot;:&quot;0&quot;,&quot;title&quot;:&quot;&quot;,&quot;orientation&quot;:&quot;0&quot;}\" data-image-title=\"image-3\" data-image-description=\"\" data-medium-file=\"https:\/\/blog.univicosa.com.br\/wp-content\/uploads\/2023\/12\/image-3-300x225.png\" data-large-file=\"https:\/\/blog.univicosa.com.br\/wp-content\/uploads\/2023\/12\/image-3.png\" loading=\"lazy\" width=\"886\" height=\"665\" src=\"https:\/\/blog.univicosa.com.br\/wp-content\/uploads\/2023\/12\/image-3.png\" alt=\"\" class=\"wp-image-4225\" srcset=\"https:\/\/blog.univicosa.com.br\/wp-content\/uploads\/2023\/12\/image-3.png 886w, https:\/\/blog.univicosa.com.br\/wp-content\/uploads\/2023\/12\/image-3-300x225.png 300w, https:\/\/blog.univicosa.com.br\/wp-content\/uploads\/2023\/12\/image-3-768x576.png 768w, https:\/\/blog.univicosa.com.br\/wp-content\/uploads\/2023\/12\/image-3-850x638.png 850w\" sizes=\"(max-width: 886px) 100vw, 886px\" \/><figcaption>Figure 4 &#8211; Turma de Composi\u00e7\u00e3o Formal da Arquitetura, 2023, com a professora Liz Valente<\/figcaption><\/figure><\/div>\n\n\n\n<p>*<strong>Liz Valente <\/strong>\u2013 arquiteta e urbanista, professora no curso de Arquitetura e Urbanismo da Univi\u00e7osa. Ela tamb\u00e9m \u00e9 multiartista sendo autora de pe\u00e7as de teatro, cantora, compositora e poeta.<\/p>\n\n\n\n<p><em><strong>Refer\u00eancias:<\/strong><\/em><\/p>\n\n\n\n<p>HEIDEGGER, Martin. &#8220;Construir, Habitar, Pensar.&#8221; Atas do Simp\u00f3sio sobre Constru\u00e7\u00e3o de Habita\u00e7\u00f5es Rurais, vol. 1, 1951, pp. 23-35.<\/p>\n\n\n\n<p>PULS, Maur\u00edcio, A beleza n\u00e3o tem estofo: Incorporados ao acervo do MoMA, m\u00f3veis da Bara\u00fana revelam os \u00eaxitos e os percal\u00e7os do design. 2017. Dispon\u00edvel em &lt;brasileirohttps:\/\/www.quatrocincoum.com.br\/br\/resenhas\/design\/a-beleza-nao-tem-estofo&gt; acesso em 12 de dezembro de 2023.<\/p>\n","protected":false},"excerpt":{"rendered":"<p>Por Liz Valente A palestra &#8220;Construir, Habitar, Pensar&#8221; proferida por Martin Heidegger, fil\u00f3sofo alem\u00e3o, em 1951, durante um simp\u00f3sio sobre a constru\u00e7\u00e3o de habita\u00e7\u00f5es rurais \u00e9 considerada uma das mais importantes contribui\u00e7\u00f5es de Heidegger \u00e0 arquitetura. Nela, o fil\u00f3sofo traz \u00e0 reflex\u00e3o sobre o significado do habitar e tra\u00e7a seu argumento a partir das ra\u00edzes&#8230;<\/p>\n","protected":false},"author":2,"featured_media":4227,"comment_status":"open","ping_status":"open","sticky":false,"template":"","format":"standard","meta":{"spay_email":""},"categories":[1],"tags":[],"jetpack_featured_media_url":"https:\/\/blog.univicosa.com.br\/wp-content\/uploads\/2023\/12\/rodeo.png","jetpack_shortlink":"https:\/\/wp.me\/pbcCKk-165","_links":{"self":[{"href":"https:\/\/blog.univicosa.com.br\/index.php\/wp-json\/wp\/v2\/posts\/4221"}],"collection":[{"href":"https:\/\/blog.univicosa.com.br\/index.php\/wp-json\/wp\/v2\/posts"}],"about":[{"href":"https:\/\/blog.univicosa.com.br\/index.php\/wp-json\/wp\/v2\/types\/post"}],"author":[{"embeddable":true,"href":"https:\/\/blog.univicosa.com.br\/index.php\/wp-json\/wp\/v2\/users\/2"}],"replies":[{"embeddable":true,"href":"https:\/\/blog.univicosa.com.br\/index.php\/wp-json\/wp\/v2\/comments?post=4221"}],"version-history":[{"count":2,"href":"https:\/\/blog.univicosa.com.br\/index.php\/wp-json\/wp\/v2\/posts\/4221\/revisions"}],"predecessor-version":[{"id":4229,"href":"https:\/\/blog.univicosa.com.br\/index.php\/wp-json\/wp\/v2\/posts\/4221\/revisions\/4229"}],"wp:featuredmedia":[{"embeddable":true,"href":"https:\/\/blog.univicosa.com.br\/index.php\/wp-json\/wp\/v2\/media\/4227"}],"wp:attachment":[{"href":"https:\/\/blog.univicosa.com.br\/index.php\/wp-json\/wp\/v2\/media?parent=4221"}],"wp:term":[{"taxonomy":"category","embeddable":true,"href":"https:\/\/blog.univicosa.com.br\/index.php\/wp-json\/wp\/v2\/categories?post=4221"},{"taxonomy":"post_tag","embeddable":true,"href":"https:\/\/blog.univicosa.com.br\/index.php\/wp-json\/wp\/v2\/tags?post=4221"}],"curies":[{"name":"wp","href":"https:\/\/api.w.org\/{rel}","templated":true}]}}