{"id":4075,"date":"2023-05-10T14:17:23","date_gmt":"2023-05-10T17:17:23","guid":{"rendered":"https:\/\/blog.univicosa.com.br\/?p=4075"},"modified":"2023-05-10T14:28:26","modified_gmt":"2023-05-10T17:28:26","slug":"o-mercado-de-trabalho-atual-na-arquitetura-e-urbanismo","status":"publish","type":"post","link":"https:\/\/blog.univicosa.com.br\/index.php\/2023\/05\/10\/o-mercado-de-trabalho-atual-na-arquitetura-e-urbanismo\/","title":{"rendered":"O mercado de trabalho atual na Arquitetura e Urbanismo"},"content":{"rendered":"\n<p>Uma pesquisa realizada pelo Conselho de Arquitetura e Urbanismo (CAU), em 2022, constatou que, atualmente, 10 milh\u00f5es de brasileiros j\u00e1 contrataram servi\u00e7os de Arquitetos e Urbanistas. Isso representa 10% da popula\u00e7\u00e3o economicamente ativa. Em 2015, segundo outra pesquisa realizada pelo Conselho, esse \u00edndice era de 7%.<br><br>Estes dados atestam que cerca de 3 milh\u00f5es de pessoas a mais passaram a buscar e contratar Arquitetos e Urbanistas para elabora\u00e7\u00e3o de projetos, obras de constru\u00e7\u00e3o, reformas e outros servi\u00e7os.<br><br>Al\u00e9m disso, o CAU levantou que, de 2016 a 2021, os servi\u00e7os de Arquitetos e Urbanistas cresceram quase 20%, passando de 1,4 milh\u00e3o para mais de 1,7 milh\u00e3o somente em 2021.<br><\/p>\n\n\n\n<figure class=\"wp-block-image size-large\"><img data-attachment-id=\"4080\" data-permalink=\"https:\/\/blog.univicosa.com.br\/index.php\/2023\/05\/10\/o-mercado-de-trabalho-atual-na-arquitetura-e-urbanismo\/01-2\/\" data-orig-file=\"https:\/\/blog.univicosa.com.br\/wp-content\/uploads\/2023\/05\/01-scaled.jpg\" data-orig-size=\"2560,1707\" data-comments-opened=\"1\" data-image-meta=\"{&quot;aperture&quot;:&quot;0&quot;,&quot;credit&quot;:&quot;&quot;,&quot;camera&quot;:&quot;&quot;,&quot;caption&quot;:&quot;&quot;,&quot;created_timestamp&quot;:&quot;0&quot;,&quot;copyright&quot;:&quot;&quot;,&quot;focal_length&quot;:&quot;0&quot;,&quot;iso&quot;:&quot;0&quot;,&quot;shutter_speed&quot;:&quot;0&quot;,&quot;title&quot;:&quot;&quot;,&quot;orientation&quot;:&quot;0&quot;}\" data-image-title=\"01\" data-image-description=\"\" data-medium-file=\"https:\/\/blog.univicosa.com.br\/wp-content\/uploads\/2023\/05\/01-300x200.jpg\" data-large-file=\"https:\/\/blog.univicosa.com.br\/wp-content\/uploads\/2023\/05\/01-1024x683.jpg\" loading=\"lazy\" width=\"1024\" height=\"683\" src=\"https:\/\/blog.univicosa.com.br\/wp-content\/uploads\/2023\/05\/01-1024x683.jpg\" alt=\"\" class=\"wp-image-4080\" srcset=\"https:\/\/blog.univicosa.com.br\/wp-content\/uploads\/2023\/05\/01-1024x683.jpg 1024w, https:\/\/blog.univicosa.com.br\/wp-content\/uploads\/2023\/05\/01-300x200.jpg 300w, https:\/\/blog.univicosa.com.br\/wp-content\/uploads\/2023\/05\/01-768x512.jpg 768w, https:\/\/blog.univicosa.com.br\/wp-content\/uploads\/2023\/05\/01-1536x1024.jpg 1536w, https:\/\/blog.univicosa.com.br\/wp-content\/uploads\/2023\/05\/01-2048x1365.jpg 2048w, https:\/\/blog.univicosa.com.br\/wp-content\/uploads\/2023\/05\/01-850x567.jpg 850w\" sizes=\"(max-width: 1024px) 100vw, 1024px\" \/><figcaption>Alunos realizando um projeto no Espa\u00e7o Travessia da Univi\u00e7osa.<\/figcaption><\/figure>\n\n\n\n<p><br>Tendo em vista a relev\u00e2ncia dos dados, precisamos nos preocupar em fornecer aos estudantes uma base curricular de excel\u00eancia, para que estejam preparados para enfrentar os diversos desafios do mercado de trabalho atual. \u00c9 por isso que o curso de Arquitetura e Urbanismo da Univi\u00e7osa articula as disciplinas pr\u00e1ticas e te\u00f3ricas, para que os alunos vivenciem um aprendizado que seja significativo e real, disp\u00f5e de laborat\u00f3rios, como os de conforto e inform\u00e1tica, com equipamentos atuais, e projetos de extens\u00e3o, nos quais os estudantes, desde o primeiro semestre, t\u00eam contato com as demandas da comunidade, podendo exercer o papel social da profiss\u00e3o.<\/p>\n\n\n\n<p>Mais recentemente, o curso inaugurou tamb\u00e9m o Espa\u00e7o Travessia, um grande e colorido ateli\u00ea de projetos para que os alunos consigam criar e desenvolver seus trabalhos em um ambiente que estimula a criatividade!<\/p>\n\n\n\n<figure class=\"wp-block-image size-large\"><img data-attachment-id=\"4079\" data-permalink=\"https:\/\/blog.univicosa.com.br\/index.php\/2023\/05\/10\/o-mercado-de-trabalho-atual-na-arquitetura-e-urbanismo\/4-5\/\" data-orig-file=\"https:\/\/blog.univicosa.com.br\/wp-content\/uploads\/2023\/05\/4-scaled.jpg\" data-orig-size=\"2560,1707\" data-comments-opened=\"1\" data-image-meta=\"{&quot;aperture&quot;:&quot;0&quot;,&quot;credit&quot;:&quot;&quot;,&quot;camera&quot;:&quot;&quot;,&quot;caption&quot;:&quot;&quot;,&quot;created_timestamp&quot;:&quot;0&quot;,&quot;copyright&quot;:&quot;&quot;,&quot;focal_length&quot;:&quot;0&quot;,&quot;iso&quot;:&quot;0&quot;,&quot;shutter_speed&quot;:&quot;0&quot;,&quot;title&quot;:&quot;&quot;,&quot;orientation&quot;:&quot;0&quot;}\" data-image-title=\"4\" data-image-description=\"\" data-medium-file=\"https:\/\/blog.univicosa.com.br\/wp-content\/uploads\/2023\/05\/4-300x200.jpg\" data-large-file=\"https:\/\/blog.univicosa.com.br\/wp-content\/uploads\/2023\/05\/4-1024x683.jpg\" loading=\"lazy\" width=\"1024\" height=\"683\" src=\"https:\/\/blog.univicosa.com.br\/wp-content\/uploads\/2023\/05\/4-1024x683.jpg\" alt=\"\" class=\"wp-image-4079\" srcset=\"https:\/\/blog.univicosa.com.br\/wp-content\/uploads\/2023\/05\/4-1024x683.jpg 1024w, https:\/\/blog.univicosa.com.br\/wp-content\/uploads\/2023\/05\/4-300x200.jpg 300w, https:\/\/blog.univicosa.com.br\/wp-content\/uploads\/2023\/05\/4-768x512.jpg 768w, https:\/\/blog.univicosa.com.br\/wp-content\/uploads\/2023\/05\/4-1536x1024.jpg 1536w, https:\/\/blog.univicosa.com.br\/wp-content\/uploads\/2023\/05\/4-2048x1365.jpg 2048w, https:\/\/blog.univicosa.com.br\/wp-content\/uploads\/2023\/05\/4-850x567.jpg 850w\" sizes=\"(max-width: 1024px) 100vw, 1024px\" \/><figcaption>Alunos se movimentando pelo Espa\u00e7o Travessia da Univi\u00e7osa.<\/figcaption><\/figure>\n\n\n\n<p><br>Se voc\u00ea se interessa pelo universo da Arquitetura e Urbanismo, confira 5 motivos para se graduar na Univi\u00e7osa, <a rel=\"noreferrer noopener\" href=\"https:\/\/blog.univicosa.com.br\/index.php\/2022\/01\/04\/5-motivos-para-fazer-arquitetura-e-urbanismo-na-univicosa\/\" target=\"_blank\">clicando aqui<\/a>!<br><br>Se voc\u00ea ainda est\u00e1 em d\u00favida se vai ou n\u00e3o cursar Arquitetura e Urbanismo, saiba de 5 mitos e 1 verdade sobre o curso, <a rel=\"noreferrer noopener\" href=\"https:\/\/blog.univicosa.com.br\/index.php\/2022\/04\/29\/5-mitos-e-1-verdade-sobre-o-curso-de-arquitetura-e-urbanismo\/\" target=\"_blank\">clicando aqui<\/a>!<\/p>\n","protected":false},"excerpt":{"rendered":"<p>O mercado de trabalho na \u00e1rea de Arquitetura e Urbanismo \u00e9 amplo e cresce a cada dia. Confira dados sobre o trabalho de um Arquiteto e Urbanista, levantados pelo CAU, e como a gradua\u00e7\u00e3o na Univi\u00e7osa prepara os estudantes para o mercado atual.<\/p>\n","protected":false},"author":2,"featured_media":4076,"comment_status":"open","ping_status":"open","sticky":false,"template":"","format":"standard","meta":{"spay_email":""},"categories":[28,14],"tags":[1626,102,103,1762,590,1761,100,80,159,50,104,1672],"jetpack_featured_media_url":"https:\/\/blog.univicosa.com.br\/wp-content\/uploads\/2023\/05\/mercado-de-trabalho-atual-blog.png","jetpack_shortlink":"https:\/\/wp.me\/pbcCKk-13J","_links":{"self":[{"href":"https:\/\/blog.univicosa.com.br\/index.php\/wp-json\/wp\/v2\/posts\/4075"}],"collection":[{"href":"https:\/\/blog.univicosa.com.br\/index.php\/wp-json\/wp\/v2\/posts"}],"about":[{"href":"https:\/\/blog.univicosa.com.br\/index.php\/wp-json\/wp\/v2\/types\/post"}],"author":[{"embeddable":true,"href":"https:\/\/blog.univicosa.com.br\/index.php\/wp-json\/wp\/v2\/users\/2"}],"replies":[{"embeddable":true,"href":"https:\/\/blog.univicosa.com.br\/index.php\/wp-json\/wp\/v2\/comments?post=4075"}],"version-history":[{"count":2,"href":"https:\/\/blog.univicosa.com.br\/index.php\/wp-json\/wp\/v2\/posts\/4075\/revisions"}],"predecessor-version":[{"id":4081,"href":"https:\/\/blog.univicosa.com.br\/index.php\/wp-json\/wp\/v2\/posts\/4075\/revisions\/4081"}],"wp:featuredmedia":[{"embeddable":true,"href":"https:\/\/blog.univicosa.com.br\/index.php\/wp-json\/wp\/v2\/media\/4076"}],"wp:attachment":[{"href":"https:\/\/blog.univicosa.com.br\/index.php\/wp-json\/wp\/v2\/media?parent=4075"}],"wp:term":[{"taxonomy":"category","embeddable":true,"href":"https:\/\/blog.univicosa.com.br\/index.php\/wp-json\/wp\/v2\/categories?post=4075"},{"taxonomy":"post_tag","embeddable":true,"href":"https:\/\/blog.univicosa.com.br\/index.php\/wp-json\/wp\/v2\/tags?post=4075"}],"curies":[{"name":"wp","href":"https:\/\/api.w.org\/{rel}","templated":true}]}}