{"id":4000,"date":"2023-04-03T08:44:05","date_gmt":"2023-04-03T11:44:05","guid":{"rendered":"https:\/\/blog.univicosa.com.br\/?p=4000"},"modified":"2023-04-03T08:52:49","modified_gmt":"2023-04-03T11:52:49","slug":"a-atuacao-do-fisioterapeuta-na-atencao-primaria-a-saude-no-nucleo-de-apoio-a-saude-da-familia","status":"publish","type":"post","link":"https:\/\/blog.univicosa.com.br\/index.php\/2023\/04\/03\/a-atuacao-do-fisioterapeuta-na-atencao-primaria-a-saude-no-nucleo-de-apoio-a-saude-da-familia\/","title":{"rendered":"A atua\u00e7\u00e3o do fisioterapeuta na Aten\u00e7\u00e3o Prim\u00e1ria \u00e0 sa\u00fade no N\u00facleo de Apoio \u00e0 Sa\u00fade da Fam\u00edlia"},"content":{"rendered":"\n<p>Voc\u00ea sabe qual o papel da Unidade de Atendimento do N\u00facleo de Apoio \u00e0 Sa\u00fade da Fam\u00edlia (NASF) na aten\u00e7\u00e3o prim\u00e1ria \u00e0 sa\u00fade e o papel do fisioterapeuta neste n\u00edvel de aten\u00e7\u00e3o?<\/p>\n\n\n\n<p>O NASF foi criado em 24 de janeiro de 2008, atrav\u00e9s do Programa de Sa\u00fade da Fam\u00edlia (PSF), que teve seu in\u00edcio l\u00e1 na d\u00e9cada de 90, com o intuito de fornecer apoio de profissionais especializados em diversas \u00e1reas na rede de servi\u00e7os da aten\u00e7\u00e3o b\u00e1sica. \u00c9 justamente atrav\u00e9s do NASF que o fisioterapeuta se insere e atua na aten\u00e7\u00e3o prim\u00e1ria \u00e0 sa\u00fade.<\/p>\n\n\n\n<figure class=\"wp-block-image size-large\"><img data-attachment-id=\"4001\" data-permalink=\"https:\/\/blog.univicosa.com.br\/index.php\/2023\/04\/03\/a-atuacao-do-fisioterapeuta-na-atencao-primaria-a-saude-no-nucleo-de-apoio-a-saude-da-familia\/fisio3\/\" data-orig-file=\"https:\/\/blog.univicosa.com.br\/wp-content\/uploads\/2023\/04\/fisio3.png\" data-orig-size=\"958,958\" data-comments-opened=\"1\" data-image-meta=\"{&quot;aperture&quot;:&quot;0&quot;,&quot;credit&quot;:&quot;&quot;,&quot;camera&quot;:&quot;&quot;,&quot;caption&quot;:&quot;&quot;,&quot;created_timestamp&quot;:&quot;0&quot;,&quot;copyright&quot;:&quot;&quot;,&quot;focal_length&quot;:&quot;0&quot;,&quot;iso&quot;:&quot;0&quot;,&quot;shutter_speed&quot;:&quot;0&quot;,&quot;title&quot;:&quot;&quot;,&quot;orientation&quot;:&quot;0&quot;}\" data-image-title=\"fisio3\" data-image-description=\"\" data-medium-file=\"https:\/\/blog.univicosa.com.br\/wp-content\/uploads\/2023\/04\/fisio3-300x300.png\" data-large-file=\"https:\/\/blog.univicosa.com.br\/wp-content\/uploads\/2023\/04\/fisio3.png\" loading=\"lazy\" width=\"958\" height=\"958\" src=\"https:\/\/blog.univicosa.com.br\/wp-content\/uploads\/2023\/04\/fisio3.png\" alt=\"\" class=\"wp-image-4001\" srcset=\"https:\/\/blog.univicosa.com.br\/wp-content\/uploads\/2023\/04\/fisio3.png 958w, https:\/\/blog.univicosa.com.br\/wp-content\/uploads\/2023\/04\/fisio3-300x300.png 300w, https:\/\/blog.univicosa.com.br\/wp-content\/uploads\/2023\/04\/fisio3-150x150.png 150w, https:\/\/blog.univicosa.com.br\/wp-content\/uploads\/2023\/04\/fisio3-768x768.png 768w, https:\/\/blog.univicosa.com.br\/wp-content\/uploads\/2023\/04\/fisio3-850x850.png 850w\" sizes=\"(max-width: 958px) 100vw, 958px\" \/><\/figure>\n\n\n\n<p>Isso porque o NASF&nbsp;atua de maneira integrada no apoio \u00e0s equipes de sa\u00fade da Aten\u00e7\u00e3o B\u00e1sica, com foco interdisciplinar e intersetorial, atrav\u00e9s de a\u00e7\u00f5es que buscam cuidar da popula\u00e7\u00e3o e educ\u00e1-la sobre sa\u00fade.<\/p>\n\n\n\n<figure class=\"wp-block-image size-large\"><img data-attachment-id=\"4002\" data-permalink=\"https:\/\/blog.univicosa.com.br\/index.php\/2023\/04\/03\/a-atuacao-do-fisioterapeuta-na-atencao-primaria-a-saude-no-nucleo-de-apoio-a-saude-da-familia\/fisio4\/\" data-orig-file=\"https:\/\/blog.univicosa.com.br\/wp-content\/uploads\/2023\/04\/fisio4.png\" data-orig-size=\"786,786\" data-comments-opened=\"1\" data-image-meta=\"{&quot;aperture&quot;:&quot;0&quot;,&quot;credit&quot;:&quot;&quot;,&quot;camera&quot;:&quot;&quot;,&quot;caption&quot;:&quot;&quot;,&quot;created_timestamp&quot;:&quot;0&quot;,&quot;copyright&quot;:&quot;&quot;,&quot;focal_length&quot;:&quot;0&quot;,&quot;iso&quot;:&quot;0&quot;,&quot;shutter_speed&quot;:&quot;0&quot;,&quot;title&quot;:&quot;&quot;,&quot;orientation&quot;:&quot;0&quot;}\" data-image-title=\"fisio4\" data-image-description=\"\" data-medium-file=\"https:\/\/blog.univicosa.com.br\/wp-content\/uploads\/2023\/04\/fisio4-300x300.png\" data-large-file=\"https:\/\/blog.univicosa.com.br\/wp-content\/uploads\/2023\/04\/fisio4.png\" loading=\"lazy\" width=\"786\" height=\"786\" src=\"https:\/\/blog.univicosa.com.br\/wp-content\/uploads\/2023\/04\/fisio4.png\" alt=\"\" class=\"wp-image-4002\" srcset=\"https:\/\/blog.univicosa.com.br\/wp-content\/uploads\/2023\/04\/fisio4.png 786w, https:\/\/blog.univicosa.com.br\/wp-content\/uploads\/2023\/04\/fisio4-300x300.png 300w, https:\/\/blog.univicosa.com.br\/wp-content\/uploads\/2023\/04\/fisio4-150x150.png 150w, https:\/\/blog.univicosa.com.br\/wp-content\/uploads\/2023\/04\/fisio4-768x768.png 768w\" sizes=\"(max-width: 786px) 100vw, 786px\" \/><\/figure>\n\n\n\n<p>Este acompanhamento \u00e9 feito atrav\u00e9s do Apoio Matricial, que \u00e9 constitu\u00eddo por equipes de profissionais de diferentes \u00e1reas do conhecimento, como enfermeiros, fonoaudi\u00f3logos, m\u00e9dicos, nutricionista, psic\u00f3logos e os pr\u00f3prios fisioterapeutas!<\/p>\n\n\n\n<p>Neste cen\u00e1rio, o fisioterapeuta ir\u00e1 atuar, principalmente, na promo\u00e7\u00e3o e preven\u00e7\u00e3o da sa\u00fade, atrav\u00e9s de campanhas educativas, palestras, atendimentos individuais, atendimentos domiciliares, para estabelecer um contato direto com o paciente seus familiares e atendimentos em grupo (hipertensos, diab\u00e9ticos, gestantes, idosos, etc.), proporcionando preven\u00e7\u00e3o, reabilita\u00e7\u00e3o e tratamento de doen\u00e7as da popula\u00e7\u00e3o.<\/p>\n\n\n\n<figure class=\"wp-block-image size-large\"><img data-attachment-id=\"4003\" data-permalink=\"https:\/\/blog.univicosa.com.br\/index.php\/2023\/04\/03\/a-atuacao-do-fisioterapeuta-na-atencao-primaria-a-saude-no-nucleo-de-apoio-a-saude-da-familia\/fisio2\/\" data-orig-file=\"https:\/\/blog.univicosa.com.br\/wp-content\/uploads\/2023\/04\/fisio2.png\" data-orig-size=\"562,562\" data-comments-opened=\"1\" data-image-meta=\"{&quot;aperture&quot;:&quot;0&quot;,&quot;credit&quot;:&quot;&quot;,&quot;camera&quot;:&quot;&quot;,&quot;caption&quot;:&quot;&quot;,&quot;created_timestamp&quot;:&quot;0&quot;,&quot;copyright&quot;:&quot;&quot;,&quot;focal_length&quot;:&quot;0&quot;,&quot;iso&quot;:&quot;0&quot;,&quot;shutter_speed&quot;:&quot;0&quot;,&quot;title&quot;:&quot;&quot;,&quot;orientation&quot;:&quot;0&quot;}\" data-image-title=\"fisio2\" data-image-description=\"\" data-medium-file=\"https:\/\/blog.univicosa.com.br\/wp-content\/uploads\/2023\/04\/fisio2-300x300.png\" data-large-file=\"https:\/\/blog.univicosa.com.br\/wp-content\/uploads\/2023\/04\/fisio2.png\" loading=\"lazy\" width=\"562\" height=\"562\" src=\"https:\/\/blog.univicosa.com.br\/wp-content\/uploads\/2023\/04\/fisio2.png\" alt=\"\" class=\"wp-image-4003\" srcset=\"https:\/\/blog.univicosa.com.br\/wp-content\/uploads\/2023\/04\/fisio2.png 562w, https:\/\/blog.univicosa.com.br\/wp-content\/uploads\/2023\/04\/fisio2-300x300.png 300w, https:\/\/blog.univicosa.com.br\/wp-content\/uploads\/2023\/04\/fisio2-150x150.png 150w\" sizes=\"(max-width: 562px) 100vw, 562px\" \/><\/figure>\n\n\n\n<p>Na Unidade B\u00e1sica de Sa\u00fade (UBS) do bairro Santo Ant\u00f4nio, em Vi\u00e7osa (MG), existem grupos de Reabilita\u00e7\u00e3o Cardiorrespirat\u00f3ria e Reabilita\u00e7\u00e3o Ortop\u00e9dica ativos, que acontecem de segunda-feira a quinta-feira, a partir das 14h30. Para participar dos grupos, basta comparecer na UBS do bairro onde os estagi\u00e1rios de Fisioterapia atuam e comunicar o interesse em frequentar os encontros!<\/p>\n\n\n\n<figure class=\"wp-block-image size-large\"><img data-attachment-id=\"4004\" data-permalink=\"https:\/\/blog.univicosa.com.br\/index.php\/2023\/04\/03\/a-atuacao-do-fisioterapeuta-na-atencao-primaria-a-saude-no-nucleo-de-apoio-a-saude-da-familia\/fisio1\/\" data-orig-file=\"https:\/\/blog.univicosa.com.br\/wp-content\/uploads\/2023\/04\/fisio1.png\" data-orig-size=\"581,581\" data-comments-opened=\"1\" data-image-meta=\"{&quot;aperture&quot;:&quot;0&quot;,&quot;credit&quot;:&quot;&quot;,&quot;camera&quot;:&quot;&quot;,&quot;caption&quot;:&quot;&quot;,&quot;created_timestamp&quot;:&quot;0&quot;,&quot;copyright&quot;:&quot;&quot;,&quot;focal_length&quot;:&quot;0&quot;,&quot;iso&quot;:&quot;0&quot;,&quot;shutter_speed&quot;:&quot;0&quot;,&quot;title&quot;:&quot;&quot;,&quot;orientation&quot;:&quot;0&quot;}\" data-image-title=\"fisio1\" data-image-description=\"\" data-medium-file=\"https:\/\/blog.univicosa.com.br\/wp-content\/uploads\/2023\/04\/fisio1-300x300.png\" data-large-file=\"https:\/\/blog.univicosa.com.br\/wp-content\/uploads\/2023\/04\/fisio1.png\" loading=\"lazy\" width=\"581\" height=\"581\" src=\"https:\/\/blog.univicosa.com.br\/wp-content\/uploads\/2023\/04\/fisio1.png\" alt=\"\" class=\"wp-image-4004\" srcset=\"https:\/\/blog.univicosa.com.br\/wp-content\/uploads\/2023\/04\/fisio1.png 581w, https:\/\/blog.univicosa.com.br\/wp-content\/uploads\/2023\/04\/fisio1-300x300.png 300w, https:\/\/blog.univicosa.com.br\/wp-content\/uploads\/2023\/04\/fisio1-150x150.png 150w\" sizes=\"(max-width: 581px) 100vw, 581px\" \/><\/figure>\n\n\n\n<p>Se interessou por esta \u00e1rea de atua\u00e7\u00e3o?&nbsp;<a href=\"https:\/\/blog.univicosa.com.br\/index.php\/2023\/03\/10\/qual-o-papel-dos-fisioterapeutas-no-acompanhamento-de-idosos-hospitalizados\/\" target=\"_blank\" rel=\"noreferrer noopener\">Clique aqui<\/a>&nbsp;e confira tamb\u00e9m qual \u00e9 o papel dos fisioterapeutas no acompanhamento de idosos hospitalizados!<\/p>\n\n\n\n<p>Se quer saber mais sobre o curso,&nbsp;<a href=\"https:\/\/blog.univicosa.com.br\/index.php\/2022\/02\/09\/5-motivos-para-estudar-fisioterapia-da-univicosa\/\">clique aqui<\/a>&nbsp;e confira 5 motivos para estudar Fisioterapia da Univi\u00e7osa!<\/p>\n","protected":false},"excerpt":{"rendered":"<p>Entenda qual o papel do fisioterapeuta na Aten\u00e7\u00e3o Prim\u00e1ria \u00e0 sa\u00fade no N\u00facleo de Apoio \u00e0 Sa\u00fade da Fam\u00edlia e como este programa funciona!<\/p>\n","protected":false},"author":2,"featured_media":4005,"comment_status":"open","ping_status":"open","sticky":false,"template":"","format":"standard","meta":{"spay_email":""},"categories":[42,16,1],"tags":[1685,896,744,92,1684,1683,1686,1689,1690,64,1687,1688,50],"jetpack_featured_media_url":"https:\/\/blog.univicosa.com.br\/wp-content\/uploads\/2023\/04\/A-atuacao-do-fisioterapeuta-na-Atencao-Primaria-a-saude-no-Nucleo-de-Apoio-a-Saude-da-Familia.png","jetpack_shortlink":"https:\/\/wp.me\/pbcCKk-12w","_links":{"self":[{"href":"https:\/\/blog.univicosa.com.br\/index.php\/wp-json\/wp\/v2\/posts\/4000"}],"collection":[{"href":"https:\/\/blog.univicosa.com.br\/index.php\/wp-json\/wp\/v2\/posts"}],"about":[{"href":"https:\/\/blog.univicosa.com.br\/index.php\/wp-json\/wp\/v2\/types\/post"}],"author":[{"embeddable":true,"href":"https:\/\/blog.univicosa.com.br\/index.php\/wp-json\/wp\/v2\/users\/2"}],"replies":[{"embeddable":true,"href":"https:\/\/blog.univicosa.com.br\/index.php\/wp-json\/wp\/v2\/comments?post=4000"}],"version-history":[{"count":2,"href":"https:\/\/blog.univicosa.com.br\/index.php\/wp-json\/wp\/v2\/posts\/4000\/revisions"}],"predecessor-version":[{"id":4007,"href":"https:\/\/blog.univicosa.com.br\/index.php\/wp-json\/wp\/v2\/posts\/4000\/revisions\/4007"}],"wp:featuredmedia":[{"embeddable":true,"href":"https:\/\/blog.univicosa.com.br\/index.php\/wp-json\/wp\/v2\/media\/4005"}],"wp:attachment":[{"href":"https:\/\/blog.univicosa.com.br\/index.php\/wp-json\/wp\/v2\/media?parent=4000"}],"wp:term":[{"taxonomy":"category","embeddable":true,"href":"https:\/\/blog.univicosa.com.br\/index.php\/wp-json\/wp\/v2\/categories?post=4000"},{"taxonomy":"post_tag","embeddable":true,"href":"https:\/\/blog.univicosa.com.br\/index.php\/wp-json\/wp\/v2\/tags?post=4000"}],"curies":[{"name":"wp","href":"https:\/\/api.w.org\/{rel}","templated":true}]}}