{"id":400,"date":"2019-07-08T11:25:30","date_gmt":"2019-07-08T14:25:30","guid":{"rendered":"https:\/\/univicosa.wordpress.com\/?p=400"},"modified":"2019-07-08T11:25:30","modified_gmt":"2019-07-08T14:25:30","slug":"caracteristicas-do-curso-e-carreira-em-administracao","status":"publish","type":"post","link":"https:\/\/blog.univicosa.com.br\/index.php\/2019\/07\/08\/caracteristicas-do-curso-e-carreira-em-administracao\/","title":{"rendered":"Caracter\u00edsticas do curso e carreira em Administra\u00e7\u00e3o"},"content":{"rendered":"\n<h3>Saiba quem \u00e9 o Administrador, suas fun\u00e7\u00f5es gerenciais, o conhecimento adquirido na faculdade e as oportunidades na carreira.<\/h3>\n\n\n\n<ul data-carousel-extra='{\"blog_id\":1,\"permalink\":\"https:\\\/\\\/blog.univicosa.com.br\\\/index.php\\\/2019\\\/07\\\/08\\\/caracteristicas-do-curso-e-carreira-em-administracao\\\/\"}' class=\"wp-block-gallery columns-1 is-cropped\"><li class=\"blocks-gallery-item\"><figure><img data-attachment-id=\"401\" data-permalink=\"https:\/\/blog.univicosa.com.br\/15\/\" data-orig-file=\"https:\/\/blog.univicosa.com.br\/wp-content\/uploads\/2019\/07\/15-3.jpg\" data-orig-size=\"700,520\" data-comments-opened=\"1\" data-image-meta=\"{&quot;aperture&quot;:&quot;0&quot;,&quot;credit&quot;:&quot;MF.Rocha&quot;,&quot;camera&quot;:&quot;&quot;,&quot;caption&quot;:&quot;&quot;,&quot;created_timestamp&quot;:&quot;1466099136&quot;,&quot;copyright&quot;:&quot;&quot;,&quot;focal_length&quot;:&quot;0&quot;,&quot;iso&quot;:&quot;0&quot;,&quot;shutter_speed&quot;:&quot;0&quot;,&quot;title&quot;:&quot;&quot;,&quot;orientation&quot;:&quot;0&quot;}\" data-image-title=\"15\" data-image-description=\"\" data-medium-file=\"https:\/\/blog.univicosa.com.br\/wp-content\/uploads\/2019\/07\/15-3-300x223.jpg\" data-large-file=\"https:\/\/blog.univicosa.com.br\/wp-content\/uploads\/2019\/07\/15-3.jpg\" loading=\"lazy\" width=\"700\" height=\"520\" src=\"https:\/\/blog.univicosa.com.br\/wp-content\/uploads\/2019\/07\/15-3.jpg\" alt=\"\" data-id=\"401\" data-link=\"https:\/\/univicosa.wordpress.com\/15\/\" class=\"wp-image-401\" srcset=\"https:\/\/blog.univicosa.com.br\/wp-content\/uploads\/2019\/07\/15-3.jpg 700w, https:\/\/blog.univicosa.com.br\/wp-content\/uploads\/2019\/07\/15-3-300x223.jpg 300w, https:\/\/blog.univicosa.com.br\/wp-content\/uploads\/2019\/07\/15-3-404x300.jpg 404w\" sizes=\"(max-width: 700px) 100vw, 700px\" \/><\/figure><\/li><\/ul>\n\n\n\n<p style=\"text-align:center;\">Foto: Freepik<\/p>\n\n\n\n<p>O administrador \u00e9 um profissional muito requisitado no mundo do trabalho, pois qualquer organiza\u00e7\u00e3o que existe, seja p\u00fablica, privada ou sem fins lucrativos, sempre ser\u00e1 gerenciada por uma pessoa, e neste caso, o ideal \u00e9 ser um profissional que&nbsp;possui conhecimentos em gest\u00e3o. O administrador \u00e9 quem vai gerenciar as pessoas, o dinheiro, a tecnologia e todos os recursos de uma organiza\u00e7\u00e3o, tendo sempre como base o planejamento estrat\u00e9gico e como um norte a sua miss\u00e3o.<\/p>\n\n\n\n<p>O administrador \u00e9 uma pessoa organizada e planejada, que sabe lidar bem com metas, objetivos, prazos, planilhas, relat\u00f3rios, diferentes demandas e poss\u00edveis contratempos, \u00e9 proativo, flex\u00edvel, criativo e inovador. \u00c9 \u00e9tico, l\u00edder, sabe se comunicar bem, \u00e9 disciplinado, integra bem a teoria e a pr\u00e1tica, \u00e9 cr\u00edtico e reflexivo, al\u00e9m de ser um tomador de decis\u00f5es, est\u00e1 antenado em tudo o que acontece no mundo, tem uma vis\u00e3o de futuro agu\u00e7ada e \u00e9 informado.<\/p>\n\n\n\n<p>As fun\u00e7\u00f5es essenciais do administrador, conforme Mintzberg, um grande estudioso da gest\u00e3o, est\u00e3o relacionadas a tr\u00eas planos:&nbsp;<strong>INFORMA\u00c7\u00c3O<\/strong>,&nbsp;<strong>PESSOAS<\/strong>&nbsp;e&nbsp;<strong>A\u00c7\u00c3O<\/strong>. Cada plano apresenta duas fun\u00e7\u00f5es a serem desempenhadas por este profissional, tais como:<\/p>\n\n\n\n<p><strong>1.&nbsp;&nbsp;&nbsp;&nbsp;&nbsp;&nbsp;&nbsp;&nbsp;&nbsp;&nbsp;&nbsp;&nbsp;&nbsp;&nbsp;&nbsp;&nbsp;&nbsp; Plano da informa\u00e7\u00e3o:<\/strong>&nbsp;os gestores se comunicam, seja com os colaboradores da organiza\u00e7\u00e3o, seja com outras organiza\u00e7\u00f5es e pessoas, controlam todos seus recursos e projetos, bem como buscam informa\u00e7\u00f5es do mercado e concorrentes;<\/p>\n\n\n\n<p><strong>2.&nbsp;&nbsp;&nbsp;&nbsp;&nbsp;&nbsp;&nbsp;&nbsp;&nbsp;&nbsp;&nbsp;&nbsp;&nbsp;&nbsp;&nbsp;&nbsp;&nbsp; Plano das pessoas:<\/strong>&nbsp;os gestores lideram equipes e conectam constantemente com o mercado, com o que h\u00e1 de mais atual em gest\u00e3o e inova\u00e7\u00e3o;<\/p>\n\n\n\n<p><strong>3.&nbsp;&nbsp;&nbsp;&nbsp;&nbsp;&nbsp;&nbsp;&nbsp;&nbsp;&nbsp;&nbsp;&nbsp;&nbsp;&nbsp;&nbsp;&nbsp;&nbsp; Plano da a\u00e7\u00e3o:<\/strong>&nbsp;os gestores agem, definindo estrat\u00e9gias e metas, e se relacionam com fornecedores, clientes, governo.<\/p>\n\n\n\n<p>Nos curr\u00edculos do curso de Administra\u00e7\u00e3o&nbsp;h\u00e1 mat\u00e9rias de forma\u00e7\u00e3o geral, como, por exemplo, matem\u00e1tica, estat\u00edstica, sociologia e direito. E tamb\u00e9m mat\u00e9rias de forma\u00e7\u00e3o espec\u00edfica, como produ\u00e7\u00e3o e log\u00edstica, finan\u00e7as, marketing e gest\u00e3o de pessoas. Destaca-se no curso de Administra\u00e7\u00e3o da Univi\u00e7osa uma disciplina muito esperada pelos alunos de Administra\u00e7\u00e3o que \u00e9 a Empresa Simulada, onde se aplica toda a teoria na pr\u00e1tica, atrav\u00e9s da cria\u00e7\u00e3o de uma empresa real em grupo e se realiza uma Feira Simulada com o oferecimento do produto ou servi\u00e7o criado ao p\u00fablico.<\/p>\n\n\n\n<p>Diante do conhecimento adquirido no curso de Administra\u00e7\u00e3o, voc\u00ea pode trabalhar em empresas p\u00fablicas, privadas ou sem fins lucrativos, ou tamb\u00e9m de forma aut\u00f4noma, como consultor ou como empreendedor do pr\u00f3prio neg\u00f3cio.<\/p>\n\n\n\n<p>As vantagens de se formar em Administra\u00e7\u00e3o s\u00e3o: a vis\u00e3o ampla que o administrador tem de tudo que est\u00e1 dentro da organiza\u00e7\u00e3o e tudo que est\u00e1 fora, como saber lidar com seus colaboradores e conhecer bem seus clientes; bem como a variedade de campo de trabalho que o formando encontra, podendo atuar na dire\u00e7\u00e3o geral de uma organiza\u00e7\u00e3o, pr\u00f3pria ou de outros, mas tamb\u00e9m em \u00e1reas espec\u00edficas como Gest\u00e3o de Pessoas, Marketing, Financeiro, Produ\u00e7\u00e3o e Log\u00edstica.<\/p>\n\n\n\n<p><strong>Por:<\/strong>  <strong>Daiane Miranda de Freitas &#8211; Administradora; Doutora em Administra\u00e7\u00e3o. Gestora dos cursos de Administra\u00e7\u00e3o e Gest\u00e3o de Empresas da Univi\u00e7osa<\/strong>.<\/p>\n","protected":false},"excerpt":{"rendered":"<p>Saiba quem \u00e9 o Administrador, suas fun\u00e7\u00f5es gerenciais, o conhecimento adquirido na faculdade e as oportunidades na carreira. Foto: Freepik O administrador \u00e9 um profissional muito requisitado no mundo do trabalho, pois qualquer organiza\u00e7\u00e3o que existe, seja p\u00fablica, privada ou sem fins lucrativos, sempre ser\u00e1 gerenciada por uma pessoa, e neste caso, o ideal \u00e9&#8230;<\/p>\n","protected":false},"author":2,"featured_media":0,"comment_status":"open","ping_status":"open","sticky":false,"template":"","format":"standard","meta":{"spay_email":""},"categories":[1],"tags":[],"jetpack_featured_media_url":"","jetpack_shortlink":"https:\/\/wp.me\/pbcCKk-6s","_links":{"self":[{"href":"https:\/\/blog.univicosa.com.br\/index.php\/wp-json\/wp\/v2\/posts\/400"}],"collection":[{"href":"https:\/\/blog.univicosa.com.br\/index.php\/wp-json\/wp\/v2\/posts"}],"about":[{"href":"https:\/\/blog.univicosa.com.br\/index.php\/wp-json\/wp\/v2\/types\/post"}],"author":[{"embeddable":true,"href":"https:\/\/blog.univicosa.com.br\/index.php\/wp-json\/wp\/v2\/users\/2"}],"replies":[{"embeddable":true,"href":"https:\/\/blog.univicosa.com.br\/index.php\/wp-json\/wp\/v2\/comments?post=400"}],"version-history":[{"count":0,"href":"https:\/\/blog.univicosa.com.br\/index.php\/wp-json\/wp\/v2\/posts\/400\/revisions"}],"wp:attachment":[{"href":"https:\/\/blog.univicosa.com.br\/index.php\/wp-json\/wp\/v2\/media?parent=400"}],"wp:term":[{"taxonomy":"category","embeddable":true,"href":"https:\/\/blog.univicosa.com.br\/index.php\/wp-json\/wp\/v2\/categories?post=400"},{"taxonomy":"post_tag","embeddable":true,"href":"https:\/\/blog.univicosa.com.br\/index.php\/wp-json\/wp\/v2\/tags?post=400"}],"curies":[{"name":"wp","href":"https:\/\/api.w.org\/{rel}","templated":true}]}}