{"id":396,"date":"2019-07-08T11:18:57","date_gmt":"2019-07-08T14:18:57","guid":{"rendered":"https:\/\/univicosa.wordpress.com\/?p=396"},"modified":"2019-07-08T11:18:57","modified_gmt":"2019-07-08T14:18:57","slug":"a-etica-nos-tempos-atuais","status":"publish","type":"post","link":"https:\/\/blog.univicosa.com.br\/index.php\/2019\/07\/08\/a-etica-nos-tempos-atuais\/","title":{"rendered":"A \u00c9tica nos tempos atuais"},"content":{"rendered":"\n<h3>Existem v\u00e1rios princ\u00edpios \u00e9ticos que s\u00e3o aplic\u00e1veis \u00e0s sociedades e aqueles que servem para um grupo de pessoas<\/h3>\n\n\n\n<ul data-carousel-extra='{\"blog_id\":1,\"permalink\":\"https:\\\/\\\/blog.univicosa.com.br\\\/index.php\\\/2019\\\/07\\\/08\\\/a-etica-nos-tempos-atuais\\\/\"}' class=\"wp-block-gallery columns-1 is-cropped\"><li class=\"blocks-gallery-item\"><figure><img data-attachment-id=\"397\" data-permalink=\"https:\/\/blog.univicosa.com.br\/14\/\" data-orig-file=\"https:\/\/blog.univicosa.com.br\/wp-content\/uploads\/2019\/07\/14-3.jpg\" data-orig-size=\"700,520\" data-comments-opened=\"1\" data-image-meta=\"{&quot;aperture&quot;:&quot;0&quot;,&quot;credit&quot;:&quot;&quot;,&quot;camera&quot;:&quot;&quot;,&quot;caption&quot;:&quot;&quot;,&quot;created_timestamp&quot;:&quot;0&quot;,&quot;copyright&quot;:&quot;&quot;,&quot;focal_length&quot;:&quot;0&quot;,&quot;iso&quot;:&quot;0&quot;,&quot;shutter_speed&quot;:&quot;0&quot;,&quot;title&quot;:&quot;&quot;,&quot;orientation&quot;:&quot;1&quot;}\" data-image-title=\"14\" data-image-description=\"\" data-medium-file=\"https:\/\/blog.univicosa.com.br\/wp-content\/uploads\/2019\/07\/14-3-300x223.jpg\" data-large-file=\"https:\/\/blog.univicosa.com.br\/wp-content\/uploads\/2019\/07\/14-3.jpg\" loading=\"lazy\" width=\"700\" height=\"520\" src=\"https:\/\/blog.univicosa.com.br\/wp-content\/uploads\/2019\/07\/14-3.jpg\" alt=\"\" data-id=\"397\" data-link=\"https:\/\/univicosa.wordpress.com\/14\/\" class=\"wp-image-397\" srcset=\"https:\/\/blog.univicosa.com.br\/wp-content\/uploads\/2019\/07\/14-3.jpg 700w, https:\/\/blog.univicosa.com.br\/wp-content\/uploads\/2019\/07\/14-3-300x223.jpg 300w, https:\/\/blog.univicosa.com.br\/wp-content\/uploads\/2019\/07\/14-3-404x300.jpg 404w\" sizes=\"(max-width: 700px) 100vw, 700px\" \/><\/figure><\/li><\/ul>\n\n\n\n<p style=\"text-align:center;\"> Foto: Flickr <\/p>\n\n\n\n<p>\u00c9tica. Uma palavra que vem sendo muito utilizada nos \u00faltimos tempos pelos notici\u00e1rios e pela popula\u00e7\u00e3o em geral; sendo motivados por diversos esc\u00e2ndalos, principalmente os de cunho pol\u00edtico. Mas, poucos sabem o que de fato essa palavra significa e a import\u00e2ncia que ela tem para a nossa sociedade.<\/p>\n\n\n\n<p>Um dos principais fil\u00f3sofos da atualidade, Mario S\u00e9rgio Cortella, define \u00e9tica como aquilo que marca a fronteira da nossa conviv\u00eancia, isto \u00e9, \u201c[&#8230;] \u00e9 aquela perspectiva para olharmos os nossos princ\u00edpios e os nossos valores para existirmos juntos [&#8230;]\u201d; \u00e9 o conjunto de princ\u00edpios e valores que orientam as condutas. A \u00e9tica \u00e9, portanto, essencial para que possamos viver em sociedade. Se todos seguissem aquilo que \u00e9 considerado correto socialmente, a conviv\u00eancia entre todos n\u00f3s poderia seria muito mais tranquila e, provavelmente, n\u00e3o passar\u00edamos por todos esses esc\u00e2ndalos que vem ocorrendo.<\/p>\n\n\n\n<p>Existem v\u00e1rios princ\u00edpios \u00e9ticos que s\u00e3o aplic\u00e1veis \u00e0s sociedades e aqueles que servem para um grupo de pessoas, como a \u00e9tica profissional, a qual se aplica \u00e0s profiss\u00f5es. De acordo com Contreras (2002), a \u00e9tica profissional implica em assumir responsabilidades sociais perante aqueles com quem trabalhamos e que dependem do nosso conhecimento e pr\u00e1tica profissional. Em alguns casos, essas responsabilidades s\u00e3o apresentadas em um acordo denominado c\u00f3digo de \u00e9tica, como por exemplo, o c\u00f3digo de \u00e9tica dos profissionais de administra\u00e7\u00e3o, elaborado pelo Conselho Federal de Administra\u00e7\u00e3o. Dentre outras informa\u00e7\u00f5es, ele traz os direitos, os deveres e as penas estabelecidas, casos esses deveres n\u00e3o sejam cumpridos pelos profissionais dessa \u00e1rea.<\/p>\n\n\n\n<p>Al\u00e9m disso, ainda existem os c\u00f3digos de \u00e9tica criados pelas pr\u00f3prias empresas, como a Gerdau, Bauducco, Ligh e L\u2019 oreal, dentre outras, que estabelecem compromissos \u00e9ticos com seus acionistas, funcion\u00e1rios, fornecedores, governo, sociedade e, principalmente, com seus clientes. Dessa forma, al\u00e9m de algumas obriga\u00e7\u00f5es serem cobradas por leis e\/ou por regras de determinada empresa, a sociedade vem ficando cada vez mais exigente em rela\u00e7\u00e3o aos princ\u00edpios e valores que s\u00e3o demonstrados, atribuindo uma maior credibilidade \u00e0quelas que se mostram socialmente respons\u00e1veis.<\/p>\n\n\n\n<p><strong>Por:<\/strong>  <strong>B\u00e1rbara Cal\u00e7ado Lopes Martins &#8211; Administradora, Mestre em Administra\u00e7\u00e3o. Professora dos cursos de Administra\u00e7\u00e3o e Gest\u00e3o de Empresas da Univi\u00e7osa<\/strong>.<\/p>\n","protected":false},"excerpt":{"rendered":"<p>Existem v\u00e1rios princ\u00edpios \u00e9ticos que s\u00e3o aplic\u00e1veis \u00e0s sociedades e aqueles que servem para um grupo de pessoas Foto: Flickr \u00c9tica. Uma palavra que vem sendo muito utilizada nos \u00faltimos tempos pelos notici\u00e1rios e pela popula\u00e7\u00e3o em geral; sendo motivados por diversos esc\u00e2ndalos, principalmente os de cunho pol\u00edtico. Mas, poucos sabem o que de fato&#8230;<\/p>\n","protected":false},"author":2,"featured_media":0,"comment_status":"open","ping_status":"open","sticky":false,"template":"","format":"standard","meta":{"spay_email":""},"categories":[1],"tags":[],"jetpack_featured_media_url":"","jetpack_shortlink":"https:\/\/wp.me\/pbcCKk-6o","_links":{"self":[{"href":"https:\/\/blog.univicosa.com.br\/index.php\/wp-json\/wp\/v2\/posts\/396"}],"collection":[{"href":"https:\/\/blog.univicosa.com.br\/index.php\/wp-json\/wp\/v2\/posts"}],"about":[{"href":"https:\/\/blog.univicosa.com.br\/index.php\/wp-json\/wp\/v2\/types\/post"}],"author":[{"embeddable":true,"href":"https:\/\/blog.univicosa.com.br\/index.php\/wp-json\/wp\/v2\/users\/2"}],"replies":[{"embeddable":true,"href":"https:\/\/blog.univicosa.com.br\/index.php\/wp-json\/wp\/v2\/comments?post=396"}],"version-history":[{"count":0,"href":"https:\/\/blog.univicosa.com.br\/index.php\/wp-json\/wp\/v2\/posts\/396\/revisions"}],"wp:attachment":[{"href":"https:\/\/blog.univicosa.com.br\/index.php\/wp-json\/wp\/v2\/media?parent=396"}],"wp:term":[{"taxonomy":"category","embeddable":true,"href":"https:\/\/blog.univicosa.com.br\/index.php\/wp-json\/wp\/v2\/categories?post=396"},{"taxonomy":"post_tag","embeddable":true,"href":"https:\/\/blog.univicosa.com.br\/index.php\/wp-json\/wp\/v2\/tags?post=396"}],"curies":[{"name":"wp","href":"https:\/\/api.w.org\/{rel}","templated":true}]}}