{"id":3907,"date":"2022-12-26T16:02:01","date_gmt":"2022-12-26T19:02:01","guid":{"rendered":"https:\/\/blog.univicosa.com.br\/?p=3907"},"modified":"2022-12-26T17:19:46","modified_gmt":"2022-12-26T20:19:46","slug":"importancia-de-se-fazer-uma-pos-graduacao","status":"publish","type":"post","link":"https:\/\/blog.univicosa.com.br\/index.php\/2022\/12\/26\/importancia-de-se-fazer-uma-pos-graduacao\/","title":{"rendered":"Import\u00e2ncia de se fazer uma P\u00f3s-gradua\u00e7\u00e3o"},"content":{"rendered":"\n<p><strong><em>Por Myriam Marta Soares de Mello<\/em><\/strong><\/p>\n\n\n\n<p>O mundo vem experimentando grandes <strong>transforma\u00e7\u00f5es<\/strong> e requer versatilidade e abrang\u00eancia nas <strong>interpreta\u00e7\u00f5es.<\/strong> Nesse <strong>cen\u00e1rio<\/strong> competitivo e desafiador, o <strong>Profissional<\/strong> deve estar <strong>habilitado<\/strong> para compreender os assuntos econ\u00f4micos, tribut\u00e1rios, organizacionais e comportamentais, para <strong>direcionar as conclus\u00f5es<\/strong> da l\u00f3gica cont\u00e1bil e financeira, sempre respaldado por princ\u00edpios e normas t\u00e9cnicas dando espa\u00e7o \u00e0 divulga\u00e7\u00e3o e interpreta\u00e7\u00e3o da condi\u00e7\u00e3o, qualidade e valor do <strong>patrim\u00f4nio das empresas.<\/strong><\/p>\n\n\n\n<p><br>Nenhuma decis\u00e3o de neg\u00f3cio \u00e9 tomada sem os dados financeiros e somente o <strong>profissional<\/strong> <strong>qualificado <\/strong>disp\u00f5e de preparo t\u00e9cnico para assessorar a situa\u00e7\u00e3o patrimonial e <strong>orientar a dire\u00e7\u00e3o dos neg\u00f3cios.<\/strong><\/p>\n\n\n\n<figure class=\"wp-block-image size-large is-resized\"><a href=\"https:\/\/pos.univicosa.com.br\/\" target=\"_blank\" rel=\"noopener\"><img loading=\"lazy\" src=\"https:\/\/blog.univicosa.com.br\/wp-content\/uploads\/2022\/12\/CLIQUE-AQUI-6.png\" alt=\"\" class=\"wp-image-3902\" width=\"580\" height=\"42\" srcset=\"https:\/\/blog.univicosa.com.br\/wp-content\/uploads\/2022\/12\/CLIQUE-AQUI-6.png 675w, https:\/\/blog.univicosa.com.br\/wp-content\/uploads\/2022\/12\/CLIQUE-AQUI-6-300x22.png 300w\" sizes=\"(max-width: 580px) 100vw, 580px\" \/><\/a><\/figure>\n\n\n\n<p><br>Entre os <strong>benef\u00edcios<\/strong> da <strong>P\u00f3s-Gradua\u00e7\u00e3o<\/strong>, um fato importante, \u00e9 que o estudante se aprofundar\u00e1 ainda mais sobre <strong>conhecimentos espec\u00edficos<\/strong>, voltados para um campo \u00fanico de trabalho ou segmento. Vale ressaltar que o <strong>mercado de trabalho<\/strong> valoriza pessoas que est\u00e3o sempre em busca de <strong>renovar <\/strong>seus <strong>conhecimentos e habilidades.<\/strong><\/p>\n\n\n\n<p><br>Com um curso de <strong>MBA<\/strong> em seu curr\u00edculo, o<strong> profissional<\/strong> ter\u00e1 o<strong> t\u00edtulo de<br>especialista<\/strong>, o que \u00e9 visto pelas empresas como <strong>positivo <\/strong>no momento do <strong>recrutamento,<\/strong> contando pontos para alguns processos seletivos.<\/p>\n\n\n\n<p><br>O momento \u00e9 agora, de sair da zona de conforto e<strong> expandir seus conhecimentos,<\/strong> voc\u00ea ir\u00e1 potencializar n\u00e3o somente o curr\u00edculo, mas tamb\u00e9m seu <strong>desempenho profissional <\/strong>no mercado, tendo mais facilidade para concorrer a cargos de<strong> lideran\u00e7a<\/strong> e outros cargos vitais para a empresa.<\/p>\n\n\n\n<p class=\"has-large-font-size\"><br><strong>Tend\u00eancia de mercado<\/strong><\/p>\n\n\n\n<p><br>As <strong>empresas e institui\u00e7\u00f5es<\/strong> t\u00eam demonstrado grande<strong> interesse <\/strong>pelo <strong>aprimoramento <\/strong>e qualifica\u00e7\u00e3o de seus <strong>profissionais.<\/strong><\/p>\n\n\n\n<figure class=\"wp-block-image size-large\"><img data-attachment-id=\"3912\" data-permalink=\"https:\/\/blog.univicosa.com.br\/index.php\/2022\/12\/26\/importancia-de-se-fazer-uma-pos-graduacao\/design-sem-nome-6\/\" data-orig-file=\"https:\/\/blog.univicosa.com.br\/wp-content\/uploads\/2022\/12\/Design-sem-nome-6.png\" data-orig-size=\"700,520\" data-comments-opened=\"1\" data-image-meta=\"{&quot;aperture&quot;:&quot;0&quot;,&quot;credit&quot;:&quot;&quot;,&quot;camera&quot;:&quot;&quot;,&quot;caption&quot;:&quot;&quot;,&quot;created_timestamp&quot;:&quot;0&quot;,&quot;copyright&quot;:&quot;&quot;,&quot;focal_length&quot;:&quot;0&quot;,&quot;iso&quot;:&quot;0&quot;,&quot;shutter_speed&quot;:&quot;0&quot;,&quot;title&quot;:&quot;&quot;,&quot;orientation&quot;:&quot;0&quot;}\" data-image-title=\"Design-sem-nome-6\" data-image-description=\"\" data-medium-file=\"https:\/\/blog.univicosa.com.br\/wp-content\/uploads\/2022\/12\/Design-sem-nome-6-300x223.png\" data-large-file=\"https:\/\/blog.univicosa.com.br\/wp-content\/uploads\/2022\/12\/Design-sem-nome-6.png\" loading=\"lazy\" width=\"700\" height=\"520\" src=\"https:\/\/blog.univicosa.com.br\/wp-content\/uploads\/2022\/12\/Design-sem-nome-6.png\" alt=\"\" class=\"wp-image-3912\" srcset=\"https:\/\/blog.univicosa.com.br\/wp-content\/uploads\/2022\/12\/Design-sem-nome-6.png 700w, https:\/\/blog.univicosa.com.br\/wp-content\/uploads\/2022\/12\/Design-sem-nome-6-300x223.png 300w\" sizes=\"(max-width: 700px) 100vw, 700px\" \/><\/figure>\n\n\n\n<p><br>A tend\u00eancia \u00e9 que, a cada ano, haja <strong>profissionais mais qualificados<\/strong> no <strong>mercado de trabalho.<\/strong> Caracter\u00edsticas como iniciativa, criatividade, conhecimento t\u00e9cnico, lideran\u00e7a e trabalho em equipe ser\u00e3o cada vez mais <strong>valorizadas.<\/strong> Dessa forma, torna-se essencial o <strong>aprendizado constante<\/strong> para manter-se em sintonia com as <strong>tend\u00eancias<\/strong> do mundo moderno.<\/p>\n\n\n\n<figure class=\"wp-block-image size-large\"><a href=\"https:\/\/pos.univicosa.com.br\/\" target=\"_blank\" rel=\"noopener\"><img data-attachment-id=\"3902\" data-permalink=\"https:\/\/blog.univicosa.com.br\/index.php\/2020\/07\/22\/saiba-como-aproveitar-a-sua-pos-graduacao-ao-maximo\/clique-aqui-6\/\" data-orig-file=\"https:\/\/blog.univicosa.com.br\/wp-content\/uploads\/2022\/12\/CLIQUE-AQUI-6.png\" data-orig-size=\"675,50\" data-comments-opened=\"1\" data-image-meta=\"{&quot;aperture&quot;:&quot;0&quot;,&quot;credit&quot;:&quot;&quot;,&quot;camera&quot;:&quot;&quot;,&quot;caption&quot;:&quot;&quot;,&quot;created_timestamp&quot;:&quot;0&quot;,&quot;copyright&quot;:&quot;&quot;,&quot;focal_length&quot;:&quot;0&quot;,&quot;iso&quot;:&quot;0&quot;,&quot;shutter_speed&quot;:&quot;0&quot;,&quot;title&quot;:&quot;&quot;,&quot;orientation&quot;:&quot;0&quot;}\" data-image-title=\"CLIQUE-AQUI-6\" data-image-description=\"\" data-medium-file=\"https:\/\/blog.univicosa.com.br\/wp-content\/uploads\/2022\/12\/CLIQUE-AQUI-6-300x22.png\" data-large-file=\"https:\/\/blog.univicosa.com.br\/wp-content\/uploads\/2022\/12\/CLIQUE-AQUI-6.png\" loading=\"lazy\" width=\"675\" height=\"50\" src=\"https:\/\/blog.univicosa.com.br\/wp-content\/uploads\/2022\/12\/CLIQUE-AQUI-6.png\" alt=\"\" class=\"wp-image-3902\" srcset=\"https:\/\/blog.univicosa.com.br\/wp-content\/uploads\/2022\/12\/CLIQUE-AQUI-6.png 675w, https:\/\/blog.univicosa.com.br\/wp-content\/uploads\/2022\/12\/CLIQUE-AQUI-6-300x22.png 300w\" sizes=\"(max-width: 675px) 100vw, 675px\" \/><\/a><\/figure>\n\n\n\n<p>Ainda tem d\u00favida? Voc\u00ea n\u00e3o vai ficar de fora, n\u00e9? Entre em contato com a gestora Maria del Pilar e tire suas d\u00favidas (31) 3899-8079.<\/p>\n\n\n\n<p><a href=\"https:\/\/blog.univicosa.com.br\/index.php\/2022\/12\/22\/importancia-da-auditoria-nas-organizacoes\/\" data-type=\"URL\" data-id=\"https:\/\/blog.univicosa.com.br\/index.php\/2022\/12\/22\/importancia-da-auditoria-nas-organizacoes\/\" target=\"_blank\" rel=\"noreferrer noopener\">Import\u00e2ncia da Auditoria nas organiza\u00e7\u00f5es<\/a><\/p>\n\n\n\n<p><a rel=\"noreferrer noopener\" href=\"https:\/\/blog.univicosa.com.br\/index.php\/2022\/12\/23\/por-que-cursar-uma-pos-graduacao-em-financas-planejamento-tributario-e-auditoria\/\" data-type=\"URL\" data-id=\"https:\/\/blog.univicosa.com.br\/index.php\/2022\/12\/23\/por-que-cursar-uma-pos-graduacao-em-financas-planejamento-tributario-e-auditoria\/\" target=\"_blank\">Por que cursar uma P\u00f3s-gradua\u00e7\u00e3o em Finan\u00e7as, Planejamento Tribut\u00e1rio e Auditoria?<\/a><\/p>\n\n\n\n<p><a rel=\"noreferrer noopener\" href=\"https:\/\/blog.univicosa.com.br\/index.php\/2022\/12\/22\/importancia-da-contabilidade-financeira-e-tributaria-para-as-empresas\/\" data-type=\"URL\" data-id=\"https:\/\/blog.univicosa.com.br\/index.php\/2022\/12\/22\/importancia-da-contabilidade-financeira-e-tributaria-para-as-empresas\/\" target=\"_blank\">Import\u00e2ncia da Contabilidade Financeira e Tribut\u00e1ria para as empresas<\/a><\/p>\n\n\n\n<p><a rel=\"noreferrer noopener\" href=\"https:\/\/blog.univicosa.com.br\/index.php\/2020\/07\/22\/saiba-como-aproveitar-a-sua-pos-graduacao-ao-maximo\/\" data-type=\"URL\" data-id=\"https:\/\/blog.univicosa.com.br\/index.php\/2020\/07\/22\/saiba-como-aproveitar-a-sua-pos-graduacao-ao-maximo\/\" target=\"_blank\">Saiba como aproveitar a sua P\u00f3s-gradua\u00e7\u00e3o ao m\u00e1ximo<\/a><\/p>\n\n\n\n<p><\/p>\n","protected":false},"excerpt":{"rendered":"<p>Por Myriam Marta Soares de Mello O mundo vem experimentando grandes transforma\u00e7\u00f5es e requer versatilidade e abrang\u00eancia nas interpreta\u00e7\u00f5es. Nesse cen\u00e1rio competitivo e desafiador, o Profissional deve estar habilitado para compreender os assuntos econ\u00f4micos, tribut\u00e1rios, organizacionais e comportamentais, para direcionar as conclus\u00f5es da l\u00f3gica cont\u00e1bil e financeira, sempre respaldado por princ\u00edpios e normas t\u00e9cnicas dando&#8230;<\/p>\n","protected":false},"author":2,"featured_media":3913,"comment_status":"open","ping_status":"open","sticky":false,"template":"","format":"standard","meta":{"spay_email":""},"categories":[1],"tags":[],"jetpack_featured_media_url":"https:\/\/blog.univicosa.com.br\/wp-content\/uploads\/2022\/12\/BLOG-02-1.png","jetpack_shortlink":"https:\/\/wp.me\/pbcCKk-111","_links":{"self":[{"href":"https:\/\/blog.univicosa.com.br\/index.php\/wp-json\/wp\/v2\/posts\/3907"}],"collection":[{"href":"https:\/\/blog.univicosa.com.br\/index.php\/wp-json\/wp\/v2\/posts"}],"about":[{"href":"https:\/\/blog.univicosa.com.br\/index.php\/wp-json\/wp\/v2\/types\/post"}],"author":[{"embeddable":true,"href":"https:\/\/blog.univicosa.com.br\/index.php\/wp-json\/wp\/v2\/users\/2"}],"replies":[{"embeddable":true,"href":"https:\/\/blog.univicosa.com.br\/index.php\/wp-json\/wp\/v2\/comments?post=3907"}],"version-history":[{"count":4,"href":"https:\/\/blog.univicosa.com.br\/index.php\/wp-json\/wp\/v2\/posts\/3907\/revisions"}],"predecessor-version":[{"id":3920,"href":"https:\/\/blog.univicosa.com.br\/index.php\/wp-json\/wp\/v2\/posts\/3907\/revisions\/3920"}],"wp:featuredmedia":[{"embeddable":true,"href":"https:\/\/blog.univicosa.com.br\/index.php\/wp-json\/wp\/v2\/media\/3913"}],"wp:attachment":[{"href":"https:\/\/blog.univicosa.com.br\/index.php\/wp-json\/wp\/v2\/media?parent=3907"}],"wp:term":[{"taxonomy":"category","embeddable":true,"href":"https:\/\/blog.univicosa.com.br\/index.php\/wp-json\/wp\/v2\/categories?post=3907"},{"taxonomy":"post_tag","embeddable":true,"href":"https:\/\/blog.univicosa.com.br\/index.php\/wp-json\/wp\/v2\/tags?post=3907"}],"curies":[{"name":"wp","href":"https:\/\/api.w.org\/{rel}","templated":true}]}}