{"id":3696,"date":"2022-06-10T18:03:11","date_gmt":"2022-06-10T21:03:11","guid":{"rendered":"https:\/\/blog.univicosa.com.br\/?p=3696"},"modified":"2022-06-10T18:03:18","modified_gmt":"2022-06-10T21:03:18","slug":"nao-declarei-meu-imposto-de-renda-e-agora","status":"publish","type":"post","link":"https:\/\/blog.univicosa.com.br\/index.php\/2022\/06\/10\/nao-declarei-meu-imposto-de-renda-e-agora\/","title":{"rendered":"N\u00e3o declarei meu imposto de renda, e agora?"},"content":{"rendered":"\n<figure class=\"wp-block-image size-large\"><img data-attachment-id=\"3697\" data-permalink=\"https:\/\/blog.univicosa.com.br\/index.php\/2022\/06\/10\/nao-declarei-meu-imposto-de-renda-e-agora\/imposto-capa-blog-aswe\/\" data-orig-file=\"https:\/\/blog.univicosa.com.br\/wp-content\/uploads\/2022\/06\/IMPOSTO-CAPA-BLOG-aswe.png\" data-orig-size=\"1086,652\" data-comments-opened=\"1\" data-image-meta=\"{&quot;aperture&quot;:&quot;0&quot;,&quot;credit&quot;:&quot;&quot;,&quot;camera&quot;:&quot;&quot;,&quot;caption&quot;:&quot;&quot;,&quot;created_timestamp&quot;:&quot;0&quot;,&quot;copyright&quot;:&quot;&quot;,&quot;focal_length&quot;:&quot;0&quot;,&quot;iso&quot;:&quot;0&quot;,&quot;shutter_speed&quot;:&quot;0&quot;,&quot;title&quot;:&quot;&quot;,&quot;orientation&quot;:&quot;0&quot;}\" data-image-title=\"IMPOSTO-CAPA-BLOG-aswe\" data-image-description=\"\" data-medium-file=\"https:\/\/blog.univicosa.com.br\/wp-content\/uploads\/2022\/06\/IMPOSTO-CAPA-BLOG-aswe-300x180.png\" data-large-file=\"https:\/\/blog.univicosa.com.br\/wp-content\/uploads\/2022\/06\/IMPOSTO-CAPA-BLOG-aswe-1024x615.png\" loading=\"lazy\" width=\"1024\" height=\"615\" src=\"https:\/\/blog.univicosa.com.br\/wp-content\/uploads\/2022\/06\/IMPOSTO-CAPA-BLOG-aswe-1024x615.png\" alt=\"\" class=\"wp-image-3697\" srcset=\"https:\/\/blog.univicosa.com.br\/wp-content\/uploads\/2022\/06\/IMPOSTO-CAPA-BLOG-aswe-1024x615.png 1024w, https:\/\/blog.univicosa.com.br\/wp-content\/uploads\/2022\/06\/IMPOSTO-CAPA-BLOG-aswe-300x180.png 300w, https:\/\/blog.univicosa.com.br\/wp-content\/uploads\/2022\/06\/IMPOSTO-CAPA-BLOG-aswe-768x461.png 768w, https:\/\/blog.univicosa.com.br\/wp-content\/uploads\/2022\/06\/IMPOSTO-CAPA-BLOG-aswe-850x510.png 850w, https:\/\/blog.univicosa.com.br\/wp-content\/uploads\/2022\/06\/IMPOSTO-CAPA-BLOG-aswe.png 1086w\" sizes=\"(max-width: 1024px) 100vw, 1024px\" \/><\/figure>\n\n\n\n<p>A <strong>declara\u00e7\u00e3o de imposto de renda 2022 <\/strong>dever\u00e1 ser entregue at\u00e9 o dia<strong> 31 de maio<\/strong>, o contribuinte deve estar <strong>atento <\/strong>ao que acontecer\u00e1 <strong>se n\u00e3o fizer a entrega.<\/strong> <\/p>\n\n\n\n<p>A <strong>declara\u00e7\u00e3o <\/strong>\u00e9 uma forma de o <strong>governo <\/strong>verificar se o contribuinte <strong>pagou seus impostos corretamente<\/strong> com base em seus rendimentos e acompanhar a evolu\u00e7\u00e3o da <strong>riqueza dos cidad\u00e3os<\/strong>.<\/p>\n\n\n\n<figure class=\"wp-block-image\"><a href=\"https:\/\/univicosa.apprbs.com.br\/blog\/\" target=\"_blank\" rel=\"noreferrer noopener\"><img data-attachment-id=\"2757\" data-permalink=\"https:\/\/blog.univicosa.com.br\/index.php\/2022\/01\/03\/saiba-tudo-sobre-o-curso-de-administracao\/receba-conteudos-univicosa-imagem-geral-blog\/\" data-orig-file=\"https:\/\/blog.univicosa.com.br\/wp-content\/uploads\/2022\/01\/RECEBA-CONTEUDOS-UNIVICOSA-imagem-geral-blog.png\" data-orig-size=\"675,50\" data-comments-opened=\"1\" data-image-meta=\"{&quot;aperture&quot;:&quot;0&quot;,&quot;credit&quot;:&quot;&quot;,&quot;camera&quot;:&quot;&quot;,&quot;caption&quot;:&quot;&quot;,&quot;created_timestamp&quot;:&quot;0&quot;,&quot;copyright&quot;:&quot;&quot;,&quot;focal_length&quot;:&quot;0&quot;,&quot;iso&quot;:&quot;0&quot;,&quot;shutter_speed&quot;:&quot;0&quot;,&quot;title&quot;:&quot;&quot;,&quot;orientation&quot;:&quot;0&quot;}\" data-image-title=\"RECEBA-CONTEUDOS-UNIVICOSA-imagem-geral-blog\" data-image-description=\"\" data-medium-file=\"https:\/\/blog.univicosa.com.br\/wp-content\/uploads\/2022\/01\/RECEBA-CONTEUDOS-UNIVICOSA-imagem-geral-blog-300x22.png\" data-large-file=\"https:\/\/blog.univicosa.com.br\/wp-content\/uploads\/2022\/01\/RECEBA-CONTEUDOS-UNIVICOSA-imagem-geral-blog.png\" loading=\"lazy\" width=\"675\" height=\"50\" src=\"https:\/\/blog.univicosa.com.br\/wp-content\/uploads\/2022\/01\/RECEBA-CONTEUDOS-UNIVICOSA-imagem-geral-blog.png\" alt=\"\" class=\"wp-image-2757\" srcset=\"https:\/\/blog.univicosa.com.br\/wp-content\/uploads\/2022\/01\/RECEBA-CONTEUDOS-UNIVICOSA-imagem-geral-blog.png 675w, https:\/\/blog.univicosa.com.br\/wp-content\/uploads\/2022\/01\/RECEBA-CONTEUDOS-UNIVICOSA-imagem-geral-blog-300x22.png 300w\" sizes=\"(max-width: 675px) 100vw, 675px\" \/><\/a><\/figure>\n\n\n\n<h4><strong>Os seguintes contribuintes s\u00e3o obrigados a declarar em 2022:<\/strong><\/h4>\n\n\n\n<ul><li>Recebeu rendimentos tribut\u00e1veis acima de R$ 28.559,70;<\/li><li>Recebeu rendimentos isentos acima de R$ 40.000;<\/li><li>At\u00e9 o \u00faltimo dia de 2021, tinha posses somando mais de R$ 300 mil;<\/li><li>Obteve receita bruta anual decorrente de atividade rural em valor acima do limite de R$ 142.798,50;<\/li><li>Declarou em qualquer m\u00eas de 2021, um ganho de capital na venda de bens ou realizou opera\u00e7\u00f5es na Bolsa de Valores;<\/li><li>Optou pela isen\u00e7\u00e3o de imposto na venda de um im\u00f3vel residencial para comprar outro dentro de 180 dias;<\/li><li>Todos que passaram a morar no Brasil em qualquer m\u00eas de 2021;<\/li><li>Recebeu o aux\u00edlio emergencial em 2020, em qualquer valor, inclusive por dependentes, e tamb\u00e9m outros rendimentos em valor anual superior a R$ 22.847,76.<\/li><\/ul>\n\n\n\n<p>O contribuinte deve fazer a sua declara\u00e7\u00e3o tendo em conta todos os rendimentos do ano anterior, sendo assim uma declara\u00e7\u00e3o feita em 2022 \u00e9 para os rendimentos de 2021. <\/p>\n\n\n\n<p>N\u00e3o \u00e9 apenas o sal\u00e1rio que deve ser declarado, mas tamb\u00e9m todos os outros tipos de renda, como investimentos, aluguel, aposentadoria e pens\u00e3o, entre outros.<\/p>\n\n\n\n<figure class=\"wp-block-image size-large\"><img data-attachment-id=\"3698\" data-permalink=\"https:\/\/blog.univicosa.com.br\/index.php\/2022\/06\/10\/nao-declarei-meu-imposto-de-renda-e-agora\/imposto-de-renda-nao-declarou-perdeu-prazo\/\" data-orig-file=\"https:\/\/blog.univicosa.com.br\/wp-content\/uploads\/2022\/06\/imposto-de-renda-nao-declarou-perdeu-prazo.jpg\" data-orig-size=\"915,478\" data-comments-opened=\"1\" data-image-meta=\"{&quot;aperture&quot;:&quot;0&quot;,&quot;credit&quot;:&quot;&quot;,&quot;camera&quot;:&quot;&quot;,&quot;caption&quot;:&quot;&quot;,&quot;created_timestamp&quot;:&quot;0&quot;,&quot;copyright&quot;:&quot;&quot;,&quot;focal_length&quot;:&quot;0&quot;,&quot;iso&quot;:&quot;0&quot;,&quot;shutter_speed&quot;:&quot;0&quot;,&quot;title&quot;:&quot;&quot;,&quot;orientation&quot;:&quot;0&quot;}\" data-image-title=\"imposto-de-renda-nao-declarou-perdeu-prazo\" data-image-description=\"\" data-medium-file=\"https:\/\/blog.univicosa.com.br\/wp-content\/uploads\/2022\/06\/imposto-de-renda-nao-declarou-perdeu-prazo-300x157.jpg\" data-large-file=\"https:\/\/blog.univicosa.com.br\/wp-content\/uploads\/2022\/06\/imposto-de-renda-nao-declarou-perdeu-prazo.jpg\" loading=\"lazy\" width=\"915\" height=\"478\" src=\"https:\/\/blog.univicosa.com.br\/wp-content\/uploads\/2022\/06\/imposto-de-renda-nao-declarou-perdeu-prazo.jpg\" alt=\"\" class=\"wp-image-3698\" srcset=\"https:\/\/blog.univicosa.com.br\/wp-content\/uploads\/2022\/06\/imposto-de-renda-nao-declarou-perdeu-prazo.jpg 915w, https:\/\/blog.univicosa.com.br\/wp-content\/uploads\/2022\/06\/imposto-de-renda-nao-declarou-perdeu-prazo-300x157.jpg 300w, https:\/\/blog.univicosa.com.br\/wp-content\/uploads\/2022\/06\/imposto-de-renda-nao-declarou-perdeu-prazo-768x401.jpg 768w, https:\/\/blog.univicosa.com.br\/wp-content\/uploads\/2022\/06\/imposto-de-renda-nao-declarou-perdeu-prazo-850x444.jpg 850w\" sizes=\"(max-width: 915px) 100vw, 915px\" \/><\/figure>\n\n\n\n<h4><strong>Saiba como proceder caso n\u00e3o tenha declarado<\/strong><\/h4>\n\n\n\n<p>Se voc\u00ea se encaixa nos requisitos de obrigatoriedade e perdeu o prazo sugerimos que procure um profissional cont\u00e1bil para te orientar, pois o ideal \u00e9 resolver antes da Receita Federal tomar atitudes investigativas.<\/p>\n\n\n\n<p>&nbsp;A partir do dia seguinte ao fim do prazo da declara\u00e7\u00e3o do IRPF, o fisco come\u00e7a a cobrar multa de no m\u00ednimo R$165,74 &#8211; caso n\u00e3o possua imposto a pagar e se houver 1% ao m\u00eas, podendo chegar at\u00e9 20% do imposto.<\/p>\n\n\n\n<h4><strong>Quais as consequ\u00eancias de n\u00e3o apresentar a declara\u00e7\u00e3o?<\/strong><\/h4>\n\n\n\n<p>Uma das consequ\u00eancias mais graves da n\u00e3o apresenta\u00e7\u00e3o da declara\u00e7\u00e3o de imposto em dia \u00e9 a pend\u00eancia da regulariza\u00e7\u00e3o do Cadastro de Pessoas F\u00edsicas. <\/p>\n\n\n\n<p>O CPF \u00e9 um documento obrigat\u00f3rio para muitas transa\u00e7\u00f5es di\u00e1rias, e sua aus\u00eancia pode afetar atividades comuns como:<\/p>\n\n\n\n<ul><li>Compras e vendas;<\/li><li>Curr\u00edculo em institui\u00e7\u00f5es de ensino;<\/li><li>Empr\u00e9stimos;<\/li><li>Concurso p\u00fablico;<\/li><li>Candidaturas ;<\/li><li>Empregos;<\/li><li>impossibilidade de obter passaporte.<\/li><\/ul>\n\n\n\n<figure class=\"wp-block-image\"><a href=\"https:\/\/univicosa.apprbs.com.br\/blog\/\" target=\"_blank\" rel=\"noreferrer noopener\"><img data-attachment-id=\"2757\" data-permalink=\"https:\/\/blog.univicosa.com.br\/index.php\/2022\/01\/03\/saiba-tudo-sobre-o-curso-de-administracao\/receba-conteudos-univicosa-imagem-geral-blog\/\" data-orig-file=\"https:\/\/blog.univicosa.com.br\/wp-content\/uploads\/2022\/01\/RECEBA-CONTEUDOS-UNIVICOSA-imagem-geral-blog.png\" data-orig-size=\"675,50\" data-comments-opened=\"1\" data-image-meta=\"{&quot;aperture&quot;:&quot;0&quot;,&quot;credit&quot;:&quot;&quot;,&quot;camera&quot;:&quot;&quot;,&quot;caption&quot;:&quot;&quot;,&quot;created_timestamp&quot;:&quot;0&quot;,&quot;copyright&quot;:&quot;&quot;,&quot;focal_length&quot;:&quot;0&quot;,&quot;iso&quot;:&quot;0&quot;,&quot;shutter_speed&quot;:&quot;0&quot;,&quot;title&quot;:&quot;&quot;,&quot;orientation&quot;:&quot;0&quot;}\" data-image-title=\"RECEBA-CONTEUDOS-UNIVICOSA-imagem-geral-blog\" data-image-description=\"\" data-medium-file=\"https:\/\/blog.univicosa.com.br\/wp-content\/uploads\/2022\/01\/RECEBA-CONTEUDOS-UNIVICOSA-imagem-geral-blog-300x22.png\" data-large-file=\"https:\/\/blog.univicosa.com.br\/wp-content\/uploads\/2022\/01\/RECEBA-CONTEUDOS-UNIVICOSA-imagem-geral-blog.png\" loading=\"lazy\" width=\"675\" height=\"50\" src=\"https:\/\/blog.univicosa.com.br\/wp-content\/uploads\/2022\/01\/RECEBA-CONTEUDOS-UNIVICOSA-imagem-geral-blog.png\" alt=\"\" class=\"wp-image-2757\" srcset=\"https:\/\/blog.univicosa.com.br\/wp-content\/uploads\/2022\/01\/RECEBA-CONTEUDOS-UNIVICOSA-imagem-geral-blog.png 675w, https:\/\/blog.univicosa.com.br\/wp-content\/uploads\/2022\/01\/RECEBA-CONTEUDOS-UNIVICOSA-imagem-geral-blog-300x22.png 300w\" sizes=\"(max-width: 675px) 100vw, 675px\" \/><\/a><\/figure>\n\n\n\n<h4><strong>Procedimento \u201cMalha Fina\u201d<\/strong><\/h4>\n\n\n\n<p>O procedimento \u201cMalha Fina\u201d \u00e9 utilizado pela Receita Federal para identificar os contribuintes devedores de tributos. Quem n\u00e3o declara passa por uma investiga\u00e7\u00e3o detalhada, al\u00e9m disso \u00e9 comum os contribuintes cometerem erros na entrega de suas declara\u00e7\u00f5es fiscais por press\u00e3o ou falta de aten\u00e7\u00e3o, o que pode lev\u00e1-los a serem colocados na \u201cMalha Fina\u201d.<\/p>\n\n\n\n<p>H\u00e1 duas op\u00e7\u00f5es para os contribuintes que s\u00e3o mandados para Malha Fina: admitir erro em sua declara\u00e7\u00e3o e n\u00e3o admitir erro em sua declara\u00e7\u00e3o. os contribuintes que admitirem erro no preenchimento do IPRF dever\u00e3o pagar multa de 37,5% do imposto devido, que \u00e9 corrigido pela Selic do per\u00edodo. <\/p>\n\n\n\n<p>Se o contribuinte se recusar a admitir qualquer erro e n\u00e3o puder provar que cometeu um erro, a multa \u00e9 de 75% do imposto devido, acrescido de juros.<\/p>\n\n\n\n<figure class=\"wp-block-image size-large\"><img data-attachment-id=\"3699\" data-permalink=\"https:\/\/blog.univicosa.com.br\/index.php\/2022\/06\/10\/nao-declarei-meu-imposto-de-renda-e-agora\/o-que-acontece-se-nao-declarar-imposto-de-renda\/\" data-orig-file=\"https:\/\/blog.univicosa.com.br\/wp-content\/uploads\/2022\/06\/o-que-acontece-se-nao-declarar-imposto-de-renda.jpg\" data-orig-size=\"940,627\" data-comments-opened=\"1\" data-image-meta=\"{&quot;aperture&quot;:&quot;0&quot;,&quot;credit&quot;:&quot;&quot;,&quot;camera&quot;:&quot;&quot;,&quot;caption&quot;:&quot;&quot;,&quot;created_timestamp&quot;:&quot;0&quot;,&quot;copyright&quot;:&quot;&quot;,&quot;focal_length&quot;:&quot;0&quot;,&quot;iso&quot;:&quot;0&quot;,&quot;shutter_speed&quot;:&quot;0&quot;,&quot;title&quot;:&quot;&quot;,&quot;orientation&quot;:&quot;0&quot;}\" data-image-title=\"o-que-acontece-se-nao-declarar-imposto-de-renda\" data-image-description=\"\" data-medium-file=\"https:\/\/blog.univicosa.com.br\/wp-content\/uploads\/2022\/06\/o-que-acontece-se-nao-declarar-imposto-de-renda-300x200.jpg\" data-large-file=\"https:\/\/blog.univicosa.com.br\/wp-content\/uploads\/2022\/06\/o-que-acontece-se-nao-declarar-imposto-de-renda.jpg\" loading=\"lazy\" width=\"940\" height=\"627\" src=\"https:\/\/blog.univicosa.com.br\/wp-content\/uploads\/2022\/06\/o-que-acontece-se-nao-declarar-imposto-de-renda.jpg\" alt=\"\" class=\"wp-image-3699\" srcset=\"https:\/\/blog.univicosa.com.br\/wp-content\/uploads\/2022\/06\/o-que-acontece-se-nao-declarar-imposto-de-renda.jpg 940w, https:\/\/blog.univicosa.com.br\/wp-content\/uploads\/2022\/06\/o-que-acontece-se-nao-declarar-imposto-de-renda-300x200.jpg 300w, https:\/\/blog.univicosa.com.br\/wp-content\/uploads\/2022\/06\/o-que-acontece-se-nao-declarar-imposto-de-renda-768x512.jpg 768w, https:\/\/blog.univicosa.com.br\/wp-content\/uploads\/2022\/06\/o-que-acontece-se-nao-declarar-imposto-de-renda-850x567.jpg 850w\" sizes=\"(max-width: 940px) 100vw, 940px\" \/><\/figure>\n\n\n\n<p>A multa aplicada pelo Federal Reserve para aqueles identificados como sonegadores de impostos pode ser muito maior do que as anteriores, por se tratar de uma medida punitiva que visa p\u00f4r fim a essa atividade criminosa.<\/p>\n\n\n\n<p>Atualmente, os contribuintes que n\u00e3o pagam impostos s\u00e3o multados de 150% a 300%, independentemente da gravidade das penalidades criminais<\/p>\n\n\n\n<p><em><strong>Texto escritor por:<\/strong> <strong>Gislaine Aparecida Cabral<\/strong>; <strong>Bruna da Silva Pinto<\/strong>.<\/em><\/p>\n\n\n\n<p><a href=\"https:\/\/blog.univicosa.com.br\/index.php\/2022\/04\/05\/5-areas-de-atuacao-para-o-profissional-de-ciencias-contabeis\/\">5 \u00e1reas de atua\u00e7\u00e3o para o Profissional de Ci\u00eancias Cont\u00e1beis<\/a><\/p>\n\n\n\n<p><a href=\"https:\/\/blog.univicosa.com.br\/index.php\/2022\/03\/28\/terminei-o-ensino-medio-por-que-eu-deveria-escolher-o-curso-de-ciencias-contabeis\/\" target=\"_blank\" rel=\"noreferrer noopener\">Terminei o Ensino M\u00e9dio, por que eu deveria escolher o curso de Ci\u00eancias Cont\u00e1beis?<\/a><\/p>\n\n\n\n<p><em><a rel=\"noreferrer noopener\" href=\"https:\/\/univicosa.apprbs.com.br\/blog\/\" target=\"_blank\">Ei, quer<strong>&nbsp;receber conte\u00fados exclusivos<\/strong>&nbsp;da Univi\u00e7osa? clique aqui!&nbsp;<\/a><\/em><\/p>\n\n\n\n<p><a href=\"https:\/\/blog.univicosa.com.br\/index.php\/2022\/01\/03\/saiba-tudo-sobre-o-curso-de-ciencias-contabeis\/\" target=\"_blank\" rel=\"noreferrer noopener\"><strong>Saiba tudo sobre o curso de Ci\u00eancias Cont\u00e1beis!<\/strong><\/a><\/p>\n\n\n\n<p><a rel=\"noreferrer noopener\" href=\"https:\/\/www.univicosa.com.br\/graduacao\/cursos\/ciencias_contabeis\" target=\"_blank\">Curtiu e quer saber mais sobre o curso de&nbsp;<strong>Ci\u00eancias Cont\u00e1beis&nbsp;<\/strong>da&nbsp;<strong>UNIVI\u00c7OSA<\/strong>? Ent\u00e3o acesse o site da Univi\u00e7osa, clique aqui!<\/a><\/p>\n\n\n\n<p><a href=\"https:\/\/blog.univicosa.com.br\/index.php\/2021\/10\/25\/aprenda-como-abrir-a-sua-propria-empresa\/\" target=\"_blank\" rel=\"noreferrer noopener\">Aprenda como abrir a sua pr\u00f3pria empresa<\/a><\/p>\n\n\n\n<p><a href=\"https:\/\/blog.univicosa.com.br\/index.php\/2021\/09\/28\/saiba-tudo-sobre-o-mei-microempreendedor-individual\/\" target=\"_blank\" rel=\"noreferrer noopener\">Saiba tudo sobre o MEI -Microempreendedor Individual!<\/a><\/p>\n\n\n\n<p><a href=\"https:\/\/blog.univicosa.com.br\/index.php\/2021\/10\/21\/entenda-o-cooperativismo-principios-desafios-e-oportunidades\/\" target=\"_blank\" rel=\"noreferrer noopener\">Entenda o Cooperativismo: princ\u00edpios, desafios e oportunidades!<\/a><\/p>\n\n\n\n<p><a rel=\"noreferrer noopener\" href=\"https:\/\/blog.univicosa.com.br\/index.php\/2021\/10\/21\/entenda-o-cooperativismo-principios-desafios-e-oportunidades\/afinal,%20por%20que%20existem?\" target=\"_blank\">Impostos: afinal, por que existem?<\/a><\/p>\n\n\n\n<p><a href=\"https:\/\/blog.univicosa.com.br\/index.php\/2021\/10\/06\/voce-sabe-o-que-e-inflacao-a-gente-te-conta\/\" target=\"_blank\" rel=\"noreferrer noopener\">Voc\u00ea sabe o que \u00e9 infla\u00e7\u00e3o? A gente te conta!<\/a><\/p>\n\n\n\n<p><a href=\"https:\/\/blog.univicosa.com.br\/index.php\/2021\/08\/16\/1-ciencias-contabeis-areas-de-atuacao-auditoria\/\" target=\"_blank\" rel=\"noreferrer noopener\">#1 Ci\u00eancias Cont\u00e1beis \u2013 \u00c1reas de atua\u00e7\u00e3o: Auditoria<\/a><\/p>\n\n\n\n<p><a href=\"https:\/\/blog.univicosa.com.br\/index.php\/2021\/08\/24\/2-ciencias-contabeis-areas-de-atuacao-pericia-contabil\/\" target=\"_blank\" rel=\"noreferrer noopener\">#2 Ci\u00eancias Cont\u00e1beis \u2013 \u00c1reas de atua\u00e7\u00e3o: Per\u00edcia Cont\u00e1bil<\/a><\/p>\n\n\n\n<p><a href=\"https:\/\/blog.univicosa.com.br\/index.php\/2021\/09\/02\/3-ciencias-contabeis-areas-de-atuacao-consultor-tributario\/\" target=\"_blank\" rel=\"noreferrer noopener\">#3 Ci\u00eancias Cont\u00e1beis \u2013 \u00c1reas de atua\u00e7\u00e3o: Consultor Tribut\u00e1rio<\/a><\/p>\n\n\n\n<p><a href=\"https:\/\/blog.univicosa.com.br\/index.php\/2021\/09\/06\/4-ciencias-contabeis-areas-de-atuacao-pesquisa-cientifica\/\" target=\"_blank\" rel=\"noreferrer noopener\">#4 Ci\u00eancias Cont\u00e1beis \u2013 \u00c1reas de atua\u00e7\u00e3o: Pesquisa Cient\u00edfica<\/a><br><br><a href=\"https:\/\/blog.univicosa.com.br\/index.php\/2021\/09\/14\/5-ciencias-contabeis-areas-de-atuacao-pesquisa-cientifica-relatos-de-um-ex-aluno\/\" target=\"_blank\" rel=\"noreferrer noopener\">#5 Ci\u00eancias Cont\u00e1beis \u2013 \u00c1reas de atua\u00e7\u00e3o: Pesquisa Cient\u00edfica \u2013 Relatos de um ex-aluno!<\/a><\/p>\n\n\n\n<p><a href=\"https:\/\/blog.univicosa.com.br\/index.php\/2021\/07\/13\/saiba-como-a-tecnologia-da-informacao-se-aplica-a-contabilidade\/\" target=\"_blank\" rel=\"noreferrer noopener\">Saiba como a tecnologia da informa\u00e7\u00e3o se aplica a contabilidade!<\/a><\/p>\n\n\n\n<p><a href=\"https:\/\/blog.univicosa.com.br\/index.php\/2021\/07\/05\/regime-tributario-brasileiro-conheca-os-3-tipos-existentes\/\" target=\"_blank\" rel=\"noreferrer noopener\">Regime tribut\u00e1rio brasileiro: conhe\u00e7a os 3 tipos existentes!<\/a><\/p>\n\n\n\n<p><a href=\"https:\/\/blog.univicosa.com.br\/index.php\/2021\/06\/07\/voce-sabia-empresas-dentro-do-simples-nacional-podem-pagar-menos-impostos-dentro-da-lei\/\" target=\"_blank\" rel=\"noreferrer noopener\">Voc\u00ea sabia? Empresas dentro do Simples Nacional podem pagar menos impostos dentro da lei!<\/a><\/p>\n\n\n\n<p><a href=\"https:\/\/blog.univicosa.com.br\/index.php\/2021\/06\/01\/5-dicas-para-ter-um-curriculo-de-destaque\/\" target=\"_blank\" rel=\"noreferrer noopener\">5 dicas para criar um curr\u00edculo de sucesso!<\/a><\/p>\n\n\n\n<p><a href=\"https:\/\/blog.univicosa.com.br\/index.php\/2021\/07\/20\/conheca-as-vantagens-de-fazer-uma-segunda-graduacao\/\" target=\"_blank\" rel=\"noreferrer noopener\">Conhe\u00e7a as vantagens de fazer uma segunda gradua\u00e7\u00e3o<\/a><br><br><a href=\"https:\/\/blog.univicosa.com.br\/index.php\/2021\/07\/08\/networking-e-a-pandemia-como-estabelecer-conexoes-autenticas-em-tempos-de-distanciamento-social\/\" target=\"_blank\" rel=\"noreferrer noopener\">Saiba o que \u00e9 Networking e potencialize sua carreira profissional!<\/a><\/p>\n\n\n\n<p><a href=\"https:\/\/blog.univicosa.com.br\/index.php\/2021\/06\/08\/8-dicas-para-se-preparar-para-uma-entrevista-de-estagio\/\" target=\"_blank\" rel=\"noreferrer noopener\">8 dicas para se preparar para uma entrevista de est\u00e1gio!<\/a><\/p>\n\n\n\n<p><a href=\"https:\/\/blog.univicosa.com.br\/index.php\/2021\/06\/15\/10-passos-para-ter-um-perfil-mais-relevante-no-linkedin\/\">10 passos&nbsp;<\/a><a href=\"https:\/\/blog.univicosa.com.br\/index.php\/2021\/06\/15\/10-passos-para-ter-um-perfil-mais-relevante-no-linkedin\/\" target=\"_blank\" rel=\"noreferrer noopener\">p<\/a><a href=\"https:\/\/blog.univicosa.com.br\/index.php\/2021\/06\/15\/10-passos-para-ter-um-perfil-mais-relevante-no-linkedin\/\">ara ter um perfil mais relevante no LinkedIn!<\/a><\/p>\n\n\n\n<p><a rel=\"noreferrer noopener\" href=\"https:\/\/blog.univicosa.com.br\/index.php\/2021\/03\/24\/porque-cursar-ciencias-contabeis\/\" target=\"_blank\">PORQUE CURSAR CI\u00caNCIAS CONT\u00c1BEIS<\/a><br><br><a rel=\"noreferrer noopener\" href=\"https:\/\/blog.univicosa.com.br\/index.php\/2021\/07\/09\/voce-sabe-a-diferenca-entre-trabalhabilidade-e-empregabilidade\/\" target=\"_blank\">Voc\u00ea sabe a diferen\u00e7a entre Trabalhabilidade e Empregabilidade?<\/a><\/p>\n\n\n\n<p><\/p>\n","protected":false},"excerpt":{"rendered":"<p>A declara\u00e7\u00e3o de imposto de renda 2022 dever\u00e1 ser entregue at\u00e9 o dia 31 de maio, o contribuinte deve estar atento ao que acontecer\u00e1 se n\u00e3o fizer a entrega. A declara\u00e7\u00e3o \u00e9 uma forma de o governo verificar se o contribuinte pagou seus impostos corretamente com base em seus rendimentos e acompanhar a evolu\u00e7\u00e3o da&#8230;<\/p>\n","protected":false},"author":2,"featured_media":3697,"comment_status":"open","ping_status":"open","sticky":false,"template":"","format":"standard","meta":{"spay_email":""},"categories":[34,15],"tags":[409,970,258,1589,300,259,1587,1588,75,1581,51,301,266,260,1590,1586,92,1583,1580,1582,1584,1585,96,50,93],"jetpack_featured_media_url":"https:\/\/blog.univicosa.com.br\/wp-content\/uploads\/2022\/06\/IMPOSTO-CAPA-BLOG-aswe.png","jetpack_shortlink":"https:\/\/wp.me\/pbcCKk-XC","_links":{"self":[{"href":"https:\/\/blog.univicosa.com.br\/index.php\/wp-json\/wp\/v2\/posts\/3696"}],"collection":[{"href":"https:\/\/blog.univicosa.com.br\/index.php\/wp-json\/wp\/v2\/posts"}],"about":[{"href":"https:\/\/blog.univicosa.com.br\/index.php\/wp-json\/wp\/v2\/types\/post"}],"author":[{"embeddable":true,"href":"https:\/\/blog.univicosa.com.br\/index.php\/wp-json\/wp\/v2\/users\/2"}],"replies":[{"embeddable":true,"href":"https:\/\/blog.univicosa.com.br\/index.php\/wp-json\/wp\/v2\/comments?post=3696"}],"version-history":[{"count":1,"href":"https:\/\/blog.univicosa.com.br\/index.php\/wp-json\/wp\/v2\/posts\/3696\/revisions"}],"predecessor-version":[{"id":3700,"href":"https:\/\/blog.univicosa.com.br\/index.php\/wp-json\/wp\/v2\/posts\/3696\/revisions\/3700"}],"wp:featuredmedia":[{"embeddable":true,"href":"https:\/\/blog.univicosa.com.br\/index.php\/wp-json\/wp\/v2\/media\/3697"}],"wp:attachment":[{"href":"https:\/\/blog.univicosa.com.br\/index.php\/wp-json\/wp\/v2\/media?parent=3696"}],"wp:term":[{"taxonomy":"category","embeddable":true,"href":"https:\/\/blog.univicosa.com.br\/index.php\/wp-json\/wp\/v2\/categories?post=3696"},{"taxonomy":"post_tag","embeddable":true,"href":"https:\/\/blog.univicosa.com.br\/index.php\/wp-json\/wp\/v2\/tags?post=3696"}],"curies":[{"name":"wp","href":"https:\/\/api.w.org\/{rel}","templated":true}]}}