{"id":368,"date":"2019-07-08T09:35:42","date_gmt":"2019-07-08T12:35:42","guid":{"rendered":"https:\/\/univicosa.wordpress.com\/?p=368"},"modified":"2019-07-08T09:35:42","modified_gmt":"2019-07-08T12:35:42","slug":"porque-administrar-bem-faz-a-diferenca","status":"publish","type":"post","link":"https:\/\/blog.univicosa.com.br\/index.php\/2019\/07\/08\/porque-administrar-bem-faz-a-diferenca\/","title":{"rendered":"Porque administrar bem faz a diferen\u00e7a!"},"content":{"rendered":"\n<ul data-carousel-extra='{\"blog_id\":1,\"permalink\":\"https:\\\/\\\/blog.univicosa.com.br\\\/index.php\\\/2019\\\/07\\\/08\\\/porque-administrar-bem-faz-a-diferenca\\\/\"}' class=\"wp-block-gallery columns-1 is-cropped\"><li class=\"blocks-gallery-item\"><figure><img data-attachment-id=\"369\" data-permalink=\"https:\/\/blog.univicosa.com.br\/7\/\" data-orig-file=\"https:\/\/blog.univicosa.com.br\/wp-content\/uploads\/2019\/07\/7-3.jpg\" data-orig-size=\"700,520\" data-comments-opened=\"1\" data-image-meta=\"{&quot;aperture&quot;:&quot;5.6&quot;,&quot;credit&quot;:&quot;&quot;,&quot;camera&quot;:&quot;Canon EOS REBEL T3i&quot;,&quot;caption&quot;:&quot;&quot;,&quot;created_timestamp&quot;:&quot;1502826309&quot;,&quot;copyright&quot;:&quot;&quot;,&quot;focal_length&quot;:&quot;64&quot;,&quot;iso&quot;:&quot;640&quot;,&quot;shutter_speed&quot;:&quot;0.016666666666667&quot;,&quot;title&quot;:&quot;&quot;,&quot;orientation&quot;:&quot;0&quot;}\" data-image-title=\"7\" data-image-description=\"\" data-medium-file=\"https:\/\/blog.univicosa.com.br\/wp-content\/uploads\/2019\/07\/7-3-300x223.jpg\" data-large-file=\"https:\/\/blog.univicosa.com.br\/wp-content\/uploads\/2019\/07\/7-3.jpg\" loading=\"lazy\" width=\"700\" height=\"520\" src=\"https:\/\/blog.univicosa.com.br\/wp-content\/uploads\/2019\/07\/7-3.jpg\" alt=\"\" data-id=\"369\" data-link=\"https:\/\/univicosa.wordpress.com\/7\/\" class=\"wp-image-369\" srcset=\"https:\/\/blog.univicosa.com.br\/wp-content\/uploads\/2019\/07\/7-3.jpg 700w, https:\/\/blog.univicosa.com.br\/wp-content\/uploads\/2019\/07\/7-3-300x223.jpg 300w, https:\/\/blog.univicosa.com.br\/wp-content\/uploads\/2019\/07\/7-3-404x300.jpg 404w\" sizes=\"(max-width: 700px) 100vw, 700px\" \/><\/figure><\/li><\/ul>\n\n\n\n<p style=\"text-align:center;\"> Imagem: dosedemarketing.com.br <\/p>\n\n\n\n<p>Uma das profiss\u00f5es mais procuradas pelos estudantes no Brasil. Uma das profiss\u00f5es indispens\u00e1veis para a exist\u00eancia comercial e financeira do mundo, assim&nbsp;\u00e9 a&nbsp;<strong>Administra\u00e7\u00e3o<\/strong>: uma profiss\u00e3o de gente e de saberes.<\/p>\n\n\n\n<p>Administrar um neg\u00f3cio, seja seu ou de outros, pequeno ou grande, \u00e9 uma responsabilidade muito grande. Todos querem o sucesso, mas somente aqueles que se dedicam e se atualizam conseguem alcan\u00e7\u00e1-lo.<\/p>\n\n\n\n<p>Se antes o marketing em TV, r\u00e1dio, jornal e revistas eram requisitados, hoje quem n\u00e3o participa das redes sociais e n\u00e3o se interessa por&nbsp;marketing digital come\u00e7a a ter preju\u00edzos. A forma de consumo mudou. \u00c9 preciso atender o cliente adaptando-se a este cen\u00e1rio e superando os concorrentes.<\/p>\n\n\n\n<p>Administrar pessoas tamb\u00e9m j\u00e1 n\u00e3o \u00e9 como outrora. Apesar das cobran\u00e7as por resultados continuarem as mesmas, hoje, as pessoas valorizam mais as rela\u00e7\u00f5es pessoais. Por isso, \u00e9 preciso criar ambientes de trabalho mais favor\u00e1veis e que motivem as pessoas a alcan\u00e7arem n\u00e3o s\u00f3 os objetivos da organiza\u00e7\u00e3o, mas os seus pr\u00f3prios.<\/p>\n\n\n\n<p>O pr\u00f3prio ambiente de trabalho mudou. Muitas empresas j\u00e1 est\u00e3o em ambientes co-working, onde mais de uma empresa utiliza o mesmo espa\u00e7o de trabalho. A partir&nbsp;da\u00ed, muitas ideias e inova\u00e7\u00f5es surgem, muito crescimento pessoal e profissional acontece.<\/p>\n\n\n\n<p>Assim \u00e9 a\u00a0<strong>Administra\u00e7\u00e3o:<\/strong>\u00a0uma das profiss\u00f5es mais antigas do mundo!<\/p>\n\n\n\n<p><strong>Por: <\/strong> <strong>Daiane Miranda de Freitas &#8211; Administradora; Doutora em Gest\u00e3o Esportiva. Gestora dos cursos de Administra\u00e7\u00e3o e Gest\u00e3o de Empresas da Univi\u00e7osa<\/strong> <strong> <\/strong><\/p>\n","protected":false},"excerpt":{"rendered":"<p>Imagem: dosedemarketing.com.br Uma das profiss\u00f5es mais procuradas pelos estudantes no Brasil. Uma das profiss\u00f5es indispens\u00e1veis para a exist\u00eancia comercial e financeira do mundo, assim&nbsp;\u00e9 a&nbsp;Administra\u00e7\u00e3o: uma profiss\u00e3o de gente e de saberes. Administrar um neg\u00f3cio, seja seu ou de outros, pequeno ou grande, \u00e9 uma responsabilidade muito grande. Todos querem o sucesso, mas somente aqueles&#8230;<\/p>\n","protected":false},"author":2,"featured_media":0,"comment_status":"open","ping_status":"open","sticky":false,"template":"","format":"standard","meta":{"spay_email":""},"categories":[1],"tags":[],"jetpack_featured_media_url":"","jetpack_shortlink":"https:\/\/wp.me\/pbcCKk-5W","_links":{"self":[{"href":"https:\/\/blog.univicosa.com.br\/index.php\/wp-json\/wp\/v2\/posts\/368"}],"collection":[{"href":"https:\/\/blog.univicosa.com.br\/index.php\/wp-json\/wp\/v2\/posts"}],"about":[{"href":"https:\/\/blog.univicosa.com.br\/index.php\/wp-json\/wp\/v2\/types\/post"}],"author":[{"embeddable":true,"href":"https:\/\/blog.univicosa.com.br\/index.php\/wp-json\/wp\/v2\/users\/2"}],"replies":[{"embeddable":true,"href":"https:\/\/blog.univicosa.com.br\/index.php\/wp-json\/wp\/v2\/comments?post=368"}],"version-history":[{"count":0,"href":"https:\/\/blog.univicosa.com.br\/index.php\/wp-json\/wp\/v2\/posts\/368\/revisions"}],"wp:attachment":[{"href":"https:\/\/blog.univicosa.com.br\/index.php\/wp-json\/wp\/v2\/media?parent=368"}],"wp:term":[{"taxonomy":"category","embeddable":true,"href":"https:\/\/blog.univicosa.com.br\/index.php\/wp-json\/wp\/v2\/categories?post=368"},{"taxonomy":"post_tag","embeddable":true,"href":"https:\/\/blog.univicosa.com.br\/index.php\/wp-json\/wp\/v2\/tags?post=368"}],"curies":[{"name":"wp","href":"https:\/\/api.w.org\/{rel}","templated":true}]}}