{"id":3675,"date":"2022-06-08T15:43:59","date_gmt":"2022-06-08T18:43:59","guid":{"rendered":"https:\/\/blog.univicosa.com.br\/?p=3675"},"modified":"2022-06-08T19:45:16","modified_gmt":"2022-06-08T22:45:16","slug":"semana-mundial-do-meio-ambiente-aprenda-a-ser-sustentavel","status":"publish","type":"post","link":"https:\/\/blog.univicosa.com.br\/index.php\/2022\/06\/08\/semana-mundial-do-meio-ambiente-aprenda-a-ser-sustentavel\/","title":{"rendered":"Semana Mundial do Meio Ambiente: aprenda a ser sustent\u00e1vel!"},"content":{"rendered":"\n<figure class=\"wp-block-image size-large\"><img data-attachment-id=\"3677\" data-permalink=\"https:\/\/blog.univicosa.com.br\/index.php\/2022\/06\/08\/semana-mundial-do-meio-ambiente-aprenda-a-ser-sustentavel\/sustentabilidade-blog-capa\/\" data-orig-file=\"https:\/\/blog.univicosa.com.br\/wp-content\/uploads\/2022\/06\/SUSTENTABILIDADE-BLOG-CAPA.png\" data-orig-size=\"1086,652\" data-comments-opened=\"1\" data-image-meta=\"{&quot;aperture&quot;:&quot;0&quot;,&quot;credit&quot;:&quot;&quot;,&quot;camera&quot;:&quot;&quot;,&quot;caption&quot;:&quot;&quot;,&quot;created_timestamp&quot;:&quot;0&quot;,&quot;copyright&quot;:&quot;&quot;,&quot;focal_length&quot;:&quot;0&quot;,&quot;iso&quot;:&quot;0&quot;,&quot;shutter_speed&quot;:&quot;0&quot;,&quot;title&quot;:&quot;&quot;,&quot;orientation&quot;:&quot;0&quot;}\" data-image-title=\"SUSTENTABILIDADE-BLOG-CAPA\" data-image-description=\"\" data-medium-file=\"https:\/\/blog.univicosa.com.br\/wp-content\/uploads\/2022\/06\/SUSTENTABILIDADE-BLOG-CAPA-300x180.png\" data-large-file=\"https:\/\/blog.univicosa.com.br\/wp-content\/uploads\/2022\/06\/SUSTENTABILIDADE-BLOG-CAPA-1024x615.png\" loading=\"lazy\" width=\"1024\" height=\"615\" src=\"https:\/\/blog.univicosa.com.br\/wp-content\/uploads\/2022\/06\/SUSTENTABILIDADE-BLOG-CAPA-1024x615.png\" alt=\"\" class=\"wp-image-3677\" srcset=\"https:\/\/blog.univicosa.com.br\/wp-content\/uploads\/2022\/06\/SUSTENTABILIDADE-BLOG-CAPA-1024x615.png 1024w, https:\/\/blog.univicosa.com.br\/wp-content\/uploads\/2022\/06\/SUSTENTABILIDADE-BLOG-CAPA-300x180.png 300w, https:\/\/blog.univicosa.com.br\/wp-content\/uploads\/2022\/06\/SUSTENTABILIDADE-BLOG-CAPA-768x461.png 768w, https:\/\/blog.univicosa.com.br\/wp-content\/uploads\/2022\/06\/SUSTENTABILIDADE-BLOG-CAPA-850x510.png 850w, https:\/\/blog.univicosa.com.br\/wp-content\/uploads\/2022\/06\/SUSTENTABILIDADE-BLOG-CAPA.png 1086w\" sizes=\"(max-width: 1024px) 100vw, 1024px\" \/><\/figure>\n\n\n\n<p>O <strong>Dia Mundial do Meio Ambiente<\/strong> \u00e9 <strong>comemorado <\/strong>em todo o dia <strong>05 de junho<\/strong> desde o ano de <strong>1973<\/strong>, quando a data foi criada a partir de uma Assembleia Geral das <strong>Na\u00e7\u00f5es Unidas<\/strong> (ONU), na cidade de Estocolmo, Su\u00e9cia. <\/p>\n\n\n\n<p>De l\u00e1 para c\u00e1, <strong>muita coisa mudou<\/strong>. Evolu\u00edmos, crescemos e estamos vivenciando a <strong>era da tecnologia,<\/strong> mas, o <strong>meio ambiente<\/strong> e a <strong>sustentabilidade <\/strong>nunca tiveram tanta <strong>import\u00e2ncia <\/strong>quanto agora. <\/p>\n\n\n\n<p>Recentemente, em <strong>janeiro de 2022<\/strong>, o<strong> desmatamento <\/strong>na <strong>Amaz\u00f4nia <\/strong>bateu <strong>recorde hist\u00f3rico<\/strong> e <strong>cresceu <\/strong>mais de<strong> 400%<\/strong> (se comparado a janeiro de 2021), dado divulgado pelo <strong>Greenpeace&nbsp;Brasil<\/strong>. Para al\u00e9m do desmatamento, a<strong> polui\u00e7\u00e3o dos oceanos<\/strong>, o<strong> n\u00famero de moradias irregulares <\/strong>e o <strong>aumento <\/strong>da <strong>produ\u00e7\u00e3o global de lixo<\/strong> v\u00eam batendo recordes ano ap\u00f3s ano. Situa\u00e7\u00e3o alarmante.<\/p>\n\n\n\n<figure class=\"wp-block-image size-large\"><img data-attachment-id=\"3679\" data-permalink=\"https:\/\/blog.univicosa.com.br\/index.php\/2022\/06\/08\/semana-mundial-do-meio-ambiente-aprenda-a-ser-sustentavel\/p1-4-1024x570-1-1024x570-1\/\" data-orig-file=\"https:\/\/blog.univicosa.com.br\/wp-content\/uploads\/2022\/06\/p1-4-1024x570-1-1024x570-1.jpg\" data-orig-size=\"1024,570\" data-comments-opened=\"1\" data-image-meta=\"{&quot;aperture&quot;:&quot;0&quot;,&quot;credit&quot;:&quot;&quot;,&quot;camera&quot;:&quot;&quot;,&quot;caption&quot;:&quot;&quot;,&quot;created_timestamp&quot;:&quot;0&quot;,&quot;copyright&quot;:&quot;&quot;,&quot;focal_length&quot;:&quot;0&quot;,&quot;iso&quot;:&quot;0&quot;,&quot;shutter_speed&quot;:&quot;0&quot;,&quot;title&quot;:&quot;&quot;,&quot;orientation&quot;:&quot;0&quot;}\" data-image-title=\"p1-4-1024&#215;570-1-1024&#215;570-1\" data-image-description=\"\" data-medium-file=\"https:\/\/blog.univicosa.com.br\/wp-content\/uploads\/2022\/06\/p1-4-1024x570-1-1024x570-1-300x167.jpg\" data-large-file=\"https:\/\/blog.univicosa.com.br\/wp-content\/uploads\/2022\/06\/p1-4-1024x570-1-1024x570-1.jpg\" loading=\"lazy\" width=\"1024\" height=\"570\" src=\"https:\/\/blog.univicosa.com.br\/wp-content\/uploads\/2022\/06\/p1-4-1024x570-1-1024x570-1.jpg\" alt=\"\" class=\"wp-image-3679\" srcset=\"https:\/\/blog.univicosa.com.br\/wp-content\/uploads\/2022\/06\/p1-4-1024x570-1-1024x570-1.jpg 1024w, https:\/\/blog.univicosa.com.br\/wp-content\/uploads\/2022\/06\/p1-4-1024x570-1-1024x570-1-300x167.jpg 300w, https:\/\/blog.univicosa.com.br\/wp-content\/uploads\/2022\/06\/p1-4-1024x570-1-1024x570-1-768x428.jpg 768w, https:\/\/blog.univicosa.com.br\/wp-content\/uploads\/2022\/06\/p1-4-1024x570-1-1024x570-1-850x473.jpg 850w\" sizes=\"(max-width: 1024px) 100vw, 1024px\" \/><\/figure>\n\n\n\n<h2><strong>E como podemos fazer a nossa parte? Sendo sustent\u00e1veis! <\/strong><\/h2>\n\n\n\n<p>E o que \u00e9<strong> ser sustent\u00e1vel<\/strong>? Segundo a <strong>T\u00e9cnica de Programa da Assist\u00eancia do SESC Fortaleza<\/strong>, Ana Kassia Silva de Oliveira, em <a rel=\"noreferrer noopener\" href=\"https:\/\/g1.globo.com\/ce\/ceara\/especial-publicitario\/sistema-fecomercio\/radar-do-comercio\/noticia\/2021\/06\/07\/dia-do-meio-ambiente-voce-sabe-mesmo-o-que-e-ser-sustentavel.ghtml\" data-type=\"URL\" data-id=\"https:\/\/g1.globo.com\/ce\/ceara\/especial-publicitario\/sistema-fecomercio\/radar-do-comercio\/noticia\/2021\/06\/07\/dia-do-meio-ambiente-voce-sabe-mesmo-o-que-e-ser-sustentavel.ghtml\" target=\"_blank\">entrevista ao <strong>G1<\/strong><\/a>, &#8220;<em>ser sustent\u00e1vel&nbsp;\u00e9 ter atitudes e fazer escolhas socialmente respons\u00e1veis. N\u00e3o se trata mais simplesmente de a\u00e7\u00f5es como n\u00e3o jogar lixo na rua, mas mudar a forma como percebemos a sociedade, adaptando nossos h\u00e1bitos de consumo para escolhas mais&nbsp;<strong>sustent\u00e1veis<\/strong><\/em>\u201d, explica a especialista. <\/p>\n\n\n\n<figure class=\"wp-block-image\"><a href=\"https:\/\/univicosa.apprbs.com.br\/blog\/\" target=\"_blank\" rel=\"noreferrer noopener\"><img data-attachment-id=\"2757\" data-permalink=\"https:\/\/blog.univicosa.com.br\/index.php\/2022\/01\/03\/saiba-tudo-sobre-o-curso-de-administracao\/receba-conteudos-univicosa-imagem-geral-blog\/\" data-orig-file=\"https:\/\/blog.univicosa.com.br\/wp-content\/uploads\/2022\/01\/RECEBA-CONTEUDOS-UNIVICOSA-imagem-geral-blog.png\" data-orig-size=\"675,50\" data-comments-opened=\"1\" data-image-meta=\"{&quot;aperture&quot;:&quot;0&quot;,&quot;credit&quot;:&quot;&quot;,&quot;camera&quot;:&quot;&quot;,&quot;caption&quot;:&quot;&quot;,&quot;created_timestamp&quot;:&quot;0&quot;,&quot;copyright&quot;:&quot;&quot;,&quot;focal_length&quot;:&quot;0&quot;,&quot;iso&quot;:&quot;0&quot;,&quot;shutter_speed&quot;:&quot;0&quot;,&quot;title&quot;:&quot;&quot;,&quot;orientation&quot;:&quot;0&quot;}\" data-image-title=\"RECEBA-CONTEUDOS-UNIVICOSA-imagem-geral-blog\" data-image-description=\"\" data-medium-file=\"https:\/\/blog.univicosa.com.br\/wp-content\/uploads\/2022\/01\/RECEBA-CONTEUDOS-UNIVICOSA-imagem-geral-blog-300x22.png\" data-large-file=\"https:\/\/blog.univicosa.com.br\/wp-content\/uploads\/2022\/01\/RECEBA-CONTEUDOS-UNIVICOSA-imagem-geral-blog.png\" loading=\"lazy\" width=\"675\" height=\"50\" src=\"https:\/\/blog.univicosa.com.br\/wp-content\/uploads\/2022\/01\/RECEBA-CONTEUDOS-UNIVICOSA-imagem-geral-blog.png\" alt=\"\" class=\"wp-image-2757\" srcset=\"https:\/\/blog.univicosa.com.br\/wp-content\/uploads\/2022\/01\/RECEBA-CONTEUDOS-UNIVICOSA-imagem-geral-blog.png 675w, https:\/\/blog.univicosa.com.br\/wp-content\/uploads\/2022\/01\/RECEBA-CONTEUDOS-UNIVICOSA-imagem-geral-blog-300x22.png 300w\" sizes=\"(max-width: 675px) 100vw, 675px\" \/><\/a><\/figure>\n\n\n\n<p>E \u00e9 ai que entra o &#8220;<strong>trip\u00e9 da sustentabilidade<\/strong>&#8220;, um conceito superimportante (criado pelo soci\u00f3logo brit\u00e2nico John Elkington), que engloba tr\u00eas pilares fundamentais para o nosso desenvolvimento, sendo: <strong>o social, o ambiental e o econ\u00f4mico<\/strong>. <\/p>\n\n\n\n<p>Portanto, para sermos <strong>amplamente sustent\u00e1veis<\/strong>, precisamos considerar estes<strong> tr\u00eas pilares<\/strong>. Esse <strong>conceito <\/strong>tamb\u00e9m se estende at\u00e9 as <strong>empresas <\/strong>e <strong>organiza\u00e7\u00f5es <\/strong>e deve ser seguido. <\/p>\n\n\n\n<figure class=\"wp-block-image size-large\"><img data-attachment-id=\"3678\" data-permalink=\"https:\/\/blog.univicosa.com.br\/index.php\/2022\/06\/08\/semana-mundial-do-meio-ambiente-aprenda-a-ser-sustentavel\/sustentabilidade-1-a\/\" data-orig-file=\"https:\/\/blog.univicosa.com.br\/wp-content\/uploads\/2022\/06\/sustentabilidade-1-a.jpg\" data-orig-size=\"1275,540\" data-comments-opened=\"1\" data-image-meta=\"{&quot;aperture&quot;:&quot;0&quot;,&quot;credit&quot;:&quot;&quot;,&quot;camera&quot;:&quot;&quot;,&quot;caption&quot;:&quot;&quot;,&quot;created_timestamp&quot;:&quot;0&quot;,&quot;copyright&quot;:&quot;&quot;,&quot;focal_length&quot;:&quot;0&quot;,&quot;iso&quot;:&quot;0&quot;,&quot;shutter_speed&quot;:&quot;0&quot;,&quot;title&quot;:&quot;&quot;,&quot;orientation&quot;:&quot;1&quot;}\" data-image-title=\"sustentabilidade-1-a\" data-image-description=\"\" data-medium-file=\"https:\/\/blog.univicosa.com.br\/wp-content\/uploads\/2022\/06\/sustentabilidade-1-a-300x127.jpg\" data-large-file=\"https:\/\/blog.univicosa.com.br\/wp-content\/uploads\/2022\/06\/sustentabilidade-1-a-1024x434.jpg\" loading=\"lazy\" width=\"1024\" height=\"434\" src=\"https:\/\/blog.univicosa.com.br\/wp-content\/uploads\/2022\/06\/sustentabilidade-1-a-1024x434.jpg\" alt=\"\" class=\"wp-image-3678\" srcset=\"https:\/\/blog.univicosa.com.br\/wp-content\/uploads\/2022\/06\/sustentabilidade-1-a-1024x434.jpg 1024w, https:\/\/blog.univicosa.com.br\/wp-content\/uploads\/2022\/06\/sustentabilidade-1-a-300x127.jpg 300w, https:\/\/blog.univicosa.com.br\/wp-content\/uploads\/2022\/06\/sustentabilidade-1-a-768x325.jpg 768w, https:\/\/blog.univicosa.com.br\/wp-content\/uploads\/2022\/06\/sustentabilidade-1-a-850x360.jpg 850w, https:\/\/blog.univicosa.com.br\/wp-content\/uploads\/2022\/06\/sustentabilidade-1-a.jpg 1275w\" sizes=\"(max-width: 1024px) 100vw, 1024px\" \/><\/figure>\n\n\n\n<p><strong>1\u00b0 pilar: SOCIAL <\/strong><\/p>\n\n\n\n<p>O pilar social trata das quest\u00f5es de <strong>sustentabilidade social<\/strong>, em suma, como n\u00f3s, ou, como uma empresa, impacta o meio que est\u00e1 inserida. <\/p>\n\n\n\n<p>\u00c9 preciso que tenhamos um compromisso com a nossa comunidade (ou, com os funcion\u00e1rios de uma organiza\u00e7\u00e3o), ajudando uns aos outros, oferecendo apoio, contribuindo para a cultura, lazer, al\u00e9m de se preocupar com quest\u00f5es de diversidade e inclus\u00e3o, que envolvem o respeito e a boa conviv\u00eancia. <\/p>\n\n\n\n<p><strong>Alguns exemplos sociais que podem te inspirar: <\/strong>optar por produtos da agricultura familiar; realizar doa\u00e7\u00f5es para institui\u00e7\u00f5es de caridade ou pessoas \/ fam\u00edlias menos favorecidas; evitar produtos de marcas n\u00e3o sustent\u00e1veis ou que n\u00e3o respeitem o meio ambiente, al\u00e9m daquelas condenadas por trabalhos an\u00e1logos \u00e0 escravid\u00e3o; n\u00e3o permitir ou ser conivente com casos de preconceito.  <\/p>\n\n\n\n<figure class=\"wp-block-image size-large\"><img data-attachment-id=\"3683\" data-permalink=\"https:\/\/blog.univicosa.com.br\/index.php\/2022\/06\/08\/semana-mundial-do-meio-ambiente-aprenda-a-ser-sustentavel\/114_educacao-ambiental\/\" data-orig-file=\"https:\/\/blog.univicosa.com.br\/wp-content\/uploads\/2022\/06\/114_educacao-ambiental.jpg\" data-orig-size=\"1170,550\" data-comments-opened=\"1\" data-image-meta=\"{&quot;aperture&quot;:&quot;0&quot;,&quot;credit&quot;:&quot;&quot;,&quot;camera&quot;:&quot;&quot;,&quot;caption&quot;:&quot;&quot;,&quot;created_timestamp&quot;:&quot;0&quot;,&quot;copyright&quot;:&quot;&quot;,&quot;focal_length&quot;:&quot;0&quot;,&quot;iso&quot;:&quot;0&quot;,&quot;shutter_speed&quot;:&quot;0&quot;,&quot;title&quot;:&quot;&quot;,&quot;orientation&quot;:&quot;0&quot;}\" data-image-title=\"114_educacao-ambiental\" data-image-description=\"\" data-medium-file=\"https:\/\/blog.univicosa.com.br\/wp-content\/uploads\/2022\/06\/114_educacao-ambiental-300x141.jpg\" data-large-file=\"https:\/\/blog.univicosa.com.br\/wp-content\/uploads\/2022\/06\/114_educacao-ambiental-1024x481.jpg\" loading=\"lazy\" width=\"1024\" height=\"481\" src=\"https:\/\/blog.univicosa.com.br\/wp-content\/uploads\/2022\/06\/114_educacao-ambiental-1024x481.jpg\" alt=\"\" class=\"wp-image-3683\" srcset=\"https:\/\/blog.univicosa.com.br\/wp-content\/uploads\/2022\/06\/114_educacao-ambiental-1024x481.jpg 1024w, https:\/\/blog.univicosa.com.br\/wp-content\/uploads\/2022\/06\/114_educacao-ambiental-300x141.jpg 300w, https:\/\/blog.univicosa.com.br\/wp-content\/uploads\/2022\/06\/114_educacao-ambiental-768x361.jpg 768w, https:\/\/blog.univicosa.com.br\/wp-content\/uploads\/2022\/06\/114_educacao-ambiental-850x400.jpg 850w, https:\/\/blog.univicosa.com.br\/wp-content\/uploads\/2022\/06\/114_educacao-ambiental.jpg 1170w\" sizes=\"(max-width: 1024px) 100vw, 1024px\" \/><\/figure>\n\n\n\n<p><strong>2\u00b0 pilar: AMBIENTAL<\/strong><\/p>\n\n\n\n<p>Qual impacto voc\u00ea, sua empresa ou a empresa onde voc\u00ea trabalha causa no meio ambiente? \u00c9 ai que entra a <strong>sustentabilidade ambiental<\/strong>. <\/p>\n\n\n\n<p>Precisamos nos atentar ao descarte correto dos res\u00edduos gerados por n\u00f3s ou pelas empresas, al\u00e9m da preocupa\u00e7\u00e3o quanto ao controle da emiss\u00e3o de poluentes. \u00c9 preciso cobrar dos \u00f3rg\u00e3os competentes do munic\u00edpio onde vivemos a\u00e7\u00f5es efetivas de prote\u00e7\u00e3o ao meio ambiente.<\/p>\n\n\n\n<p><strong>Existe coleta seletiva na sua cidade?<\/strong> Atrav\u00e9s dela, podemos separar o nosso lixo, dando um destino correto a ele, o que contribui para a diminui\u00e7\u00e3o da polui\u00e7\u00e3o, al\u00e9m de aumentar a reciclagem. Tamb\u00e9m precisamos ficar atentos \u00e0s quest\u00f5es do saneamento b\u00e1sico, pois, por meio dele, evitamos que os rios que cortam as cidades sejam polu\u00eddos. <\/p>\n\n\n\n<figure class=\"wp-block-image\"><a href=\"https:\/\/univicosa.apprbs.com.br\/blog\/\" target=\"_blank\" rel=\"noreferrer noopener\"><img data-attachment-id=\"2757\" data-permalink=\"https:\/\/blog.univicosa.com.br\/index.php\/2022\/01\/03\/saiba-tudo-sobre-o-curso-de-administracao\/receba-conteudos-univicosa-imagem-geral-blog\/\" data-orig-file=\"https:\/\/blog.univicosa.com.br\/wp-content\/uploads\/2022\/01\/RECEBA-CONTEUDOS-UNIVICOSA-imagem-geral-blog.png\" data-orig-size=\"675,50\" data-comments-opened=\"1\" data-image-meta=\"{&quot;aperture&quot;:&quot;0&quot;,&quot;credit&quot;:&quot;&quot;,&quot;camera&quot;:&quot;&quot;,&quot;caption&quot;:&quot;&quot;,&quot;created_timestamp&quot;:&quot;0&quot;,&quot;copyright&quot;:&quot;&quot;,&quot;focal_length&quot;:&quot;0&quot;,&quot;iso&quot;:&quot;0&quot;,&quot;shutter_speed&quot;:&quot;0&quot;,&quot;title&quot;:&quot;&quot;,&quot;orientation&quot;:&quot;0&quot;}\" data-image-title=\"RECEBA-CONTEUDOS-UNIVICOSA-imagem-geral-blog\" data-image-description=\"\" data-medium-file=\"https:\/\/blog.univicosa.com.br\/wp-content\/uploads\/2022\/01\/RECEBA-CONTEUDOS-UNIVICOSA-imagem-geral-blog-300x22.png\" data-large-file=\"https:\/\/blog.univicosa.com.br\/wp-content\/uploads\/2022\/01\/RECEBA-CONTEUDOS-UNIVICOSA-imagem-geral-blog.png\" loading=\"lazy\" width=\"675\" height=\"50\" src=\"https:\/\/blog.univicosa.com.br\/wp-content\/uploads\/2022\/01\/RECEBA-CONTEUDOS-UNIVICOSA-imagem-geral-blog.png\" alt=\"\" class=\"wp-image-2757\" srcset=\"https:\/\/blog.univicosa.com.br\/wp-content\/uploads\/2022\/01\/RECEBA-CONTEUDOS-UNIVICOSA-imagem-geral-blog.png 675w, https:\/\/blog.univicosa.com.br\/wp-content\/uploads\/2022\/01\/RECEBA-CONTEUDOS-UNIVICOSA-imagem-geral-blog-300x22.png 300w\" sizes=\"(max-width: 675px) 100vw, 675px\" \/><\/a><\/figure>\n\n\n\n<p>Tamb\u00e9m precisamos ficar atentos ao desmatamento, que ano ap\u00f3s ano, bate recordes. O desmatamento est\u00e1 ligado, tamb\u00e9m, \u00e0s mudan\u00e7as clim\u00e1ticas, que tanto impactam o nosso planeta. <\/p>\n\n\n\n<p><strong>Alguns exemplos ambientais que podem te inspirar:<\/strong> separe o seu lixo para a reciclagem; n\u00e3o jogue o lixo no ch\u00e3o; economize \u00e1gua; evite o uso de pl\u00e1sticos de uso \u00fanico (ex: canudos); reutilize objetos; doe ao inv\u00e9s de jogar fora; reduza o uso de carro, opte por transporte coletivo ou bicicleta; uso de produtos que sejam vendidos em embalagens biodegrad\u00e1veis. <\/p>\n\n\n\n<figure class=\"wp-block-image size-large\"><img data-attachment-id=\"3682\" data-permalink=\"https:\/\/blog.univicosa.com.br\/index.php\/2022\/06\/08\/semana-mundial-do-meio-ambiente-aprenda-a-ser-sustentavel\/original-10d1da56c660622a1837f5afff312e63-1080x675-1\/\" data-orig-file=\"https:\/\/blog.univicosa.com.br\/wp-content\/uploads\/2022\/06\/original-10d1da56c660622a1837f5afff312e63-1080x675-1.jpg\" data-orig-size=\"1080,675\" data-comments-opened=\"1\" data-image-meta=\"{&quot;aperture&quot;:&quot;0&quot;,&quot;credit&quot;:&quot;&quot;,&quot;camera&quot;:&quot;&quot;,&quot;caption&quot;:&quot;&quot;,&quot;created_timestamp&quot;:&quot;0&quot;,&quot;copyright&quot;:&quot;&quot;,&quot;focal_length&quot;:&quot;0&quot;,&quot;iso&quot;:&quot;0&quot;,&quot;shutter_speed&quot;:&quot;0&quot;,&quot;title&quot;:&quot;&quot;,&quot;orientation&quot;:&quot;0&quot;}\" data-image-title=\"original-10d1da56c660622a1837f5afff312e63-1080&#215;675-1\" data-image-description=\"\" data-medium-file=\"https:\/\/blog.univicosa.com.br\/wp-content\/uploads\/2022\/06\/original-10d1da56c660622a1837f5afff312e63-1080x675-1-300x188.jpg\" data-large-file=\"https:\/\/blog.univicosa.com.br\/wp-content\/uploads\/2022\/06\/original-10d1da56c660622a1837f5afff312e63-1080x675-1-1024x640.jpg\" loading=\"lazy\" width=\"1024\" height=\"640\" src=\"https:\/\/blog.univicosa.com.br\/wp-content\/uploads\/2022\/06\/original-10d1da56c660622a1837f5afff312e63-1080x675-1-1024x640.jpg\" alt=\"\" class=\"wp-image-3682\" srcset=\"https:\/\/blog.univicosa.com.br\/wp-content\/uploads\/2022\/06\/original-10d1da56c660622a1837f5afff312e63-1080x675-1-1024x640.jpg 1024w, https:\/\/blog.univicosa.com.br\/wp-content\/uploads\/2022\/06\/original-10d1da56c660622a1837f5afff312e63-1080x675-1-300x188.jpg 300w, https:\/\/blog.univicosa.com.br\/wp-content\/uploads\/2022\/06\/original-10d1da56c660622a1837f5afff312e63-1080x675-1-768x480.jpg 768w, https:\/\/blog.univicosa.com.br\/wp-content\/uploads\/2022\/06\/original-10d1da56c660622a1837f5afff312e63-1080x675-1-850x531.jpg 850w, https:\/\/blog.univicosa.com.br\/wp-content\/uploads\/2022\/06\/original-10d1da56c660622a1837f5afff312e63-1080x675-1.jpg 1080w\" sizes=\"(max-width: 1024px) 100vw, 1024px\" \/><\/figure>\n\n\n\n<p><strong>3\u00b0 pilar: ECON\u00d4MICO. <\/strong><\/p>\n\n\n\n<p>Como voc\u00ea ou a empresa onde voc\u00ea trabalha cuida do patrim\u00f4nio? Aqui temos a <strong>sustentabilidade econ\u00f4mica<\/strong>! \u00c9 preciso que busquemos sempre a efici\u00eancia e a rentabilidade por meio de investimentos corretos, evitando o desperd\u00edcio de dinheiro. <\/p>\n\n\n\n<p>Tamb\u00e9m \u00e9 preciso que tenhamos uma vida financeira transparente, sem comprometimentos que possam causar danos a sa\u00fade financeira, prejudicando o nosso bem-estar, o de uma empresa, ou, at\u00e9 mesmo, de um munic\u00edpio e de toda a sua comunidade. <\/p>\n\n\n\n<p><strong>Alguns exemplos econ\u00f4micos que podem te inspirar:<\/strong> uso consciente da energia el\u00e9trica; re-utilizar o papel; praticar a reciclagem; utilizar embalagens recicl\u00e1veis ou biodegrad\u00e1veis; trocar l\u00e2mpadas incandescentes por fluorescentes ou de LED; dentre outros. <\/p>\n\n\n\n<figure class=\"wp-block-image size-large\"><img data-attachment-id=\"3681\" data-permalink=\"https:\/\/blog.univicosa.com.br\/index.php\/2022\/06\/08\/semana-mundial-do-meio-ambiente-aprenda-a-ser-sustentavel\/clock-2696234_1280\/\" data-orig-file=\"https:\/\/blog.univicosa.com.br\/wp-content\/uploads\/2022\/06\/clock-2696234_1280.jpg\" data-orig-size=\"1280,819\" data-comments-opened=\"1\" data-image-meta=\"{&quot;aperture&quot;:&quot;6.3&quot;,&quot;credit&quot;:&quot;&quot;,&quot;camera&quot;:&quot;NIKON D610&quot;,&quot;caption&quot;:&quot;&quot;,&quot;created_timestamp&quot;:&quot;0&quot;,&quot;copyright&quot;:&quot;&quot;,&quot;focal_length&quot;:&quot;70&quot;,&quot;iso&quot;:&quot;100&quot;,&quot;shutter_speed&quot;:&quot;0.00625&quot;,&quot;title&quot;:&quot;&quot;,&quot;orientation&quot;:&quot;0&quot;}\" data-image-title=\"clock-2696234_1280\" data-image-description=\"\" data-medium-file=\"https:\/\/blog.univicosa.com.br\/wp-content\/uploads\/2022\/06\/clock-2696234_1280-300x192.jpg\" data-large-file=\"https:\/\/blog.univicosa.com.br\/wp-content\/uploads\/2022\/06\/clock-2696234_1280-1024x655.jpg\" loading=\"lazy\" width=\"1024\" height=\"655\" src=\"https:\/\/blog.univicosa.com.br\/wp-content\/uploads\/2022\/06\/clock-2696234_1280-1024x655.jpg\" alt=\"\" class=\"wp-image-3681\" srcset=\"https:\/\/blog.univicosa.com.br\/wp-content\/uploads\/2022\/06\/clock-2696234_1280-1024x655.jpg 1024w, https:\/\/blog.univicosa.com.br\/wp-content\/uploads\/2022\/06\/clock-2696234_1280-300x192.jpg 300w, https:\/\/blog.univicosa.com.br\/wp-content\/uploads\/2022\/06\/clock-2696234_1280-768x491.jpg 768w, https:\/\/blog.univicosa.com.br\/wp-content\/uploads\/2022\/06\/clock-2696234_1280-850x544.jpg 850w, https:\/\/blog.univicosa.com.br\/wp-content\/uploads\/2022\/06\/clock-2696234_1280.jpg 1280w\" sizes=\"(max-width: 1024px) 100vw, 1024px\" \/><\/figure>\n\n\n\n<p>Para finalizar, <strong>Ana Kassia<\/strong> ainda diz que, \u201c<em>aplicar a sustentabilidade em casa pode ser um verdadeiro desafio, mas, considerando as frequentes mudan\u00e7as que v\u00eam acontecendo no planeta, torna-se fundamental tomar iniciativas para melhorar o ecossistema at\u00e9 mesmo dentro de casa<\/em>\u201d, conclui a T\u00e9cnica de Programa da Assist\u00eancia do SESC Fortaleza ao <a rel=\"noreferrer noopener\" href=\"https:\/\/g1.globo.com\/ce\/ceara\/especial-publicitario\/sistema-fecomercio\/radar-do-comercio\/noticia\/2021\/06\/07\/dia-do-meio-ambiente-voce-sabe-mesmo-o-que-e-ser-sustentavel.ghtml\" data-type=\"URL\" data-id=\"https:\/\/g1.globo.com\/ce\/ceara\/especial-publicitario\/sistema-fecomercio\/radar-do-comercio\/noticia\/2021\/06\/07\/dia-do-meio-ambiente-voce-sabe-mesmo-o-que-e-ser-sustentavel.ghtml\" target=\"_blank\">G1<\/a>.<\/p>\n\n\n\n<p><strong>Vamos pensar na sustentabilidade de uma maneira mais eficiente e completa?<\/strong> Fa\u00e7a a sua parte, comece aos poucos, qualquer atitude, por mais pequena que possa parecer, far\u00e1 a diferen\u00e7a! <\/p>\n\n\n\n<p><a href=\"https:\/\/blog.univicosa.com.br\/index.php\/2022\/03\/14\/o-perfil-do-profissional-de-engenharia-ambiental\/\" target=\"_blank\" rel=\"noreferrer noopener\">O perfil do profissional de Engenharia Ambiental<\/a><\/p>\n\n\n\n<p><a href=\"https:\/\/blog.univicosa.com.br\/index.php\/2022\/01\/28\/saiba-tudo-sobre-o-curso-de-engenharia-ambiental\/\" target=\"_blank\" rel=\"noreferrer noopener\">Saiba tudo sobre o curso de Engenharia Ambiental!<\/a><\/p>\n\n\n\n<p><em><a rel=\"noreferrer noopener\" href=\"https:\/\/univicosa.apprbs.com.br\/blog\/\" target=\"_blank\">Ei, quer<strong>&nbsp;receber conte\u00fados exclusivos<\/strong>&nbsp;da Univi\u00e7osa? clique aqui!&nbsp;<\/a><\/em><\/p>\n\n\n\n<p><a rel=\"noreferrer noopener\" href=\"https:\/\/www.univicosa.com.br\/graduacao\/cursos\/engenharia_ambiental\" target=\"_blank\">Curtiu e quer saber mais sobre o curso de&nbsp;<strong>Engenharia Ambeintal&nbsp;<\/strong>da&nbsp;<strong>UNIVI\u00c7OSA<\/strong>? Ent\u00e3o acesse o site da Univi\u00e7osa, clique aqui!<\/a><\/p>\n\n\n\n<p><a href=\"https:\/\/blog.univicosa.com.br\/index.php\/2022\/01\/04\/5-motivos-para-fazer-engenharia-ambiental-univicosa\/\" target=\"_blank\" rel=\"noreferrer noopener\">5 motivos para fazer Engenharia Ambiental na UNIVI\u00c7OSA!<\/a><\/p>\n\n\n\n<p><a href=\"https:\/\/blog.univicosa.com.br\/index.php\/2021\/06\/10\/voce-sabia-ja-existe-uma-tinta-que-absorve-poluicao\/\" target=\"_blank\" rel=\"noreferrer noopener\">Voc\u00ea sabia? J\u00e1 existe uma tinta que absorve polui\u00e7\u00e3o!<\/a><\/p>\n\n\n\n<p><a href=\"https:\/\/blog.univicosa.com.br\/index.php\/2021\/06\/25\/saiba-como-a-tecnologia-ajuda-na-preservacao-do-solo-ar-e-agua\/\" target=\"_blank\" rel=\"noreferrer noopener\">Saiba como a tecnologia ajuda na preserva\u00e7\u00e3o do solo, ar e \u00e1gua!<\/a><\/p>\n\n\n\n<p><a href=\"https:\/\/blog.univicosa.com.br\/index.php\/2020\/06\/05\/como-a-tecnologia-atua-no-meio-ambiente\/\" target=\"_blank\" rel=\"noreferrer noopener\">Como a tecnologia atua no meio ambiente?<\/a><\/p>\n\n\n\n<p><a href=\"https:\/\/blog.univicosa.com.br\/index.php\/2021\/06\/08\/8-dicas-para-se-preparar-para-uma-entrevista-de-estagio\/\" target=\"_blank\" rel=\"noreferrer noopener\">8 dicas para se preparar para uma entrevista de est\u00e1gio!<\/a><\/p>\n\n\n\n<p><a href=\"https:\/\/blog.univicosa.com.br\/index.php\/2021\/05\/26\/dicas-para-organizar-o-seu-estudo-em-casa\/\" target=\"_blank\" rel=\"noreferrer noopener\">Dicas para organizar o seu estudo em casa!<\/a><\/p>\n\n\n\n<p><a href=\"https:\/\/blog.univicosa.com.br\/index.php\/2021\/06\/09\/vida-universitaria-alguns-detalhes-que-esqueceram-de-contar\/\" target=\"_blank\" rel=\"noreferrer noopener\">Vida universit\u00e1ria: alguns detalhes que esqueceram de te contar<\/a><\/p>\n\n\n\n<p><a href=\"https:\/\/blog.univicosa.com.br\/index.php\/2021\/06\/17\/plastico-o-mais-novo-condutor-de-energia-e-eletricidade\/\" target=\"_blank\" rel=\"noreferrer noopener\">Pl\u00e1stico: o mais novo condutor de energia e eletricidade!<\/a><\/p>\n\n\n\n<p><a rel=\"noreferrer noopener\" href=\"https:\/\/blog.univicosa.com.br\/index.php\/2021\/06\/01\/5-dicas-para-ter-um-curriculo-de-destaque\/\" target=\"_blank\">5 dicas para criar um curr\u00edculo de sucesso!<\/a><\/p>\n\n\n\n<p><\/p>\n","protected":false},"excerpt":{"rendered":"<p>O Dia Mundial do Meio Ambiente \u00e9 comemorado em todo o dia 05 de junho desde o ano de 1973, quando a data foi criada a partir de uma Assembleia Geral das Na\u00e7\u00f5es Unidas (ONU), na cidade de Estocolmo, Su\u00e9cia. De l\u00e1 para c\u00e1, muita coisa mudou. Evolu\u00edmos, crescemos e estamos vivenciando a era da&#8230;<\/p>\n","protected":false},"author":2,"featured_media":3687,"comment_status":"open","ping_status":"open","sticky":false,"template":"","format":"standard","meta":{"spay_email":""},"categories":[29,32,14,1],"tags":[1560,1567,54,1572,409,970,196,1495,1565,1564,1563,1566,1559,5,1007,1571,51,418,1150,1568,440,714,272,92,1569,354,57,1562,812,203,1561,1570,96,50,117,93],"jetpack_featured_media_url":"https:\/\/blog.univicosa.com.br\/wp-content\/uploads\/2022\/06\/SUSTENTABILIDADE-BLOG-CAPA-1.png","jetpack_shortlink":"https:\/\/wp.me\/pbcCKk-Xh","_links":{"self":[{"href":"https:\/\/blog.univicosa.com.br\/index.php\/wp-json\/wp\/v2\/posts\/3675"}],"collection":[{"href":"https:\/\/blog.univicosa.com.br\/index.php\/wp-json\/wp\/v2\/posts"}],"about":[{"href":"https:\/\/blog.univicosa.com.br\/index.php\/wp-json\/wp\/v2\/types\/post"}],"author":[{"embeddable":true,"href":"https:\/\/blog.univicosa.com.br\/index.php\/wp-json\/wp\/v2\/users\/2"}],"replies":[{"embeddable":true,"href":"https:\/\/blog.univicosa.com.br\/index.php\/wp-json\/wp\/v2\/comments?post=3675"}],"version-history":[{"count":6,"href":"https:\/\/blog.univicosa.com.br\/index.php\/wp-json\/wp\/v2\/posts\/3675\/revisions"}],"predecessor-version":[{"id":3690,"href":"https:\/\/blog.univicosa.com.br\/index.php\/wp-json\/wp\/v2\/posts\/3675\/revisions\/3690"}],"wp:featuredmedia":[{"embeddable":true,"href":"https:\/\/blog.univicosa.com.br\/index.php\/wp-json\/wp\/v2\/media\/3687"}],"wp:attachment":[{"href":"https:\/\/blog.univicosa.com.br\/index.php\/wp-json\/wp\/v2\/media?parent=3675"}],"wp:term":[{"taxonomy":"category","embeddable":true,"href":"https:\/\/blog.univicosa.com.br\/index.php\/wp-json\/wp\/v2\/categories?post=3675"},{"taxonomy":"post_tag","embeddable":true,"href":"https:\/\/blog.univicosa.com.br\/index.php\/wp-json\/wp\/v2\/tags?post=3675"}],"curies":[{"name":"wp","href":"https:\/\/api.w.org\/{rel}","templated":true}]}}