{"id":364,"date":"2019-07-08T09:31:18","date_gmt":"2019-07-08T12:31:18","guid":{"rendered":"https:\/\/univicosa.wordpress.com\/?p=364"},"modified":"2019-07-08T09:31:18","modified_gmt":"2019-07-08T12:31:18","slug":"lider-ou-chefe-qual-e-a-sua-escolha","status":"publish","type":"post","link":"https:\/\/blog.univicosa.com.br\/index.php\/2019\/07\/08\/lider-ou-chefe-qual-e-a-sua-escolha\/","title":{"rendered":"L\u00edder ou chefe: Qual \u00e9 a sua escolha?"},"content":{"rendered":"\n<h3>\u201cSe suas a\u00e7\u00f5es inspirarem os outros a sonharem mais, aprenderem mais, fazerem mais e se tornarem mais do que s\u00e3o, voc\u00ea \u00e9 um l\u00edder&#8221; (J. Quincy Adams).<\/h3>\n\n\n\n<ul data-carousel-extra='{\"blog_id\":1,\"permalink\":\"https:\\\/\\\/blog.univicosa.com.br\\\/index.php\\\/2019\\\/07\\\/08\\\/lider-ou-chefe-qual-e-a-sua-escolha\\\/\"}' class=\"wp-block-gallery columns-1 is-cropped\"><li class=\"blocks-gallery-item\"><figure><img data-attachment-id=\"365\" data-permalink=\"https:\/\/blog.univicosa.com.br\/6\/\" data-orig-file=\"https:\/\/blog.univicosa.com.br\/wp-content\/uploads\/2019\/07\/6-3.jpg\" data-orig-size=\"700,520\" data-comments-opened=\"1\" data-image-meta=\"{&quot;aperture&quot;:&quot;0&quot;,&quot;credit&quot;:&quot;&quot;,&quot;camera&quot;:&quot;&quot;,&quot;caption&quot;:&quot;&quot;,&quot;created_timestamp&quot;:&quot;0&quot;,&quot;copyright&quot;:&quot;&quot;,&quot;focal_length&quot;:&quot;0&quot;,&quot;iso&quot;:&quot;0&quot;,&quot;shutter_speed&quot;:&quot;0&quot;,&quot;title&quot;:&quot;&quot;,&quot;orientation&quot;:&quot;0&quot;}\" data-image-title=\"6\" data-image-description=\"\" data-medium-file=\"https:\/\/blog.univicosa.com.br\/wp-content\/uploads\/2019\/07\/6-3-300x223.jpg\" data-large-file=\"https:\/\/blog.univicosa.com.br\/wp-content\/uploads\/2019\/07\/6-3.jpg\" loading=\"lazy\" width=\"700\" height=\"520\" src=\"https:\/\/blog.univicosa.com.br\/wp-content\/uploads\/2019\/07\/6-3.jpg\" alt=\"\" data-id=\"365\" data-link=\"https:\/\/univicosa.wordpress.com\/6\/\" class=\"wp-image-365\" srcset=\"https:\/\/blog.univicosa.com.br\/wp-content\/uploads\/2019\/07\/6-3.jpg 700w, https:\/\/blog.univicosa.com.br\/wp-content\/uploads\/2019\/07\/6-3-300x223.jpg 300w, https:\/\/blog.univicosa.com.br\/wp-content\/uploads\/2019\/07\/6-3-404x300.jpg 404w\" sizes=\"(max-width: 700px) 100vw, 700px\" \/><\/figure><\/li><\/ul>\n\n\n\n<p style=\"text-align:center;\"> Imagem: pixabay.com <\/p>\n\n\n\n<p>Liderar uma equipe n\u00e3o \u00e9 tarefa f\u00e1cil. Trabalhar com objetivos, metas, tomada de decis\u00e3o, conflitos e mudan\u00e7as s\u00e3o alguns dos desafios com os quais profissionais que gerenciam pessoas lidam todos os dias.<\/p>\n\n\n\n<p>Mas, se existe uma dificuldade em comandar, pelas pr\u00f3prias atribui\u00e7\u00f5es e responsabilidades do cargo, \u00e9 poss\u00edvel facilitar essa situa\u00e7\u00e3o. Por que n\u00e3o se tornar um l\u00edder ao inv\u00e9s de um chefe? Ser\u00e1 que, de fato, existem diferen\u00e7as?<\/p>\n\n\n\n<p><strong>L\u00edder<\/strong>&nbsp;\u00e9 aquele que motiva, influencia e orienta pessoas, participando ativamente dos processos a serem executados. O l\u00edder \u00e9 sens\u00edvel e propicia condi\u00e7\u00f5es para que os funcion\u00e1rios tenham prazer em seu ambiente de trabalho. J\u00e1 o&nbsp;<strong>chefe<\/strong>&nbsp;\u00e9 aquele que cobra resultados, refor\u00e7a sua figura de poder e centraliza as decis\u00f5es.<\/p>\n\n\n\n<p>\u00c9 natural escutarmos que a lideran\u00e7a \u00e9 um dom ou que as pessoas j\u00e1 nascem l\u00edderes. Ser\u00e1 verdade? Os especialistas da \u00e1rea discordam e dizem que a lideran\u00e7a envolve compet\u00eancias que podem ser aprendidas ao longo da vida. Portanto, reflita sempre sobre suas atitudes e busque ser um exemplo de lideran\u00e7a para sua equipe de trabalho. Dessa forma, a rotina fluir\u00e1 melhor e os resultados ser\u00e3o efetivos.<\/p>\n\n\n\n<p><strong>Por:<\/strong> <strong>Michele Rodrigues &#8211;  Mestre em Administra\u00e7\u00e3o. Professora dos cursos de Administra\u00e7\u00e3o e Gest\u00e3o de Empresas. Coordenadora do MBA Gest\u00e3o Empresarial e Desenvolvimento de L\u00edderes da Univi\u00e7osa.<\/strong><\/p>\n\n\n\n<p><\/p>\n","protected":false},"excerpt":{"rendered":"<p>\u201cSe suas a\u00e7\u00f5es inspirarem os outros a sonharem mais, aprenderem mais, fazerem mais e se tornarem mais do que s\u00e3o, voc\u00ea \u00e9 um l\u00edder&#8221; (J. Quincy Adams). Imagem: pixabay.com Liderar uma equipe n\u00e3o \u00e9 tarefa f\u00e1cil. Trabalhar com objetivos, metas, tomada de decis\u00e3o, conflitos e mudan\u00e7as s\u00e3o alguns dos desafios com os quais profissionais que&#8230;<\/p>\n","protected":false},"author":2,"featured_media":0,"comment_status":"open","ping_status":"open","sticky":false,"template":"","format":"standard","meta":{"spay_email":""},"categories":[1],"tags":[],"jetpack_featured_media_url":"","jetpack_shortlink":"https:\/\/wp.me\/pbcCKk-5S","_links":{"self":[{"href":"https:\/\/blog.univicosa.com.br\/index.php\/wp-json\/wp\/v2\/posts\/364"}],"collection":[{"href":"https:\/\/blog.univicosa.com.br\/index.php\/wp-json\/wp\/v2\/posts"}],"about":[{"href":"https:\/\/blog.univicosa.com.br\/index.php\/wp-json\/wp\/v2\/types\/post"}],"author":[{"embeddable":true,"href":"https:\/\/blog.univicosa.com.br\/index.php\/wp-json\/wp\/v2\/users\/2"}],"replies":[{"embeddable":true,"href":"https:\/\/blog.univicosa.com.br\/index.php\/wp-json\/wp\/v2\/comments?post=364"}],"version-history":[{"count":0,"href":"https:\/\/blog.univicosa.com.br\/index.php\/wp-json\/wp\/v2\/posts\/364\/revisions"}],"wp:attachment":[{"href":"https:\/\/blog.univicosa.com.br\/index.php\/wp-json\/wp\/v2\/media?parent=364"}],"wp:term":[{"taxonomy":"category","embeddable":true,"href":"https:\/\/blog.univicosa.com.br\/index.php\/wp-json\/wp\/v2\/categories?post=364"},{"taxonomy":"post_tag","embeddable":true,"href":"https:\/\/blog.univicosa.com.br\/index.php\/wp-json\/wp\/v2\/tags?post=364"}],"curies":[{"name":"wp","href":"https:\/\/api.w.org\/{rel}","templated":true}]}}