{"id":3622,"date":"2022-05-23T15:16:26","date_gmt":"2022-05-23T18:16:26","guid":{"rendered":"https:\/\/blog.univicosa.com.br\/?p=3622"},"modified":"2022-05-24T08:56:02","modified_gmt":"2022-05-24T11:56:02","slug":"voce-sabia-caminhoneiro-agora-pode-ser-mei","status":"publish","type":"post","link":"https:\/\/blog.univicosa.com.br\/index.php\/2022\/05\/23\/voce-sabia-caminhoneiro-agora-pode-ser-mei\/","title":{"rendered":"Voc\u00ea sabia? Caminhoneiro agora pode ser MEI!"},"content":{"rendered":"\n<figure class=\"wp-block-image size-large\"><img data-attachment-id=\"3623\" data-permalink=\"https:\/\/blog.univicosa.com.br\/index.php\/2022\/05\/23\/voce-sabia-caminhoneiro-agora-pode-ser-mei\/mei-camin-blog\/\" data-orig-file=\"https:\/\/blog.univicosa.com.br\/wp-content\/uploads\/2022\/05\/MEI-CAMIN-blog.png\" data-orig-size=\"1086,652\" data-comments-opened=\"1\" data-image-meta=\"{&quot;aperture&quot;:&quot;0&quot;,&quot;credit&quot;:&quot;&quot;,&quot;camera&quot;:&quot;&quot;,&quot;caption&quot;:&quot;&quot;,&quot;created_timestamp&quot;:&quot;0&quot;,&quot;copyright&quot;:&quot;&quot;,&quot;focal_length&quot;:&quot;0&quot;,&quot;iso&quot;:&quot;0&quot;,&quot;shutter_speed&quot;:&quot;0&quot;,&quot;title&quot;:&quot;&quot;,&quot;orientation&quot;:&quot;0&quot;}\" data-image-title=\"MEI-CAMIN-blog\" data-image-description=\"\" data-medium-file=\"https:\/\/blog.univicosa.com.br\/wp-content\/uploads\/2022\/05\/MEI-CAMIN-blog-300x180.png\" data-large-file=\"https:\/\/blog.univicosa.com.br\/wp-content\/uploads\/2022\/05\/MEI-CAMIN-blog-1024x615.png\" loading=\"lazy\" width=\"1024\" height=\"615\" src=\"https:\/\/blog.univicosa.com.br\/wp-content\/uploads\/2022\/05\/MEI-CAMIN-blog-1024x615.png\" alt=\"\" class=\"wp-image-3623\" srcset=\"https:\/\/blog.univicosa.com.br\/wp-content\/uploads\/2022\/05\/MEI-CAMIN-blog-1024x615.png 1024w, https:\/\/blog.univicosa.com.br\/wp-content\/uploads\/2022\/05\/MEI-CAMIN-blog-300x180.png 300w, https:\/\/blog.univicosa.com.br\/wp-content\/uploads\/2022\/05\/MEI-CAMIN-blog-768x461.png 768w, https:\/\/blog.univicosa.com.br\/wp-content\/uploads\/2022\/05\/MEI-CAMIN-blog-850x510.png 850w, https:\/\/blog.univicosa.com.br\/wp-content\/uploads\/2022\/05\/MEI-CAMIN-blog.png 1086w\" sizes=\"(max-width: 1024px) 100vw, 1024px\" \/><\/figure>\n\n\n\n<p><em><strong>MEI CAMINHONEIRO \u2013 Entenda essa nova modalidade de Microempreendedor Individual e seus impactos no cen\u00e1rio econ\u00f4mico brasileiro<\/strong>!<\/em><\/p>\n\n\n\n<p>O<strong> Microempreendedor Individual<\/strong>, normalmente conhecido pela sigla <strong>MEI, <\/strong>\u00e9 um tipo de <strong>personalidade jur\u00eddica<\/strong> enquadrado no <strong>Regime Tribut\u00e1rio <\/strong>denominado \u201c<strong>Simples Nacional<\/strong>\u201d, de acordo com o <strong>\u00a7 1\u00ba do art. 18-A da Lei Complementar n\u00ba 123\/2006<\/strong>, considera-se Microempreendedor Individual o <strong>empres\u00e1rio individual ou o empreendedor<\/strong>, optante pelo Simples Nacional e que tenha auferido<strong> receita bruta<\/strong> anual <strong>acumulada <\/strong>de at\u00e9 <strong>R$ 81.000,00 mil reais <\/strong>e que exer\u00e7a apenas as <strong>atividades <\/strong>permitidas pela categoria e n\u00e3o seja s\u00f3cio ou propriet\u00e1rio de nenhuma outra empresa.<\/p>\n\n\n\n<p>Em<strong> 17 de novembro de 2021<\/strong>, foi aprovado pela<strong> C\u00e2mara dos Deputados<\/strong>, o projeto de lei que incluiu os <strong>caminhoneiros <\/strong>no modelo de <strong>Microempreendedor Individual <\/strong>e que posteriormente, foi votado e <strong>aprovado <\/strong>pelo <strong>senado<\/strong>, sendo institu\u00eddo pela <strong>Lei Complementar n\u00ba 188<\/strong>, de 31\/12\/2021 e regulamentado pela <strong>Resolu\u00e7\u00e3o CGSN n\u00ba 165,<\/strong> de 23\/02\/2022. <\/p>\n\n\n\n<figure class=\"wp-block-image is-resized\"><a href=\"https:\/\/univicosa.apprbs.com.br\/blog\/\" target=\"_blank\" rel=\"noreferrer noopener\"><img loading=\"lazy\" src=\"https:\/\/blog.univicosa.com.br\/wp-content\/uploads\/2022\/01\/RECEBA-CONTEUDOS-UNIVICOSA-imagem-geral-blog.png\" alt=\"\" class=\"wp-image-2757\" width=\"838\" height=\"62\" srcset=\"https:\/\/blog.univicosa.com.br\/wp-content\/uploads\/2022\/01\/RECEBA-CONTEUDOS-UNIVICOSA-imagem-geral-blog.png 675w, https:\/\/blog.univicosa.com.br\/wp-content\/uploads\/2022\/01\/RECEBA-CONTEUDOS-UNIVICOSA-imagem-geral-blog-300x22.png 300w\" sizes=\"(max-width: 838px) 100vw, 838px\" \/><\/a><\/figure>\n\n\n\n<p>Nos termos dessa <strong>Resolu\u00e7\u00e3o CGSN<\/strong>, considera-se MEI transportador aut\u00f4nomo de cargas, o microempreendedor individual que atue de forma independente e exclusiva, no ano de 2022, a partir de 01\/04\/2022, e que desempenhe uma ou mais ocupa\u00e7\u00f5es profissionais previstas na Tabela B do Anexo XI da Resolu\u00e7\u00e3o CGSN n\u00ba 140, de 22\/05\/2022:<\/p>\n\n\n\n<figure class=\"wp-block-table\"><table><tbody><tr><td><strong>4930-2\/01<\/strong><\/td><td><strong>Transportador Aut\u00f4nomo de Carga &#8211; Municipal<\/strong><\/td><\/tr><tr><td><strong>4930-2\/02<\/strong><\/td><td><strong>Transportador Aut\u00f4nomo de Carga Intermunicipal, Interestadual e Internacional<\/strong><\/td><\/tr><tr><td><strong>4930-2\/03<\/strong><\/td><td><strong>Transportador Aut\u00f4nomo de Carga &#8211; Produtos Perigosos<\/strong><\/td><\/tr><tr><td><strong>4930-2\/04<\/strong><\/td><td><strong>Transportador Aut\u00f4nomo de Carga &#8211; Mudan\u00e7as<\/strong><\/td><\/tr><\/tbody><\/table><\/figure>\n\n\n\n<p>Determinou-se um <strong>limite <\/strong>de<strong> receita bruta diferenciado <\/strong>para o<strong> MEI caminhoneiro <\/strong>em <strong>compara\u00e7\u00e3o <\/strong>com o MEI \u201c<strong>convencional<\/strong>\u201d, esse <strong>limite <\/strong>\u00e9 de<strong> R$ 251.600,00<\/strong>. No caso de in\u00edcio das atividades, o limite ser\u00e1 de <strong>R$ 20.966,67<\/strong> multiplicados pelo n\u00famero de meses do in\u00edcio das atividades, at\u00e9 o final do ano-calend\u00e1rio correspondente.<\/p>\n\n\n\n<figure class=\"wp-block-image size-large is-resized\"><img data-attachment-id=\"3624\" data-permalink=\"https:\/\/blog.univicosa.com.br\/index.php\/2022\/05\/23\/voce-sabia-caminhoneiro-agora-pode-ser-mei\/mei-caminhoneiro\/\" data-orig-file=\"https:\/\/blog.univicosa.com.br\/wp-content\/uploads\/2022\/05\/MEI-Caminhoneiro.jpg\" data-orig-size=\"1280,720\" data-comments-opened=\"1\" data-image-meta=\"{&quot;aperture&quot;:&quot;0&quot;,&quot;credit&quot;:&quot;&quot;,&quot;camera&quot;:&quot;&quot;,&quot;caption&quot;:&quot;&quot;,&quot;created_timestamp&quot;:&quot;0&quot;,&quot;copyright&quot;:&quot;&quot;,&quot;focal_length&quot;:&quot;0&quot;,&quot;iso&quot;:&quot;0&quot;,&quot;shutter_speed&quot;:&quot;0&quot;,&quot;title&quot;:&quot;&quot;,&quot;orientation&quot;:&quot;0&quot;}\" data-image-title=\"MEI-Caminhoneiro\" data-image-description=\"\" data-medium-file=\"https:\/\/blog.univicosa.com.br\/wp-content\/uploads\/2022\/05\/MEI-Caminhoneiro-300x169.jpg\" data-large-file=\"https:\/\/blog.univicosa.com.br\/wp-content\/uploads\/2022\/05\/MEI-Caminhoneiro-1024x576.jpg\" loading=\"lazy\" src=\"https:\/\/blog.univicosa.com.br\/wp-content\/uploads\/2022\/05\/MEI-Caminhoneiro-1024x576.jpg\" alt=\"\" class=\"wp-image-3624\" width=\"722\" height=\"406\" srcset=\"https:\/\/blog.univicosa.com.br\/wp-content\/uploads\/2022\/05\/MEI-Caminhoneiro-1024x576.jpg 1024w, https:\/\/blog.univicosa.com.br\/wp-content\/uploads\/2022\/05\/MEI-Caminhoneiro-300x169.jpg 300w, https:\/\/blog.univicosa.com.br\/wp-content\/uploads\/2022\/05\/MEI-Caminhoneiro-768x432.jpg 768w, https:\/\/blog.univicosa.com.br\/wp-content\/uploads\/2022\/05\/MEI-Caminhoneiro-850x478.jpg 850w, https:\/\/blog.univicosa.com.br\/wp-content\/uploads\/2022\/05\/MEI-Caminhoneiro.jpg 1280w\" sizes=\"(max-width: 722px) 100vw, 722px\" \/><\/figure>\n\n\n\n<p>\u00c9 <strong>importante <\/strong>destacar que, o<strong> Programa Gerador de Documento de Arrecada\u00e7\u00e3o do Simples Nacional<\/strong> do Microempreendedor Individual (PGMEI), j\u00e1 est\u00e1 com a <strong>al\u00edquota previdenci\u00e1ria diferenciada<\/strong> do MEI transportador, correspondente a <strong>12% <\/strong>sobre o <strong>sal\u00e1rio-m\u00ednimo mensal<\/strong>, al\u00e9m do <strong>ICMS e ISS,<\/strong> a que est\u00e3o sujeitos todos os <strong>MEI<\/strong>, quando for o caso. De maneira <strong>autom\u00e1tica<\/strong>, o <strong>contribuinte <\/strong>que se enquadre nessas condi\u00e7\u00f5es j\u00e1 ir\u00e1 fazer parte <strong>automaticamente deste benef\u00edcio.<\/strong><\/p>\n\n\n\n<h3><strong>DISCUSS\u00d5ES SOBRE O BENEF\u00cdCIO DO MEI CAMINHONEIRO:<\/strong><\/h3>\n\n\n\n<p>A<strong> Confedera\u00e7\u00e3o Nacional do Transporte<\/strong> (CNT) enviou uma<strong> A\u00e7\u00e3o Direta<\/strong> de <strong>Inconstitucionalidade <\/strong>(ADI) ao <strong>Supremo Tribunal Federal,<\/strong> contestando a <strong>Lei Complementar 188\/2021<\/strong>, que alterou o Estatuto Nacional da Microempresa e da Empresa de Pequeno Porte e ampliou a aplica\u00e7\u00e3o do regime tribut\u00e1rio do Simples Nacional ao transportador aut\u00f4nomo de cargas inscrito como Microempreendedor Individual (MEI).<\/p>\n\n\n\n<p>Para a <strong>CNT<\/strong>, a<strong> nova legisla\u00e7\u00e3o<\/strong> dispensa o <strong>caminhoneiro <\/strong>inscrito como MEI do pagamento das contribui\u00e7\u00f5es ao <strong>Servi\u00e7o Social do Transporte e ao Servi\u00e7o Nacional de Aprendizagem do Transporte<\/strong>, o que invade a <strong>compet\u00eancia <\/strong>do <strong>chefe <\/strong>do <strong>Poder Executivo Federal <\/strong>para editar lei que importe na institui\u00e7\u00e3o ou revoga\u00e7\u00e3o de tributos, ou que institua benef\u00edcios fiscais, sem consulta aos estados.<\/p>\n\n\n\n<p>Para a <strong>CNT<\/strong>, o texto da lei ainda viola o artigo 113 do Ato das <strong>Disposi\u00e7\u00f5es Constitucionais Transit\u00f3rias <\/strong>(ADCT) e no artigo 14 da Lei de<strong> Responsabilidade Fiscal (<\/strong>Lei Complementar 101\/2000), na medida em que<strong> institui benef\u00edcio fiscal <\/strong>que implica em ren\u00fancia de receita, \u00e0 revelia de estimativas de impacto or\u00e7ament\u00e1rio-financeiro. <\/p>\n\n\n\n<figure class=\"wp-block-image is-resized\"><a href=\"https:\/\/univicosa.apprbs.com.br\/blog\/\" target=\"_blank\" rel=\"noreferrer noopener\"><img data-attachment-id=\"2757\" data-permalink=\"https:\/\/blog.univicosa.com.br\/index.php\/2022\/01\/03\/saiba-tudo-sobre-o-curso-de-administracao\/receba-conteudos-univicosa-imagem-geral-blog\/\" data-orig-file=\"https:\/\/blog.univicosa.com.br\/wp-content\/uploads\/2022\/01\/RECEBA-CONTEUDOS-UNIVICOSA-imagem-geral-blog.png\" data-orig-size=\"675,50\" data-comments-opened=\"1\" data-image-meta=\"{&quot;aperture&quot;:&quot;0&quot;,&quot;credit&quot;:&quot;&quot;,&quot;camera&quot;:&quot;&quot;,&quot;caption&quot;:&quot;&quot;,&quot;created_timestamp&quot;:&quot;0&quot;,&quot;copyright&quot;:&quot;&quot;,&quot;focal_length&quot;:&quot;0&quot;,&quot;iso&quot;:&quot;0&quot;,&quot;shutter_speed&quot;:&quot;0&quot;,&quot;title&quot;:&quot;&quot;,&quot;orientation&quot;:&quot;0&quot;}\" data-image-title=\"RECEBA-CONTEUDOS-UNIVICOSA-imagem-geral-blog\" data-image-description=\"\" data-medium-file=\"https:\/\/blog.univicosa.com.br\/wp-content\/uploads\/2022\/01\/RECEBA-CONTEUDOS-UNIVICOSA-imagem-geral-blog-300x22.png\" data-large-file=\"https:\/\/blog.univicosa.com.br\/wp-content\/uploads\/2022\/01\/RECEBA-CONTEUDOS-UNIVICOSA-imagem-geral-blog.png\" loading=\"lazy\" src=\"https:\/\/blog.univicosa.com.br\/wp-content\/uploads\/2022\/01\/RECEBA-CONTEUDOS-UNIVICOSA-imagem-geral-blog.png\" alt=\"\" class=\"wp-image-2757\" width=\"841\" height=\"62\" srcset=\"https:\/\/blog.univicosa.com.br\/wp-content\/uploads\/2022\/01\/RECEBA-CONTEUDOS-UNIVICOSA-imagem-geral-blog.png 675w, https:\/\/blog.univicosa.com.br\/wp-content\/uploads\/2022\/01\/RECEBA-CONTEUDOS-UNIVICOSA-imagem-geral-blog-300x22.png 300w\" sizes=\"(max-width: 841px) 100vw, 841px\" \/><\/a><\/figure>\n\n\n\n<p>A <strong>confedera\u00e7\u00e3o <\/strong>sustenta que a<strong> redu\u00e7\u00e3o da arrecada\u00e7\u00e3o<\/strong> das <strong>receitas <\/strong>provenientes das contribui\u00e7\u00f5es sociais afeta n\u00e3o somente a execu\u00e7\u00e3o de projetos novos, mas pode interromper o atendimento de milhares de trabalhadores do transporte e dos seus dependentes.<\/p>\n\n\n\n<p>Por fim, o <strong>MEI CAMINHONEIRO<\/strong> veio como uma <strong>resposta <\/strong>do governo a esta categoria, de maneira com que ajude os caminhoneiros reduzindo as obriga\u00e7\u00f5es e impostos nas opera\u00e7\u00f5es, al\u00e9m de benefici\u00e1-los de maneira direta com o programa previdenci\u00e1rio que os auxilia e d\u00e1-os estabilidade.<\/p>\n\n\n\n<p>*<em>Escrito por: Hennanie Tellio da Silva Messias, aluno do 7\u00ba per\u00edodo do curso de Ci\u00eancias Cont\u00e1beis da UNIVI\u00c7OSA. <\/em><\/p>\n\n\n\n<p><a href=\"https:\/\/blog.univicosa.com.br\/index.php\/2022\/04\/05\/5-areas-de-atuacao-para-o-profissional-de-ciencias-contabeis\/\" target=\"_blank\" rel=\"noreferrer noopener\">5 \u00e1reas de atua\u00e7\u00e3o para o Profissional de Ci\u00eancias Cont\u00e1beis<\/a><\/p>\n\n\n\n<p><a href=\"https:\/\/blog.univicosa.com.br\/index.php\/2022\/03\/28\/terminei-o-ensino-medio-por-que-eu-deveria-escolher-o-curso-de-ciencias-contabeis\/\" target=\"_blank\" rel=\"noreferrer noopener\">Terminei o Ensino M\u00e9dio, por que eu deveria escolher o curso de Ci\u00eancias Cont\u00e1beis?<\/a><\/p>\n\n\n\n<p><em><a rel=\"noreferrer noopener\" href=\"https:\/\/univicosa.apprbs.com.br\/blog\/\" target=\"_blank\">Ei, quer<strong>&nbsp;receber conte\u00fados exclusivos<\/strong>&nbsp;da Univi\u00e7osa? clique aqui!&nbsp;<\/a><\/em><\/p>\n\n\n\n<p><a href=\"https:\/\/blog.univicosa.com.br\/index.php\/2022\/01\/03\/saiba-tudo-sobre-o-curso-de-ciencias-contabeis\/\" target=\"_blank\" rel=\"noreferrer noopener\"><strong>Saiba tudo sobre o curso de Ci\u00eancias Cont\u00e1beis!<\/strong><\/a><\/p>\n\n\n\n<p><a rel=\"noreferrer noopener\" href=\"https:\/\/www.univicosa.com.br\/graduacao\/cursos\/ciencias_contabeis\" target=\"_blank\">Curtiu e quer saber mais sobre o curso de&nbsp;<strong>Ci\u00eancias Cont\u00e1beis&nbsp;<\/strong>da&nbsp;<strong>UNIVI\u00c7OSA<\/strong>? Ent\u00e3o acesse o site da Univi\u00e7osa, clique aqui!<\/a><\/p>\n\n\n\n<p><a href=\"https:\/\/blog.univicosa.com.br\/index.php\/2021\/10\/25\/aprenda-como-abrir-a-sua-propria-empresa\/\" target=\"_blank\" rel=\"noreferrer noopener\">Aprenda como abrir a sua pr\u00f3pria empresa<\/a><\/p>\n\n\n\n<p><a href=\"https:\/\/blog.univicosa.com.br\/index.php\/2021\/09\/28\/saiba-tudo-sobre-o-mei-microempreendedor-individual\/\" target=\"_blank\" rel=\"noreferrer noopener\">Saiba tudo sobre o MEI -Microempreendedor Individual!<\/a><\/p>\n\n\n\n<p><a href=\"https:\/\/blog.univicosa.com.br\/index.php\/2021\/10\/21\/entenda-o-cooperativismo-principios-desafios-e-oportunidades\/\" target=\"_blank\" rel=\"noreferrer noopener\">Entenda o Cooperativismo: princ\u00edpios, desafios e oportunidades!<\/a><\/p>\n\n\n\n<p><a rel=\"noreferrer noopener\" href=\"https:\/\/blog.univicosa.com.br\/index.php\/2021\/10\/21\/entenda-o-cooperativismo-principios-desafios-e-oportunidades\/afinal,%20por%20que%20existem?\" target=\"_blank\">Impostos: afinal, por que existem?<\/a><\/p>\n\n\n\n<p><a href=\"https:\/\/blog.univicosa.com.br\/index.php\/2021\/10\/06\/voce-sabe-o-que-e-inflacao-a-gente-te-conta\/\" target=\"_blank\" rel=\"noreferrer noopener\">Voc\u00ea sabe o que \u00e9 infla\u00e7\u00e3o? A gente te conta!<\/a><\/p>\n\n\n\n<p><a href=\"https:\/\/blog.univicosa.com.br\/index.php\/2021\/08\/16\/1-ciencias-contabeis-areas-de-atuacao-auditoria\/\" target=\"_blank\" rel=\"noreferrer noopener\">#1 Ci\u00eancias Cont\u00e1beis \u2013 \u00c1reas de atua\u00e7\u00e3o: Auditoria<\/a><\/p>\n\n\n\n<p><a href=\"https:\/\/blog.univicosa.com.br\/index.php\/2021\/08\/24\/2-ciencias-contabeis-areas-de-atuacao-pericia-contabil\/\" target=\"_blank\" rel=\"noreferrer noopener\">#2 Ci\u00eancias Cont\u00e1beis \u2013 \u00c1reas de atua\u00e7\u00e3o: Per\u00edcia Cont\u00e1bil<\/a><\/p>\n\n\n\n<p><a href=\"https:\/\/blog.univicosa.com.br\/index.php\/2021\/09\/02\/3-ciencias-contabeis-areas-de-atuacao-consultor-tributario\/\" target=\"_blank\" rel=\"noreferrer noopener\">#3 Ci\u00eancias Cont\u00e1beis \u2013 \u00c1reas de atua\u00e7\u00e3o: Consultor Tribut\u00e1rio<\/a><\/p>\n\n\n\n<p><a href=\"https:\/\/blog.univicosa.com.br\/index.php\/2021\/09\/06\/4-ciencias-contabeis-areas-de-atuacao-pesquisa-cientifica\/\" target=\"_blank\" rel=\"noreferrer noopener\">#4 Ci\u00eancias Cont\u00e1beis \u2013 \u00c1reas de atua\u00e7\u00e3o: Pesquisa Cient\u00edfica<\/a><br><br><a href=\"https:\/\/blog.univicosa.com.br\/index.php\/2021\/09\/14\/5-ciencias-contabeis-areas-de-atuacao-pesquisa-cientifica-relatos-de-um-ex-aluno\/\" target=\"_blank\" rel=\"noreferrer noopener\">#5 Ci\u00eancias Cont\u00e1beis \u2013 \u00c1reas de atua\u00e7\u00e3o: Pesquisa Cient\u00edfica \u2013 Relatos de um ex-aluno!<\/a><\/p>\n\n\n\n<p><a href=\"https:\/\/blog.univicosa.com.br\/index.php\/2021\/07\/13\/saiba-como-a-tecnologia-da-informacao-se-aplica-a-contabilidade\/\" target=\"_blank\" rel=\"noreferrer noopener\">Saiba como a tecnologia da informa\u00e7\u00e3o se aplica a contabilidade!<\/a><\/p>\n\n\n\n<p><a href=\"https:\/\/blog.univicosa.com.br\/index.php\/2021\/07\/05\/regime-tributario-brasileiro-conheca-os-3-tipos-existentes\/\" target=\"_blank\" rel=\"noreferrer noopener\">Regime tribut\u00e1rio brasileiro: conhe\u00e7a os 3 tipos existentes!<\/a><\/p>\n\n\n\n<p><a href=\"https:\/\/blog.univicosa.com.br\/index.php\/2021\/06\/07\/voce-sabia-empresas-dentro-do-simples-nacional-podem-pagar-menos-impostos-dentro-da-lei\/\" target=\"_blank\" rel=\"noreferrer noopener\">Voc\u00ea sabia? Empresas dentro do Simples Nacional podem pagar menos impostos dentro da lei!<\/a><\/p>\n\n\n\n<p><a href=\"https:\/\/blog.univicosa.com.br\/index.php\/2021\/06\/01\/5-dicas-para-ter-um-curriculo-de-destaque\/\" target=\"_blank\" rel=\"noreferrer noopener\">5 dicas para criar um curr\u00edculo de sucesso!<\/a><\/p>\n\n\n\n<p><a href=\"https:\/\/blog.univicosa.com.br\/index.php\/2021\/07\/20\/conheca-as-vantagens-de-fazer-uma-segunda-graduacao\/\" target=\"_blank\" rel=\"noreferrer noopener\">Conhe\u00e7a as vantagens de fazer uma segunda gradua\u00e7\u00e3o<\/a><br><br><a href=\"https:\/\/blog.univicosa.com.br\/index.php\/2021\/07\/08\/networking-e-a-pandemia-como-estabelecer-conexoes-autenticas-em-tempos-de-distanciamento-social\/\" target=\"_blank\" rel=\"noreferrer noopener\">Saiba o que \u00e9 Networking e potencialize sua carreira profissional!<\/a><\/p>\n\n\n\n<p><a href=\"https:\/\/blog.univicosa.com.br\/index.php\/2021\/06\/08\/8-dicas-para-se-preparar-para-uma-entrevista-de-estagio\/\" target=\"_blank\" rel=\"noreferrer noopener\">8 dicas para se preparar para uma entrevista de est\u00e1gio!<\/a><\/p>\n\n\n\n<p><a href=\"https:\/\/blog.univicosa.com.br\/index.php\/2021\/06\/15\/10-passos-para-ter-um-perfil-mais-relevante-no-linkedin\/\">10 passos&nbsp;<\/a><a href=\"https:\/\/blog.univicosa.com.br\/index.php\/2021\/06\/15\/10-passos-para-ter-um-perfil-mais-relevante-no-linkedin\/\" target=\"_blank\" rel=\"noreferrer noopener\">p<\/a><a href=\"https:\/\/blog.univicosa.com.br\/index.php\/2021\/06\/15\/10-passos-para-ter-um-perfil-mais-relevante-no-linkedin\/\">ara ter um perfil mais relevante no LinkedIn!<\/a><\/p>\n\n\n\n<p><a rel=\"noreferrer noopener\" href=\"https:\/\/blog.univicosa.com.br\/index.php\/2021\/03\/24\/porque-cursar-ciencias-contabeis\/\" target=\"_blank\">PORQUE CURSAR CI\u00caNCIAS CONT\u00c1BEIS<\/a><br><br><a rel=\"noreferrer noopener\" href=\"https:\/\/blog.univicosa.com.br\/index.php\/2021\/07\/09\/voce-sabe-a-diferenca-entre-trabalhabilidade-e-empregabilidade\/\" target=\"_blank\">Voc\u00ea sabe a diferen\u00e7a entre Trabalhabilidade e Empregabilidade?<\/a><\/p>\n","protected":false},"excerpt":{"rendered":"<p>MEI CAMINHONEIRO \u2013 Entenda essa nova modalidade de Microempreendedor Individual e seus impactos no cen\u00e1rio econ\u00f4mico brasileiro! O Microempreendedor Individual, normalmente conhecido pela sigla MEI, \u00e9 um tipo de personalidade jur\u00eddica enquadrado no Regime Tribut\u00e1rio denominado \u201cSimples Nacional\u201d, de acordo com o \u00a7 1\u00ba do art. 18-A da Lei Complementar n\u00ba 123\/2006, considera-se Microempreendedor Individual&#8230;<\/p>\n","protected":false},"author":2,"featured_media":3623,"comment_status":"open","ping_status":"open","sticky":false,"template":"","format":"standard","meta":{"spay_email":""},"categories":[34,15],"tags":[409,970,1513,1507,1508,109,51,1150,984,440,424,197,930,1509,931,92,1511,1512,96,9,117,1514,93,1506],"jetpack_featured_media_url":"https:\/\/blog.univicosa.com.br\/wp-content\/uploads\/2022\/05\/MEI-CAMIN-blog.png","jetpack_shortlink":"https:\/\/wp.me\/pbcCKk-Wq","_links":{"self":[{"href":"https:\/\/blog.univicosa.com.br\/index.php\/wp-json\/wp\/v2\/posts\/3622"}],"collection":[{"href":"https:\/\/blog.univicosa.com.br\/index.php\/wp-json\/wp\/v2\/posts"}],"about":[{"href":"https:\/\/blog.univicosa.com.br\/index.php\/wp-json\/wp\/v2\/types\/post"}],"author":[{"embeddable":true,"href":"https:\/\/blog.univicosa.com.br\/index.php\/wp-json\/wp\/v2\/users\/2"}],"replies":[{"embeddable":true,"href":"https:\/\/blog.univicosa.com.br\/index.php\/wp-json\/wp\/v2\/comments?post=3622"}],"version-history":[{"count":2,"href":"https:\/\/blog.univicosa.com.br\/index.php\/wp-json\/wp\/v2\/posts\/3622\/revisions"}],"predecessor-version":[{"id":3627,"href":"https:\/\/blog.univicosa.com.br\/index.php\/wp-json\/wp\/v2\/posts\/3622\/revisions\/3627"}],"wp:featuredmedia":[{"embeddable":true,"href":"https:\/\/blog.univicosa.com.br\/index.php\/wp-json\/wp\/v2\/media\/3623"}],"wp:attachment":[{"href":"https:\/\/blog.univicosa.com.br\/index.php\/wp-json\/wp\/v2\/media?parent=3622"}],"wp:term":[{"taxonomy":"category","embeddable":true,"href":"https:\/\/blog.univicosa.com.br\/index.php\/wp-json\/wp\/v2\/categories?post=3622"},{"taxonomy":"post_tag","embeddable":true,"href":"https:\/\/blog.univicosa.com.br\/index.php\/wp-json\/wp\/v2\/tags?post=3622"}],"curies":[{"name":"wp","href":"https:\/\/api.w.org\/{rel}","templated":true}]}}