{"id":3596,"date":"2022-05-09T17:23:49","date_gmt":"2022-05-09T20:23:49","guid":{"rendered":"https:\/\/blog.univicosa.com.br\/?p=3596"},"modified":"2022-05-20T10:38:51","modified_gmt":"2022-05-20T13:38:51","slug":"areas-publicas-para-todos-os-principios-do-jardim-universal","status":"publish","type":"post","link":"https:\/\/blog.univicosa.com.br\/index.php\/2022\/05\/09\/areas-publicas-para-todos-os-principios-do-jardim-universal\/","title":{"rendered":"\u00c1REAS P\u00daBLICAS PARA TODOS: OS PRINC\u00cdPIOS DO JARDIM UNIVERSAL"},"content":{"rendered":"\n<p><strong>por<\/strong><em> Gerusa Ribeiro Borges Coelho<\/em> &#8211; <em>Arquiteta<\/em><\/p>\n\n\n\n<figure class=\"wp-block-image size-large\"><img data-attachment-id=\"3604\" data-permalink=\"https:\/\/blog.univicosa.com.br\/index.php\/2022\/05\/09\/areas-publicas-para-todos-os-principios-do-jardim-universal\/whatsapp-image-2022-05-09-at-14-35-18\/\" data-orig-file=\"https:\/\/blog.univicosa.com.br\/wp-content\/uploads\/2022\/05\/WhatsApp-Image-2022-05-09-at-14.35.18.jpeg\" data-orig-size=\"1024,683\" data-comments-opened=\"1\" data-image-meta=\"{&quot;aperture&quot;:&quot;0&quot;,&quot;credit&quot;:&quot;&quot;,&quot;camera&quot;:&quot;&quot;,&quot;caption&quot;:&quot;&quot;,&quot;created_timestamp&quot;:&quot;0&quot;,&quot;copyright&quot;:&quot;&quot;,&quot;focal_length&quot;:&quot;0&quot;,&quot;iso&quot;:&quot;0&quot;,&quot;shutter_speed&quot;:&quot;0&quot;,&quot;title&quot;:&quot;&quot;,&quot;orientation&quot;:&quot;0&quot;}\" data-image-title=\"WhatsApp-Image-2022-05-09-at-14.35.18\" data-image-description=\"\" data-medium-file=\"https:\/\/blog.univicosa.com.br\/wp-content\/uploads\/2022\/05\/WhatsApp-Image-2022-05-09-at-14.35.18-300x200.jpeg\" data-large-file=\"https:\/\/blog.univicosa.com.br\/wp-content\/uploads\/2022\/05\/WhatsApp-Image-2022-05-09-at-14.35.18.jpeg\" loading=\"lazy\" width=\"1024\" height=\"683\" src=\"https:\/\/blog.univicosa.com.br\/wp-content\/uploads\/2022\/05\/WhatsApp-Image-2022-05-09-at-14.35.18.jpeg\" alt=\"\" class=\"wp-image-3604\" srcset=\"https:\/\/blog.univicosa.com.br\/wp-content\/uploads\/2022\/05\/WhatsApp-Image-2022-05-09-at-14.35.18.jpeg 1024w, https:\/\/blog.univicosa.com.br\/wp-content\/uploads\/2022\/05\/WhatsApp-Image-2022-05-09-at-14.35.18-300x200.jpeg 300w, https:\/\/blog.univicosa.com.br\/wp-content\/uploads\/2022\/05\/WhatsApp-Image-2022-05-09-at-14.35.18-768x512.jpeg 768w, https:\/\/blog.univicosa.com.br\/wp-content\/uploads\/2022\/05\/WhatsApp-Image-2022-05-09-at-14.35.18-850x567.jpeg 850w\" sizes=\"(max-width: 1024px) 100vw, 1024px\" \/><\/figure>\n\n\n\n<p>        Parques, pra\u00e7as e jardins p\u00fablicos podem se tornar verdadeiros o\u00e1sis no tecido urbano, proporcionando ao cidad\u00e3o espa\u00e7os de proximidade com a natureza, momentos de relaxamento da rotina di\u00e1ria e locais para encontros sociais e lazer. Por\u00e9m, para serem espa\u00e7os verdadeiramente democr\u00e1ticos devem ser projetados e executados para o uso por diversos p\u00fablico como: adultos, crian\u00e7as, idosos, pessoas com defici\u00eancia, etc.<\/p>\n\n\n\n<p>        Os projetos paisag\u00edsticos de uso p\u00fablico devem prever as poss\u00edveis restri\u00e7\u00f5es que o espa\u00e7o pode impor para sua utiliza\u00e7\u00e3o plena, desde restri\u00e7\u00f5es sensoriais, psico-cognitivas e f\u00edsico-motoras, ou seja, propor equipamentos e \u00e1reas acess\u00edveis \u00e0s diferentes necessidades dos indiv\u00edduos.<\/p>\n\n\n\n<figure class=\"wp-block-image\"><a href=\"https:\/\/univicosa.apprbs.com.br\/blog\/\"><img src=\"https:\/\/blog.univicosa.com.br\/wp-content\/uploads\/2022\/01\/RECEBA-CONTEUDOS-UNIVICOSA-imagem-geral-blog.png\" alt=\"O atributo alt desta imagem est\u00e1 vazio. O nome do arquivo \u00e9 RECEBA-CONTEUDOS-UNIVICOSA-imagem-geral-blog.png\"\/><\/a><\/figure>\n\n\n\n<p>        Como exemplo, cita-se uma crian\u00e7a que n\u00e3o consegue sentar-se em determinados bancos devido \u00e0 altura inadequada do assento em rela\u00e7\u00e3o \u00e0 sua estatura. Neste caso, n\u00e3o h\u00e1 defici\u00eancia, mas sim uma restri\u00e7\u00e3o provocada pelo projeto do banco. Situa\u00e7\u00e3o contr\u00e1ria pode ocorrer \u00e0s pessoas com defici\u00eancia f\u00edsico-motora, onde a previs\u00e3o de um espa\u00e7o adequado para o posicionamento de cadeiras de rodas ao lado dos bancos, permite sua inclus\u00e3o no espa\u00e7o. Apesar da defici\u00eancia, o ambiente de estar n\u00e3o restringe a participa\u00e7\u00e3o do usu\u00e1rio nesta atividade de lazer passivo (ELY, 2006).<\/p>\n\n\n\n<p>        A exist\u00eancia de barreiras f\u00edsicas ou informativas nos espa\u00e7os p\u00fablicos, muitas vezes restringem seu uso, ocasionando situa\u00e7\u00f5es de constrangimento aos usu\u00e1rios. Por sua vez, projetos paisag\u00edsticos baseados no conceito de \u201cDesenho Universal\u201d, procuram viabilizar a independ\u00eancia na realiza\u00e7\u00e3o de atividades pelo maior n\u00famero de indiv\u00edduos, considerando a totalidade de suas habilidades e limita\u00e7\u00f5es.<\/p>\n\n\n\n<figure class=\"wp-block-image size-large\"><img data-attachment-id=\"3602\" data-permalink=\"https:\/\/blog.univicosa.com.br\/index.php\/2022\/05\/09\/areas-publicas-para-todos-os-principios-do-jardim-universal\/whatsapp-image-2022-05-09-at-14-35-17-2\/\" data-orig-file=\"https:\/\/blog.univicosa.com.br\/wp-content\/uploads\/2022\/05\/WhatsApp-Image-2022-05-09-at-14.35.17-2.jpeg\" data-orig-size=\"650,433\" data-comments-opened=\"1\" data-image-meta=\"{&quot;aperture&quot;:&quot;0&quot;,&quot;credit&quot;:&quot;&quot;,&quot;camera&quot;:&quot;&quot;,&quot;caption&quot;:&quot;&quot;,&quot;created_timestamp&quot;:&quot;0&quot;,&quot;copyright&quot;:&quot;&quot;,&quot;focal_length&quot;:&quot;0&quot;,&quot;iso&quot;:&quot;0&quot;,&quot;shutter_speed&quot;:&quot;0&quot;,&quot;title&quot;:&quot;&quot;,&quot;orientation&quot;:&quot;0&quot;}\" data-image-title=\"WhatsApp-Image-2022-05-09-at-14.35.17-2\" data-image-description=\"\" data-medium-file=\"https:\/\/blog.univicosa.com.br\/wp-content\/uploads\/2022\/05\/WhatsApp-Image-2022-05-09-at-14.35.17-2-300x200.jpeg\" data-large-file=\"https:\/\/blog.univicosa.com.br\/wp-content\/uploads\/2022\/05\/WhatsApp-Image-2022-05-09-at-14.35.17-2.jpeg\" loading=\"lazy\" width=\"650\" height=\"433\" src=\"https:\/\/blog.univicosa.com.br\/wp-content\/uploads\/2022\/05\/WhatsApp-Image-2022-05-09-at-14.35.17-2.jpeg\" alt=\"\" class=\"wp-image-3602\" srcset=\"https:\/\/blog.univicosa.com.br\/wp-content\/uploads\/2022\/05\/WhatsApp-Image-2022-05-09-at-14.35.17-2.jpeg 650w, https:\/\/blog.univicosa.com.br\/wp-content\/uploads\/2022\/05\/WhatsApp-Image-2022-05-09-at-14.35.17-2-300x200.jpeg 300w\" sizes=\"(max-width: 650px) 100vw, 650px\" \/><\/figure>\n\n\n\n<p>        Neste sentido, os projetos paisag\u00edsticos baseados nessa filosofia consistem em elaborar propostas visando a inclus\u00e3o e a integra\u00e7\u00e3o da maior gama de pessoas poss\u00edvel, independente de suas habilidades ou caracter\u00edsticas f\u00edsicas. Na cria\u00e7\u00e3o de projetos desta natureza devem ser aplicados os sete princ\u00edpios do Desenho Universal, sendo eles:<\/p>\n\n\n\n<p class=\"has-medium-font-size\"><strong>1) Uso equitativo<\/strong> <\/p>\n\n\n\n<p>O desenho de espa\u00e7os e equipamentos devem ser compreendido por pessoas com habilidades diversas, impedindo sua segrega\u00e7\u00e3o ou estigmatiza\u00e7\u00e3o.<\/p>\n\n\n\n<p class=\"has-medium-font-size\"><br><strong>2) Uso flex\u00edvel<\/strong><\/p>\n\n\n\n<p>As diversas prefer\u00eancias e habilidades individuais devem ser consideradas no desenho, independente do n\u00famero de usu\u00e1rios que se apropriem dos espa\u00e7os ou equipamentos.<\/p>\n\n\n\n<p class=\"has-medium-font-size\"><br><strong>3) Uso simples e intuitivo<\/strong><\/p>\n\n\n\n<p>os espa\u00e7os e equipamentos devem ser de f\u00e1cil compreens\u00e3o, independente da experi\u00eancia, conhecimento, habilidades de linguagem ou n\u00edvel de concentra\u00e7\u00e3o dos usu\u00e1rios.<br><\/p>\n\n\n\n<p class=\"has-medium-font-size\"><strong>4) Informa\u00e7\u00e3o de f\u00e1cil percep\u00e7\u00e3o<\/strong><\/p>\n\n\n\n<p>O desenho comunica a informa\u00e7\u00e3o necess\u00e1ria ao usu\u00e1rio, independente das condi\u00e7\u00f5es do ambiente ou de suas habilidades.<\/p>\n\n\n\n<p class=\"has-medium-font-size\"><br><strong>5) Toler\u00e2ncia ao erro<\/strong><\/p>\n\n\n\n<p>O desenho minimiza riscos e consequ\u00eancias adversas de a\u00e7\u00f5es acidentais ou n\u00e3o intencionais.<\/p>\n\n\n\n<p class=\"has-medium-font-size\"><br><strong>6) Baixo esfor\u00e7o f\u00edsico<\/strong><\/p>\n\n\n\n<p>O espa\u00e7o ou equipamento devem ser eficientes e confort\u00e1veis na sua utiliza\u00e7\u00e3o, considerando todas as habilidades dos usu\u00e1rios, ocasionando-lhes o m\u00ednimo de fadiga.<\/p>\n\n\n\n<p class=\"has-medium-font-size\"><br><strong>7) Dimens\u00e3o e espa\u00e7o para aproxima\u00e7\u00e3o e uso<\/strong><\/p>\n\n\n\n<p>Os espa\u00e7os e os equipamentos devem ter dimens\u00f5es apropriadas para o acesso, o alcance, a manipula\u00e7\u00e3o e o uso, independente do tamanho do corpo do usu\u00e1rio, da postura ou mobilidade.<\/p>\n\n\n\n<p>        Diante do exposto, os projetos paisag\u00edsticos baseados na filosofia do desenho universal devem explorar solu\u00e7\u00f5es centradas nos usu\u00e1rios, cujos espa\u00e7os busquem atender as suas distintas caracter\u00edsticas f\u00edsicas e habilidades, objetivando inter-relacionamento de pessoas com caracter\u00edsticas totalmente diversas.<\/p>\n\n\n\n<p>        Exatamente pelo pr\u00f3prio conceito de \u201cespa\u00e7o democr\u00e1tico\u201d, \u00e9 que as \u00e1reas livres devem adequar-se \u00e0s pessoas com as mais diversas particularidades, tornando-se ambientes acess\u00edveis a qualquer indiv\u00edduo, independente de suas defici\u00eancias.<\/p>\n\n\n\n<figure class=\"wp-block-image\"><a href=\"https:\/\/univicosa.apprbs.com.br\/blog\/\"><img src=\"https:\/\/blog.univicosa.com.br\/wp-content\/uploads\/2022\/01\/RECEBA-CONTEUDOS-UNIVICOSA-imagem-geral-blog.png\" alt=\"O atributo alt desta imagem est\u00e1 vazio. O nome do arquivo \u00e9 RECEBA-CONTEUDOS-UNIVICOSA-imagem-geral-blog.png\"\/><\/a><\/figure>\n\n\n\n<p>Gostou do Post? Aproveite para comentar e compartilhar com seus amigos! Conhe\u00e7a o curso de Arquitetura e Urbanismo da UNIVI\u00c7OSA,&nbsp;<a rel=\"noreferrer noopener\" href=\"https:\/\/www.univicosa.com.br\/graduacao\/cursos\/arquitetura_e_urbanismo\" target=\"_blank\">acesse o site<\/a>&nbsp;e siga nosso Instagram&nbsp;<strong><a rel=\"noreferrer noopener\" target=\"_blank\" href=\"https:\/\/www.instagram.com\/arquitetura.univicosa\">@arquitetura.univicosa<\/a><\/strong>. Voc\u00ea tamb\u00e9m pode aprender mais lendo outros posts do nosso blog.<\/p>\n\n\n\n<p class=\"has-normal-font-size\"><a href=\"https:\/\/blog.univicosa.com.br\/index.php\/2022\/04\/29\/5-mitos-e-1-verdade-sobre-o-curso-de-arquitetura-e-urbanismo\/\" data-type=\"URL\" data-id=\"https:\/\/blog.univicosa.com.br\/index.php\/2022\/04\/29\/5-mitos-e-1-verdade-sobre-o-curso-de-arquitetura-e-urbanismo\/\" target=\"_blank\" rel=\"noreferrer noopener\"><strong>5 mitos e 1 verdade sobre o curso de Arquitetura e Urbanismo<\/strong><\/a><\/p>\n\n\n\n<p class=\"has-normal-font-size\"><a rel=\"noreferrer noopener\" href=\"https:\/\/blog.univicosa.com.br\/index.php\/2022\/02\/22\/iluminacao-na-arquitetura\/\" data-type=\"URL\" data-id=\"https:\/\/blog.univicosa.com.br\/index.php\/2022\/02\/22\/iluminacao-na-arquitetura\/\" target=\"_blank\"><strong>Ilumina\u00e7\u00e3o na Arquitetura<\/strong><\/a><\/p>\n\n\n\n<p class=\"has-normal-font-size\"><a rel=\"noreferrer noopener\" href=\"https:\/\/blog.univicosa.com.br\/index.php\/2022\/02\/16\/o-perfil-do-profissional-de-arquitetura-e-urbanismo\/\" data-type=\"URL\" data-id=\"https:\/\/blog.univicosa.com.br\/index.php\/2022\/02\/16\/o-perfil-do-profissional-de-arquitetura-e-urbanismo\/\" target=\"_blank\"><strong>O perfil do profissional de Arquitetura e Urbanismo<\/strong><\/a><\/p>\n\n\n\n<p><a rel=\"noreferrer noopener\" href=\"https:\/\/blog.univicosa.com.br\/index.php\/2022\/01\/04\/5-motivos-para-fazer-arquitetura-e-urbanismo-na-univicosa\/\" target=\"_blank\"><strong>5 motivos para fazer Arquitetura e Urbanismo na UNIVI\u00c7OSA!<\/strong><\/a><\/p>\n\n\n\n<p><a rel=\"noreferrer noopener\" href=\"https:\/\/blog.univicosa.com.br\/index.php\/2021\/11\/05\/tecnologia-na-arquitetura\/\" data-type=\"URL\" data-id=\"https:\/\/blog.univicosa.com.br\/index.php\/2021\/11\/05\/tecnologia-na-arquitetura\/\" target=\"_blank\"><strong>Tecnologia na Arquitetura<\/strong><\/a><\/p>\n\n\n\n<h1 class=\"has-normal-font-size\"><strong><a href=\"saiba tudo sobre a arquitetura da paisagem!\" target=\"_blank\" rel=\"noreferrer noopener\">Paisagismo: saiba tudo sobre a arquitetura da paisagem!<\/a><\/strong><\/h1>\n\n\n\n<p><a href=\"https:\/\/blog.univicosa.com.br\/index.php\/2021\/07\/26\/curiosidades-e-mercado-de-trabalho-arquitetura-e-urbanismo\/\" data-type=\"URL\" data-id=\"https:\/\/blog.univicosa.com.br\/index.php\/2021\/07\/26\/curiosidades-e-mercado-de-trabalho-arquitetura-e-urbanismo\/\" target=\"_blank\" rel=\"noreferrer noopener\"><strong>Curiosidades e mercado de trabalho: Arquitetura e Urbanismo<\/strong><\/a><\/p>\n","protected":false},"excerpt":{"rendered":"<p>por Gerusa Ribeiro Borges Coelho &#8211; Arquiteta Parques, pra\u00e7as e jardins p\u00fablicos podem se tornar verdadeiros o\u00e1sis no tecido urbano, proporcionando ao cidad\u00e3o espa\u00e7os de proximidade com a natureza, momentos de relaxamento da rotina di\u00e1ria e locais para encontros sociais e lazer. Por\u00e9m, para serem espa\u00e7os verdadeiramente democr\u00e1ticos devem ser projetados e executados para o&#8230;<\/p>\n","protected":false},"author":2,"featured_media":3598,"comment_status":"open","ping_status":"open","sticky":false,"template":"","format":"standard","meta":{"spay_email":""},"categories":[1],"tags":[1487,1486,1483,103,1488,1481,1482,355,168,169,1485,1484],"jetpack_featured_media_url":"https:\/\/blog.univicosa.com.br\/wp-content\/uploads\/2022\/05\/CAPA-BLOG-ARQUITETURA.png","jetpack_shortlink":"https:\/\/wp.me\/pbcCKk-W0","_links":{"self":[{"href":"https:\/\/blog.univicosa.com.br\/index.php\/wp-json\/wp\/v2\/posts\/3596"}],"collection":[{"href":"https:\/\/blog.univicosa.com.br\/index.php\/wp-json\/wp\/v2\/posts"}],"about":[{"href":"https:\/\/blog.univicosa.com.br\/index.php\/wp-json\/wp\/v2\/types\/post"}],"author":[{"embeddable":true,"href":"https:\/\/blog.univicosa.com.br\/index.php\/wp-json\/wp\/v2\/users\/2"}],"replies":[{"embeddable":true,"href":"https:\/\/blog.univicosa.com.br\/index.php\/wp-json\/wp\/v2\/comments?post=3596"}],"version-history":[{"count":3,"href":"https:\/\/blog.univicosa.com.br\/index.php\/wp-json\/wp\/v2\/posts\/3596\/revisions"}],"predecessor-version":[{"id":3606,"href":"https:\/\/blog.univicosa.com.br\/index.php\/wp-json\/wp\/v2\/posts\/3596\/revisions\/3606"}],"wp:featuredmedia":[{"embeddable":true,"href":"https:\/\/blog.univicosa.com.br\/index.php\/wp-json\/wp\/v2\/media\/3598"}],"wp:attachment":[{"href":"https:\/\/blog.univicosa.com.br\/index.php\/wp-json\/wp\/v2\/media?parent=3596"}],"wp:term":[{"taxonomy":"category","embeddable":true,"href":"https:\/\/blog.univicosa.com.br\/index.php\/wp-json\/wp\/v2\/categories?post=3596"},{"taxonomy":"post_tag","embeddable":true,"href":"https:\/\/blog.univicosa.com.br\/index.php\/wp-json\/wp\/v2\/tags?post=3596"}],"curies":[{"name":"wp","href":"https:\/\/api.w.org\/{rel}","templated":true}]}}