{"id":3591,"date":"2022-05-09T14:19:27","date_gmt":"2022-05-09T17:19:27","guid":{"rendered":"https:\/\/blog.univicosa.com.br\/?p=3591"},"modified":"2022-05-20T10:38:58","modified_gmt":"2022-05-20T13:38:58","slug":"desenvolvimento-sustentavel-e-a-responsabilidade-social-das-empresas","status":"publish","type":"post","link":"https:\/\/blog.univicosa.com.br\/index.php\/2022\/05\/09\/desenvolvimento-sustentavel-e-a-responsabilidade-social-das-empresas\/","title":{"rendered":"Desenvolvimento sustent\u00e1vel e a responsabilidade social das empresas"},"content":{"rendered":"\n<figure class=\"wp-block-image size-large\"><img data-attachment-id=\"3592\" data-permalink=\"https:\/\/blog.univicosa.com.br\/index.php\/2022\/05\/09\/desenvolvimento-sustentavel-e-a-responsabilidade-social-das-empresas\/blog-social-ambiental-a\/\" data-orig-file=\"https:\/\/blog.univicosa.com.br\/wp-content\/uploads\/2022\/05\/BLOG-social-ambiental-a.png\" data-orig-size=\"1086,652\" data-comments-opened=\"1\" data-image-meta=\"{&quot;aperture&quot;:&quot;0&quot;,&quot;credit&quot;:&quot;&quot;,&quot;camera&quot;:&quot;&quot;,&quot;caption&quot;:&quot;&quot;,&quot;created_timestamp&quot;:&quot;0&quot;,&quot;copyright&quot;:&quot;&quot;,&quot;focal_length&quot;:&quot;0&quot;,&quot;iso&quot;:&quot;0&quot;,&quot;shutter_speed&quot;:&quot;0&quot;,&quot;title&quot;:&quot;&quot;,&quot;orientation&quot;:&quot;0&quot;}\" data-image-title=\"BLOG-social-ambiental-a\" data-image-description=\"\" data-medium-file=\"https:\/\/blog.univicosa.com.br\/wp-content\/uploads\/2022\/05\/BLOG-social-ambiental-a-300x180.png\" data-large-file=\"https:\/\/blog.univicosa.com.br\/wp-content\/uploads\/2022\/05\/BLOG-social-ambiental-a-1024x615.png\" loading=\"lazy\" width=\"1024\" height=\"615\" src=\"https:\/\/blog.univicosa.com.br\/wp-content\/uploads\/2022\/05\/BLOG-social-ambiental-a-1024x615.png\" alt=\"\" class=\"wp-image-3592\" srcset=\"https:\/\/blog.univicosa.com.br\/wp-content\/uploads\/2022\/05\/BLOG-social-ambiental-a-1024x615.png 1024w, https:\/\/blog.univicosa.com.br\/wp-content\/uploads\/2022\/05\/BLOG-social-ambiental-a-300x180.png 300w, https:\/\/blog.univicosa.com.br\/wp-content\/uploads\/2022\/05\/BLOG-social-ambiental-a-768x461.png 768w, https:\/\/blog.univicosa.com.br\/wp-content\/uploads\/2022\/05\/BLOG-social-ambiental-a-850x510.png 850w, https:\/\/blog.univicosa.com.br\/wp-content\/uploads\/2022\/05\/BLOG-social-ambiental-a.png 1086w\" sizes=\"(max-width: 1024px) 100vw, 1024px\" \/><\/figure>\n\n\n\n<p><em><strong>Por: Marina Said Heid Floresta<\/strong><\/em> <\/p>\n\n\n\n<p>Em meados dos<strong> anos 60<\/strong>, diante dos <strong>problemas sociais <\/strong>e <strong>ambientais <\/strong>que <strong>prevaleciam <\/strong>na <strong>\u00e9poca <\/strong>e devida a <strong>falta <\/strong>de <strong>conscientiza\u00e7\u00e3o<\/strong>, principalmente dos<strong> grandes empres\u00e1rios,<\/strong> ao explorar <strong>pessoas <\/strong>(m\u00e3o de obra) e <strong>meio ambiente <\/strong>de <strong>forma desordenada<\/strong>, surgiu a <strong>consci\u00eancia <\/strong>de <strong>Responsabilidade Social das Empresas <\/strong>(RSE), advinda de uma grande necessidade da <strong>mudan\u00e7a<\/strong> desse cen\u00e1rio.<\/p>\n\n\n\n<p>No decorrer do tempo e at\u00e9 os<strong> dias atuais<\/strong>, muitas foram as <strong>discuss\u00f5es <\/strong>para que o <strong>desenvolvimento econ\u00f4mico andasse em sintonia com o meio ambiente e com a sociedade<\/strong> como um todo, de forma que as <strong>empresas <\/strong>continuassem <strong>gerando emprego e renda<\/strong>, mas, ao <strong>mesmo tempo,<\/strong> utilizando de<strong> forma sustent\u00e1vel <\/strong>os <strong>recursos renov\u00e1veis e n\u00e3o renov\u00e1veis<\/strong> dispon\u00edveis, bem como promovendo <strong>melhorias<\/strong> para a <strong>qualidade de vida<\/strong> de seus <strong>funcion\u00e1rios <\/strong>e para <strong>sociedade <\/strong>em que est\u00e1 inserida.<\/p>\n\n\n\n<figure class=\"wp-block-image\"><a href=\"https:\/\/univicosa.apprbs.com.br\/blog\/\" target=\"_blank\" rel=\"noreferrer noopener\"><img data-attachment-id=\"2757\" data-permalink=\"https:\/\/blog.univicosa.com.br\/index.php\/2022\/01\/03\/saiba-tudo-sobre-o-curso-de-administracao\/receba-conteudos-univicosa-imagem-geral-blog\/\" data-orig-file=\"https:\/\/blog.univicosa.com.br\/wp-content\/uploads\/2022\/01\/RECEBA-CONTEUDOS-UNIVICOSA-imagem-geral-blog.png\" data-orig-size=\"675,50\" data-comments-opened=\"1\" data-image-meta=\"{&quot;aperture&quot;:&quot;0&quot;,&quot;credit&quot;:&quot;&quot;,&quot;camera&quot;:&quot;&quot;,&quot;caption&quot;:&quot;&quot;,&quot;created_timestamp&quot;:&quot;0&quot;,&quot;copyright&quot;:&quot;&quot;,&quot;focal_length&quot;:&quot;0&quot;,&quot;iso&quot;:&quot;0&quot;,&quot;shutter_speed&quot;:&quot;0&quot;,&quot;title&quot;:&quot;&quot;,&quot;orientation&quot;:&quot;0&quot;}\" data-image-title=\"RECEBA-CONTEUDOS-UNIVICOSA-imagem-geral-blog\" data-image-description=\"\" data-medium-file=\"https:\/\/blog.univicosa.com.br\/wp-content\/uploads\/2022\/01\/RECEBA-CONTEUDOS-UNIVICOSA-imagem-geral-blog-300x22.png\" data-large-file=\"https:\/\/blog.univicosa.com.br\/wp-content\/uploads\/2022\/01\/RECEBA-CONTEUDOS-UNIVICOSA-imagem-geral-blog.png\" loading=\"lazy\" width=\"675\" height=\"50\" src=\"https:\/\/blog.univicosa.com.br\/wp-content\/uploads\/2022\/01\/RECEBA-CONTEUDOS-UNIVICOSA-imagem-geral-blog.png\" alt=\"\" class=\"wp-image-2757\" srcset=\"https:\/\/blog.univicosa.com.br\/wp-content\/uploads\/2022\/01\/RECEBA-CONTEUDOS-UNIVICOSA-imagem-geral-blog.png 675w, https:\/\/blog.univicosa.com.br\/wp-content\/uploads\/2022\/01\/RECEBA-CONTEUDOS-UNIVICOSA-imagem-geral-blog-300x22.png 300w\" sizes=\"(max-width: 675px) 100vw, 675px\" \/><\/a><\/figure>\n\n\n\n<p>Por\u00e9m, a <strong>realidade <\/strong>ainda <strong>n\u00e3o \u00e9 plenamente satisfat\u00f3ria <\/strong>com o proposto acima, onde pode-se dizer que a parcela que realmente se preocupa n\u00e3o representa a maioria das empresas, exibindo um cen\u00e1rio que tem muito o que melhorar se tratando de <strong>conscientiza\u00e7\u00e3o ambiental <\/strong>e <strong>social<\/strong>.<\/p>\n\n\n\n<figure class=\"wp-block-image size-large\"><img data-attachment-id=\"3593\" data-permalink=\"https:\/\/blog.univicosa.com.br\/index.php\/2022\/05\/09\/desenvolvimento-sustentavel-e-a-responsabilidade-social-das-empresas\/sustentabilidade-e-responsabilidade-social\/\" data-orig-file=\"https:\/\/blog.univicosa.com.br\/wp-content\/uploads\/2022\/05\/sustentabilidade-e-responsabilidade-social.jpeg\" data-orig-size=\"2035,1473\" data-comments-opened=\"1\" data-image-meta=\"{&quot;aperture&quot;:&quot;0&quot;,&quot;credit&quot;:&quot;&quot;,&quot;camera&quot;:&quot;&quot;,&quot;caption&quot;:&quot;&quot;,&quot;created_timestamp&quot;:&quot;0&quot;,&quot;copyright&quot;:&quot;&quot;,&quot;focal_length&quot;:&quot;0&quot;,&quot;iso&quot;:&quot;0&quot;,&quot;shutter_speed&quot;:&quot;0&quot;,&quot;title&quot;:&quot;&quot;,&quot;orientation&quot;:&quot;0&quot;}\" data-image-title=\"sustentabilidade-e-responsabilidade-social\" data-image-description=\"\" data-medium-file=\"https:\/\/blog.univicosa.com.br\/wp-content\/uploads\/2022\/05\/sustentabilidade-e-responsabilidade-social-300x217.jpeg\" data-large-file=\"https:\/\/blog.univicosa.com.br\/wp-content\/uploads\/2022\/05\/sustentabilidade-e-responsabilidade-social-1024x741.jpeg\" loading=\"lazy\" width=\"1024\" height=\"741\" src=\"https:\/\/blog.univicosa.com.br\/wp-content\/uploads\/2022\/05\/sustentabilidade-e-responsabilidade-social-1024x741.jpeg\" alt=\"\" class=\"wp-image-3593\" srcset=\"https:\/\/blog.univicosa.com.br\/wp-content\/uploads\/2022\/05\/sustentabilidade-e-responsabilidade-social-1024x741.jpeg 1024w, https:\/\/blog.univicosa.com.br\/wp-content\/uploads\/2022\/05\/sustentabilidade-e-responsabilidade-social-300x217.jpeg 300w, https:\/\/blog.univicosa.com.br\/wp-content\/uploads\/2022\/05\/sustentabilidade-e-responsabilidade-social-768x556.jpeg 768w, https:\/\/blog.univicosa.com.br\/wp-content\/uploads\/2022\/05\/sustentabilidade-e-responsabilidade-social-1536x1112.jpeg 1536w, https:\/\/blog.univicosa.com.br\/wp-content\/uploads\/2022\/05\/sustentabilidade-e-responsabilidade-social-850x615.jpeg 850w, https:\/\/blog.univicosa.com.br\/wp-content\/uploads\/2022\/05\/sustentabilidade-e-responsabilidade-social.jpeg 2035w\" sizes=\"(max-width: 1024px) 100vw, 1024px\" \/><\/figure>\n\n\n\n<p>Como se sabe, a<strong> explora\u00e7\u00e3o e degrada\u00e7\u00e3o<\/strong> do <strong>meio ambiente<\/strong> se estendem por <strong>muitas d\u00e9cadas<\/strong>, o que se torna <strong>pauta <\/strong>para<strong> discuss\u00f5es<\/strong> cada vez mais <strong>recorrentes <\/strong>(dos \u00f3rg\u00e3os ambientais nacionais e internacionais), pois os efeitos dessas <strong>a\u00e7\u00f5es <\/strong>de explora\u00e7\u00e3o <strong>desenfreada <\/strong>afetam a <strong>humanidade <\/strong>e o <strong>planeta <\/strong>como um todo.<\/p>\n\n\n\n<p>Exemplos desses efeitos s\u00e3o as<strong> extin\u00e7\u00f5es<\/strong> de <strong>v\u00e1rias esp\u00e9cies da fauna e da flora mundial,<\/strong> <strong>polui\u00e7\u00e3o <\/strong>de<strong> len\u00e7\u00f3is fre\u00e1ticos<\/strong>, <strong>chuvas \u00e1cidas<\/strong>, <strong>altera\u00e7\u00f5es clim\u00e1ticas<\/strong> recorrentes, resultando em<strong> in\u00fameros desastres naturais<\/strong> e tamb\u00e9m o<strong> efeito estufa<\/strong>, que tem como grave consequ\u00eancia o <strong>aquecimento global.<\/strong><\/p>\n\n\n\n<p>Sendo assim, al\u00e9m das <strong>medidas legais j\u00e1 existentes<\/strong>, para controlar essa explora\u00e7\u00e3o exacerbada, \u00e9 necess\u00e1rio que a <strong>sociedade <\/strong>como um todo tenha essa <strong>consci\u00eancia <\/strong>e fa\u00e7a sua parte, seja<strong> cobrando autoridades legais ambientais<\/strong> para uma <strong>fiscaliza\u00e7\u00e3o mais r\u00edgida <\/strong>ou pelo simples ato de fazer o correto <strong>descarte do lixo,<\/strong> por exemplo.<\/p>\n\n\n\n<figure class=\"wp-block-image\"><a href=\"https:\/\/univicosa.apprbs.com.br\/blog\/\" target=\"_blank\" rel=\"noreferrer noopener\"><img data-attachment-id=\"2757\" data-permalink=\"https:\/\/blog.univicosa.com.br\/index.php\/2022\/01\/03\/saiba-tudo-sobre-o-curso-de-administracao\/receba-conteudos-univicosa-imagem-geral-blog\/\" data-orig-file=\"https:\/\/blog.univicosa.com.br\/wp-content\/uploads\/2022\/01\/RECEBA-CONTEUDOS-UNIVICOSA-imagem-geral-blog.png\" data-orig-size=\"675,50\" data-comments-opened=\"1\" data-image-meta=\"{&quot;aperture&quot;:&quot;0&quot;,&quot;credit&quot;:&quot;&quot;,&quot;camera&quot;:&quot;&quot;,&quot;caption&quot;:&quot;&quot;,&quot;created_timestamp&quot;:&quot;0&quot;,&quot;copyright&quot;:&quot;&quot;,&quot;focal_length&quot;:&quot;0&quot;,&quot;iso&quot;:&quot;0&quot;,&quot;shutter_speed&quot;:&quot;0&quot;,&quot;title&quot;:&quot;&quot;,&quot;orientation&quot;:&quot;0&quot;}\" data-image-title=\"RECEBA-CONTEUDOS-UNIVICOSA-imagem-geral-blog\" data-image-description=\"\" data-medium-file=\"https:\/\/blog.univicosa.com.br\/wp-content\/uploads\/2022\/01\/RECEBA-CONTEUDOS-UNIVICOSA-imagem-geral-blog-300x22.png\" data-large-file=\"https:\/\/blog.univicosa.com.br\/wp-content\/uploads\/2022\/01\/RECEBA-CONTEUDOS-UNIVICOSA-imagem-geral-blog.png\" loading=\"lazy\" width=\"675\" height=\"50\" src=\"https:\/\/blog.univicosa.com.br\/wp-content\/uploads\/2022\/01\/RECEBA-CONTEUDOS-UNIVICOSA-imagem-geral-blog.png\" alt=\"\" class=\"wp-image-2757\" srcset=\"https:\/\/blog.univicosa.com.br\/wp-content\/uploads\/2022\/01\/RECEBA-CONTEUDOS-UNIVICOSA-imagem-geral-blog.png 675w, https:\/\/blog.univicosa.com.br\/wp-content\/uploads\/2022\/01\/RECEBA-CONTEUDOS-UNIVICOSA-imagem-geral-blog-300x22.png 300w\" sizes=\"(max-width: 675px) 100vw, 675px\" \/><\/a><\/figure>\n\n\n\n<p>Essa <strong>realidade <\/strong>precisa ser <strong>repensada <\/strong>e <strong>mudada<\/strong>, porque al\u00e9m do planeta est\u00e1 sofrendo todo esse impacto, entrando em estado de alerta, o que sobrar\u00e1 para as gera\u00e7\u00f5es futuras?<\/p>\n\n\n\n<p><a href=\"https:\/\/blog.univicosa.com.br\/index.php\/2022\/04\/05\/5-areas-de-atuacao-para-o-profissional-de-ciencias-contabeis\/\" target=\"_blank\" rel=\"noreferrer noopener\">5 \u00e1reas de atua\u00e7\u00e3o para o Profissional de Ci\u00eancias Cont\u00e1beis<\/a><\/p>\n\n\n\n<p><a href=\"https:\/\/blog.univicosa.com.br\/index.php\/2022\/03\/28\/terminei-o-ensino-medio-por-que-eu-deveria-escolher-o-curso-de-ciencias-contabeis\/\" target=\"_blank\" rel=\"noreferrer noopener\">Terminei o Ensino M\u00e9dio, por que eu deveria escolher o curso de Ci\u00eancias Cont\u00e1beis?<\/a><\/p>\n\n\n\n<p><em><a rel=\"noreferrer noopener\" href=\"https:\/\/univicosa.apprbs.com.br\/blog\/\" target=\"_blank\">Ei, quer<strong>&nbsp;receber conte\u00fados exclusivos<\/strong>&nbsp;da Univi\u00e7osa? clique aqui!&nbsp;<\/a><\/em><\/p>\n\n\n\n<p><a href=\"https:\/\/blog.univicosa.com.br\/index.php\/2022\/01\/03\/saiba-tudo-sobre-o-curso-de-ciencias-contabeis\/\" target=\"_blank\" rel=\"noreferrer noopener\"><strong>Saiba tudo sobre o curso de Ci\u00eancias Cont\u00e1beis!<\/strong><\/a><\/p>\n\n\n\n<p><a rel=\"noreferrer noopener\" href=\"https:\/\/www.univicosa.com.br\/graduacao\/cursos\/ciencias_contabeis\" target=\"_blank\">Curtiu e quer saber mais sobre o curso de&nbsp;<strong>Ci\u00eancias Cont\u00e1beis&nbsp;<\/strong>da&nbsp;<strong>UNIVI\u00c7OSA<\/strong>? Ent\u00e3o acesse o site da Univi\u00e7osa, clique aqui!<\/a><\/p>\n\n\n\n<p><a href=\"https:\/\/blog.univicosa.com.br\/index.php\/2021\/10\/25\/aprenda-como-abrir-a-sua-propria-empresa\/\" target=\"_blank\" rel=\"noreferrer noopener\">Aprenda como abrir a sua pr\u00f3pria empresa<\/a><\/p>\n\n\n\n<p><a href=\"https:\/\/blog.univicosa.com.br\/index.php\/2021\/09\/28\/saiba-tudo-sobre-o-mei-microempreendedor-individual\/\" target=\"_blank\" rel=\"noreferrer noopener\">Saiba tudo sobre o MEI -Microempreendedor Individual!<\/a><\/p>\n\n\n\n<p><a href=\"https:\/\/blog.univicosa.com.br\/index.php\/2021\/10\/21\/entenda-o-cooperativismo-principios-desafios-e-oportunidades\/\" target=\"_blank\" rel=\"noreferrer noopener\">Entenda o Cooperativismo: princ\u00edpios, desafios e oportunidades!<\/a><\/p>\n\n\n\n<p><a rel=\"noreferrer noopener\" href=\"https:\/\/blog.univicosa.com.br\/index.php\/2021\/10\/21\/entenda-o-cooperativismo-principios-desafios-e-oportunidades\/afinal,%20por%20que%20existem?\" target=\"_blank\">Impostos: afinal, por que existem?<\/a><\/p>\n\n\n\n<p><a href=\"https:\/\/blog.univicosa.com.br\/index.php\/2021\/10\/06\/voce-sabe-o-que-e-inflacao-a-gente-te-conta\/\" target=\"_blank\" rel=\"noreferrer noopener\">Voc\u00ea sabe o que \u00e9 infla\u00e7\u00e3o? A gente te conta!<\/a><\/p>\n\n\n\n<p><a href=\"https:\/\/blog.univicosa.com.br\/index.php\/2021\/08\/16\/1-ciencias-contabeis-areas-de-atuacao-auditoria\/\" target=\"_blank\" rel=\"noreferrer noopener\">#1 Ci\u00eancias Cont\u00e1beis \u2013 \u00c1reas de atua\u00e7\u00e3o: Auditoria<\/a><\/p>\n\n\n\n<p><a href=\"https:\/\/blog.univicosa.com.br\/index.php\/2021\/08\/24\/2-ciencias-contabeis-areas-de-atuacao-pericia-contabil\/\" target=\"_blank\" rel=\"noreferrer noopener\">#2 Ci\u00eancias Cont\u00e1beis \u2013 \u00c1reas de atua\u00e7\u00e3o: Per\u00edcia Cont\u00e1bil<\/a><\/p>\n\n\n\n<p><a href=\"https:\/\/blog.univicosa.com.br\/index.php\/2021\/09\/02\/3-ciencias-contabeis-areas-de-atuacao-consultor-tributario\/\" target=\"_blank\" rel=\"noreferrer noopener\">#3 Ci\u00eancias Cont\u00e1beis \u2013 \u00c1reas de atua\u00e7\u00e3o: Consultor Tribut\u00e1rio<\/a><\/p>\n\n\n\n<p><a href=\"https:\/\/blog.univicosa.com.br\/index.php\/2021\/09\/06\/4-ciencias-contabeis-areas-de-atuacao-pesquisa-cientifica\/\" target=\"_blank\" rel=\"noreferrer noopener\">#4 Ci\u00eancias Cont\u00e1beis \u2013 \u00c1reas de atua\u00e7\u00e3o: Pesquisa Cient\u00edfica<\/a><br><br><a href=\"https:\/\/blog.univicosa.com.br\/index.php\/2021\/09\/14\/5-ciencias-contabeis-areas-de-atuacao-pesquisa-cientifica-relatos-de-um-ex-aluno\/\" target=\"_blank\" rel=\"noreferrer noopener\">#5 Ci\u00eancias Cont\u00e1beis \u2013 \u00c1reas de atua\u00e7\u00e3o: Pesquisa Cient\u00edfica \u2013 Relatos de um ex-aluno!<\/a><\/p>\n\n\n\n<p><a href=\"https:\/\/blog.univicosa.com.br\/index.php\/2021\/07\/13\/saiba-como-a-tecnologia-da-informacao-se-aplica-a-contabilidade\/\" target=\"_blank\" rel=\"noreferrer noopener\">Saiba como a tecnologia da informa\u00e7\u00e3o se aplica a contabilidade!<\/a><\/p>\n\n\n\n<p><a href=\"https:\/\/blog.univicosa.com.br\/index.php\/2021\/07\/05\/regime-tributario-brasileiro-conheca-os-3-tipos-existentes\/\" target=\"_blank\" rel=\"noreferrer noopener\">Regime tribut\u00e1rio brasileiro: conhe\u00e7a os 3 tipos existentes!<\/a><\/p>\n\n\n\n<p><a href=\"https:\/\/blog.univicosa.com.br\/index.php\/2021\/06\/07\/voce-sabia-empresas-dentro-do-simples-nacional-podem-pagar-menos-impostos-dentro-da-lei\/\" target=\"_blank\" rel=\"noreferrer noopener\">Voc\u00ea sabia? Empresas dentro do Simples Nacional podem pagar menos impostos dentro da lei!<\/a><\/p>\n\n\n\n<p><a href=\"https:\/\/blog.univicosa.com.br\/index.php\/2021\/06\/01\/5-dicas-para-ter-um-curriculo-de-destaque\/\" target=\"_blank\" rel=\"noreferrer noopener\">5 dicas para criar um curr\u00edculo de sucesso!<\/a><\/p>\n\n\n\n<p><a href=\"https:\/\/blog.univicosa.com.br\/index.php\/2021\/07\/20\/conheca-as-vantagens-de-fazer-uma-segunda-graduacao\/\" target=\"_blank\" rel=\"noreferrer noopener\">Conhe\u00e7a as vantagens de fazer uma segunda gradua\u00e7\u00e3o<\/a><br><br><a href=\"https:\/\/blog.univicosa.com.br\/index.php\/2021\/07\/08\/networking-e-a-pandemia-como-estabelecer-conexoes-autenticas-em-tempos-de-distanciamento-social\/\" target=\"_blank\" rel=\"noreferrer noopener\">Saiba o que \u00e9 Networking e potencialize sua carreira profissional!<\/a><\/p>\n\n\n\n<p><a href=\"https:\/\/blog.univicosa.com.br\/index.php\/2021\/06\/08\/8-dicas-para-se-preparar-para-uma-entrevista-de-estagio\/\" target=\"_blank\" rel=\"noreferrer noopener\">8 dicas para se preparar para uma entrevista de est\u00e1gio!<\/a><\/p>\n\n\n\n<p><a href=\"https:\/\/blog.univicosa.com.br\/index.php\/2021\/06\/15\/10-passos-para-ter-um-perfil-mais-relevante-no-linkedin\/\">10 passos&nbsp;<\/a><a href=\"https:\/\/blog.univicosa.com.br\/index.php\/2021\/06\/15\/10-passos-para-ter-um-perfil-mais-relevante-no-linkedin\/\" target=\"_blank\" rel=\"noreferrer noopener\">p<\/a><a href=\"https:\/\/blog.univicosa.com.br\/index.php\/2021\/06\/15\/10-passos-para-ter-um-perfil-mais-relevante-no-linkedin\/\">ara ter um perfil mais relevante no LinkedIn!<\/a><\/p>\n\n\n\n<p><a rel=\"noreferrer noopener\" href=\"https:\/\/blog.univicosa.com.br\/index.php\/2021\/03\/24\/porque-cursar-ciencias-contabeis\/\" target=\"_blank\">PORQUE CURSAR CI\u00caNCIAS CONT\u00c1BEIS<\/a><br><br><a rel=\"noreferrer noopener\" href=\"https:\/\/blog.univicosa.com.br\/index.php\/2021\/07\/09\/voce-sabe-a-diferenca-entre-trabalhabilidade-e-empregabilidade\/\" target=\"_blank\">Voc\u00ea sabe a diferen\u00e7a entre Trabalhabilidade e Empregabilidade?<\/a> <\/p>\n","protected":false},"excerpt":{"rendered":"<p>Por: Marina Said Heid Floresta Em meados dos anos 60, diante dos problemas sociais e ambientais que prevaleciam na \u00e9poca e devida a falta de conscientiza\u00e7\u00e3o, principalmente dos grandes empres\u00e1rios, ao explorar pessoas (m\u00e3o de obra) e meio ambiente de forma desordenada, surgiu a consci\u00eancia de Responsabilidade Social das Empresas (RSE), advinda de uma grande&#8230;<\/p>\n","protected":false},"author":2,"featured_media":3592,"comment_status":"open","ping_status":"open","sticky":false,"template":"","format":"standard","meta":{"spay_email":""},"categories":[34,15],"tags":[1477,409,970,1479,258,300,1475,1474,5,1476,761,420,51,1478,302,272,92,1121,812,96,9,93],"jetpack_featured_media_url":"https:\/\/blog.univicosa.com.br\/wp-content\/uploads\/2022\/05\/BLOG-social-ambiental-a.png","jetpack_shortlink":"https:\/\/wp.me\/pbcCKk-VV","_links":{"self":[{"href":"https:\/\/blog.univicosa.com.br\/index.php\/wp-json\/wp\/v2\/posts\/3591"}],"collection":[{"href":"https:\/\/blog.univicosa.com.br\/index.php\/wp-json\/wp\/v2\/posts"}],"about":[{"href":"https:\/\/blog.univicosa.com.br\/index.php\/wp-json\/wp\/v2\/types\/post"}],"author":[{"embeddable":true,"href":"https:\/\/blog.univicosa.com.br\/index.php\/wp-json\/wp\/v2\/users\/2"}],"replies":[{"embeddable":true,"href":"https:\/\/blog.univicosa.com.br\/index.php\/wp-json\/wp\/v2\/comments?post=3591"}],"version-history":[{"count":3,"href":"https:\/\/blog.univicosa.com.br\/index.php\/wp-json\/wp\/v2\/posts\/3591\/revisions"}],"predecessor-version":[{"id":3597,"href":"https:\/\/blog.univicosa.com.br\/index.php\/wp-json\/wp\/v2\/posts\/3591\/revisions\/3597"}],"wp:featuredmedia":[{"embeddable":true,"href":"https:\/\/blog.univicosa.com.br\/index.php\/wp-json\/wp\/v2\/media\/3592"}],"wp:attachment":[{"href":"https:\/\/blog.univicosa.com.br\/index.php\/wp-json\/wp\/v2\/media?parent=3591"}],"wp:term":[{"taxonomy":"category","embeddable":true,"href":"https:\/\/blog.univicosa.com.br\/index.php\/wp-json\/wp\/v2\/categories?post=3591"},{"taxonomy":"post_tag","embeddable":true,"href":"https:\/\/blog.univicosa.com.br\/index.php\/wp-json\/wp\/v2\/tags?post=3591"}],"curies":[{"name":"wp","href":"https:\/\/api.w.org\/{rel}","templated":true}]}}