{"id":3584,"date":"2022-04-29T17:25:17","date_gmt":"2022-04-29T20:25:17","guid":{"rendered":"https:\/\/blog.univicosa.com.br\/?p=3584"},"modified":"2022-05-20T10:39:04","modified_gmt":"2022-05-20T13:39:04","slug":"5-mitos-e-1-verdade-sobre-o-curso-de-arquitetura-e-urbanismo","status":"publish","type":"post","link":"https:\/\/blog.univicosa.com.br\/index.php\/2022\/04\/29\/5-mitos-e-1-verdade-sobre-o-curso-de-arquitetura-e-urbanismo\/","title":{"rendered":"5 mitos e 1 verdade sobre o curso de Arquitetura e Urbanismo"},"content":{"rendered":"\n<p>Voc\u00ea est\u00e1 pensando em estudar Arquitetura e Urbanismo, mas ainda tem d\u00favidas se esse curso \u00e9 para voc\u00ea? Talvez essas d\u00favidas tenham surgido de alguns mitos que dizem por a\u00ed sobre o curso. Vem com a gente descobrir o que \u00e9 mito e o que \u00e9 verdade sobre essa \u00e1rea t\u00e3o interessante!<\/p>\n\n\n\n<figure class=\"wp-block-image size-large\"><img data-attachment-id=\"3585\" data-permalink=\"https:\/\/blog.univicosa.com.br\/index.php\/2022\/04\/29\/5-mitos-e-1-verdade-sobre-o-curso-de-arquitetura-e-urbanismo\/capa-do-blog-padrao-novo-2\/\" data-orig-file=\"https:\/\/blog.univicosa.com.br\/wp-content\/uploads\/2022\/04\/Capa-do-blog-padrao-novo-1.png\" data-orig-size=\"1086,652\" data-comments-opened=\"1\" data-image-meta=\"{&quot;aperture&quot;:&quot;0&quot;,&quot;credit&quot;:&quot;&quot;,&quot;camera&quot;:&quot;&quot;,&quot;caption&quot;:&quot;&quot;,&quot;created_timestamp&quot;:&quot;0&quot;,&quot;copyright&quot;:&quot;&quot;,&quot;focal_length&quot;:&quot;0&quot;,&quot;iso&quot;:&quot;0&quot;,&quot;shutter_speed&quot;:&quot;0&quot;,&quot;title&quot;:&quot;&quot;,&quot;orientation&quot;:&quot;0&quot;}\" data-image-title=\"Capa do blog padr\u00e3o novo\" data-image-description=\"\" data-medium-file=\"https:\/\/blog.univicosa.com.br\/wp-content\/uploads\/2022\/04\/Capa-do-blog-padrao-novo-1-300x180.png\" data-large-file=\"https:\/\/blog.univicosa.com.br\/wp-content\/uploads\/2022\/04\/Capa-do-blog-padrao-novo-1-1024x615.png\" loading=\"lazy\" width=\"1024\" height=\"615\" src=\"https:\/\/blog.univicosa.com.br\/wp-content\/uploads\/2022\/04\/Capa-do-blog-padrao-novo-1-1024x615.png\" alt=\"\" class=\"wp-image-3585\" srcset=\"https:\/\/blog.univicosa.com.br\/wp-content\/uploads\/2022\/04\/Capa-do-blog-padrao-novo-1-1024x615.png 1024w, https:\/\/blog.univicosa.com.br\/wp-content\/uploads\/2022\/04\/Capa-do-blog-padrao-novo-1-300x180.png 300w, https:\/\/blog.univicosa.com.br\/wp-content\/uploads\/2022\/04\/Capa-do-blog-padrao-novo-1-768x461.png 768w, https:\/\/blog.univicosa.com.br\/wp-content\/uploads\/2022\/04\/Capa-do-blog-padrao-novo-1-850x510.png 850w, https:\/\/blog.univicosa.com.br\/wp-content\/uploads\/2022\/04\/Capa-do-blog-padrao-novo-1.png 1086w\" sizes=\"(max-width: 1024px) 100vw, 1024px\" \/><\/figure>\n\n\n\n<p><strong>1\u00ba mito: \u201cPrecisa saber desenhar para fazer Arquitetura\u201d<\/strong><\/p>\n\n\n\n<p>Esse deve ser o mito mais difundido. O essencial \u00e9 o amor pela profiss\u00e3o e a criatividade. As t\u00e9cnicas e no\u00e7\u00f5es necess\u00e1rias para projetos e croquis voc\u00ea ir\u00e1 aprender em disciplinas ao longo do curso e, para melhorar o tra\u00e7o, voc\u00ea precisar\u00e1 praticar bastante! Al\u00e9m disso, voc\u00ea poder\u00e1 aprimorar sua t\u00e9cnica com cursos extras, afinal, todo conhecimento \u00e9 bem-vindo!<\/p>\n\n\n\n<p><strong>2\u00ba mito: \u201cVou fazer Arquitetura porque sei desenhar\u201d<\/strong><\/p>\n\n\n\n<p>Na contram\u00e3o do primeiro mito, esse segundo tamb\u00e9m pode enganar muita gente! Antes de iniciar seu curso de Arquitetura e Urbanismo baseado somente em suas habilidades para desenho, saiba que a Arquitetura \u00e9 uma \u00e1rea muito mais abrangente! Durante o curso voc\u00ea tamb\u00e9m estudar\u00e1 disciplinas de hist\u00f3ria, topografia, composi\u00e7\u00e3o do espa\u00e7o, sustentabilidade, acessibilidade, materiais e tudo que voc\u00ea precisar\u00e1 para conseguir elaborar um projeto que atenda \u00e0s necessidades do seu cliente!<\/p>\n\n\n\n<p><strong>3\u00ba mito: Arquiteto \u00e9 igual a Engenheiro Civil<\/strong><\/p>\n\n\n\n<p>N\u00e3o! De forma alguma. As pessoas precisam entender que, apesar de serem profiss\u00f5es complementares e parceiras, cada profissional tem sua forma\u00e7\u00e3o e seu campo de atua\u00e7\u00e3o. Falando de forma geral das partes comuns das duas forma\u00e7\u00f5es, o arquiteto est\u00e1 apto a projetar e coordenar constru\u00e7\u00f5es e reformas. J\u00e1 o engenheiro civil trabalha mais com os projetos complementares (projetos estruturais, funda\u00e7\u00f5es, hidr\u00e1ulica, el\u00e9trica e esgotamento sanit\u00e1rio) e a constru\u00e7\u00e3o, propriamente dita. A parceria entre esses profissionais garante obras de qualidade e seguras.<\/p>\n\n\n\n<p><strong>4\u00ba mito: Fazer um projeto de arquitetura \u00e9 f\u00e1cil e r\u00e1pido<\/strong><\/p>\n\n\n\n<p>Diferente do que muitos pensam elaborar um projeto de arquitetura n\u00e3o \u00e9 f\u00e1cil e r\u00e1pido. Ele demanda tempo. Isso porque o projeto n\u00e3o \u00e9 apenas um desenho, mas o resultado de todas as solu\u00e7\u00f5es pensadas para aquele espa\u00e7o. O projeto final \u00e9 um conjunto de solu\u00e7\u00f5es que melhor atendem as expectativas do cliente, levando em considera\u00e7\u00e3o uma s\u00e9rie de fatores, como normas t\u00e9cnicas, gostos do cliente, funcionalidade, est\u00e9tica e outros pontos.<\/p>\n\n\n\n<p><strong>5\u00ba mito: Arquitetura s\u00f3 vale para grandes obras e projetos de luxo<\/strong><\/p>\n\n\n\n<p>N\u00e3o necessariamente&#8230; Este \u00e9 um mito que teve origem, na antiguidade, no contexto dos grandes projetos para clientes, como a Igreja, o Estado e a classe alta. Foi esta situa\u00e7\u00e3o que colaborou para o mito que ambientes belos, planejados e confort\u00e1veis s\u00e3o exclusividade dos mais ricos. Por\u00e9m, projetar edifica\u00e7\u00f5es e espa\u00e7os com solu\u00e7\u00f5es t\u00e9cnicas adequadas a cada realidade n\u00e3o \u00e9 privil\u00e9gio de poucos e sim a meta dos profissionais da arquitetura, independente do recurso econ\u00f4mico dos seus usu\u00e1rios. A atua\u00e7\u00e3o do arquiteto em projetos sociais vem sendo cada vez mais destacada.<\/p>\n\n\n\n<p><strong>Uma Verdade: O arquiteto \u00e9 um profissional essencial em uma projeto\/obra<\/strong><\/p>\n\n\n\n<p>&nbsp;O arquiteto e urbanista \u00e9 o profissional certo para transformar as suas necessidades e desejos em solu\u00e7\u00f5es espaciais, e construir ou reformar o seu im\u00f3vel. Ele tem uma forma\u00e7\u00e3o \u00fanica que o habilita a unir t\u00e9cnica, criatividade, funcionalidade e est\u00e9tica deixando o seu im\u00f3vel mais agrad\u00e1vel, ambientalmente sustent\u00e1vel e adequado \u00e0s suas necessidades e ao seu or\u00e7amento. Contratar um arquiteto \u00e9 um investimento&nbsp;com&nbsp;retorno imediato e tamb\u00e9m uma recompensa mensur\u00e1vel \u00e0 longo prazo.<\/p>\n\n\n\n<p>Agora que voc\u00ea j\u00e1 conhece a verdade que colocam por terra os mitos da Arquitetura, que tal conhecer como \u00e9 de verdade o curso de Arquitetura e Urbanismo da UNIVI\u00c7OSA?<\/p>\n\n\n\n<p>A partir das atividades acad\u00eamicas do nosso curso, o estudante trabalha a sensibilidade art\u00edstica e a consci\u00eancia socioambiental, atrav\u00e9s das diversas t\u00e9cnicas de se organizar, criar e planejar espa\u00e7os internos e externos.<\/p>\n\n\n\n<h3>Entre as atividades do profissional formado em Arquitetura e Urbanismo, destaca-se:<\/h3>\n\n\n\n<ul><li>Projetos arquitet\u00f4nicos residenciais, comerciais, institucionais, ou seja, projetos arquitet\u00f4nicos de qualquer natureza;<\/li><li>Concep\u00e7\u00e3o de projetos que visa o planejamento de uma regi\u00e3o, bairro, cidade, assim como de \u00e1reas livres;<\/li><li>Cria\u00e7\u00e3o e de concep\u00e7\u00e3o dos espa\u00e7os abertos, como por exemplo, jardins e pra\u00e7as;<\/li><li>Recupera\u00e7\u00e3o de constru\u00e7\u00f5es antigas ou deterioradas e interven\u00e7\u00e3o em patrim\u00f4nio hist\u00f3rico, cultural e art\u00edstico;<\/li><li>Projetos de ilumina\u00e7\u00e3o de ambientes, tanto de pequenos como de grandes portes, seja eles interiores ou exteriores;<\/li><li>Pesquisa dos materiais e das t\u00e9cnicas para a aplica\u00e7\u00e3o na obra;<\/li><li>Acompanhamento e Execu\u00e7\u00e3o de Obra;<\/li><li>Designer de interiores, gr\u00e1fico e de mobili\u00e1rio.<\/li><\/ul>\n\n\n\n<p>A versatilidade da profiss\u00e3o confere ao Arquiteto e Urbanista um mercado bastante amplo e acolhedor.<\/p>\n\n\n\n<h3>Diferenciais do Curso de Arquitetura e Urbanismo da Univi\u00e7osa:<\/h3>\n\n\n\n<ul><li>Articula\u00e7\u00e3o das disciplinas pr\u00e1ticas e te\u00f3ricas, preparando o estudante para o mercado de trabalho;<\/li><li>Laborat\u00f3rio de projetos amplo e acolhedor;<\/li><li>Laborat\u00f3rio Maker, onde o estudante tem contato direto com novas tecnologias exigidas pelo mercado de trabalho:<\/li><li>Laborat\u00f3rios de inform\u00e1tica bem equipados;<\/li><li>Diversidade de projetos de extens\u00e3o onde o estudante, desde o primeiro semestre, tem contato com as demandas da comunidade, podendo exercer o papel social do arquiteto e urbanista;<\/li><li>Disciplinas articuladas em todos os semestres de forma que a aprendizagem seja significativa e real;<\/li><li>Disciplinas de projeto onde o estudante tem a oportunidade de exercitar a pr\u00e1tica profissional, com interdisciplinaridade e colabora\u00e7\u00e3o;<\/li><li>Oportunidades de est\u00e1gios em v\u00e1rias \u00e1reas.<\/li><\/ul>\n\n\n\n<figure class=\"wp-block-image size-large\"><a href=\"https:\/\/univicosa.apprbs.com.br\/blog\/\" target=\"_blank\" rel=\"noopener\"><img data-attachment-id=\"2905\" data-permalink=\"https:\/\/blog.univicosa.com.br\/index.php\/2022\/02\/01\/5-motivos-para-fazer-nutricao-na-univicosa\/imagem-link-blog\/\" data-orig-file=\"https:\/\/blog.univicosa.com.br\/wp-content\/uploads\/2022\/02\/imagem-link-blog.png\" data-orig-size=\"677,51\" data-comments-opened=\"1\" data-image-meta=\"{&quot;aperture&quot;:&quot;0&quot;,&quot;credit&quot;:&quot;&quot;,&quot;camera&quot;:&quot;&quot;,&quot;caption&quot;:&quot;&quot;,&quot;created_timestamp&quot;:&quot;0&quot;,&quot;copyright&quot;:&quot;&quot;,&quot;focal_length&quot;:&quot;0&quot;,&quot;iso&quot;:&quot;0&quot;,&quot;shutter_speed&quot;:&quot;0&quot;,&quot;title&quot;:&quot;&quot;,&quot;orientation&quot;:&quot;0&quot;}\" data-image-title=\"imagem link blog\" data-image-description=\"\" data-medium-file=\"https:\/\/blog.univicosa.com.br\/wp-content\/uploads\/2022\/02\/imagem-link-blog-300x23.png\" data-large-file=\"https:\/\/blog.univicosa.com.br\/wp-content\/uploads\/2022\/02\/imagem-link-blog.png\" loading=\"lazy\" width=\"677\" height=\"51\" src=\"https:\/\/blog.univicosa.com.br\/wp-content\/uploads\/2022\/02\/imagem-link-blog.png\" alt=\"\" class=\"wp-image-2905\" srcset=\"https:\/\/blog.univicosa.com.br\/wp-content\/uploads\/2022\/02\/imagem-link-blog.png 677w, https:\/\/blog.univicosa.com.br\/wp-content\/uploads\/2022\/02\/imagem-link-blog-300x23.png 300w\" sizes=\"(max-width: 677px) 100vw, 677px\" \/><\/a><\/figure>\n\n\n\n<p>Gostou do Post? Aproveite para comentar e compartilhar com seus amigos! Conhe\u00e7a o curso de Arquitetura e Urbanismo da UNIVI\u00c7OSA, <a rel=\"noreferrer noopener\" href=\"https:\/\/www.univicosa.com.br\/graduacao\/cursos\/arquitetura_e_urbanismo\" target=\"_blank\">acesse o site<\/a> e siga nosso Instagram <strong><a rel=\"noreferrer noopener\" target=\"_blank\" href=\"https:\/\/www.instagram.com\/arquitetura.univicosa\">@arquitetura.univicosa<\/a><\/strong>. Voc\u00ea tamb\u00e9m pode aprender mais lendo outros posts do nosso blog.<\/p>\n\n\n\n<p><a rel=\"noreferrer noopener\" href=\"https:\/\/blog.univicosa.com.br\/index.php\/2022\/03\/15\/o-desafio-do-habitar\/\" target=\"_blank\">O desafio do Habitar<\/a><\/p>\n\n\n\n<p><a rel=\"noreferrer noopener\" href=\"https:\/\/blog.univicosa.com.br\/index.php\/2022\/03\/24\/quero-ser-arquiteto-quem-devo-seguir-no-instagram\/\" target=\"_blank\">Quero ser Arquiteto! Quem devo seguir no Instagram?<\/a><\/p>\n\n\n\n<p><a rel=\"noreferrer noopener\" href=\"https:\/\/blog.univicosa.com.br\/index.php\/2022\/03\/25\/a-primeira-expressao-arquitetonica-brasileira\/\" target=\"_blank\">A Primeira Express\u00e3o Arquitet\u00f4nica Brasileira<\/a><\/p>\n\n\n\n<p><a rel=\"noreferrer noopener\" href=\"https:\/\/blog.univicosa.com.br\/index.php\/2021\/07\/26\/curiosidades-e-mercado-de-trabalho-arquitetura-e-urbanismo\/\" target=\"_blank\">Curiosidades e mercado de trabalho: Arquitetura e Urbanismo<\/a><\/p>\n\n\n\n<p><a rel=\"noreferrer noopener\" href=\"https:\/\/blog.univicosa.com.br\/index.php\/2022\/03\/31\/o-arquiteto-e-suas-areas-de-atuacao\/saiba tudo sobre a arquitetura da paisagem!\" target=\"_blank\">Paisagismo: saiba tudo sobre a arquitetura da paisagem!<\/a><\/p>\n\n\n\n<p><a rel=\"noreferrer noopener\" href=\"https:\/\/blog.univicosa.com.br\/index.php\/2021\/10\/22\/os-modos-de-morar-e-a-arquitetura\/\" target=\"_blank\">Os modos de morar e a Arquitetura<\/a><\/p>\n\n\n\n<p><a rel=\"noreferrer noopener\" href=\"https:\/\/blog.univicosa.com.br\/index.php\/2021\/11\/05\/tecnologia-na-arquitetura\/\" target=\"_blank\">Tecnologia na Arquitetura<\/a><\/p>\n\n\n\n<p><a rel=\"noreferrer noopener\" href=\"https:\/\/blog.univicosa.com.br\/index.php\/2022\/01\/03\/saiba-tudo-sobre-o-curso-de-arquitetura-e-urbanismo\/\" target=\"_blank\">Saiba tudo sobre o curso de Arquitetura e Urbanismo!<\/a><\/p>\n\n\n\n<p><a href=\"https:\/\/blog.univicosa.com.br\/index.php\/2022\/01\/04\/5-motivos-para-fazer-arquitetura-e-urbanismo-na-univicosa\/\" target=\"_blank\" rel=\"noreferrer noopener\">5 motivos para fazer Arquitetura e Urbanismo na UNIVI\u00c7OSA!<\/a><\/p>\n","protected":false},"excerpt":{"rendered":"<p>Voc\u00ea est\u00e1 pensando em estudar Arquitetura e Urbanismo, mas ainda tem d\u00favidas se esse curso \u00e9 para voc\u00ea? Talvez essas d\u00favidas tenham surgido de alguns mitos que dizem por a\u00ed sobre o curso. Vem com a gente descobrir o que \u00e9 mito e o que \u00e9 verdade sobre essa \u00e1rea t\u00e3o interessante!<\/p>\n","protected":false},"author":2,"featured_media":3585,"comment_status":"open","ping_status":"open","sticky":false,"template":"","format":"standard","meta":{"spay_email":""},"categories":[28,14],"tags":[102,103,970,374,1018,1288,108,858,964,109,51,1287,1289,1418,92,1017,1016,355,169,107,111,9],"jetpack_featured_media_url":"https:\/\/blog.univicosa.com.br\/wp-content\/uploads\/2022\/04\/Capa-do-blog-padrao-novo-1.png","jetpack_shortlink":"https:\/\/wp.me\/pbcCKk-VO","_links":{"self":[{"href":"https:\/\/blog.univicosa.com.br\/index.php\/wp-json\/wp\/v2\/posts\/3584"}],"collection":[{"href":"https:\/\/blog.univicosa.com.br\/index.php\/wp-json\/wp\/v2\/posts"}],"about":[{"href":"https:\/\/blog.univicosa.com.br\/index.php\/wp-json\/wp\/v2\/types\/post"}],"author":[{"embeddable":true,"href":"https:\/\/blog.univicosa.com.br\/index.php\/wp-json\/wp\/v2\/users\/2"}],"replies":[{"embeddable":true,"href":"https:\/\/blog.univicosa.com.br\/index.php\/wp-json\/wp\/v2\/comments?post=3584"}],"version-history":[{"count":1,"href":"https:\/\/blog.univicosa.com.br\/index.php\/wp-json\/wp\/v2\/posts\/3584\/revisions"}],"predecessor-version":[{"id":3586,"href":"https:\/\/blog.univicosa.com.br\/index.php\/wp-json\/wp\/v2\/posts\/3584\/revisions\/3586"}],"wp:featuredmedia":[{"embeddable":true,"href":"https:\/\/blog.univicosa.com.br\/index.php\/wp-json\/wp\/v2\/media\/3585"}],"wp:attachment":[{"href":"https:\/\/blog.univicosa.com.br\/index.php\/wp-json\/wp\/v2\/media?parent=3584"}],"wp:term":[{"taxonomy":"category","embeddable":true,"href":"https:\/\/blog.univicosa.com.br\/index.php\/wp-json\/wp\/v2\/categories?post=3584"},{"taxonomy":"post_tag","embeddable":true,"href":"https:\/\/blog.univicosa.com.br\/index.php\/wp-json\/wp\/v2\/tags?post=3584"}],"curies":[{"name":"wp","href":"https:\/\/api.w.org\/{rel}","templated":true}]}}