{"id":3566,"date":"2022-04-26T15:08:00","date_gmt":"2022-04-26T18:08:00","guid":{"rendered":"https:\/\/blog.univicosa.com.br\/?p=3566"},"modified":"2022-05-20T10:39:29","modified_gmt":"2022-05-20T13:39:29","slug":"o-que-as-empresas-esperam-do-profissional-atualmente","status":"publish","type":"post","link":"https:\/\/blog.univicosa.com.br\/index.php\/2022\/04\/26\/o-que-as-empresas-esperam-do-profissional-atualmente\/","title":{"rendered":"O que as empresas esperam do profissional atualmente?"},"content":{"rendered":"\n<figure class=\"wp-block-image size-large\"><img data-attachment-id=\"3569\" data-permalink=\"https:\/\/blog.univicosa.com.br\/index.php\/2022\/04\/26\/o-que-as-empresas-esperam-do-profissional-atualmente\/fwertyerdf\/\" data-orig-file=\"https:\/\/blog.univicosa.com.br\/wp-content\/uploads\/2022\/04\/fwertyerdf.png\" data-orig-size=\"1086,652\" data-comments-opened=\"1\" data-image-meta=\"{&quot;aperture&quot;:&quot;0&quot;,&quot;credit&quot;:&quot;&quot;,&quot;camera&quot;:&quot;&quot;,&quot;caption&quot;:&quot;&quot;,&quot;created_timestamp&quot;:&quot;0&quot;,&quot;copyright&quot;:&quot;&quot;,&quot;focal_length&quot;:&quot;0&quot;,&quot;iso&quot;:&quot;0&quot;,&quot;shutter_speed&quot;:&quot;0&quot;,&quot;title&quot;:&quot;&quot;,&quot;orientation&quot;:&quot;0&quot;}\" data-image-title=\"fwertyerdf\" data-image-description=\"\" data-medium-file=\"https:\/\/blog.univicosa.com.br\/wp-content\/uploads\/2022\/04\/fwertyerdf-300x180.png\" data-large-file=\"https:\/\/blog.univicosa.com.br\/wp-content\/uploads\/2022\/04\/fwertyerdf-1024x615.png\" loading=\"lazy\" width=\"1024\" height=\"615\" src=\"https:\/\/blog.univicosa.com.br\/wp-content\/uploads\/2022\/04\/fwertyerdf-1024x615.png\" alt=\"\" class=\"wp-image-3569\" srcset=\"https:\/\/blog.univicosa.com.br\/wp-content\/uploads\/2022\/04\/fwertyerdf-1024x615.png 1024w, https:\/\/blog.univicosa.com.br\/wp-content\/uploads\/2022\/04\/fwertyerdf-300x180.png 300w, https:\/\/blog.univicosa.com.br\/wp-content\/uploads\/2022\/04\/fwertyerdf-768x461.png 768w, https:\/\/blog.univicosa.com.br\/wp-content\/uploads\/2022\/04\/fwertyerdf-850x510.png 850w, https:\/\/blog.univicosa.com.br\/wp-content\/uploads\/2022\/04\/fwertyerdf.png 1086w\" sizes=\"(max-width: 1024px) 100vw, 1024px\" \/><\/figure>\n\n\n\n<p>Hoje em dia, existem <strong>muitas ferramentas tecnol\u00f3gicas dispon\u00edveis<\/strong>, intelig\u00eancia artificial, big data. Mas, a capacidade de o profissional interpretar e comunicar os dados, \u00e9 insubstitu\u00edvel.<strong> Dessa forma surge a pergunta: O que as empresas esperam do profissional?<\/strong> Quais s\u00e3o as compet\u00eancias gerais mais buscadas por empresas?<\/p>\n\n\n\n<h4><strong>Conforme a revista Forbes, as caracter\u00edsticas mais valorizadas hoje em dia s\u00e3o:<\/strong><\/h4>\n\n\n\n<ul><li>Resili\u00eancia<\/li><li>Capacidade de resolver problemas<\/li><li>Boa Comunica\u00e7\u00e3o, falar em p\u00fablico<\/li><li>Flexibilidade e adaptabilidade<\/li><li>Ser cr\u00edtico e criativo<\/li><li>Capacidade de convencer e influenciar.<\/li><\/ul>\n\n\n\n<p>Cada uma dessas <strong>caracter\u00edsticas <\/strong>\u00e9 <strong>importante <\/strong>e \u00e9 poss\u00edvel de ser <strong>treinada <\/strong>e <strong>desenvolvida<\/strong>. A resili\u00eancia <strong>profissional <\/strong>est\u00e1 ligada ao fato de o indiv\u00edduo suportar e resistir ao estresse do<strong> dia a dia <\/strong>no <strong>ambiente de trabalho<\/strong>, levando em conta que a <strong>vida profissional <\/strong>cont\u00e9m seus <strong>altos e baixos<\/strong>, al\u00e9m da capacidade de <strong>fortalecimento <\/strong>em meio ao <strong>desafio<\/strong>.<\/p>\n\n\n\n<p>A capacidade de<strong> resolver problemas<\/strong> est\u00e1 relacionada diretamente a <strong>resili\u00eancia profissional <\/strong>e a<strong> intelig\u00eancia emocional<\/strong>, pois para que o sujeito consiga pensar em uma solu\u00e7\u00e3o para determinado problema e executar a <strong>solu\u00e7\u00e3o<\/strong>, \u00e9 necess\u00e1rio se manter calmo e male\u00e1vel diante do problema. <\/p>\n\n\n\n<figure class=\"wp-block-image size-large\"><img data-attachment-id=\"3570\" data-permalink=\"https:\/\/blog.univicosa.com.br\/index.php\/2022\/04\/26\/o-que-as-empresas-esperam-do-profissional-atualmente\/image-three-business-partners-in-black-elegant-suit-talking-and-working-together-while-discussing-new-strategy\/\" data-orig-file=\"https:\/\/blog.univicosa.com.br\/wp-content\/uploads\/2022\/04\/image-three-business-partners-in-black-elegant-suit-talking-and-working-together-while-discussing-new-strategy-scaled.jpg\" data-orig-size=\"2560,1707\" data-comments-opened=\"1\" data-image-meta=\"{&quot;aperture&quot;:&quot;2&quot;,&quot;credit&quot;:&quot;&quot;,&quot;camera&quot;:&quot;Canon EOS 5D Mark III&quot;,&quot;caption&quot;:&quot;Image three business partners in black elegant suit talking and working together while discussing new strategy !&quot;,&quot;created_timestamp&quot;:&quot;1552041972&quot;,&quot;copyright&quot;:&quot;&quot;,&quot;focal_length&quot;:&quot;85&quot;,&quot;iso&quot;:&quot;100&quot;,&quot;shutter_speed&quot;:&quot;0.002&quot;,&quot;title&quot;:&quot;&quot;,&quot;orientation&quot;:&quot;1&quot;}\" data-image-title=\"image-three-business-partners-in-black-elegant-suit-talking-and-working-together-while-discussing-new-strategy\" data-image-description=\"\" data-medium-file=\"https:\/\/blog.univicosa.com.br\/wp-content\/uploads\/2022\/04\/image-three-business-partners-in-black-elegant-suit-talking-and-working-together-while-discussing-new-strategy-300x200.jpg\" data-large-file=\"https:\/\/blog.univicosa.com.br\/wp-content\/uploads\/2022\/04\/image-three-business-partners-in-black-elegant-suit-talking-and-working-together-while-discussing-new-strategy-1024x683.jpg\" loading=\"lazy\" width=\"1024\" height=\"683\" src=\"https:\/\/blog.univicosa.com.br\/wp-content\/uploads\/2022\/04\/image-three-business-partners-in-black-elegant-suit-talking-and-working-together-while-discussing-new-strategy-1024x683.jpg\" alt=\"\" class=\"wp-image-3570\" srcset=\"https:\/\/blog.univicosa.com.br\/wp-content\/uploads\/2022\/04\/image-three-business-partners-in-black-elegant-suit-talking-and-working-together-while-discussing-new-strategy-1024x683.jpg 1024w, https:\/\/blog.univicosa.com.br\/wp-content\/uploads\/2022\/04\/image-three-business-partners-in-black-elegant-suit-talking-and-working-together-while-discussing-new-strategy-300x200.jpg 300w, https:\/\/blog.univicosa.com.br\/wp-content\/uploads\/2022\/04\/image-three-business-partners-in-black-elegant-suit-talking-and-working-together-while-discussing-new-strategy-768x512.jpg 768w, https:\/\/blog.univicosa.com.br\/wp-content\/uploads\/2022\/04\/image-three-business-partners-in-black-elegant-suit-talking-and-working-together-while-discussing-new-strategy-1536x1024.jpg 1536w, https:\/\/blog.univicosa.com.br\/wp-content\/uploads\/2022\/04\/image-three-business-partners-in-black-elegant-suit-talking-and-working-together-while-discussing-new-strategy-2048x1365.jpg 2048w, https:\/\/blog.univicosa.com.br\/wp-content\/uploads\/2022\/04\/image-three-business-partners-in-black-elegant-suit-talking-and-working-together-while-discussing-new-strategy-850x567.jpg 850w\" sizes=\"(max-width: 1024px) 100vw, 1024px\" \/><\/figure>\n\n\n\n<p>Ou seja, as <strong>empresas buscam pessoas capazes de resolver problemas<\/strong>, pois o <strong>profissional do futuro<\/strong> \u00e9 um <strong>resolvedor de problemas,<\/strong> devido ao fato do<strong> mercado de trabalho<\/strong> estar sobre constantes mudan\u00e7as, tanto no campo <strong>pol\u00edtico<\/strong> quanto <strong>econ\u00f4mico<\/strong>, requerendo assim profissionais capazes de desenvolver solu\u00e7\u00f5es para os problemas futuros e de se adaptar \u00e0 novas mudan\u00e7as.<\/p>\n\n\n\n<p>A <strong>boa comunica\u00e7\u00e3o <\/strong>de um <strong>profissional <\/strong>\u00e9 o enfoque de <strong>muitas discuss\u00f5es na atualidade<\/strong>, pois \u00e9 dividido entre pessoas que acreditam que somente a comunica\u00e7\u00e3o \u00e9 suficiente para <strong>desenvolver <\/strong>as <strong>atividades <\/strong>de uma <strong>empresa <\/strong>e pessoas que acreditam que a <strong>comunica\u00e7\u00e3o <\/strong>tem que estar em segundo plano, essas pessoas colocando em primeiro lugar as duas caracter\u00edsticas t\u00e9cnicas e o conhecimento. <\/p>\n\n\n\n<p>Mas n\u00e3o se pode negar que, \u00e9 indispens\u00e1vel ter uma <strong>boa comunica\u00e7\u00e3o<\/strong> visto que<strong> ningu\u00e9m trabalha sozinho.<\/strong><\/p>\n\n\n\n<p>Outrossim, destaca- se a <strong>flexibilidade <\/strong>no <strong>trabalho <\/strong>como uma das <strong>compet\u00eancias <\/strong>essenciais de um <strong>profissional<\/strong>, haja visto que \u00e9 atrav\u00e9s desta caracter\u00edstica que \u00e9 poss\u00edvel alcan\u00e7ar a satisfa\u00e7\u00e3o dos colaboradores, uma maior <strong>produtividade<\/strong>, e a<strong> redu\u00e7\u00e3o de custos<\/strong>. <\/p>\n\n\n\n<figure class=\"wp-block-image\"><a href=\"https:\/\/univicosa.apprbs.com.br\/blog\/\" target=\"_blank\" rel=\"noreferrer noopener\"><img data-attachment-id=\"2757\" data-permalink=\"https:\/\/blog.univicosa.com.br\/index.php\/2022\/01\/03\/saiba-tudo-sobre-o-curso-de-administracao\/receba-conteudos-univicosa-imagem-geral-blog\/\" data-orig-file=\"https:\/\/blog.univicosa.com.br\/wp-content\/uploads\/2022\/01\/RECEBA-CONTEUDOS-UNIVICOSA-imagem-geral-blog.png\" data-orig-size=\"675,50\" data-comments-opened=\"1\" data-image-meta=\"{&quot;aperture&quot;:&quot;0&quot;,&quot;credit&quot;:&quot;&quot;,&quot;camera&quot;:&quot;&quot;,&quot;caption&quot;:&quot;&quot;,&quot;created_timestamp&quot;:&quot;0&quot;,&quot;copyright&quot;:&quot;&quot;,&quot;focal_length&quot;:&quot;0&quot;,&quot;iso&quot;:&quot;0&quot;,&quot;shutter_speed&quot;:&quot;0&quot;,&quot;title&quot;:&quot;&quot;,&quot;orientation&quot;:&quot;0&quot;}\" data-image-title=\"RECEBA-CONTEUDOS-UNIVICOSA-imagem-geral-blog\" data-image-description=\"\" data-medium-file=\"https:\/\/blog.univicosa.com.br\/wp-content\/uploads\/2022\/01\/RECEBA-CONTEUDOS-UNIVICOSA-imagem-geral-blog-300x22.png\" data-large-file=\"https:\/\/blog.univicosa.com.br\/wp-content\/uploads\/2022\/01\/RECEBA-CONTEUDOS-UNIVICOSA-imagem-geral-blog.png\" loading=\"lazy\" width=\"675\" height=\"50\" src=\"https:\/\/blog.univicosa.com.br\/wp-content\/uploads\/2022\/01\/RECEBA-CONTEUDOS-UNIVICOSA-imagem-geral-blog.png\" alt=\"\" class=\"wp-image-2757\" srcset=\"https:\/\/blog.univicosa.com.br\/wp-content\/uploads\/2022\/01\/RECEBA-CONTEUDOS-UNIVICOSA-imagem-geral-blog.png 675w, https:\/\/blog.univicosa.com.br\/wp-content\/uploads\/2022\/01\/RECEBA-CONTEUDOS-UNIVICOSA-imagem-geral-blog-300x22.png 300w\" sizes=\"(max-width: 675px) 100vw, 675px\" \/><\/a><\/figure>\n\n\n\n<p>Dessa forma, para haver <strong>flexibilidade<\/strong>, \u00e9 necess\u00e1rio que o <strong>profissional <\/strong>consiga se <strong>adaptar \u00e0s mudan\u00e7as da sociedade<\/strong>, e neste contexto pode-se citar o momento da <strong>Pandemia da Covid-19,<\/strong> onde v\u00e1rios profissionais tiveram que se reinventar e adequar \u00e0 nova realidade do trabalho em <em>home office<\/em>.<\/p>\n\n\n\n<p>Atualmente, um<strong> bom profissional<\/strong> necessita, tamb\u00e9m, de usar sua <strong>criatividade <\/strong>dentro do <strong>ambiente de trabalho<\/strong>. <\/p>\n\n\n\n<p>Essa<strong> compet\u00eancia \u00e9 necess\u00e1ria<\/strong> para inventar<strong> produtos, formular teorias, encontrar solu\u00e7\u00f5es e elaborar a\u00e7\u00f5es. <\/strong>A <strong>criatividade <\/strong>\u00e9 de extrema <strong>import\u00e2ncia<\/strong>, pois \u00e9 por meio dela que \u00e9 poss\u00edvel ter inova\u00e7\u00e3o e mudan\u00e7as, que podem fazer total diferen\u00e7a dentro do ambiente de trabalho.<\/p>\n\n\n\n<p>Com o<strong> mercado de trabalho <\/strong>cada vez mais <strong>competitivo<\/strong>, os profissionais precisam <strong>desenvolver caracter\u00edsticas<\/strong> comportamentais como as citadas nesse texto entre outras, al\u00e9m de possu\u00edrem o conhecimento t\u00e9cnico a qualifica\u00e7\u00e3o profissional.<\/p>\n\n\n\n<p><em><strong>Texto escrito por:<\/strong> Myriam Mello (professora), e, pelos alunos do curso de Ci\u00eancias Cont\u00e1beis: Poliana Lucas Miranda, Luciana Aparecida Nogueira Teixeira, Kaio Henrique Furtado, Michele Toledo<\/em>.<\/p>\n\n\n\n<h4>Quer saber tudo sobre a declara\u00e7\u00e3o do Imposto de Renda? Acesse o link a seguir:<br><a rel=\"noreferrer noopener\" href=\"https:\/\/blog.univicosa.com.br\/index.php\/2022\/04\/05\/guia-completo-imposto-de-renda-2022\/\" target=\"_blank\">Guia completo \u2013 Imposto de Renda 2022<\/a><\/h4>\n\n\n\n<figure class=\"wp-block-image\"><a href=\"https:\/\/univicosa.apprbs.com.br\/blog\/\" target=\"_blank\" rel=\"noreferrer noopener\"><img data-attachment-id=\"2757\" data-permalink=\"https:\/\/blog.univicosa.com.br\/index.php\/2022\/01\/03\/saiba-tudo-sobre-o-curso-de-administracao\/receba-conteudos-univicosa-imagem-geral-blog\/\" data-orig-file=\"https:\/\/blog.univicosa.com.br\/wp-content\/uploads\/2022\/01\/RECEBA-CONTEUDOS-UNIVICOSA-imagem-geral-blog.png\" data-orig-size=\"675,50\" data-comments-opened=\"1\" data-image-meta=\"{&quot;aperture&quot;:&quot;0&quot;,&quot;credit&quot;:&quot;&quot;,&quot;camera&quot;:&quot;&quot;,&quot;caption&quot;:&quot;&quot;,&quot;created_timestamp&quot;:&quot;0&quot;,&quot;copyright&quot;:&quot;&quot;,&quot;focal_length&quot;:&quot;0&quot;,&quot;iso&quot;:&quot;0&quot;,&quot;shutter_speed&quot;:&quot;0&quot;,&quot;title&quot;:&quot;&quot;,&quot;orientation&quot;:&quot;0&quot;}\" data-image-title=\"RECEBA-CONTEUDOS-UNIVICOSA-imagem-geral-blog\" data-image-description=\"\" data-medium-file=\"https:\/\/blog.univicosa.com.br\/wp-content\/uploads\/2022\/01\/RECEBA-CONTEUDOS-UNIVICOSA-imagem-geral-blog-300x22.png\" data-large-file=\"https:\/\/blog.univicosa.com.br\/wp-content\/uploads\/2022\/01\/RECEBA-CONTEUDOS-UNIVICOSA-imagem-geral-blog.png\" loading=\"lazy\" width=\"675\" height=\"50\" src=\"https:\/\/blog.univicosa.com.br\/wp-content\/uploads\/2022\/01\/RECEBA-CONTEUDOS-UNIVICOSA-imagem-geral-blog.png\" alt=\"\" class=\"wp-image-2757\" srcset=\"https:\/\/blog.univicosa.com.br\/wp-content\/uploads\/2022\/01\/RECEBA-CONTEUDOS-UNIVICOSA-imagem-geral-blog.png 675w, https:\/\/blog.univicosa.com.br\/wp-content\/uploads\/2022\/01\/RECEBA-CONTEUDOS-UNIVICOSA-imagem-geral-blog-300x22.png 300w\" sizes=\"(max-width: 675px) 100vw, 675px\" \/><\/a><\/figure>\n\n\n\n<p><a rel=\"noreferrer noopener\" href=\"https:\/\/blog.univicosa.com.br\/index.php\/2022\/04\/05\/5-areas-de-atuacao-para-o-profissional-de-ciencias-contabeis\/\" target=\"_blank\">5 \u00e1reas de atua\u00e7\u00e3o para o Profissional de Ci\u00eancias Cont\u00e1beis<\/a><\/p>\n\n\n\n<p><a href=\"https:\/\/blog.univicosa.com.br\/index.php\/2022\/04\/25\/descubra-o-que-e-o-imposto-territorial-rural-itr-e-veja-sua-importancia\/\">Descubra o que \u00e9 o Imposto Territorial Rural \u2013 ITR e veja sua import\u00e2ncia<\/a> <\/p>\n\n\n\n<p><a href=\"https:\/\/blog.univicosa.com.br\/index.php\/2022\/04\/20\/imposto-de-renda-o-que-sao-despesas-dedutiveis-e-nao-dedutiveis\/\">Imposto de Renda: o que s\u00e3o despesas dedut\u00edveis e n\u00e3o-dedut\u00edveis?<\/a><\/p>\n\n\n\n<p><a href=\"https:\/\/blog.univicosa.com.br\/index.php\/2022\/03\/28\/terminei-o-ensino-medio-por-que-eu-deveria-escolher-o-curso-de-ciencias-contabeis\/\" target=\"_blank\" rel=\"noreferrer noopener\">Terminei o Ensino M\u00e9dio, por que eu deveria escolher o curso de Ci\u00eancias Cont\u00e1beis?<\/a><\/p>\n\n\n\n<p><em><a rel=\"noreferrer noopener\" href=\"https:\/\/univicosa.apprbs.com.br\/blog\/\" target=\"_blank\">Ei, quer<strong>&nbsp;receber conte\u00fados exclusivos<\/strong>&nbsp;da Univi\u00e7osa? clique aqui!&nbsp;<\/a><\/em><\/p>\n\n\n\n<p><a href=\"https:\/\/blog.univicosa.com.br\/index.php\/2022\/01\/03\/saiba-tudo-sobre-o-curso-de-ciencias-contabeis\/\" target=\"_blank\" rel=\"noreferrer noopener\"><strong>Saiba tudo sobre o curso de Ci\u00eancias Cont\u00e1beis!<\/strong><\/a><\/p>\n\n\n\n<p><a rel=\"noreferrer noopener\" href=\"https:\/\/www.univicosa.com.br\/graduacao\/cursos\/ciencias_contabeis\" target=\"_blank\">Curtiu e quer saber mais sobre o curso de&nbsp;<strong>Ci\u00eancias Cont\u00e1beis&nbsp;<\/strong>da&nbsp;<strong>UNIVI\u00c7OSA<\/strong>? Ent\u00e3o acesse o site da Univi\u00e7osa, clique aqui!<\/a><\/p>\n\n\n\n<p><a href=\"https:\/\/blog.univicosa.com.br\/index.php\/2021\/10\/25\/aprenda-como-abrir-a-sua-propria-empresa\/\" target=\"_blank\" rel=\"noreferrer noopener\">Aprenda como abrir a sua pr\u00f3pria empresa<\/a><\/p>\n\n\n\n<p><a href=\"https:\/\/blog.univicosa.com.br\/index.php\/2021\/09\/28\/saiba-tudo-sobre-o-mei-microempreendedor-individual\/\" target=\"_blank\" rel=\"noreferrer noopener\">Saiba tudo sobre o MEI -Microempreendedor Individual!<\/a><\/p>\n\n\n\n<p><a href=\"https:\/\/blog.univicosa.com.br\/index.php\/2021\/10\/21\/entenda-o-cooperativismo-principios-desafios-e-oportunidades\/\" target=\"_blank\" rel=\"noreferrer noopener\">Entenda o Cooperativismo: princ\u00edpios, desafios e oportunidades!<\/a><\/p>\n\n\n\n<p><a rel=\"noreferrer noopener\" href=\"https:\/\/blog.univicosa.com.br\/index.php\/2021\/10\/21\/entenda-o-cooperativismo-principios-desafios-e-oportunidades\/afinal,%20por%20que%20existem?\" target=\"_blank\">Impostos: afinal, por que existem?<\/a><\/p>\n\n\n\n<p><a href=\"https:\/\/blog.univicosa.com.br\/index.php\/2021\/10\/06\/voce-sabe-o-que-e-inflacao-a-gente-te-conta\/\" target=\"_blank\" rel=\"noreferrer noopener\">Voc\u00ea sabe o que \u00e9 infla\u00e7\u00e3o? A gente te conta!<\/a><\/p>\n\n\n\n<p><a href=\"https:\/\/blog.univicosa.com.br\/index.php\/2021\/08\/16\/1-ciencias-contabeis-areas-de-atuacao-auditoria\/\" target=\"_blank\" rel=\"noreferrer noopener\">#1 Ci\u00eancias Cont\u00e1beis \u2013 \u00c1reas de atua\u00e7\u00e3o: Auditoria<\/a><\/p>\n\n\n\n<p><a href=\"https:\/\/blog.univicosa.com.br\/index.php\/2021\/08\/24\/2-ciencias-contabeis-areas-de-atuacao-pericia-contabil\/\" target=\"_blank\" rel=\"noreferrer noopener\">#2 Ci\u00eancias Cont\u00e1beis \u2013 \u00c1reas de atua\u00e7\u00e3o: Per\u00edcia Cont\u00e1bil<\/a><\/p>\n\n\n\n<p><a href=\"https:\/\/blog.univicosa.com.br\/index.php\/2021\/09\/02\/3-ciencias-contabeis-areas-de-atuacao-consultor-tributario\/\" target=\"_blank\" rel=\"noreferrer noopener\">#3 Ci\u00eancias Cont\u00e1beis \u2013 \u00c1reas de atua\u00e7\u00e3o: Consultor Tribut\u00e1rio<\/a><\/p>\n\n\n\n<p><a href=\"https:\/\/blog.univicosa.com.br\/index.php\/2021\/09\/06\/4-ciencias-contabeis-areas-de-atuacao-pesquisa-cientifica\/\" target=\"_blank\" rel=\"noreferrer noopener\">#4 Ci\u00eancias Cont\u00e1beis \u2013 \u00c1reas de atua\u00e7\u00e3o: Pesquisa Cient\u00edfica<\/a><br><br><a href=\"https:\/\/blog.univicosa.com.br\/index.php\/2021\/09\/14\/5-ciencias-contabeis-areas-de-atuacao-pesquisa-cientifica-relatos-de-um-ex-aluno\/\" target=\"_blank\" rel=\"noreferrer noopener\">#5 Ci\u00eancias Cont\u00e1beis \u2013 \u00c1reas de atua\u00e7\u00e3o: Pesquisa Cient\u00edfica \u2013 Relatos de um ex-aluno!<\/a><\/p>\n\n\n\n<p><a href=\"https:\/\/blog.univicosa.com.br\/index.php\/2021\/07\/13\/saiba-como-a-tecnologia-da-informacao-se-aplica-a-contabilidade\/\" target=\"_blank\" rel=\"noreferrer noopener\">Saiba como a tecnologia da informa\u00e7\u00e3o se aplica a contabilidade!<\/a><\/p>\n\n\n\n<p><a href=\"https:\/\/blog.univicosa.com.br\/index.php\/2021\/07\/05\/regime-tributario-brasileiro-conheca-os-3-tipos-existentes\/\" target=\"_blank\" rel=\"noreferrer noopener\">Regime tribut\u00e1rio brasileiro: conhe\u00e7a os 3 tipos existentes!<\/a><\/p>\n\n\n\n<p><a href=\"https:\/\/blog.univicosa.com.br\/index.php\/2021\/06\/07\/voce-sabia-empresas-dentro-do-simples-nacional-podem-pagar-menos-impostos-dentro-da-lei\/\" target=\"_blank\" rel=\"noreferrer noopener\">Voc\u00ea sabia? Empresas dentro do Simples Nacional podem pagar menos impostos dentro da lei!<\/a><\/p>\n\n\n\n<p><a href=\"https:\/\/blog.univicosa.com.br\/index.php\/2021\/06\/01\/5-dicas-para-ter-um-curriculo-de-destaque\/\" target=\"_blank\" rel=\"noreferrer noopener\">5 dicas para criar um curr\u00edculo de sucesso!<\/a><\/p>\n\n\n\n<p><a href=\"https:\/\/blog.univicosa.com.br\/index.php\/2021\/07\/20\/conheca-as-vantagens-de-fazer-uma-segunda-graduacao\/\" target=\"_blank\" rel=\"noreferrer noopener\">Conhe\u00e7a as vantagens de fazer uma segunda gradua\u00e7\u00e3o<\/a><br><br><a href=\"https:\/\/blog.univicosa.com.br\/index.php\/2021\/07\/08\/networking-e-a-pandemia-como-estabelecer-conexoes-autenticas-em-tempos-de-distanciamento-social\/\" target=\"_blank\" rel=\"noreferrer noopener\">Saiba o que \u00e9 Networking e potencialize sua carreira profissional!<\/a><\/p>\n\n\n\n<p><a href=\"https:\/\/blog.univicosa.com.br\/index.php\/2021\/06\/08\/8-dicas-para-se-preparar-para-uma-entrevista-de-estagio\/\" target=\"_blank\" rel=\"noreferrer noopener\">8 dicas para se preparar para uma entrevista de est\u00e1gio!<\/a><\/p>\n\n\n\n<p><a href=\"https:\/\/blog.univicosa.com.br\/index.php\/2021\/06\/15\/10-passos-para-ter-um-perfil-mais-relevante-no-linkedin\/\">10 passos&nbsp;<\/a><a href=\"https:\/\/blog.univicosa.com.br\/index.php\/2021\/06\/15\/10-passos-para-ter-um-perfil-mais-relevante-no-linkedin\/\" target=\"_blank\" rel=\"noreferrer noopener\">p<\/a><a href=\"https:\/\/blog.univicosa.com.br\/index.php\/2021\/06\/15\/10-passos-para-ter-um-perfil-mais-relevante-no-linkedin\/\">ara ter um perfil mais relevante no LinkedIn!<\/a><\/p>\n\n\n\n<p><a rel=\"noreferrer noopener\" href=\"https:\/\/blog.univicosa.com.br\/index.php\/2021\/03\/24\/porque-cursar-ciencias-contabeis\/\" target=\"_blank\">PORQUE CURSAR CI\u00caNCIAS CONT\u00c1BEIS<\/a><br><br><a rel=\"noreferrer noopener\" href=\"https:\/\/blog.univicosa.com.br\/index.php\/2021\/07\/09\/voce-sabe-a-diferenca-entre-trabalhabilidade-e-empregabilidade\/\" target=\"_blank\">Voc\u00ea sabe a diferen\u00e7a entre Trabalhabilidade e Empregabilidade?<\/a> <\/p>\n","protected":false},"excerpt":{"rendered":"<p>Hoje em dia, existem muitas ferramentas tecnol\u00f3gicas dispon\u00edveis, intelig\u00eancia artificial, big data. Mas, a capacidade de o profissional interpretar e comunicar os dados, \u00e9 insubstitu\u00edvel. Dessa forma surge a pergunta: O que as empresas esperam do profissional? Quais s\u00e3o as compet\u00eancias gerais mais buscadas por empresas? Conforme a revista Forbes, as caracter\u00edsticas mais valorizadas hoje&#8230;<\/p>\n","protected":false},"author":2,"featured_media":3569,"comment_status":"open","ping_status":"open","sticky":false,"template":"","format":"standard","meta":{"spay_email":""},"categories":[22,34,15],"tags":[1460,409,970,1456,1464,258,300,925,550,420,1459,51,1150,1461,1465,155,100,92,1455,390,1458,1457,1462,1463,96,9,93],"jetpack_featured_media_url":"https:\/\/blog.univicosa.com.br\/wp-content\/uploads\/2022\/04\/fwertyerdf.png","jetpack_shortlink":"https:\/\/wp.me\/pbcCKk-Vw","_links":{"self":[{"href":"https:\/\/blog.univicosa.com.br\/index.php\/wp-json\/wp\/v2\/posts\/3566"}],"collection":[{"href":"https:\/\/blog.univicosa.com.br\/index.php\/wp-json\/wp\/v2\/posts"}],"about":[{"href":"https:\/\/blog.univicosa.com.br\/index.php\/wp-json\/wp\/v2\/types\/post"}],"author":[{"embeddable":true,"href":"https:\/\/blog.univicosa.com.br\/index.php\/wp-json\/wp\/v2\/users\/2"}],"replies":[{"embeddable":true,"href":"https:\/\/blog.univicosa.com.br\/index.php\/wp-json\/wp\/v2\/comments?post=3566"}],"version-history":[{"count":2,"href":"https:\/\/blog.univicosa.com.br\/index.php\/wp-json\/wp\/v2\/posts\/3566\/revisions"}],"predecessor-version":[{"id":3572,"href":"https:\/\/blog.univicosa.com.br\/index.php\/wp-json\/wp\/v2\/posts\/3566\/revisions\/3572"}],"wp:featuredmedia":[{"embeddable":true,"href":"https:\/\/blog.univicosa.com.br\/index.php\/wp-json\/wp\/v2\/media\/3569"}],"wp:attachment":[{"href":"https:\/\/blog.univicosa.com.br\/index.php\/wp-json\/wp\/v2\/media?parent=3566"}],"wp:term":[{"taxonomy":"category","embeddable":true,"href":"https:\/\/blog.univicosa.com.br\/index.php\/wp-json\/wp\/v2\/categories?post=3566"},{"taxonomy":"post_tag","embeddable":true,"href":"https:\/\/blog.univicosa.com.br\/index.php\/wp-json\/wp\/v2\/tags?post=3566"}],"curies":[{"name":"wp","href":"https:\/\/api.w.org\/{rel}","templated":true}]}}