{"id":3541,"date":"2022-04-20T16:53:59","date_gmt":"2022-04-20T19:53:59","guid":{"rendered":"https:\/\/blog.univicosa.com.br\/?p=3541"},"modified":"2022-05-20T10:40:08","modified_gmt":"2022-05-20T13:40:08","slug":"a-escravatura-do-homo-connectus-no-trabalho-remoto-e-a-ausencia-do-direito-de-desconexao","status":"publish","type":"post","link":"https:\/\/blog.univicosa.com.br\/index.php\/2022\/04\/20\/a-escravatura-do-homo-connectus-no-trabalho-remoto-e-a-ausencia-do-direito-de-desconexao\/","title":{"rendered":"A Escravatura do Homo Connectus no Trabalho Remoto e a Aus\u00eancia do Direito de Desconex\u00e3o"},"content":{"rendered":"\n<p class=\"has-text-align-left\"><em><strong>Por <\/strong>\u00c2ngela Barbosa Franco: Professora dos cursos de Administra\u00e7\u00e3o, Ci\u00eancias Cont\u00e1beis e Direito. \u00c9 doutora em Ci\u00eancias Jur\u00eddicas Privat\u00edsticas na Universidade do Minho\/Portugal. Mestre em Direito.<\/em><\/p>\n\n\n\n<p>As facilidades tecnol\u00f3gicas de comunica\u00e7\u00e3o ensejam uma evas\u00e3o no local e no tempo de trabalho de maneira t\u00e3o natural e imediata que a desconex\u00e3o do trabalho se encontra cada vez mais diminuta ou at\u00e9 inexistente.<\/p>\n\n\n\n<figure class=\"wp-block-image size-large\"><img data-attachment-id=\"3543\" data-permalink=\"https:\/\/blog.univicosa.com.br\/index.php\/2022\/04\/20\/a-escravatura-do-homo-connectus-no-trabalho-remoto-e-a-ausencia-do-direito-de-desconexao\/administracao-20-04\/\" data-orig-file=\"https:\/\/blog.univicosa.com.br\/wp-content\/uploads\/2022\/04\/administracao-20-04.png\" data-orig-size=\"1086,652\" data-comments-opened=\"1\" data-image-meta=\"{&quot;aperture&quot;:&quot;0&quot;,&quot;credit&quot;:&quot;&quot;,&quot;camera&quot;:&quot;&quot;,&quot;caption&quot;:&quot;&quot;,&quot;created_timestamp&quot;:&quot;0&quot;,&quot;copyright&quot;:&quot;&quot;,&quot;focal_length&quot;:&quot;0&quot;,&quot;iso&quot;:&quot;0&quot;,&quot;shutter_speed&quot;:&quot;0&quot;,&quot;title&quot;:&quot;&quot;,&quot;orientation&quot;:&quot;0&quot;}\" data-image-title=\"administra\u00e7\u00e3o &#8211; 20-04\" data-image-description=\"\" data-medium-file=\"https:\/\/blog.univicosa.com.br\/wp-content\/uploads\/2022\/04\/administracao-20-04-300x180.png\" data-large-file=\"https:\/\/blog.univicosa.com.br\/wp-content\/uploads\/2022\/04\/administracao-20-04-1024x615.png\" loading=\"lazy\" width=\"1024\" height=\"615\" src=\"https:\/\/blog.univicosa.com.br\/wp-content\/uploads\/2022\/04\/administracao-20-04-1024x615.png\" alt=\"\" class=\"wp-image-3543\" srcset=\"https:\/\/blog.univicosa.com.br\/wp-content\/uploads\/2022\/04\/administracao-20-04-1024x615.png 1024w, https:\/\/blog.univicosa.com.br\/wp-content\/uploads\/2022\/04\/administracao-20-04-300x180.png 300w, https:\/\/blog.univicosa.com.br\/wp-content\/uploads\/2022\/04\/administracao-20-04-768x461.png 768w, https:\/\/blog.univicosa.com.br\/wp-content\/uploads\/2022\/04\/administracao-20-04-850x510.png 850w, https:\/\/blog.univicosa.com.br\/wp-content\/uploads\/2022\/04\/administracao-20-04.png 1086w\" sizes=\"(max-width: 1024px) 100vw, 1024px\" \/><\/figure>\n\n\n\n<p>Checar as redes sociais, <em>e-mails<\/em>, <em>WhatsApp,<\/em> <em>WeChat <\/em>e outras m\u00eddias, para executar atividades relacionadas ao trabalho faz parte da rotina das pessoas, ainda que estejam fora do hor\u00e1rio a ser dedicado para o labor.<\/p>\n\n\n\n<p>A \u201cservid\u00e3o volunt\u00e1ria\u201d ou, nos moldes do mundo digital, a \u201cescravatura do <em>homo connectus\u201d<\/em> \u00e9 uma realidade f\u00e1cil de ser notada. A concorr\u00eancia cultiva a ideia do imediatismo. Destaca-se o trabalhador que est\u00e1 sempre dispon\u00edvel e comprometido para a empresa, que sacrifica sua vida pessoal em favor da profissional. A depend\u00eancia tecnol\u00f3gica, especialmente entre os jovens trabalhadores, torna a <em>internet<\/em> uma poderosa fonte de disciplina ou produtividade e provoca um tipo de \u201cescravatura contempor\u00e2nea\u201d.<\/p>\n\n\n\n<div class=\"wp-block-image\"><figure class=\"aligncenter size-large\"><img data-attachment-id=\"3542\" data-permalink=\"https:\/\/blog.univicosa.com.br\/index.php\/2022\/04\/20\/a-escravatura-do-homo-connectus-no-trabalho-remoto-e-a-ausencia-do-direito-de-desconexao\/conectus\/\" data-orig-file=\"https:\/\/blog.univicosa.com.br\/wp-content\/uploads\/2022\/04\/conectus.png\" data-orig-size=\"445,205\" data-comments-opened=\"1\" data-image-meta=\"{&quot;aperture&quot;:&quot;0&quot;,&quot;credit&quot;:&quot;&quot;,&quot;camera&quot;:&quot;&quot;,&quot;caption&quot;:&quot;&quot;,&quot;created_timestamp&quot;:&quot;0&quot;,&quot;copyright&quot;:&quot;&quot;,&quot;focal_length&quot;:&quot;0&quot;,&quot;iso&quot;:&quot;0&quot;,&quot;shutter_speed&quot;:&quot;0&quot;,&quot;title&quot;:&quot;&quot;,&quot;orientation&quot;:&quot;0&quot;}\" data-image-title=\"conectus\" data-image-description=\"\" data-medium-file=\"https:\/\/blog.univicosa.com.br\/wp-content\/uploads\/2022\/04\/conectus-300x138.png\" data-large-file=\"https:\/\/blog.univicosa.com.br\/wp-content\/uploads\/2022\/04\/conectus.png\" loading=\"lazy\" width=\"445\" height=\"205\" src=\"https:\/\/blog.univicosa.com.br\/wp-content\/uploads\/2022\/04\/conectus.png\" alt=\"\" class=\"wp-image-3542\" srcset=\"https:\/\/blog.univicosa.com.br\/wp-content\/uploads\/2022\/04\/conectus.png 445w, https:\/\/blog.univicosa.com.br\/wp-content\/uploads\/2022\/04\/conectus-300x138.png 300w\" sizes=\"(max-width: 445px) 100vw, 445px\" \/><\/figure><\/div>\n\n\n\n<p>Nesse cen\u00e1rio, mais fragilizadas se encontram as pessoas que laboram para as plataformas virtuais ou prestam servi\u00e7os remotamente e sequer s\u00e3o consideradas empregadas. Perante uma globaliza\u00e7\u00e3o que imp\u00f5e a adapta\u00e7\u00e3o de fusos hor\u00e1rios, o trabalhador precisa, praticamente, esquecer suas necessidades como ser humano para se tornar onipresente ou uma esp\u00e9cie de rob\u00f4, j\u00e1 que para auferir renda precisa se manter constantemente conectado e dispon\u00edvel. Seu pagamento est\u00e1 condicionado \u00e0 execu\u00e7\u00e3o ou conclus\u00e3o de tarefas. Sendo assim, recebe apenas pelo tempo efetivamente laborado.<\/p>\n\n\n\n<p>A demarca\u00e7\u00e3o de um tempo razo\u00e1vel para o trabalho \u00e9 fundamental para a prote\u00e7\u00e3o da sa\u00fade do trabalhador e do seu equil\u00edbrio f\u00edsico e ps\u00edquico. A conten\u00e7\u00e3o do n\u00famero de horas \u00e0 disposi\u00e7\u00e3o do trabalho \u00e9 o que garante a autodisponibilidade da pessoa do trabalhador e permite o gozo de per\u00edodos de repouso, o conv\u00edvio familiar, social, pol\u00edtico, bem como satisfa\u00e7\u00f5es pessoais. O tempo de desconex\u00e3o do trabalhador da vida laboral n\u00e3o pode se reduzir aos per\u00edodos indispens\u00e1veis de sono reparador. A harmoniza\u00e7\u00e3o entre a vida profissional e a vida pessoal e familiar \u00e9 fundamental para todo ser humano. Ademais, o respeito ao limite constitucional de oito horas laboradas diariamente, n\u00e3o \u00e9 somente um meio para ofertar seguran\u00e7a e sa\u00fade no trabalho, mas uma forma efetiva de garantir a qualidade do pr\u00f3prio trabalho e o direito de desconex\u00e3o.<\/p>\n\n\n\n<figure class=\"wp-block-image size-large\"><a href=\"https:\/\/univicosa.apprbs.com.br\/blog\/\" target=\"_blank\" rel=\"noopener\"><img data-attachment-id=\"2905\" data-permalink=\"https:\/\/blog.univicosa.com.br\/index.php\/2022\/02\/01\/5-motivos-para-fazer-nutricao-na-univicosa\/imagem-link-blog\/\" data-orig-file=\"https:\/\/blog.univicosa.com.br\/wp-content\/uploads\/2022\/02\/imagem-link-blog.png\" data-orig-size=\"677,51\" data-comments-opened=\"1\" data-image-meta=\"{&quot;aperture&quot;:&quot;0&quot;,&quot;credit&quot;:&quot;&quot;,&quot;camera&quot;:&quot;&quot;,&quot;caption&quot;:&quot;&quot;,&quot;created_timestamp&quot;:&quot;0&quot;,&quot;copyright&quot;:&quot;&quot;,&quot;focal_length&quot;:&quot;0&quot;,&quot;iso&quot;:&quot;0&quot;,&quot;shutter_speed&quot;:&quot;0&quot;,&quot;title&quot;:&quot;&quot;,&quot;orientation&quot;:&quot;0&quot;}\" data-image-title=\"imagem link blog\" data-image-description=\"\" data-medium-file=\"https:\/\/blog.univicosa.com.br\/wp-content\/uploads\/2022\/02\/imagem-link-blog-300x23.png\" data-large-file=\"https:\/\/blog.univicosa.com.br\/wp-content\/uploads\/2022\/02\/imagem-link-blog.png\" loading=\"lazy\" width=\"677\" height=\"51\" src=\"https:\/\/blog.univicosa.com.br\/wp-content\/uploads\/2022\/02\/imagem-link-blog.png\" alt=\"\" class=\"wp-image-2905\" srcset=\"https:\/\/blog.univicosa.com.br\/wp-content\/uploads\/2022\/02\/imagem-link-blog.png 677w, https:\/\/blog.univicosa.com.br\/wp-content\/uploads\/2022\/02\/imagem-link-blog-300x23.png 300w\" sizes=\"(max-width: 677px) 100vw, 677px\" \/><\/a><\/figure>\n\n\n\n<p>Ah! E se voc\u00ea quer se tornar um Administrador, n\u00e3o pode deixar de conferir tudo que o Curso de Administra\u00e7\u00e3o da UNIVI\u00c7OSA tem para te oferecer. <a rel=\"noreferrer noopener\" href=\"https:\/\/www.univicosa.com.br\/graduacao\/cursos\/administracao\" data-type=\"URL\" data-id=\"https:\/\/www.univicosa.com.br\/graduacao\/cursos\/administracao\" target=\"_blank\">Clica aqui<\/a> e venha conhecer nosso site! Tamb\u00e9m n\u00e3o deixe de nos seguir no <a href=\"http:\/\/@administracao.univicosa\" data-type=\"URL\" data-id=\"@administracao.univicosa\" target=\"_blank\" rel=\"noreferrer noopener\">Instagram<\/a>, tem sempre novidades interessantes por l\u00e1. Voc\u00ea tamb\u00e9m pode aprender mais com outros posts relacionados a seguir!<\/p>\n\n\n\n<p><a href=\"https:\/\/blog.univicosa.com.br\/index.php\/2022\/04\/08\/o-salario-que-todo-socio-quer-ter\/\" data-type=\"URL\" data-id=\"https:\/\/blog.univicosa.com.br\/index.php\/2022\/04\/08\/o-salario-que-todo-socio-quer-ter\/\" target=\"_blank\" rel=\"noreferrer noopener\">O \u201csal\u00e1rio\u201d que todo s\u00f3cio quer ter<\/a><\/p>\n\n\n\n<p><a href=\"https:\/\/blog.univicosa.com.br\/index.php\/2022\/03\/24\/o-administrador-e-seus-papeis-gerenciais\/\" target=\"_blank\" rel=\"noreferrer noopener\">O Administrador e seus pap\u00e9is gerenciais<\/a><\/p>\n\n\n\n<p><a rel=\"noreferrer noopener\" href=\"https:\/\/blog.univicosa.com.br\/index.php\/2022\/02\/11\/o-perfil-do-profissional-de-administracao\/\" target=\"_blank\">O Perfil do Profissional de Administra\u00e7\u00e3o<\/a><\/p>\n\n\n\n<p><a rel=\"noreferrer noopener\" href=\"https:\/\/blog.univicosa.com.br\/index.php\/2022\/02\/03\/5-motivos-para-estudar-administracao-na-univicosa\/\" target=\"_blank\">5 motivos para estudar Administra\u00e7\u00e3o na UNIVI\u00c7OSA<\/a><\/p>\n\n\n\n<p><a rel=\"noreferrer noopener\" href=\"https:\/\/blog.univicosa.com.br\/index.php\/2020\/07\/31\/funcoes-administrativas-pilares-importantes-para-sua-empresa\/\" target=\"_blank\">Fun\u00e7\u00f5es administrativas: pilares importantes que todos aspirantes \u00e0 Administra\u00e7\u00e3o precisam conhecer<\/a><\/p>\n\n\n\n<p><a rel=\"noreferrer noopener\" href=\"https:\/\/blog.univicosa.com.br\/index.php\/2022\/01\/03\/saiba-tudo-sobre-o-curso-de-administracao\/\" target=\"_blank\">Saiba tudo sobre o curso de Administra\u00e7\u00e3o!<\/a><\/p>\n\n\n\n<p><a rel=\"noreferrer noopener\" href=\"https:\/\/blog.univicosa.com.br\/index.php\/2020\/07\/23\/10-curiosidades-sobre-a-carreira-em-administracao\/\" target=\"_blank\">10 curiosidades sobre a carreira em Administra\u00e7\u00e3o<\/a><\/p>\n\n\n\n<p><a href=\"https:\/\/blog.univicosa.com.br\/index.php\/2019\/07\/08\/caracteristicas-do-curso-e-carreira-em-administracao\/\" target=\"_blank\" rel=\"noreferrer noopener\">Caracter\u00edsticas do curso e carreira em Administra\u00e7\u00e3o<\/a><\/p>\n","protected":false},"excerpt":{"rendered":"<p>As facilidades tecnol\u00f3gicas de comunica\u00e7\u00e3o ensejam uma evas\u00e3o no local e no tempo de trabalho de maneira t\u00e3o natural e imediata que a desconex\u00e3o do trabalho se encontra cada vez mais diminuta ou at\u00e9 inexistente. Venha entender melhor como surgiu essa forma de \u201cservid\u00e3o volunt\u00e1ria\u201d que \u00e9 a \u201cescravatura do homo connectus\u201d.<\/p>\n","protected":false},"author":2,"featured_media":3543,"comment_status":"open","ping_status":"open","sticky":false,"template":"","format":"standard","meta":{"spay_email":""},"categories":[33,15],"tags":[4,699,108,1152,51,783,1158,100,92,1157,107,1156,1153,1151,605,1154,1155,96,52],"jetpack_featured_media_url":"https:\/\/blog.univicosa.com.br\/wp-content\/uploads\/2022\/04\/administracao-20-04.png","jetpack_shortlink":"https:\/\/wp.me\/pbcCKk-V7","_links":{"self":[{"href":"https:\/\/blog.univicosa.com.br\/index.php\/wp-json\/wp\/v2\/posts\/3541"}],"collection":[{"href":"https:\/\/blog.univicosa.com.br\/index.php\/wp-json\/wp\/v2\/posts"}],"about":[{"href":"https:\/\/blog.univicosa.com.br\/index.php\/wp-json\/wp\/v2\/types\/post"}],"author":[{"embeddable":true,"href":"https:\/\/blog.univicosa.com.br\/index.php\/wp-json\/wp\/v2\/users\/2"}],"replies":[{"embeddable":true,"href":"https:\/\/blog.univicosa.com.br\/index.php\/wp-json\/wp\/v2\/comments?post=3541"}],"version-history":[{"count":2,"href":"https:\/\/blog.univicosa.com.br\/index.php\/wp-json\/wp\/v2\/posts\/3541\/revisions"}],"predecessor-version":[{"id":3545,"href":"https:\/\/blog.univicosa.com.br\/index.php\/wp-json\/wp\/v2\/posts\/3541\/revisions\/3545"}],"wp:featuredmedia":[{"embeddable":true,"href":"https:\/\/blog.univicosa.com.br\/index.php\/wp-json\/wp\/v2\/media\/3543"}],"wp:attachment":[{"href":"https:\/\/blog.univicosa.com.br\/index.php\/wp-json\/wp\/v2\/media?parent=3541"}],"wp:term":[{"taxonomy":"category","embeddable":true,"href":"https:\/\/blog.univicosa.com.br\/index.php\/wp-json\/wp\/v2\/categories?post=3541"},{"taxonomy":"post_tag","embeddable":true,"href":"https:\/\/blog.univicosa.com.br\/index.php\/wp-json\/wp\/v2\/tags?post=3541"}],"curies":[{"name":"wp","href":"https:\/\/api.w.org\/{rel}","templated":true}]}}