{"id":3520,"date":"2022-04-19T09:19:09","date_gmt":"2022-04-19T12:19:09","guid":{"rendered":"https:\/\/blog.univicosa.com.br\/?p=3520"},"modified":"2022-05-20T10:40:16","modified_gmt":"2022-05-20T13:40:16","slug":"o-profissional-de-fisioterapia-e-os-dispositivos-auxiliares-de-marcha","status":"publish","type":"post","link":"https:\/\/blog.univicosa.com.br\/index.php\/2022\/04\/19\/o-profissional-de-fisioterapia-e-os-dispositivos-auxiliares-de-marcha\/","title":{"rendered":"O profissional de Fisioterapia e os Dispositivos Auxiliares de Marcha"},"content":{"rendered":"\n<p>Os dispositivos auxiliares de marcha (DAM), como bengalas, muletas e andadores, fazem parte de programas preven\u00e7\u00e3o de quedas, principalmente idosos, visto sua capacidade de melhorar a independ\u00eancia funcional, a mobilidade, o equil\u00edbrio e a base de suporte para a marcha e por reduzirem os efeitos de uma ampla gama de defici\u00eancias. Na pr\u00e1tica cl\u00ednica, vemos que a maioria das pessoas que utilizam esses DAM n\u00e3o foi orientada adequadamente quando ao uso dos dispositivos, muitas vezes sem uma avalia\u00e7\u00e3o e prescri\u00e7\u00e3o adequada, utilizando dispositivo em altura inapropriada para uso, danificado, ou at\u00e9 mesmo, inadequado \u00e0 condi\u00e7\u00e3o de sa\u00fade do indiv\u00edduo.&nbsp;<\/p>\n\n\n\n<p>Os idosos s\u00e3o muitas vezes encorajados a comprar ou pegar emprestado um DAM sem antes receber a adequada avalia\u00e7\u00e3o de qual dispositivo seria melhor para o seu caso. Por isso, os profissionais de sa\u00fade envolvidos com a popula\u00e7\u00e3o idosa devem rotineiramente avaliar os DAM de seus pacientes para garantir boa altura, ajuste e manuten\u00e7\u00e3o, bem como orientar o uso correto do dispositivo nas atividades di\u00e1rias dos indiv\u00edduos. Muitos ainda acreditam que o uso dessa tecnologia assistiva \u00e9 realizado apenas em casos de algum tipo de amputa\u00e7\u00e3o e\/ou fratura\/ condi\u00e7\u00e3o ortop\u00e9dica, quando na verdade vemos que idosos que t\u00eam dificuldade de se locomover tamb\u00e9m usam deste artif\u00edcio, bem como indiv\u00edduos com condi\u00e7\u00f5es neurais que comprometam a mobilidade.<\/p>\n\n\n\n<p>Quando h\u00e1 indica\u00e7\u00e3o para o uso do DAM, este dever\u00e1 ser prescrito ap\u00f3s a avalia\u00e7\u00e3o de vari\u00e1veis como: for\u00e7a muscular atual do indiv\u00edduo, resist\u00eancia, equil\u00edbrio, marcha, fun\u00e7\u00e3o cognitiva, dor e demandas ambientais.&nbsp;Ap\u00f3s essa avalia\u00e7\u00e3o, pode-se indicar para o mesmo indiv\u00edduo dois dispositivos, um para uso domiciliar e outro para ambientes externos, tendo em vista que as condi\u00e7\u00f5es ambientais influenciam a seguran\u00e7a na marcha de maneiras diferentes e, se nosso objetivo \u00e9 n\u00e3o privar o usu\u00e1rio a ambientes espec\u00edficos, como a cl\u00ednica ou o domic\u00edlio, \u00e9 preciso dispositivos que deem condi\u00e7\u00e3o do deslocamento externo, permitindo a independ\u00eancia e a autonomia, com seguran\u00e7a, possibilitando uma intera\u00e7\u00e3o social de forma satisfat\u00f3ria.<\/p>\n\n\n\n<p>No \u00faltimo grupo de discuss\u00e3o realizado na cl\u00ednica escola da UNIVI\u00c7OSA, com a equipe de estagi\u00e1rios da UBS Barrinha\/Cidade Nova, avaliamos os crit\u00e9rios para prescri\u00e7\u00e3o dos DAM, discutimos a melhor escolha do equipamento em diversos casos hipot\u00e9ticos, os fatores f\u00edsicos e ambientais importantes a serem avaliados, os tipos de marcha e deslocamentos poss\u00edveis a cada caso e a cada dispositivo, como descer e subir escadas, entre outros fatores, o que nos possibilitou visualizar de forma mais concreta como o fisioterapeuta pode atuar nos diferentes cen\u00e1rios em que os DAM se fazem necess\u00e1rios.&nbsp; A cadeira de rodas tamb\u00e9m foi levantada como poss\u00edvel DAM &#8211; embora, no geral, ela n\u00e3o seja considerada auxiliar de marcha pelo p\u00fablico leigo, percebemos sua importante contribui\u00e7\u00e3o como maneira de oferecer liberdade e autonomia no deslocamento dos indiv\u00edduos com mobilidade comprometida.<\/p>\n\n\n\n<p>Temos como outros exemplos de Dispositivos auxiliares as muletas Canadenses, as axilares, os andadores (com ou sem rodas), as bengalas (de madeira, de alum\u00ednio, com quatro apoios\/ quatro pontas). Cada dispositivo tem sua caracter\u00edstica, sendo que alguns d\u00e3o maior liberdade ao indiv\u00edduo e s\u00e3o de menor depend\u00eancia, ideais para locomo\u00e7\u00f5es externas, enquanto outras tem seu uso limitado devido muitas vezes ao solo irregular (rua, cal\u00e7adas), ou obst\u00e1culos que possam encontrar pelo caminho (por exemplo, no caso da cadeira de rodas, as rampas nem sempre s\u00e3o encontradas, al\u00e9m de dif\u00edcil acessibilidade na maioria dos casos).<\/p>\n\n\n\n<p>Vimos que n\u00e3o s\u00e3o todos os casos em que esse dispositivo se torna um companheiro para toda vida: nos casos em que o paciente tem uma melhora do seu quadro de for\u00e7a muscular nos MMII, ou ganho no controle do tronco, por exemplo, podemos come\u00e7ar a realizar o desmame, passando o usu\u00e1rio em quest\u00e3o de um dispositivo mais dependente, para um menos at\u00e9 que cesse a utiliza\u00e7\u00e3o (exemplo seria <em>andador, muleta axilar\/canadense, utiliza\u00e7\u00e3o de apenas uma pe\u00e7a, retirada do dispositivo<\/em>). \u00c9 importante salientar que, na maioria das vezes, quando se tem a utiliza\u00e7\u00e3o dos dispositivos, ou \u00e9 de maneira bilateral (dois lados) ou, de maneira contralateral \u00e0 disfun\u00e7\u00e3o. Toda regra tem sua exce\u00e7\u00e3o, ent\u00e3o em alguns epis\u00f3dios ela pode ser usada do mesmo lado, por isso \u00e9 importante a procura de um profissional capacitado (fisioterapeuta) para a prescri\u00e7\u00e3o e a escolha correta.<\/p>\n\n\n\n<figure class=\"wp-block-image size-large is-resized\"><img data-attachment-id=\"3521\" data-permalink=\"https:\/\/blog.univicosa.com.br\/index.php\/2022\/04\/19\/o-profissional-de-fisioterapia-e-os-dispositivos-auxiliares-de-marcha\/dam\/\" data-orig-file=\"https:\/\/blog.univicosa.com.br\/wp-content\/uploads\/2022\/04\/dam.png\" data-orig-size=\"646,192\" data-comments-opened=\"1\" data-image-meta=\"{&quot;aperture&quot;:&quot;0&quot;,&quot;credit&quot;:&quot;&quot;,&quot;camera&quot;:&quot;&quot;,&quot;caption&quot;:&quot;&quot;,&quot;created_timestamp&quot;:&quot;0&quot;,&quot;copyright&quot;:&quot;&quot;,&quot;focal_length&quot;:&quot;0&quot;,&quot;iso&quot;:&quot;0&quot;,&quot;shutter_speed&quot;:&quot;0&quot;,&quot;title&quot;:&quot;&quot;,&quot;orientation&quot;:&quot;0&quot;}\" data-image-title=\"dam\" data-image-description=\"\" data-medium-file=\"https:\/\/blog.univicosa.com.br\/wp-content\/uploads\/2022\/04\/dam-300x89.png\" data-large-file=\"https:\/\/blog.univicosa.com.br\/wp-content\/uploads\/2022\/04\/dam.png\" loading=\"lazy\" src=\"https:\/\/blog.univicosa.com.br\/wp-content\/uploads\/2022\/04\/dam.png\" alt=\"\" class=\"wp-image-3521\" width=\"577\" height=\"171\" srcset=\"https:\/\/blog.univicosa.com.br\/wp-content\/uploads\/2022\/04\/dam.png 646w, https:\/\/blog.univicosa.com.br\/wp-content\/uploads\/2022\/04\/dam-300x89.png 300w\" sizes=\"(max-width: 577px) 100vw, 577px\" \/><figcaption><strong>Na figura acima podemos ver alguns exemplos: A) Bengala convencional B); bengala de alum\u00ednio convencional; C) bengala quatro pontas; D) muleta de Lofstrand\/canadense; E) andador fixo<\/strong><\/figcaption><\/figure>\n\n\n\n<p><em><strong>Por<\/strong> Acad\u00eamicos Matheus Paes e Bruna Krisley, sob supervis\u00e3o da preceptora Clara Fajardo<\/em><\/p>\n\n\n\n<figure class=\"wp-block-image size-large\"><a href=\"https:\/\/univicosa.apprbs.com.br\/blog\/\" target=\"_blank\" rel=\"noopener\"><img data-attachment-id=\"2905\" data-permalink=\"https:\/\/blog.univicosa.com.br\/index.php\/2022\/02\/01\/5-motivos-para-fazer-nutricao-na-univicosa\/imagem-link-blog\/\" data-orig-file=\"https:\/\/blog.univicosa.com.br\/wp-content\/uploads\/2022\/02\/imagem-link-blog.png\" data-orig-size=\"677,51\" data-comments-opened=\"1\" data-image-meta=\"{&quot;aperture&quot;:&quot;0&quot;,&quot;credit&quot;:&quot;&quot;,&quot;camera&quot;:&quot;&quot;,&quot;caption&quot;:&quot;&quot;,&quot;created_timestamp&quot;:&quot;0&quot;,&quot;copyright&quot;:&quot;&quot;,&quot;focal_length&quot;:&quot;0&quot;,&quot;iso&quot;:&quot;0&quot;,&quot;shutter_speed&quot;:&quot;0&quot;,&quot;title&quot;:&quot;&quot;,&quot;orientation&quot;:&quot;0&quot;}\" data-image-title=\"imagem link blog\" data-image-description=\"\" data-medium-file=\"https:\/\/blog.univicosa.com.br\/wp-content\/uploads\/2022\/02\/imagem-link-blog-300x23.png\" data-large-file=\"https:\/\/blog.univicosa.com.br\/wp-content\/uploads\/2022\/02\/imagem-link-blog.png\" loading=\"lazy\" width=\"677\" height=\"51\" src=\"https:\/\/blog.univicosa.com.br\/wp-content\/uploads\/2022\/02\/imagem-link-blog.png\" alt=\"\" class=\"wp-image-2905\" srcset=\"https:\/\/blog.univicosa.com.br\/wp-content\/uploads\/2022\/02\/imagem-link-blog.png 677w, https:\/\/blog.univicosa.com.br\/wp-content\/uploads\/2022\/02\/imagem-link-blog-300x23.png 300w\" sizes=\"(max-width: 677px) 100vw, 677px\" \/><\/a><\/figure>\n\n\n\n<p>A UNIVI\u00c7OSA \u00e9 a institui\u00e7\u00e3o que voc\u00ea deve procurar para cursar Fisioterapia. Ela tem como miss\u00e3o formar fisioterapeutas competentes para atuar na <strong>promo\u00e7\u00e3o da sa\u00fade, preven\u00e7\u00e3o, prote\u00e7\u00e3o e recupera\u00e7\u00e3o do indiv\u00edduo e da coletividade<\/strong>, respeitando os <strong>princ\u00edpios \u00e9ticos\/bio\u00e9ticos e culturais.<\/strong> Al\u00e9m disso, recebeu<strong> nota 4 no ENADE<\/strong> e tem como objeto de estudo o movimento humano em todas as formas de express\u00e3o e potencialidades, pautadas em uma forma\u00e7\u00e3o generalista, humanista, t\u00e9cnica, cient\u00edfica e de ordem pr\u00e1tica presencial. Quer saber mais? <a rel=\"noreferrer noopener\" href=\"https:\/\/www.univicosa.com.br\/graduacao\/cursos\/fisioterapia\" target=\"_blank\">Clica aqui<\/a> para conhecer o curso ou leia alguns posts que separamos para voc\u00ea:<\/p>\n\n\n\n<p><a href=\"https:\/\/blog.univicosa.com.br\/index.php\/2022\/04\/01\/projeto-movimente-uma-parceria-hss-e-fisioterapia\/\" data-type=\"URL\" data-id=\"https:\/\/blog.univicosa.com.br\/index.php\/2022\/04\/01\/projeto-movimente-uma-parceria-hss-e-fisioterapia\/\" target=\"_blank\" rel=\"noreferrer noopener\">Projeto MoviMente \u2013 Uma parceria HSS e Fisioterapia<\/a><\/p>\n\n\n\n<p><a rel=\"noreferrer noopener\" href=\"https:\/\/blog.univicosa.com.br\/index.php\/2022\/02\/09\/5-motivos-para-estudar-fisioterapia-da-univicosa\/\" target=\"_blank\">5 motivos para estudar Fisioterapia da UNIVI\u00c7OSA<\/a><\/p>\n\n\n\n<p><a rel=\"noreferrer noopener\" href=\"https:\/\/blog.univicosa.com.br\/index.php\/2021\/09\/16\/a-importancia-da-fisioterapia-no-cti-em-tratamento-de-um-paciente-politraumatizado\/\" target=\"_blank\">A import\u00e2ncia da Fisioterapia no CTI em tratamento de um paciente politraumatizado<\/a><\/p>\n\n\n\n<p><a rel=\"noreferrer noopener\" href=\"https:\/\/blog.univicosa.com.br\/index.php\/2020\/11\/26\/fisioterapia-e-saude-disfuncao-temporomandibular-dtm\/\" target=\"_blank\">Fisioterapia e sa\u00fade: disfun\u00e7\u00e3o temporomandibular (DTM)<\/a><\/p>\n\n\n\n<p><a href=\"https:\/\/blog.univicosa.com.br\/index.php\/2020\/07\/28\/10-curiosidades-sobre-a-carreira-em-fisioterapia\/\" target=\"_blank\" rel=\"noreferrer noopener\">10 curiosidades sobre a carreira em Fisioterapia<\/a><\/p>\n","protected":false},"excerpt":{"rendered":"<p>Os dispositivos auxiliares de marcha (DAM), como bengalas, muletas e andadores, fazem parte de programas preven\u00e7\u00e3o de quedas, principalmente idosos, visto sua capacidade de melhorar a independ\u00eancia funcional, a mobilidade, o equil\u00edbrio e a base de suporte para a marcha e por reduzirem os efeitos de uma ampla gama de defici\u00eancias. Clica aqui para ler o post!<\/p>\n","protected":false},"author":2,"featured_media":3522,"comment_status":"open","ping_status":"open","sticky":false,"template":"","format":"standard","meta":{"spay_email":""},"categories":[22,42,16,1],"tags":[699,409,970,108,858,51,896,744,1228,1229,7,783,1230,100,92,605,64,96,9,93],"jetpack_featured_media_url":"https:\/\/blog.univicosa.com.br\/wp-content\/uploads\/2022\/04\/Fisioterapia-19-04.png","jetpack_shortlink":"https:\/\/wp.me\/pbcCKk-UM","_links":{"self":[{"href":"https:\/\/blog.univicosa.com.br\/index.php\/wp-json\/wp\/v2\/posts\/3520"}],"collection":[{"href":"https:\/\/blog.univicosa.com.br\/index.php\/wp-json\/wp\/v2\/posts"}],"about":[{"href":"https:\/\/blog.univicosa.com.br\/index.php\/wp-json\/wp\/v2\/types\/post"}],"author":[{"embeddable":true,"href":"https:\/\/blog.univicosa.com.br\/index.php\/wp-json\/wp\/v2\/users\/2"}],"replies":[{"embeddable":true,"href":"https:\/\/blog.univicosa.com.br\/index.php\/wp-json\/wp\/v2\/comments?post=3520"}],"version-history":[{"count":4,"href":"https:\/\/blog.univicosa.com.br\/index.php\/wp-json\/wp\/v2\/posts\/3520\/revisions"}],"predecessor-version":[{"id":3526,"href":"https:\/\/blog.univicosa.com.br\/index.php\/wp-json\/wp\/v2\/posts\/3520\/revisions\/3526"}],"wp:featuredmedia":[{"embeddable":true,"href":"https:\/\/blog.univicosa.com.br\/index.php\/wp-json\/wp\/v2\/media\/3522"}],"wp:attachment":[{"href":"https:\/\/blog.univicosa.com.br\/index.php\/wp-json\/wp\/v2\/media?parent=3520"}],"wp:term":[{"taxonomy":"category","embeddable":true,"href":"https:\/\/blog.univicosa.com.br\/index.php\/wp-json\/wp\/v2\/categories?post=3520"},{"taxonomy":"post_tag","embeddable":true,"href":"https:\/\/blog.univicosa.com.br\/index.php\/wp-json\/wp\/v2\/tags?post=3520"}],"curies":[{"name":"wp","href":"https:\/\/api.w.org\/{rel}","templated":true}]}}