{"id":3482,"date":"2022-04-11T09:45:00","date_gmt":"2022-04-11T12:45:00","guid":{"rendered":"https:\/\/blog.univicosa.com.br\/?p=3482"},"modified":"2022-05-20T10:40:47","modified_gmt":"2022-05-20T13:40:47","slug":"o-design-baseado-na-natureza","status":"publish","type":"post","link":"https:\/\/blog.univicosa.com.br\/index.php\/2022\/04\/11\/o-design-baseado-na-natureza\/","title":{"rendered":"O design baseado na natureza"},"content":{"rendered":"\n<p><em><strong>Por <\/strong>Tamyres Virginia Lopes Silveira \u2013 Arquiteta e Urbanista<\/em><\/p>\n\n\n\n<p>Nos \u00faltimos anos tem estado clara a nossa necessidade de conex\u00f5es, conex\u00f5es entre pessoas e com a natureza. No \u00e2mbito da arquitetura surgiu o termo Design Biof\u00edlico. O termo Biofilia \u00e9 traduzido como \u201camor \u00e0s coisas vivas\u201d do grego antigo (philia = amor a \/ inclina\u00e7\u00e3o a). Criado em 1964, pelo psic\u00f3logo Erich Fromm, o termo foi desenvolvido mais tarde, nos anos 80, pelo bi\u00f3logo Edward O. Wilson. O estudioso Stephen Kellert defende que temos &#8220;a necessidade de manter, melhorar e restaurar a experi\u00eancia ben\u00e9fica com a natureza no ambiente constru\u00eddo&#8221;.<\/p>\n\n\n\n<p>Voltando ao campo do design e pensando que a arquitetura \u00e9 o cen\u00e1rio das nossas atividades, individuais e de grupo, podemos falar no Design Biof\u00edlico. O design biof\u00edlico \u00e9 uma forma inovadora de reconectar o ser humano com a natureza em ambientes constru\u00eddos, de forma a melhorar nossa sa\u00fade e bem-estar. Um design baseado na natureza, que entende que a vida vem dela, e nela temos a sensa\u00e7\u00e3o de familiaridade e seguran\u00e7a. As formas da natureza s\u00e3o suaves, org\u00e2nicas, e suas cores podem ser expressas por aqueles que remetem aos tons terrosos e verdes.<\/p>\n\n\n\n<p>Alguns princ\u00edpios podem ser elencados nessa proposta de concep\u00e7\u00e3o dos ambientes:<\/p>\n\n\n\n<p>1 \u2013 Envolvimento cont\u00ednuo: \u00c9 necess\u00e1rio o envolvimento com o espa\u00e7o. N\u00e3o basta apenas oferecer espa\u00e7os com plantas ou materiais naturais, mas sim, permitir o uso desses espa\u00e7os pelas pessoas de forma ativa;<\/p>\n\n\n\n<p>2 \u2013 Sa\u00fade: Atrav\u00e9s da ventila\u00e7\u00e3o e ilumina\u00e7\u00e3o naturais, oferecer meios para proporcionar condi\u00e7\u00f5es para sa\u00fade f\u00edsica, mental e bem-estar;<\/p>\n\n\n\n<p>3 &#8211; Conex\u00f5es positivas: Conex\u00f5es entre pessoas, conex\u00f5es pessoas-natureza (interior e exterior), oferecer um layout que promover a conex\u00e3o, a intera\u00e7\u00e3o. Relacionamentos de qualidade para uma vida feliz;<\/p>\n\n\n\n<p>4 \u2013 Solu\u00e7\u00f5es ecol\u00f3gicas: Sustentabilidade. Solu\u00e7\u00f5es em tecnologia e projeto de arquitetura bioclim\u00e1tica;<\/p>\n\n\n\n<p>5 \u2013 Liga\u00e7\u00e3o emocional: Promover o senso de pertencimento. Identidade\/ familiaridade. Mem\u00f3ria coletiva\/ Hist\u00f3ria\/ Cultura. Atender \u00e0s diferentes escalas. Aten\u00e7\u00e3o \u00e0s necessidades especiais.<\/p>\n\n\n\n<p>Essa possibilidade de aproxima\u00e7\u00e3o dos elementos naturais pode oferecer diversos benef\u00edcios, e n\u00e3o por acaso vem sendo adotada com estrat\u00e9gia de design em ambientes escolares, de trabalho e at\u00e9 mesmo residenciais.<\/p>\n\n\n\n<p>A imagem 01 apresenta um espa\u00e7o de trabalho onde os princ\u00edpios de biofilia foram adotados, entre uso de cores, formas e materiais. O ambiente proporciona um espa\u00e7o de trabalho mais leve, e estudos j\u00e1 comprovam a melhora do desempenho em locais com essas caracter\u00edsticas, uma vez que proporciona bem estar, mais criatividade e produtividade.<\/p>\n\n\n\n<figure class=\"wp-block-image size-large\"><img data-attachment-id=\"3483\" data-permalink=\"https:\/\/blog.univicosa.com.br\/index.php\/2022\/04\/11\/o-design-baseado-na-natureza\/imagem-1\/\" data-orig-file=\"https:\/\/blog.univicosa.com.br\/wp-content\/uploads\/2022\/04\/imagem-1.png\" data-orig-size=\"800,533\" data-comments-opened=\"1\" data-image-meta=\"{&quot;aperture&quot;:&quot;0&quot;,&quot;credit&quot;:&quot;&quot;,&quot;camera&quot;:&quot;&quot;,&quot;caption&quot;:&quot;&quot;,&quot;created_timestamp&quot;:&quot;0&quot;,&quot;copyright&quot;:&quot;&quot;,&quot;focal_length&quot;:&quot;0&quot;,&quot;iso&quot;:&quot;0&quot;,&quot;shutter_speed&quot;:&quot;0&quot;,&quot;title&quot;:&quot;&quot;,&quot;orientation&quot;:&quot;0&quot;}\" data-image-title=\"imagem 1\" data-image-description=\"\" data-medium-file=\"https:\/\/blog.univicosa.com.br\/wp-content\/uploads\/2022\/04\/imagem-1-300x200.png\" data-large-file=\"https:\/\/blog.univicosa.com.br\/wp-content\/uploads\/2022\/04\/imagem-1.png\" loading=\"lazy\" width=\"800\" height=\"533\" src=\"https:\/\/blog.univicosa.com.br\/wp-content\/uploads\/2022\/04\/imagem-1.png\" alt=\"\" class=\"wp-image-3483\" srcset=\"https:\/\/blog.univicosa.com.br\/wp-content\/uploads\/2022\/04\/imagem-1.png 800w, https:\/\/blog.univicosa.com.br\/wp-content\/uploads\/2022\/04\/imagem-1-300x200.png 300w, https:\/\/blog.univicosa.com.br\/wp-content\/uploads\/2022\/04\/imagem-1-768x512.png 768w\" sizes=\"(max-width: 800px) 100vw, 800px\" \/><figcaption>Imagem 01 &#8211; Fonte: <a rel=\"noreferrer noopener\" href=\"https:\/\/casa.abril.com.br\/arquitetura\/design-biofilico-e-amor-pelas-plantas-invademespaco-corporativo\/\" data-type=\"URL\" data-id=\"https:\/\/casa.abril.com.br\/arquitetura\/design-biofilico-e-amor-pelas-plantas-invademespaco-corporativo\/\" target=\"_blank\">Casa Abri<\/a><a href=\"https:\/\/casa.abril.com.br\/arquitetura\/design-biofilico-e-amor-pelas-plantas-invademespaco-corporativo\/\" data-type=\"URL\" data-id=\"https:\/\/casa.abril.com.br\/arquitetura\/design-biofilico-e-amor-pelas-plantas-invademespaco-corporativo\/\" target=\"_blank\" rel=\"noreferrer noopener\">l<\/a><\/figcaption><\/figure>\n\n\n\n<p>Na imagem 02 vemos um ambiente escolar com aplica\u00e7\u00e3o de materiais naturais, vegeta\u00e7\u00e3o, e muita luz natural, propiciada pela presen\u00e7a de muitas aberturas ao n\u00edvel do piso, que proporcionam vista do exterior. Restaura\u00e7\u00e3o mental, melhora de comportamento, foco aprimorado e recupera\u00e7\u00e3o mais r\u00e1pida de sensa\u00e7\u00f5es estressantes s\u00e3o alguns dos benef\u00edcios que os estudos relacionam \u00e0 aplica\u00e7\u00e3o do design biof\u00edlico.<\/p>\n\n\n\n<figure class=\"wp-block-image size-large\"><img data-attachment-id=\"3484\" data-permalink=\"https:\/\/blog.univicosa.com.br\/index.php\/2022\/04\/11\/o-design-baseado-na-natureza\/imagem-2\/\" data-orig-file=\"https:\/\/blog.univicosa.com.br\/wp-content\/uploads\/2022\/04\/imagem-2.png\" data-orig-size=\"1000,666\" data-comments-opened=\"1\" data-image-meta=\"{&quot;aperture&quot;:&quot;0&quot;,&quot;credit&quot;:&quot;&quot;,&quot;camera&quot;:&quot;&quot;,&quot;caption&quot;:&quot;&quot;,&quot;created_timestamp&quot;:&quot;0&quot;,&quot;copyright&quot;:&quot;&quot;,&quot;focal_length&quot;:&quot;0&quot;,&quot;iso&quot;:&quot;0&quot;,&quot;shutter_speed&quot;:&quot;0&quot;,&quot;title&quot;:&quot;&quot;,&quot;orientation&quot;:&quot;0&quot;}\" data-image-title=\"imagem 2\" data-image-description=\"\" data-medium-file=\"https:\/\/blog.univicosa.com.br\/wp-content\/uploads\/2022\/04\/imagem-2-300x200.png\" data-large-file=\"https:\/\/blog.univicosa.com.br\/wp-content\/uploads\/2022\/04\/imagem-2.png\" loading=\"lazy\" width=\"1000\" height=\"666\" src=\"https:\/\/blog.univicosa.com.br\/wp-content\/uploads\/2022\/04\/imagem-2.png\" alt=\"\" class=\"wp-image-3484\" srcset=\"https:\/\/blog.univicosa.com.br\/wp-content\/uploads\/2022\/04\/imagem-2.png 1000w, https:\/\/blog.univicosa.com.br\/wp-content\/uploads\/2022\/04\/imagem-2-300x200.png 300w, https:\/\/blog.univicosa.com.br\/wp-content\/uploads\/2022\/04\/imagem-2-768x511.png 768w, https:\/\/blog.univicosa.com.br\/wp-content\/uploads\/2022\/04\/imagem-2-850x566.png 850w\" sizes=\"(max-width: 1000px) 100vw, 1000px\" \/><figcaption>Imagem 02 &#8211; Fonte: <a href=\"https:\/\/www.verticalgarden.com.br\/post\/design-biofilico-noambiente-da-educacao\" data-type=\"URL\" data-id=\"https:\/\/www.verticalgarden.com.br\/post\/design-biofilico-noambiente-da-educacao\" target=\"_blank\" rel=\"noreferrer noopener\">Vertical Garden<\/a><\/figcaption><\/figure>\n\n\n\n<p>Dentre as estrat\u00e9gias que podem ser adotadas no design biof\u00edlico podemos citar:<\/p>\n\n\n\n<p>1 &#8211; O uso de formas naturais: arcos, ab\u00f3badas e c\u00fapulas, padr\u00f5es bot\u00e2nicos, conchas e espirais, geomorfologia, etc.;<\/p>\n\n\n\n<p>2 \u2013 O uso de elementos ambientais: \u00e1gua, ar, ventila\u00e7\u00e3o natural, plantas, animais, fogo, geologia e paisagem, etc.;<\/p>\n\n\n\n<p>3 \u2013 Rela\u00e7\u00e3o luz x espa\u00e7o: luz natural, luz e sombra, luz filtrada e difusa, luz quente, luz como forma, espelhos d\u00b4\u00e1gua, etc.;<\/p>\n\n\n\n<p>4 \u2013 Uso de padr\u00f5es naturais: tonalidades padronizadas, espa\u00e7os delimitados, espa\u00e7os de transi\u00e7\u00e3o, fractais, etc.<\/p>\n\n\n\n<p>O ambiente de recep\u00e7\u00e3o do Hospital Albert Eisntein, na imagem 03, revela uso de formas circulares e curvas, tecidos de tapetes e mobili\u00e1rios em tramas, cores verdes e terrosas, uso de madeira no piso e mobili\u00e1rio, presen\u00e7a de elementos vegetais e abundante ilumina\u00e7\u00e3o natural.<\/p>\n\n\n\n<figure class=\"wp-block-image size-large\"><img data-attachment-id=\"3485\" data-permalink=\"https:\/\/blog.univicosa.com.br\/index.php\/2022\/04\/11\/o-design-baseado-na-natureza\/imagem-3\/\" data-orig-file=\"https:\/\/blog.univicosa.com.br\/wp-content\/uploads\/2022\/04\/imagem-3.png\" data-orig-size=\"1000,571\" data-comments-opened=\"1\" data-image-meta=\"{&quot;aperture&quot;:&quot;0&quot;,&quot;credit&quot;:&quot;&quot;,&quot;camera&quot;:&quot;&quot;,&quot;caption&quot;:&quot;&quot;,&quot;created_timestamp&quot;:&quot;0&quot;,&quot;copyright&quot;:&quot;&quot;,&quot;focal_length&quot;:&quot;0&quot;,&quot;iso&quot;:&quot;0&quot;,&quot;shutter_speed&quot;:&quot;0&quot;,&quot;title&quot;:&quot;&quot;,&quot;orientation&quot;:&quot;0&quot;}\" data-image-title=\"imagem 3\" data-image-description=\"\" data-medium-file=\"https:\/\/blog.univicosa.com.br\/wp-content\/uploads\/2022\/04\/imagem-3-300x171.png\" data-large-file=\"https:\/\/blog.univicosa.com.br\/wp-content\/uploads\/2022\/04\/imagem-3.png\" loading=\"lazy\" width=\"1000\" height=\"571\" src=\"https:\/\/blog.univicosa.com.br\/wp-content\/uploads\/2022\/04\/imagem-3.png\" alt=\"\" class=\"wp-image-3485\" srcset=\"https:\/\/blog.univicosa.com.br\/wp-content\/uploads\/2022\/04\/imagem-3.png 1000w, https:\/\/blog.univicosa.com.br\/wp-content\/uploads\/2022\/04\/imagem-3-300x171.png 300w, https:\/\/blog.univicosa.com.br\/wp-content\/uploads\/2022\/04\/imagem-3-768x439.png 768w, https:\/\/blog.univicosa.com.br\/wp-content\/uploads\/2022\/04\/imagem-3-850x485.png 850w\" sizes=\"(max-width: 1000px) 100vw, 1000px\" \/><figcaption>Imagem 03 &#8211; Fonte: <a href=\"https:\/\/www.verticalgarden.com.br\/post\/design-biofilico-noambiente-da-educacao\" data-type=\"URL\" data-id=\"https:\/\/www.verticalgarden.com.br\/post\/design-biofilico-noambiente-da-educacao\" target=\"_blank\" rel=\"noreferrer noopener\">Vertical Garden <\/a><\/figcaption><\/figure>\n\n\n\n<p>Na contram\u00e3o das inova\u00e7\u00f5es e alta tecnologia que nos cercam, nossa natureza nos revela a necessidade de buscarmos conex\u00f5es mais intensas com o meio em que vivemos, essa reconhecimento dos elementos naturais evidencia que, ainda que sejamos os atores transformadores da natureza, \u00e9 nela que buscamos ref\u00fagio e seguran\u00e7a.<\/p>\n\n\n\n<figure class=\"wp-block-image size-large\"><a href=\"https:\/\/univicosa.apprbs.com.br\/blog\/\" target=\"_blank\" rel=\"noopener\"><img data-attachment-id=\"2905\" data-permalink=\"https:\/\/blog.univicosa.com.br\/index.php\/2022\/02\/01\/5-motivos-para-fazer-nutricao-na-univicosa\/imagem-link-blog\/\" data-orig-file=\"https:\/\/blog.univicosa.com.br\/wp-content\/uploads\/2022\/02\/imagem-link-blog.png\" data-orig-size=\"677,51\" data-comments-opened=\"1\" data-image-meta=\"{&quot;aperture&quot;:&quot;0&quot;,&quot;credit&quot;:&quot;&quot;,&quot;camera&quot;:&quot;&quot;,&quot;caption&quot;:&quot;&quot;,&quot;created_timestamp&quot;:&quot;0&quot;,&quot;copyright&quot;:&quot;&quot;,&quot;focal_length&quot;:&quot;0&quot;,&quot;iso&quot;:&quot;0&quot;,&quot;shutter_speed&quot;:&quot;0&quot;,&quot;title&quot;:&quot;&quot;,&quot;orientation&quot;:&quot;0&quot;}\" data-image-title=\"imagem link blog\" data-image-description=\"\" data-medium-file=\"https:\/\/blog.univicosa.com.br\/wp-content\/uploads\/2022\/02\/imagem-link-blog-300x23.png\" data-large-file=\"https:\/\/blog.univicosa.com.br\/wp-content\/uploads\/2022\/02\/imagem-link-blog.png\" loading=\"lazy\" width=\"677\" height=\"51\" src=\"https:\/\/blog.univicosa.com.br\/wp-content\/uploads\/2022\/02\/imagem-link-blog.png\" alt=\"\" class=\"wp-image-2905\" srcset=\"https:\/\/blog.univicosa.com.br\/wp-content\/uploads\/2022\/02\/imagem-link-blog.png 677w, https:\/\/blog.univicosa.com.br\/wp-content\/uploads\/2022\/02\/imagem-link-blog-300x23.png 300w\" sizes=\"(max-width: 677px) 100vw, 677px\" \/><\/a><\/figure>\n\n\n\n<p>Gostou do Post? Aproveite para comentar e compartilhar com seus amigos! Conhe\u00e7a o curso de Arquitetura e Urbanismo da UNIVI\u00c7OSA, <a rel=\"noreferrer noopener\" href=\"https:\/\/www.univicosa.com.br\/graduacao\/cursos\/arquitetura_e_urbanismo\" target=\"_blank\">acesse o site<\/a> e siga nosso Instagram <strong><a rel=\"noreferrer noopener\" target=\"_blank\" href=\"https:\/\/www.instagram.com\/arquitetura.univicosa\">@arquitetura.univicosa<\/a><\/strong>. Voc\u00ea tamb\u00e9m pode aprender mais lendo outros posts do nosso blog.<\/p>\n\n\n\n<p><a rel=\"noreferrer noopener\" href=\"https:\/\/blog.univicosa.com.br\/index.php\/2022\/03\/15\/o-desafio-do-habitar\/\" target=\"_blank\">O desafio do Habitar<\/a><\/p>\n\n\n\n<p><a rel=\"noreferrer noopener\" href=\"https:\/\/blog.univicosa.com.br\/index.php\/2022\/03\/24\/quero-ser-arquiteto-quem-devo-seguir-no-instagram\/\" target=\"_blank\">Quero ser Arquiteto! Quem devo seguir no Instagram?<\/a><\/p>\n\n\n\n<p><a rel=\"noreferrer noopener\" href=\"https:\/\/blog.univicosa.com.br\/index.php\/2022\/03\/25\/a-primeira-expressao-arquitetonica-brasileira\/\" target=\"_blank\">A Primeira Express\u00e3o Arquitet\u00f4nica Brasileira<\/a><\/p>\n\n\n\n<p><a rel=\"noreferrer noopener\" href=\"https:\/\/blog.univicosa.com.br\/index.php\/2021\/07\/26\/curiosidades-e-mercado-de-trabalho-arquitetura-e-urbanismo\/\" target=\"_blank\">Curiosidades e mercado de trabalho: Arquitetura e Urbanismo<\/a><\/p>\n\n\n\n<p><a rel=\"noreferrer noopener\" href=\"https:\/\/blog.univicosa.com.br\/index.php\/2022\/03\/31\/o-arquiteto-e-suas-areas-de-atuacao\/saiba tudo sobre a arquitetura da paisagem!\" target=\"_blank\">Paisagismo: saiba tudo sobre a arquitetura da paisagem!<\/a><\/p>\n\n\n\n<p><a rel=\"noreferrer noopener\" href=\"https:\/\/blog.univicosa.com.br\/index.php\/2021\/10\/22\/os-modos-de-morar-e-a-arquitetura\/\" target=\"_blank\">Os modos de morar e a Arquitetura<\/a><\/p>\n\n\n\n<p><a rel=\"noreferrer noopener\" href=\"https:\/\/blog.univicosa.com.br\/index.php\/2021\/11\/05\/tecnologia-na-arquitetura\/\" target=\"_blank\">Tecnologia na Arquitetura<\/a><\/p>\n\n\n\n<p><a rel=\"noreferrer noopener\" href=\"https:\/\/blog.univicosa.com.br\/index.php\/2022\/01\/03\/saiba-tudo-sobre-o-curso-de-arquitetura-e-urbanismo\/\" target=\"_blank\">Saiba tudo sobre o curso de Arquitetura e Urbanismo!<\/a><\/p>\n\n\n\n<p><a href=\"https:\/\/blog.univicosa.com.br\/index.php\/2022\/01\/04\/5-motivos-para-fazer-arquitetura-e-urbanismo-na-univicosa\/\" target=\"_blank\" rel=\"noreferrer noopener\">5 motivos para fazer Arquitetura e Urbanismo na UNIVI\u00c7OSA!<\/a><\/p>\n","protected":false},"excerpt":{"rendered":"<p>Nos \u00faltimos anos, tem estado clara a nossa necessidade de conex\u00f5es entre pessoas e com a natureza. No \u00e2mbito da arquitetura, surgiu o termo Design Biof\u00edlico que \u00e9 traduzido como \u201camor \u00e0s coisas vivas\u201d do grego antigo (philia = amor a \/ inclina\u00e7\u00e3o a). Clica aqui para ler o post completo!<\/p>\n","protected":false},"author":2,"featured_media":3502,"comment_status":"open","ping_status":"open","sticky":false,"template":"","format":"standard","meta":{"spay_email":""},"categories":[28,14,1],"tags":[102,103,970,374,1018,1288,108,858,964,109,51,1287,1289,1418,92,1017,1016,355,169,107,111,9],"jetpack_featured_media_url":"https:\/\/blog.univicosa.com.br\/wp-content\/uploads\/2022\/04\/ARQUITETURA-11-04.png","jetpack_shortlink":"https:\/\/wp.me\/pbcCKk-Ua","_links":{"self":[{"href":"https:\/\/blog.univicosa.com.br\/index.php\/wp-json\/wp\/v2\/posts\/3482"}],"collection":[{"href":"https:\/\/blog.univicosa.com.br\/index.php\/wp-json\/wp\/v2\/posts"}],"about":[{"href":"https:\/\/blog.univicosa.com.br\/index.php\/wp-json\/wp\/v2\/types\/post"}],"author":[{"embeddable":true,"href":"https:\/\/blog.univicosa.com.br\/index.php\/wp-json\/wp\/v2\/users\/2"}],"replies":[{"embeddable":true,"href":"https:\/\/blog.univicosa.com.br\/index.php\/wp-json\/wp\/v2\/comments?post=3482"}],"version-history":[{"count":2,"href":"https:\/\/blog.univicosa.com.br\/index.php\/wp-json\/wp\/v2\/posts\/3482\/revisions"}],"predecessor-version":[{"id":3488,"href":"https:\/\/blog.univicosa.com.br\/index.php\/wp-json\/wp\/v2\/posts\/3482\/revisions\/3488"}],"wp:featuredmedia":[{"embeddable":true,"href":"https:\/\/blog.univicosa.com.br\/index.php\/wp-json\/wp\/v2\/media\/3502"}],"wp:attachment":[{"href":"https:\/\/blog.univicosa.com.br\/index.php\/wp-json\/wp\/v2\/media?parent=3482"}],"wp:term":[{"taxonomy":"category","embeddable":true,"href":"https:\/\/blog.univicosa.com.br\/index.php\/wp-json\/wp\/v2\/categories?post=3482"},{"taxonomy":"post_tag","embeddable":true,"href":"https:\/\/blog.univicosa.com.br\/index.php\/wp-json\/wp\/v2\/tags?post=3482"}],"curies":[{"name":"wp","href":"https:\/\/api.w.org\/{rel}","templated":true}]}}