{"id":3464,"date":"2022-04-07T18:29:34","date_gmt":"2022-04-07T21:29:34","guid":{"rendered":"https:\/\/blog.univicosa.com.br\/?p=3464"},"modified":"2022-05-20T10:41:01","modified_gmt":"2022-05-20T13:41:01","slug":"voce-sabia-o-brasil-enviou-enfermeiras-para-a-segunda-guerra-mundial","status":"publish","type":"post","link":"https:\/\/blog.univicosa.com.br\/index.php\/2022\/04\/07\/voce-sabia-o-brasil-enviou-enfermeiras-para-a-segunda-guerra-mundial\/","title":{"rendered":"Voc\u00ea sabia? O Brasil enviou enfermeiras para a Segunda Guerra Mundial"},"content":{"rendered":"\n<figure class=\"wp-block-image size-large\"><img data-attachment-id=\"3469\" data-permalink=\"https:\/\/blog.univicosa.com.br\/index.php\/2022\/04\/07\/voce-sabia-o-brasil-enviou-enfermeiras-para-a-segunda-guerra-mundial\/enfermeiras-segunda-guerra-blog-a-1\/\" data-orig-file=\"https:\/\/blog.univicosa.com.br\/wp-content\/uploads\/2022\/04\/ENFERMEIRAS-SEGUNDA-GUERRA-BLOG-a-1.png\" data-orig-size=\"1086,652\" data-comments-opened=\"1\" data-image-meta=\"{&quot;aperture&quot;:&quot;0&quot;,&quot;credit&quot;:&quot;&quot;,&quot;camera&quot;:&quot;&quot;,&quot;caption&quot;:&quot;&quot;,&quot;created_timestamp&quot;:&quot;0&quot;,&quot;copyright&quot;:&quot;&quot;,&quot;focal_length&quot;:&quot;0&quot;,&quot;iso&quot;:&quot;0&quot;,&quot;shutter_speed&quot;:&quot;0&quot;,&quot;title&quot;:&quot;&quot;,&quot;orientation&quot;:&quot;0&quot;}\" data-image-title=\"ENFERMEIRAS-SEGUNDA-GUERRA-BLOG-a-1\" data-image-description=\"\" data-medium-file=\"https:\/\/blog.univicosa.com.br\/wp-content\/uploads\/2022\/04\/ENFERMEIRAS-SEGUNDA-GUERRA-BLOG-a-1-300x180.png\" data-large-file=\"https:\/\/blog.univicosa.com.br\/wp-content\/uploads\/2022\/04\/ENFERMEIRAS-SEGUNDA-GUERRA-BLOG-a-1-1024x615.png\" loading=\"lazy\" width=\"1024\" height=\"615\" src=\"https:\/\/blog.univicosa.com.br\/wp-content\/uploads\/2022\/04\/ENFERMEIRAS-SEGUNDA-GUERRA-BLOG-a-1-1024x615.png\" alt=\"\" class=\"wp-image-3469\" srcset=\"https:\/\/blog.univicosa.com.br\/wp-content\/uploads\/2022\/04\/ENFERMEIRAS-SEGUNDA-GUERRA-BLOG-a-1-1024x615.png 1024w, https:\/\/blog.univicosa.com.br\/wp-content\/uploads\/2022\/04\/ENFERMEIRAS-SEGUNDA-GUERRA-BLOG-a-1-300x180.png 300w, https:\/\/blog.univicosa.com.br\/wp-content\/uploads\/2022\/04\/ENFERMEIRAS-SEGUNDA-GUERRA-BLOG-a-1-768x461.png 768w, https:\/\/blog.univicosa.com.br\/wp-content\/uploads\/2022\/04\/ENFERMEIRAS-SEGUNDA-GUERRA-BLOG-a-1-850x510.png 850w, https:\/\/blog.univicosa.com.br\/wp-content\/uploads\/2022\/04\/ENFERMEIRAS-SEGUNDA-GUERRA-BLOG-a-1.png 1086w\" sizes=\"(max-width: 1024px) 100vw, 1024px\" \/><\/figure>\n\n\n\n<p><strong>Voc\u00ea sabia que a For\u00e7a Expedicion\u00e1ria Brasileira &#8211; FEB <\/strong>enviou para a guerra n\u00e3o s\u00f3 <strong>soldados<\/strong>, como tamb\u00e9m <strong>enfermeiras<\/strong>?<\/p>\n\n\n\n<p>A <strong>comprova\u00e7\u00e3o <\/strong>desses<strong> fatos hist\u00f3ricos<\/strong> para a <strong>enfermagem brasileira\u00a0<\/strong>est\u00e3o registrados em document\u00e1rios, como as\u00a0<strong>&#8220;ENFERMEIRAS BRASILEIRAS NA 2\u00aa GUERRA MUNDIAL&#8221;<\/strong>, de Margarida Maria Rocha Bernades, e em pesquisas como o <strong>estudo hist\u00f3rico e social<\/strong> publicado na<strong> revista <\/strong>da<strong> Escola de Enfermagem <\/strong>da<strong> USP, <\/strong>intitulada <strong>\u201cAs enfermeiras da for\u00e7a expedicion\u00e1ria brasileira no front italiano\u201d<\/strong>, das autoras professoras e enfermeiras Margarida Maria Rocha Bernardes (a mesma do document\u00e1rio) e Gertrudes Teixeira.<\/p>\n\n\n\n<p>As autoras\u00a0<strong>analisaram <\/strong>a <strong>proximidade <\/strong>das <strong>Enfermeiras <\/strong>do <strong>Ex\u00e9rcito na For\u00e7a Expedicion\u00e1ria Brasileira &#8211; FEB<\/strong>, junto \u00e0s autoridades que detinham o <strong>poder <\/strong>dos <strong>comandos <\/strong>dos <strong>ex\u00e9rcitos <\/strong>estadunidense e brasileiro durante a Segunda Guerra Mundial.<\/p>\n\n\n\n<figure class=\"wp-block-image size-large\"><img data-attachment-id=\"3466\" data-permalink=\"https:\/\/blog.univicosa.com.br\/index.php\/2022\/04\/07\/voce-sabia-o-brasil-enviou-enfermeiras-para-a-segunda-guerra-mundial\/virginia-portocerrero\/\" data-orig-file=\"https:\/\/blog.univicosa.com.br\/wp-content\/uploads\/2022\/04\/virginia-portocerrero.jpg\" data-orig-size=\"1087,748\" data-comments-opened=\"1\" data-image-meta=\"{&quot;aperture&quot;:&quot;0&quot;,&quot;credit&quot;:&quot;&quot;,&quot;camera&quot;:&quot;&quot;,&quot;caption&quot;:&quot;&quot;,&quot;created_timestamp&quot;:&quot;0&quot;,&quot;copyright&quot;:&quot;&quot;,&quot;focal_length&quot;:&quot;0&quot;,&quot;iso&quot;:&quot;0&quot;,&quot;shutter_speed&quot;:&quot;0&quot;,&quot;title&quot;:&quot;&quot;,&quot;orientation&quot;:&quot;0&quot;}\" data-image-title=\"virginia-portocerrero\" data-image-description=\"\" data-medium-file=\"https:\/\/blog.univicosa.com.br\/wp-content\/uploads\/2022\/04\/virginia-portocerrero-300x206.jpg\" data-large-file=\"https:\/\/blog.univicosa.com.br\/wp-content\/uploads\/2022\/04\/virginia-portocerrero-1024x705.jpg\" loading=\"lazy\" width=\"1024\" height=\"705\" src=\"https:\/\/blog.univicosa.com.br\/wp-content\/uploads\/2022\/04\/virginia-portocerrero-1024x705.jpg\" alt=\"\" class=\"wp-image-3466\" srcset=\"https:\/\/blog.univicosa.com.br\/wp-content\/uploads\/2022\/04\/virginia-portocerrero-1024x705.jpg 1024w, https:\/\/blog.univicosa.com.br\/wp-content\/uploads\/2022\/04\/virginia-portocerrero-300x206.jpg 300w, https:\/\/blog.univicosa.com.br\/wp-content\/uploads\/2022\/04\/virginia-portocerrero-768x528.jpg 768w, https:\/\/blog.univicosa.com.br\/wp-content\/uploads\/2022\/04\/virginia-portocerrero-850x585.jpg 850w, https:\/\/blog.univicosa.com.br\/wp-content\/uploads\/2022\/04\/virginia-portocerrero.jpg 1087w\" sizes=\"(max-width: 1024px) 100vw, 1024px\" \/><\/figure>\n\n\n\n<p>Em <strong>1942<\/strong>, ao tornar-se um dos <strong>pa\u00edses aliados<\/strong> no conflito da 2\u00aa Guerra Mundial, o <strong>Brasil <\/strong>criou uma <strong>for\u00e7a militar<\/strong> diferenciada e especial, a <strong>FEB<\/strong>.<\/p>\n\n\n\n<p>Na <strong>oportunidade<\/strong>, por imposi\u00e7\u00e3o <strong>estadunidense<\/strong>, foram convocadas <strong>enfermeiras brasileiras volunt\u00e1rias<\/strong>, com forma\u00e7\u00e3o profissional diferenciada.<\/p>\n\n\n\n<p>Ap\u00f3s serem <strong>selecionadas<\/strong>, as <strong>enfermeiras <\/strong>se juntaram \u00e0s <strong>tropas brasileiras <\/strong>da FEB e a <strong>For\u00e7a A\u00e9rea Brasileira<\/strong> (seis do Grupo de Ca\u00e7a A\u00e9reo da FAB), rumo \u00e0 <strong>It\u00e1lia<\/strong>. Por l\u00e1, serviram em<strong> quatro diferentes hospitais <\/strong>de <strong>campanha<\/strong> do ex\u00e9rcito estadunidense montados em <strong>N\u00e1poles<\/strong>, <strong>Valdibura<\/strong>, <strong>Pisa<\/strong>, <strong>Pistoia <\/strong>e <strong>Livorno<\/strong>. Tornaram-se as <strong>primeiras mulheres<\/strong> a <strong>ingressar <\/strong>no <strong>servi\u00e7o ativo<\/strong> na <strong>hist\u00f3ria <\/strong>das <strong>For\u00e7as Armadas no pa\u00eds.<\/strong><\/p>\n\n\n\n<p><strong>Os requisitos n\u00e3o eram simples. <\/strong>Para <strong>inscrever-se,<\/strong> a jovem devia ser <strong>brasileira nata<\/strong>, <strong>solteira <\/strong>ou <strong>vi\u00fava<\/strong>, <strong>sem filhos<\/strong>, e ter entre <strong>20 e 40 anos.<\/strong> Era preciso apresentar <strong>diploma <\/strong>de <strong>enfermeira <\/strong>ou <strong>certificado de curso de samaritana,<\/strong> <strong>volunt\u00e1ria socorrista<\/strong> ou <strong>declara\u00e7\u00e3o<\/strong> de um <strong>estabelecimento <\/strong>de <strong>sa\u00fade <\/strong>atestando o exerc\u00edcio da fun\u00e7\u00e3o de enfermeira.<\/p>\n\n\n\n<figure class=\"wp-block-image size-large\"><img data-attachment-id=\"3467\" data-permalink=\"https:\/\/blog.univicosa.com.br\/index.php\/2022\/04\/07\/voce-sabia-o-brasil-enviou-enfermeiras-para-a-segunda-guerra-mundial\/enfermeiras_1-1\/\" data-orig-file=\"https:\/\/blog.univicosa.com.br\/wp-content\/uploads\/2022\/04\/enfermeiras_1-1.jpg\" data-orig-size=\"1080,1080\" data-comments-opened=\"1\" data-image-meta=\"{&quot;aperture&quot;:&quot;0&quot;,&quot;credit&quot;:&quot;&quot;,&quot;camera&quot;:&quot;&quot;,&quot;caption&quot;:&quot;&quot;,&quot;created_timestamp&quot;:&quot;0&quot;,&quot;copyright&quot;:&quot;&quot;,&quot;focal_length&quot;:&quot;0&quot;,&quot;iso&quot;:&quot;0&quot;,&quot;shutter_speed&quot;:&quot;0&quot;,&quot;title&quot;:&quot;&quot;,&quot;orientation&quot;:&quot;1&quot;}\" data-image-title=\"enfermeiras_1-1\" data-image-description=\"\" data-medium-file=\"https:\/\/blog.univicosa.com.br\/wp-content\/uploads\/2022\/04\/enfermeiras_1-1-300x300.jpg\" data-large-file=\"https:\/\/blog.univicosa.com.br\/wp-content\/uploads\/2022\/04\/enfermeiras_1-1-1024x1024.jpg\" loading=\"lazy\" width=\"1024\" height=\"1024\" src=\"https:\/\/blog.univicosa.com.br\/wp-content\/uploads\/2022\/04\/enfermeiras_1-1-1024x1024.jpg\" alt=\"\" class=\"wp-image-3467\" srcset=\"https:\/\/blog.univicosa.com.br\/wp-content\/uploads\/2022\/04\/enfermeiras_1-1-1024x1024.jpg 1024w, https:\/\/blog.univicosa.com.br\/wp-content\/uploads\/2022\/04\/enfermeiras_1-1-300x300.jpg 300w, https:\/\/blog.univicosa.com.br\/wp-content\/uploads\/2022\/04\/enfermeiras_1-1-150x150.jpg 150w, https:\/\/blog.univicosa.com.br\/wp-content\/uploads\/2022\/04\/enfermeiras_1-1-768x768.jpg 768w, https:\/\/blog.univicosa.com.br\/wp-content\/uploads\/2022\/04\/enfermeiras_1-1-850x850.jpg 850w, https:\/\/blog.univicosa.com.br\/wp-content\/uploads\/2022\/04\/enfermeiras_1-1.jpg 1080w\" sizes=\"(max-width: 1024px) 100vw, 1024px\" \/><\/figure>\n\n\n\n<p>Ap\u00f3s a sele\u00e7\u00e3o, as <strong>enfermeiras<\/strong>, participaram em <strong>car\u00e1ter obrigat\u00f3rio<\/strong> do <strong>Curso de Emerg\u00eancia de Enfermeiras da Reserva do Ex\u00e9rcito<\/strong> (CEERE), ministrado pela <strong>Diretoria de Sa\u00fade do Ex\u00e9rcito<\/strong>, cujo objetivo era <strong>formar <\/strong>o <strong>Quadro de Enfermagem<\/strong> (QEERE). Este curso comportou <strong>tr\u00eas m\u00f3dulos<\/strong> distintos: parte te\u00f3rica, prepara\u00e7\u00e3o f\u00edsica e instru\u00e7\u00e3o militar. <\/p>\n\n\n\n<p>Tal curso, <strong>possibilitou <\/strong>que as <strong>candidatas <\/strong>incorporassem o\u00a0<strong><em>habitus<\/em>\u00a0militar<\/strong>, contribuindo para a <strong>padroniza\u00e7\u00e3o <\/strong>do <strong>comportamento <\/strong>dessas <strong>enfermeiras <\/strong>no Teatro de Opera\u00e7\u00f5es (T.O.) na It\u00e1lia.<\/p>\n\n\n\n<p>Essa <strong>for\u00e7a de trabalho<\/strong> criada, organizada e preparada no <strong>Brasil<\/strong>, seguiu para a<strong> 2\u00aa Guerra Mundial,<\/strong> com o prop\u00f3sito de <strong>potencializar <\/strong>o recurso humano de Enfermagem dos pa\u00edses aliados, que atuava nos hospitais de campanha.<\/p>\n\n\n\n<figure class=\"wp-block-image\"><a href=\"https:\/\/univicosa.apprbs.com.br\/blog\/\" target=\"_blank\" rel=\"noreferrer noopener\"><img data-attachment-id=\"2757\" data-permalink=\"https:\/\/blog.univicosa.com.br\/index.php\/2022\/01\/03\/saiba-tudo-sobre-o-curso-de-administracao\/receba-conteudos-univicosa-imagem-geral-blog\/\" data-orig-file=\"https:\/\/blog.univicosa.com.br\/wp-content\/uploads\/2022\/01\/RECEBA-CONTEUDOS-UNIVICOSA-imagem-geral-blog.png\" data-orig-size=\"675,50\" data-comments-opened=\"1\" data-image-meta=\"{&quot;aperture&quot;:&quot;0&quot;,&quot;credit&quot;:&quot;&quot;,&quot;camera&quot;:&quot;&quot;,&quot;caption&quot;:&quot;&quot;,&quot;created_timestamp&quot;:&quot;0&quot;,&quot;copyright&quot;:&quot;&quot;,&quot;focal_length&quot;:&quot;0&quot;,&quot;iso&quot;:&quot;0&quot;,&quot;shutter_speed&quot;:&quot;0&quot;,&quot;title&quot;:&quot;&quot;,&quot;orientation&quot;:&quot;0&quot;}\" data-image-title=\"RECEBA-CONTEUDOS-UNIVICOSA-imagem-geral-blog\" data-image-description=\"\" data-medium-file=\"https:\/\/blog.univicosa.com.br\/wp-content\/uploads\/2022\/01\/RECEBA-CONTEUDOS-UNIVICOSA-imagem-geral-blog-300x22.png\" data-large-file=\"https:\/\/blog.univicosa.com.br\/wp-content\/uploads\/2022\/01\/RECEBA-CONTEUDOS-UNIVICOSA-imagem-geral-blog.png\" loading=\"lazy\" width=\"675\" height=\"50\" src=\"https:\/\/blog.univicosa.com.br\/wp-content\/uploads\/2022\/01\/RECEBA-CONTEUDOS-UNIVICOSA-imagem-geral-blog.png\" alt=\"\" class=\"wp-image-2757\" srcset=\"https:\/\/blog.univicosa.com.br\/wp-content\/uploads\/2022\/01\/RECEBA-CONTEUDOS-UNIVICOSA-imagem-geral-blog.png 675w, https:\/\/blog.univicosa.com.br\/wp-content\/uploads\/2022\/01\/RECEBA-CONTEUDOS-UNIVICOSA-imagem-geral-blog-300x22.png 300w\" sizes=\"(max-width: 675px) 100vw, 675px\" \/><\/a><\/figure>\n\n\n\n<p>Neste <strong>contexto hist\u00f3rico <\/strong>marcante para a <strong>humanidade<\/strong>, as enfermeiras ousaram e entraram para o <strong>Ex\u00e9rcito Brasileiro,<\/strong> seguindo para o <strong>conflito mundial,<\/strong> inseridas na FEB, comandada pelo General Jo\u00e3o Batista Mascarenhas de Moraes. <\/p>\n\n\n\n<p>Nesta For\u00e7a, foram para a It\u00e1lia <strong>cento e oitenta e seis<\/strong> profissionais de <strong>sa\u00fade<\/strong>, entre eles, <strong>sessenta e sete enfermeiras <\/strong>do <strong>Ex\u00e9rcito<\/strong>, sendo sessenta e uma enfermeiras hospitalares e seis especializadas em <strong>transporte a\u00e9reo.<\/strong><\/p>\n\n\n\n<p>Ap\u00f3s <strong>analise <\/strong>as autoras <strong>concluem <\/strong>que as enfermeiras <strong>ganharam <\/strong>uma <strong>batalha<\/strong>, sendo <strong>respeitadas <\/strong>num <strong>mundo novo e desconhecido<\/strong>, no universo das <strong>For\u00e7as Armadas<\/strong>, <strong>historicamente dominado por homens. <\/strong><\/p>\n\n\n\n<p>Integrando uma <strong>equipe<\/strong>, aquelas <strong>enfermeiras <\/strong>lutaram por <strong>auto-afirma\u00e7\u00e3o <\/strong>e <strong>respeito <\/strong>naquele <strong>momento hist\u00f3rico peculiar.<\/strong><\/p>\n\n\n\n<h1>Confira o document\u00e1rio &#8220;Enfermeiras brasileiras na 2\u00aa Guerra Mundial&#8221;: <\/h1>\n\n\n\n<figure class=\"wp-block-embed is-type-video is-provider-youtube wp-block-embed-youtube wp-embed-aspect-4-3 wp-has-aspect-ratio\"><div class=\"wp-block-embed__wrapper\">\n<div class=\"jetpack-video-wrapper\"><iframe title=\"ENFERMEIRAS BRASILEIRAS NA 2\u00aa GUERRA MUNDIAL - Document\u00e1rio Acad\u00eamico Resumido\" width=\"640\" height=\"480\" src=\"https:\/\/www.youtube.com\/embed\/Dv4-ZAkj07Y?start=162&#038;feature=oembed\" frameborder=\"0\" allow=\"accelerometer; autoplay; clipboard-write; encrypted-media; gyroscope; picture-in-picture\" allowfullscreen><\/iframe><\/div>\n<\/div><\/figure>\n\n\n\n<figure class=\"wp-block-image\"><a href=\"https:\/\/univicosa.apprbs.com.br\/blog\/\" target=\"_blank\" rel=\"noreferrer noopener\"><img data-attachment-id=\"2757\" data-permalink=\"https:\/\/blog.univicosa.com.br\/index.php\/2022\/01\/03\/saiba-tudo-sobre-o-curso-de-administracao\/receba-conteudos-univicosa-imagem-geral-blog\/\" data-orig-file=\"https:\/\/blog.univicosa.com.br\/wp-content\/uploads\/2022\/01\/RECEBA-CONTEUDOS-UNIVICOSA-imagem-geral-blog.png\" data-orig-size=\"675,50\" data-comments-opened=\"1\" data-image-meta=\"{&quot;aperture&quot;:&quot;0&quot;,&quot;credit&quot;:&quot;&quot;,&quot;camera&quot;:&quot;&quot;,&quot;caption&quot;:&quot;&quot;,&quot;created_timestamp&quot;:&quot;0&quot;,&quot;copyright&quot;:&quot;&quot;,&quot;focal_length&quot;:&quot;0&quot;,&quot;iso&quot;:&quot;0&quot;,&quot;shutter_speed&quot;:&quot;0&quot;,&quot;title&quot;:&quot;&quot;,&quot;orientation&quot;:&quot;0&quot;}\" data-image-title=\"RECEBA-CONTEUDOS-UNIVICOSA-imagem-geral-blog\" data-image-description=\"\" data-medium-file=\"https:\/\/blog.univicosa.com.br\/wp-content\/uploads\/2022\/01\/RECEBA-CONTEUDOS-UNIVICOSA-imagem-geral-blog-300x22.png\" data-large-file=\"https:\/\/blog.univicosa.com.br\/wp-content\/uploads\/2022\/01\/RECEBA-CONTEUDOS-UNIVICOSA-imagem-geral-blog.png\" loading=\"lazy\" width=\"675\" height=\"50\" src=\"https:\/\/blog.univicosa.com.br\/wp-content\/uploads\/2022\/01\/RECEBA-CONTEUDOS-UNIVICOSA-imagem-geral-blog.png\" alt=\"\" class=\"wp-image-2757\" srcset=\"https:\/\/blog.univicosa.com.br\/wp-content\/uploads\/2022\/01\/RECEBA-CONTEUDOS-UNIVICOSA-imagem-geral-blog.png 675w, https:\/\/blog.univicosa.com.br\/wp-content\/uploads\/2022\/01\/RECEBA-CONTEUDOS-UNIVICOSA-imagem-geral-blog-300x22.png 300w\" sizes=\"(max-width: 675px) 100vw, 675px\" \/><\/a><\/figure>\n\n\n\n<p><strong>Confira o artigo completo em: <\/strong><a rel=\"noreferrer noopener\" href=\"https:\/\/doi.org\/10.1590\/S0080-62342007000300015\" target=\"_blank\">https:\/\/www.scielo.br\/j\/reeusp\/a\/jRSXyJXkFKnNw4kGYHcqT7N\/?lang=pt<\/a><\/p>\n\n\n\n<p><a href=\"https:\/\/blog.univicosa.com.br\/index.php\/2022\/04\/04\/5-areas-de-atuacao-para-o-profissional-de-enfermagem\/\" target=\"_blank\" rel=\"noreferrer noopener\">5 \u00e1reas de atua\u00e7\u00e3o para o Profissional de Enfermagem<\/a><\/p>\n\n\n\n<p><a href=\"https:\/\/blog.univicosa.com.br\/index.php\/2022\/03\/10\/voce-sabia-que-as-clinicas-e-os-consultorios-de-enfermagem-sao-oportunidades-para-o-enfermeiro-empreendedor\/\" target=\"_blank\" rel=\"noreferrer noopener\">Voc\u00ea sabia que as cl\u00ednicas e os consult\u00f3rios de enfermagem s\u00e3o oportunidades para o enfermeiro empreendedor?<\/a><\/p>\n\n\n\n<p><a rel=\"noreferrer noopener\" href=\"https:\/\/www.univicosa.com.br\/graduacao\/cursos\/enfermagem\" target=\"_blank\">Curtiu e quer saber mais sobre o curso de&nbsp;<strong>Enfermagem&nbsp;<\/strong>da&nbsp;<strong>UNIVI\u00c7OSA<\/strong>? Ent\u00e3o acesse o site da Univi\u00e7osa, clique aqui!<\/a><\/p>\n\n\n\n<p><a href=\"https:\/\/blog.univicosa.com.br\/index.php\/2022\/03\/09\/o-perfil-do-profissional-de-enfermagem\/\" target=\"_blank\" rel=\"noreferrer noopener\">O perfil do profissional de Enfermagem<\/a><\/p>\n\n\n\n<p><a rel=\"noreferrer noopener\" href=\"https:\/\/blog.univicosa.com.br\/index.php\/2020\/08\/03\/alunas-de-enfermagem-da-univicosa-foram-convocadas-para-atuar-no-enfrentamento-da-covid-19-por-meio-do-programa-brasil-conta-comigo\/\" target=\"_blank\">Alunas de Enfermagem da Univi\u00e7osa foram convocadas para atuar no enfrentamento da COVID-19 por meio do Programa \u201cBrasil Conta Comigo\u201d<\/a><\/p>\n\n\n\n<p><a rel=\"noreferrer noopener\" href=\"https:\/\/blog.univicosa.com.br\/index.php\/2021\/11\/19\/saude-da-populacao-negra-no-brasil-mes-da-consciencia-negra\/\" target=\"_blank\">Sa\u00fade da popula\u00e7\u00e3o negra no Brasil \u2013 M\u00eas da consci\u00eancia negra!<\/a><\/p>\n\n\n\n<p><a rel=\"noreferrer noopener\" href=\"https:\/\/blog.univicosa.com.br\/index.php\/2021\/09\/13\/pesquisa-sobre-mercado-de-trabalho-regional-saiba-quais-sao-os-cursos-superiores-que-estao-em-alta\/\" target=\"_blank\">Pesquisa sobre mercado de trabalho regional: saiba quais s\u00e3o os cursos superiores que est\u00e3o em alta<\/a><\/p>\n\n\n\n<p><a rel=\"noreferrer noopener\" href=\"https:\/\/blog.univicosa.com.br\/index.php\/2021\/09\/11\/tudo-o-que-voce-precisa-saber-para-ingressar-em-um-curso-superior\/\" target=\"_blank\">Tudo o que voc\u00ea precisa saber para ingressar em um curso superior<\/a><\/p>\n\n\n\n<p><a rel=\"noreferrer noopener\" href=\"https:\/\/blog.univicosa.com.br\/index.php\/2021\/04\/19\/como-dividir-a-mesma-casa-com-alguem-que-esta-contaminado-com-o-coronavirus\/\" target=\"_blank\">COMO DIVIDIR A MESMA CASA COM ALGU\u00c9M QUE EST\u00c1 CONTAMINADO COM O CORONAV\u00cdRUS<\/a>!<\/p>\n\n\n\n<p><a rel=\"noreferrer noopener\" href=\"https:\/\/blog.univicosa.com.br\/index.php\/2020\/11\/18\/saude-do-homem-preconceito-e-nao-se-cuidar\/\" target=\"_blank\">Sa\u00fade do homem, preconceito \u00e9 n\u00e3o se cuidar!<\/a><\/p>\n\n\n\n<p><a rel=\"noreferrer noopener\" href=\"https:\/\/blog.univicosa.com.br\/index.php\/2020\/04\/20\/uso-de-mascaras-erros-comuns-ao-maneja-las\/\" target=\"_blank\">Uso de m\u00e1scaras: erros comuns ao manej\u00e1-las<\/a><\/p>\n\n\n\n<p><a rel=\"noreferrer noopener\" href=\"https:\/\/blog.univicosa.com.br\/index.php\/2020\/04\/13\/coronavirus-as-criancas-tambem-precisam-saber\/\" target=\"_blank\">Coronav\u00edrus: as crian\u00e7as tamb\u00e9m precisam saber<\/a><\/p>\n","protected":false},"excerpt":{"rendered":"<p>Voc\u00ea sabia que a For\u00e7a Expedicion\u00e1ria Brasileira &#8211; FEB enviou para a guerra n\u00e3o s\u00f3 soldados, como tamb\u00e9m enfermeiras? A comprova\u00e7\u00e3o desses fatos hist\u00f3ricos para a enfermagem brasileira\u00a0est\u00e3o registrados em document\u00e1rios, como as\u00a0&#8220;ENFERMEIRAS BRASILEIRAS NA 2\u00aa GUERRA MUNDIAL&#8221;, de Margarida Maria Rocha Bernades, e em pesquisas como o estudo hist\u00f3rico e social publicado na revista&#8230;<\/p>\n","protected":false},"author":2,"featured_media":3469,"comment_status":"open","ping_status":"open","sticky":false,"template":"","format":"standard","meta":{"spay_email":""},"categories":[40,16],"tags":[409,970,1410,71,1409,1405,1406,1411,51,1150,1408,92,1268,1404,1407,96,9,93],"jetpack_featured_media_url":"https:\/\/blog.univicosa.com.br\/wp-content\/uploads\/2022\/04\/ENFERMEIRAS-SEGUNDA-GUERRA-BLOG-a-1.png","jetpack_shortlink":"https:\/\/wp.me\/pbcCKk-TS","_links":{"self":[{"href":"https:\/\/blog.univicosa.com.br\/index.php\/wp-json\/wp\/v2\/posts\/3464"}],"collection":[{"href":"https:\/\/blog.univicosa.com.br\/index.php\/wp-json\/wp\/v2\/posts"}],"about":[{"href":"https:\/\/blog.univicosa.com.br\/index.php\/wp-json\/wp\/v2\/types\/post"}],"author":[{"embeddable":true,"href":"https:\/\/blog.univicosa.com.br\/index.php\/wp-json\/wp\/v2\/users\/2"}],"replies":[{"embeddable":true,"href":"https:\/\/blog.univicosa.com.br\/index.php\/wp-json\/wp\/v2\/comments?post=3464"}],"version-history":[{"count":2,"href":"https:\/\/blog.univicosa.com.br\/index.php\/wp-json\/wp\/v2\/posts\/3464\/revisions"}],"predecessor-version":[{"id":3470,"href":"https:\/\/blog.univicosa.com.br\/index.php\/wp-json\/wp\/v2\/posts\/3464\/revisions\/3470"}],"wp:featuredmedia":[{"embeddable":true,"href":"https:\/\/blog.univicosa.com.br\/index.php\/wp-json\/wp\/v2\/media\/3469"}],"wp:attachment":[{"href":"https:\/\/blog.univicosa.com.br\/index.php\/wp-json\/wp\/v2\/media?parent=3464"}],"wp:term":[{"taxonomy":"category","embeddable":true,"href":"https:\/\/blog.univicosa.com.br\/index.php\/wp-json\/wp\/v2\/categories?post=3464"},{"taxonomy":"post_tag","embeddable":true,"href":"https:\/\/blog.univicosa.com.br\/index.php\/wp-json\/wp\/v2\/tags?post=3464"}],"curies":[{"name":"wp","href":"https:\/\/api.w.org\/{rel}","templated":true}]}}