{"id":3456,"date":"2022-04-08T14:12:43","date_gmt":"2022-04-08T17:12:43","guid":{"rendered":"https:\/\/blog.univicosa.com.br\/?p=3456"},"modified":"2022-05-20T10:40:52","modified_gmt":"2022-05-20T13:40:52","slug":"o-salario-que-todo-socio-quer-ter","status":"publish","type":"post","link":"https:\/\/blog.univicosa.com.br\/index.php\/2022\/04\/08\/o-salario-que-todo-socio-quer-ter\/","title":{"rendered":"O \u201csal\u00e1rio\u201d que todo s\u00f3cio quer ter"},"content":{"rendered":"\n<figure class=\"wp-block-image size-large\"><img data-attachment-id=\"3478\" data-permalink=\"https:\/\/blog.univicosa.com.br\/index.php\/2022\/04\/08\/o-salario-que-todo-socio-quer-ter\/copia-de-modelo-capa-do-blog1\/\" data-orig-file=\"https:\/\/blog.univicosa.com.br\/wp-content\/uploads\/2022\/04\/Copia-de-modelo-capa-do-blog1.png\" data-orig-size=\"850,510\" data-comments-opened=\"1\" data-image-meta=\"{&quot;aperture&quot;:&quot;0&quot;,&quot;credit&quot;:&quot;&quot;,&quot;camera&quot;:&quot;&quot;,&quot;caption&quot;:&quot;&quot;,&quot;created_timestamp&quot;:&quot;0&quot;,&quot;copyright&quot;:&quot;&quot;,&quot;focal_length&quot;:&quot;0&quot;,&quot;iso&quot;:&quot;0&quot;,&quot;shutter_speed&quot;:&quot;0&quot;,&quot;title&quot;:&quot;&quot;,&quot;orientation&quot;:&quot;0&quot;}\" data-image-title=\"C\u00f3pia de modelo capa do blog(1)\" data-image-description=\"\" data-medium-file=\"https:\/\/blog.univicosa.com.br\/wp-content\/uploads\/2022\/04\/Copia-de-modelo-capa-do-blog1-300x180.png\" data-large-file=\"https:\/\/blog.univicosa.com.br\/wp-content\/uploads\/2022\/04\/Copia-de-modelo-capa-do-blog1.png\" loading=\"lazy\" width=\"850\" height=\"510\" src=\"https:\/\/blog.univicosa.com.br\/wp-content\/uploads\/2022\/04\/Copia-de-modelo-capa-do-blog1.png\" alt=\"\" class=\"wp-image-3478\" srcset=\"https:\/\/blog.univicosa.com.br\/wp-content\/uploads\/2022\/04\/Copia-de-modelo-capa-do-blog1.png 850w, https:\/\/blog.univicosa.com.br\/wp-content\/uploads\/2022\/04\/Copia-de-modelo-capa-do-blog1-300x180.png 300w, https:\/\/blog.univicosa.com.br\/wp-content\/uploads\/2022\/04\/Copia-de-modelo-capa-do-blog1-768x461.png 768w\" sizes=\"(max-width: 850px) 100vw, 850px\" \/><\/figure>\n\n\n\n<h3>Todo s\u00f3cio pensa em ser rico, ter lucros e sal\u00e1rio, mas ser\u00e1 que \u00e9 t\u00e3o simples assim?<\/h3>\n\n\n\n<p>Quando falamos em sal\u00e1rio pensamos no profissional que tem sua carteira de trabalho (CTPS \u2013 Carteira de Trabalho e Previd\u00eancia Social) assinada, ou seja, contratado de acordo com a Consolida\u00e7\u00e3o das Leis Trabalhistas e todos os seus direitos trabalhistas, n\u00e3o \u00e9 mesmo? E no caso do s\u00f3cio de uma empresa, ele recebe \u201csal\u00e1rio\u201d?<\/p>\n\n\n\n<p>A resposta \u00e9 sim! Esse sal\u00e1rio \u00e9 tamb\u00e9m chamado de Pr\u00f3-labore que \u00e9 forma de remunera\u00e7\u00e3o paga pelo trabalho dos s\u00f3cios-administradores de uma empresa e deve estar no contrato social da mesma. Diferentemente dos sal\u00e1rios dos empregados, os s\u00f3cios n\u00e3o recebem o 13\u00ba sal\u00e1rio e f\u00e9rias, no entanto o FGTS \u00e9 facultativo de acordo com o art. 16 da Lei n\u00ba. 8.036\/90, bem como o art. 8\u00ba do Regulamento do Fundo de Garantia do Tempo de Servi\u00e7o, aprovado pelo Decreto n\u00ba 99.684\/90. <em>A legisla\u00e7\u00e3o tamb\u00e9m n\u00e3o delimita o teto m\u00e1ximo para a retirada do s\u00f3cio, mas<\/em><em> <\/em><em>a<\/em> recomenda\u00e7\u00e3o \u00e9 de que&nbsp;os valores pagos referentes ao pr\u00f3-labore n\u00e3o sejam inferiores ao sal\u00e1rio m\u00ednimo vigente.<\/p>\n\n\n\n<p>Uma sugest\u00e3o para definir valores de pr\u00f3-labore \u00e9 a compara\u00e7\u00e3o da m\u00e9dia dos valores pagos para profissionais celetistas que desenvolvem a mesma fun\u00e7\u00e3o do s\u00f3cio. Outro fator importante \u00e9 analisar se a empresa tem capacidade financeira de arcar com todas as despesas, encargos e custos com os s\u00f3cios, uma vez que os valores impactar\u00e3o diretamente no caixa da empresa.<\/p>\n\n\n\n<p>Por isso, \u00e9 muito importante que no momento da elabora\u00e7\u00e3o do planejamento financeiro e da proje\u00e7\u00e3o de caixa, o s\u00f3cio delimite o seu valor de retirada. Vale ressaltar ainda a necessidade de diferenciar e separar o que \u00e9 da empresa e o que \u00e9 do s\u00f3cio n\u00e3o misturando as contas pessoais e empresariais. Somente ap\u00f3s o registro ou o pagamento de todos os custos, impostos, despesas e inclusive sal\u00e1rios e pr\u00f3-labore \u00e9 que o lucro poder\u00e1 ser apurado e posteriormente distribu\u00eddos aos s\u00f3cios.<\/p>\n\n\n\n<p>.<strong><em>Por: <\/em><\/strong><em>Ana Cl\u00e1udia da Silva: Contadora, Mestre em Economia Dom\u00e9stica, Especialista em Gest\u00e3o de Pessoas, Professora dos cursos de Administra\u00e7\u00e3o e Ci\u00eancias Cont\u00e1beis da Univi\u00e7osa.<\/em><\/p>\n\n\n\n<figure class=\"wp-block-image size-large\"><img data-attachment-id=\"2757\" data-permalink=\"https:\/\/blog.univicosa.com.br\/index.php\/2022\/01\/03\/saiba-tudo-sobre-o-curso-de-administracao\/receba-conteudos-univicosa-imagem-geral-blog\/\" data-orig-file=\"https:\/\/blog.univicosa.com.br\/wp-content\/uploads\/2022\/01\/RECEBA-CONTEUDOS-UNIVICOSA-imagem-geral-blog.png\" data-orig-size=\"675,50\" data-comments-opened=\"1\" data-image-meta=\"{&quot;aperture&quot;:&quot;0&quot;,&quot;credit&quot;:&quot;&quot;,&quot;camera&quot;:&quot;&quot;,&quot;caption&quot;:&quot;&quot;,&quot;created_timestamp&quot;:&quot;0&quot;,&quot;copyright&quot;:&quot;&quot;,&quot;focal_length&quot;:&quot;0&quot;,&quot;iso&quot;:&quot;0&quot;,&quot;shutter_speed&quot;:&quot;0&quot;,&quot;title&quot;:&quot;&quot;,&quot;orientation&quot;:&quot;0&quot;}\" data-image-title=\"RECEBA-CONTEUDOS-UNIVICOSA-imagem-geral-blog\" data-image-description=\"\" data-medium-file=\"https:\/\/blog.univicosa.com.br\/wp-content\/uploads\/2022\/01\/RECEBA-CONTEUDOS-UNIVICOSA-imagem-geral-blog-300x22.png\" data-large-file=\"https:\/\/blog.univicosa.com.br\/wp-content\/uploads\/2022\/01\/RECEBA-CONTEUDOS-UNIVICOSA-imagem-geral-blog.png\" loading=\"lazy\" width=\"675\" height=\"50\" src=\"https:\/\/blog.univicosa.com.br\/wp-content\/uploads\/2022\/01\/RECEBA-CONTEUDOS-UNIVICOSA-imagem-geral-blog.png\" alt=\"\" class=\"wp-image-2757\" srcset=\"https:\/\/blog.univicosa.com.br\/wp-content\/uploads\/2022\/01\/RECEBA-CONTEUDOS-UNIVICOSA-imagem-geral-blog.png 675w, https:\/\/blog.univicosa.com.br\/wp-content\/uploads\/2022\/01\/RECEBA-CONTEUDOS-UNIVICOSA-imagem-geral-blog-300x22.png 300w\" sizes=\"(max-width: 675px) 100vw, 675px\" \/><\/figure>\n\n\n\n<p>Ah! E se voc\u00ea quer se tornar um Administrador, n\u00e3o pode deixar de conferir tudo que o Curso de Administra\u00e7\u00e3o da UNIVI\u00c7OSA tem para te oferecer. Clica aqui e venha conhecer nosso site! Voc\u00ea tamb\u00e9m pode aprender mais com outros posts relacionados a seguir!<\/p>\n\n\n\n<p><a href=\"https:\/\/blog.univicosa.com.br\/index.php\/2022\/03\/24\/o-administrador-e-seus-papeis-gerenciais\/\" data-type=\"URL\" data-id=\"https:\/\/blog.univicosa.com.br\/index.php\/2022\/03\/24\/o-administrador-e-seus-papeis-gerenciais\/\" target=\"_blank\" rel=\"noreferrer noopener\">O Administrador e seus pap\u00e9is gerenciais<\/a><\/p>\n\n\n\n<p><a rel=\"noreferrer noopener\" href=\"https:\/\/blog.univicosa.com.br\/index.php\/2022\/02\/11\/o-perfil-do-profissional-de-administracao\/\" target=\"_blank\">O Perfil do Profissional de Administra\u00e7\u00e3o<\/a><\/p>\n\n\n\n<p><a rel=\"noreferrer noopener\" href=\"https:\/\/blog.univicosa.com.br\/index.php\/2022\/02\/03\/5-motivos-para-estudar-administracao-na-univicosa\/\" target=\"_blank\">5 motivos para estudar Administra\u00e7\u00e3o na UNIVI\u00c7OSA<\/a><\/p>\n\n\n\n<p><a rel=\"noreferrer noopener\" href=\"https:\/\/blog.univicosa.com.br\/index.php\/2020\/07\/31\/funcoes-administrativas-pilares-importantes-para-sua-empresa\/\" target=\"_blank\">Fun\u00e7\u00f5es administrativas: pilares importantes que todos aspirantes \u00e0 Administra\u00e7\u00e3o precisam conhecer<\/a><\/p>\n\n\n\n<p><a rel=\"noreferrer noopener\" href=\"https:\/\/blog.univicosa.com.br\/index.php\/2022\/01\/03\/saiba-tudo-sobre-o-curso-de-administracao\/\" target=\"_blank\">Saiba tudo sobre o curso de Administra\u00e7\u00e3o!<\/a><\/p>\n\n\n\n<p><a rel=\"noreferrer noopener\" href=\"https:\/\/blog.univicosa.com.br\/index.php\/2020\/07\/23\/10-curiosidades-sobre-a-carreira-em-administracao\/\" target=\"_blank\">10 curiosidades sobre a carreira em Administra\u00e7\u00e3o<\/a><\/p>\n\n\n\n<p><a href=\"https:\/\/blog.univicosa.com.br\/index.php\/2019\/07\/08\/caracteristicas-do-curso-e-carreira-em-administracao\/\" target=\"_blank\" rel=\"noreferrer noopener\">Caracter\u00edsticas do curso e carreira em Administra\u00e7\u00e3o<\/a><\/p>\n","protected":false},"excerpt":{"rendered":"<p>Quando falamos em sal\u00e1rio pensamos no profissional que tem sua carteira de trabalho (CTPS \u2013 Carteira de Trabalho e Previd\u00eancia Social) assinada, ou seja, contratado de acordo com a Consolida\u00e7\u00e3o das Leis Trabalhistas e todos os seus direitos trabalhistas, n\u00e3o \u00e9 mesmo? E no caso do s\u00f3cio de uma empresa, ele recebe \u201csal\u00e1rio\u201d? Venha descobrir!<\/p>\n","protected":false},"author":2,"featured_media":3506,"comment_status":"open","ping_status":"open","sticky":false,"template":"","format":"standard","meta":{"spay_email":""},"categories":[33,15,1],"tags":[4,699,108,1152,51,783,1158,100,92,1157,107,1156,1153,1151,605,1154,1155,96,52,9],"jetpack_featured_media_url":"https:\/\/blog.univicosa.com.br\/wp-content\/uploads\/2022\/04\/administracao-08-04.png","jetpack_shortlink":"https:\/\/wp.me\/pbcCKk-TK","_links":{"self":[{"href":"https:\/\/blog.univicosa.com.br\/index.php\/wp-json\/wp\/v2\/posts\/3456"}],"collection":[{"href":"https:\/\/blog.univicosa.com.br\/index.php\/wp-json\/wp\/v2\/posts"}],"about":[{"href":"https:\/\/blog.univicosa.com.br\/index.php\/wp-json\/wp\/v2\/types\/post"}],"author":[{"embeddable":true,"href":"https:\/\/blog.univicosa.com.br\/index.php\/wp-json\/wp\/v2\/users\/2"}],"replies":[{"embeddable":true,"href":"https:\/\/blog.univicosa.com.br\/index.php\/wp-json\/wp\/v2\/comments?post=3456"}],"version-history":[{"count":4,"href":"https:\/\/blog.univicosa.com.br\/index.php\/wp-json\/wp\/v2\/posts\/3456\/revisions"}],"predecessor-version":[{"id":3479,"href":"https:\/\/blog.univicosa.com.br\/index.php\/wp-json\/wp\/v2\/posts\/3456\/revisions\/3479"}],"wp:featuredmedia":[{"embeddable":true,"href":"https:\/\/blog.univicosa.com.br\/index.php\/wp-json\/wp\/v2\/media\/3506"}],"wp:attachment":[{"href":"https:\/\/blog.univicosa.com.br\/index.php\/wp-json\/wp\/v2\/media?parent=3456"}],"wp:term":[{"taxonomy":"category","embeddable":true,"href":"https:\/\/blog.univicosa.com.br\/index.php\/wp-json\/wp\/v2\/categories?post=3456"},{"taxonomy":"post_tag","embeddable":true,"href":"https:\/\/blog.univicosa.com.br\/index.php\/wp-json\/wp\/v2\/tags?post=3456"}],"curies":[{"name":"wp","href":"https:\/\/api.w.org\/{rel}","templated":true}]}}