{"id":3364,"date":"2022-03-31T10:12:53","date_gmt":"2022-03-31T13:12:53","guid":{"rendered":"https:\/\/blog.univicosa.com.br\/?p=3364"},"modified":"2022-05-20T10:50:34","modified_gmt":"2022-05-20T13:50:34","slug":"o-arquiteto-e-suas-areas-de-atuacao","status":"publish","type":"post","link":"https:\/\/blog.univicosa.com.br\/index.php\/2022\/03\/31\/o-arquiteto-e-suas-areas-de-atuacao\/","title":{"rendered":"O Arquiteto e suas \u00e1reas de atua\u00e7\u00e3o"},"content":{"rendered":"\n<p>Voc\u00ea gostaria de estudar Arquitetura e Urbanismo, mas ainda n\u00e3o tem certeza se essa \u00e9 a profiss\u00e3o perfeita para voc\u00ea? Ent\u00e3o para ajud\u00e1-lo a tomar essa decis\u00e3o preparamos uma lista de \u00e1reas de atua\u00e7\u00e3o dos arquitetos que est\u00e3o em alta! Confira aqui.<\/p>\n\n\n\n<figure class=\"wp-block-image size-large\"><img data-attachment-id=\"3365\" data-permalink=\"https:\/\/blog.univicosa.com.br\/index.php\/2022\/03\/31\/o-arquiteto-e-suas-areas-de-atuacao\/capa-blog-arq\/\" data-orig-file=\"https:\/\/blog.univicosa.com.br\/wp-content\/uploads\/2022\/03\/capa-blog-arq.png\" data-orig-size=\"850,510\" data-comments-opened=\"1\" data-image-meta=\"{&quot;aperture&quot;:&quot;0&quot;,&quot;credit&quot;:&quot;&quot;,&quot;camera&quot;:&quot;&quot;,&quot;caption&quot;:&quot;&quot;,&quot;created_timestamp&quot;:&quot;0&quot;,&quot;copyright&quot;:&quot;&quot;,&quot;focal_length&quot;:&quot;0&quot;,&quot;iso&quot;:&quot;0&quot;,&quot;shutter_speed&quot;:&quot;0&quot;,&quot;title&quot;:&quot;&quot;,&quot;orientation&quot;:&quot;0&quot;}\" data-image-title=\"capa blog arq\" data-image-description=\"\" data-medium-file=\"https:\/\/blog.univicosa.com.br\/wp-content\/uploads\/2022\/03\/capa-blog-arq-300x180.png\" data-large-file=\"https:\/\/blog.univicosa.com.br\/wp-content\/uploads\/2022\/03\/capa-blog-arq.png\" loading=\"lazy\" width=\"850\" height=\"510\" src=\"https:\/\/blog.univicosa.com.br\/wp-content\/uploads\/2022\/03\/capa-blog-arq.png\" alt=\"\" class=\"wp-image-3365\" srcset=\"https:\/\/blog.univicosa.com.br\/wp-content\/uploads\/2022\/03\/capa-blog-arq.png 850w, https:\/\/blog.univicosa.com.br\/wp-content\/uploads\/2022\/03\/capa-blog-arq-300x180.png 300w, https:\/\/blog.univicosa.com.br\/wp-content\/uploads\/2022\/03\/capa-blog-arq-768x461.png 768w\" sizes=\"(max-width: 850px) 100vw, 850px\" \/><\/figure>\n\n\n\n<p>O Arquiteto e Urbanista \u00e9 um profissional com grande variedade de \u00e1reas de atua\u00e7\u00e3o. \u00c9 o respons\u00e1vel pela cria\u00e7\u00e3o de projetos de casas, edif\u00edcios, estabelecimentos comerciais, escolas, hospitais; al\u00e9m do planejamento urbano, onde a arquitetura e o urbanismo s\u00e3o pensados em grande escala: escala da cidade ou da regi\u00e3o.<\/p>\n\n\n\n<p>Pode tamb\u00e9m atuar na \u00e1rea de design de interiores, design de m\u00f3veis, paisagismo. As suas atua\u00e7\u00f5es podem ser no \u00e2mbito p\u00fablico ou privado. \u00c9 um profissional que pode construir a sua carreira como aut\u00f4nomo, prestador de servi\u00e7os ou trabalhar para terceiros. Ao se tornar um profissional dessa \u00e1rea, voc\u00ea poder\u00e1:<\/p>\n\n\n\n<ol type=\"1\"><li>Trabalhar com restaura\u00e7\u00e3o de edifica\u00e7\u00f5es e s\u00edtios hist\u00f3ricos revitalizando esses espa\u00e7os;<\/li><li>Realizar pesquisas, atuar na \u00e1rea acad\u00eamica e na forma\u00e7\u00e3o de novos profissionais;<\/li><li>Trabalhar desenvolvendo projetos de mobili\u00e1rio e reformas de ambientes residenciais e comerciais criando novas tend\u00eancias para a arquitetura de interiores;<\/li><li>Desenvolver projetos de pra\u00e7as e parques urbanos;<\/li><li>Ser respons\u00e1vel pelo desenvolvimento de novos materiais e t\u00e9cnicas para aplica\u00e7\u00e3o no canteiro de obras, otimizando o tempo de execu\u00e7\u00e3o e a redu\u00e7\u00e3o dos gastos;<\/li><li>Desenvolver de projetos de ilumina\u00e7\u00e3o de ambientes e de condicionamento e isolamento ac\u00fasticos promovendo o conforto dos usu\u00e1rios;<\/li><li>Trabalhar com planejamento urbano e desenvolver lei urban\u00edsticas para Munic\u00edpios;<\/li><li>Transformar ambientes tornando-os espa\u00e7o terap\u00eautico e que ajudam na cura dos pacientes;<\/li><li>Se tornar um Perito e trabalhar junto ao Tribunal de Justi\u00e7a em processos de avalia\u00e7\u00e3o de im\u00f3veis e danos na constru\u00e7\u00e3o civil;<\/li><li>Atuar na cria\u00e7\u00e3o e aperfei\u00e7oamento de produtos usando solu\u00e7\u00f5es criativas e inovadoras adequadas \u00e0s suas necessidades do consumidor;<\/li><li>Atuar na cria\u00e7\u00e3o de cen\u00e1rios para ambienta\u00e7\u00e3o de filmes e pe\u00e7as de teatro, contribuem para estabelecer atmosfera e do espet\u00e1culo.<\/li><\/ol>\n\n\n\n<figure class=\"wp-block-image size-large\"><a href=\"https:\/\/univicosa.apprbs.com.br\/blog\/\" target=\"_blank\" rel=\"noopener\"><img data-attachment-id=\"2905\" data-permalink=\"https:\/\/blog.univicosa.com.br\/index.php\/2022\/02\/01\/5-motivos-para-fazer-nutricao-na-univicosa\/imagem-link-blog\/\" data-orig-file=\"https:\/\/blog.univicosa.com.br\/wp-content\/uploads\/2022\/02\/imagem-link-blog.png\" data-orig-size=\"677,51\" data-comments-opened=\"1\" data-image-meta=\"{&quot;aperture&quot;:&quot;0&quot;,&quot;credit&quot;:&quot;&quot;,&quot;camera&quot;:&quot;&quot;,&quot;caption&quot;:&quot;&quot;,&quot;created_timestamp&quot;:&quot;0&quot;,&quot;copyright&quot;:&quot;&quot;,&quot;focal_length&quot;:&quot;0&quot;,&quot;iso&quot;:&quot;0&quot;,&quot;shutter_speed&quot;:&quot;0&quot;,&quot;title&quot;:&quot;&quot;,&quot;orientation&quot;:&quot;0&quot;}\" data-image-title=\"imagem link blog\" data-image-description=\"\" data-medium-file=\"https:\/\/blog.univicosa.com.br\/wp-content\/uploads\/2022\/02\/imagem-link-blog-300x23.png\" data-large-file=\"https:\/\/blog.univicosa.com.br\/wp-content\/uploads\/2022\/02\/imagem-link-blog.png\" loading=\"lazy\" width=\"677\" height=\"51\" src=\"https:\/\/blog.univicosa.com.br\/wp-content\/uploads\/2022\/02\/imagem-link-blog.png\" alt=\"\" class=\"wp-image-2905\" srcset=\"https:\/\/blog.univicosa.com.br\/wp-content\/uploads\/2022\/02\/imagem-link-blog.png 677w, https:\/\/blog.univicosa.com.br\/wp-content\/uploads\/2022\/02\/imagem-link-blog-300x23.png 300w\" sizes=\"(max-width: 677px) 100vw, 677px\" \/><\/a><\/figure>\n\n\n\n<p>Al\u00e9m das op\u00e7\u00f5es citadas, ainda existem v\u00e1rias outras possibilidades. Se voc\u00ea deseja saber mais, venha estudar Arquitetura e Urbanismo na UNIVI\u00c7OSA! Aqui voc\u00ea ir\u00e1 realizar atividades acad\u00eamicas que lhe permitir\u00e3o trabalhar a sensibilidade art\u00edstica e a consci\u00eancia socioambiental, atrav\u00e9s das diversas t\u00e9cnicas de se organizar, criar e planejar espa\u00e7os internos e externos. Conhe\u00e7a nosso curso, acesse o site, <a rel=\"noreferrer noopener\" href=\"https:\/\/www.univicosa.com.br\/graduacao\/cursos\/arquitetura_e_urbanismo\" data-type=\"URL\" data-id=\"https:\/\/www.univicosa.com.br\/graduacao\/cursos\/arquitetura_e_urbanismo\" target=\"_blank\">acesse o site<\/a>. Voc\u00ea tamb\u00e9m pode aprender mais lendo outros posts do nosso blog.<\/p>\n\n\n\n<p><a rel=\"noreferrer noopener\" href=\"https:\/\/blog.univicosa.com.br\/index.php\/2022\/03\/15\/o-desafio-do-habitar\/\" data-type=\"URL\" data-id=\"https:\/\/blog.univicosa.com.br\/index.php\/2022\/03\/15\/o-desafio-do-habitar\/\" target=\"_blank\">O desafio do Habitar<\/a><\/p>\n\n\n\n<p><a rel=\"noreferrer noopener\" href=\"https:\/\/blog.univicosa.com.br\/index.php\/2022\/03\/24\/quero-ser-arquiteto-quem-devo-seguir-no-instagram\/\" data-type=\"URL\" data-id=\"https:\/\/blog.univicosa.com.br\/index.php\/2022\/03\/24\/quero-ser-arquiteto-quem-devo-seguir-no-instagram\/\" target=\"_blank\">Quero ser Arquiteto! Quem devo seguir no Instagram?<\/a><\/p>\n\n\n\n<p><a rel=\"noreferrer noopener\" href=\"https:\/\/blog.univicosa.com.br\/index.php\/2022\/03\/25\/a-primeira-expressao-arquitetonica-brasileira\/\" data-type=\"URL\" data-id=\"https:\/\/blog.univicosa.com.br\/index.php\/2022\/03\/25\/a-primeira-expressao-arquitetonica-brasileira\/\" target=\"_blank\">A Primeira Express\u00e3o Arquitet\u00f4nica Brasileira<\/a><\/p>\n\n\n\n<p><a rel=\"noreferrer noopener\" href=\"https:\/\/blog.univicosa.com.br\/index.php\/2021\/07\/26\/curiosidades-e-mercado-de-trabalho-arquitetura-e-urbanismo\/\" data-type=\"URL\" data-id=\"https:\/\/blog.univicosa.com.br\/index.php\/2021\/07\/26\/curiosidades-e-mercado-de-trabalho-arquitetura-e-urbanismo\/\" target=\"_blank\">Curiosidades e mercado de trabalho: Arquitetura e Urbanismo<\/a><\/p>\n\n\n\n<p><a rel=\"noreferrer noopener\" href=\"saiba tudo sobre a arquitetura da paisagem!\" target=\"_blank\">Paisagismo: saiba tudo sobre a arquitetura da paisagem!<\/a><\/p>\n\n\n\n<p><a rel=\"noreferrer noopener\" href=\"https:\/\/blog.univicosa.com.br\/index.php\/2021\/10\/22\/os-modos-de-morar-e-a-arquitetura\/\" data-type=\"URL\" data-id=\"https:\/\/blog.univicosa.com.br\/index.php\/2021\/10\/22\/os-modos-de-morar-e-a-arquitetura\/\" target=\"_blank\">Os modos de morar e a Arquitetura<\/a><\/p>\n\n\n\n<p><a rel=\"noreferrer noopener\" href=\"https:\/\/blog.univicosa.com.br\/index.php\/2021\/11\/05\/tecnologia-na-arquitetura\/\" data-type=\"URL\" data-id=\"https:\/\/blog.univicosa.com.br\/index.php\/2021\/11\/05\/tecnologia-na-arquitetura\/\" target=\"_blank\">Tecnologia na Arquitetura<\/a><\/p>\n\n\n\n<p><a rel=\"noreferrer noopener\" href=\"https:\/\/blog.univicosa.com.br\/index.php\/2022\/01\/03\/saiba-tudo-sobre-o-curso-de-arquitetura-e-urbanismo\/\" data-type=\"URL\" data-id=\"https:\/\/blog.univicosa.com.br\/index.php\/2022\/01\/03\/saiba-tudo-sobre-o-curso-de-arquitetura-e-urbanismo\/\" target=\"_blank\">Saiba tudo sobre o curso de Arquitetura e Urbanismo!<\/a><\/p>\n\n\n\n<p><a href=\"https:\/\/blog.univicosa.com.br\/index.php\/2022\/01\/04\/5-motivos-para-fazer-arquitetura-e-urbanismo-na-univicosa\/\" data-type=\"URL\" data-id=\"https:\/\/blog.univicosa.com.br\/index.php\/2022\/01\/04\/5-motivos-para-fazer-arquitetura-e-urbanismo-na-univicosa\/\" target=\"_blank\" rel=\"noreferrer noopener\">5 motivos para fazer Arquitetura e Urbanismo na UNIVI\u00c7OSA!<\/a><\/p>\n","protected":false},"excerpt":{"rendered":"<p>Voc\u00ea gostaria de estudar Arquitetura e Urbanismo, mas ainda n\u00e3o tem certeza se essa \u00e9 a profiss\u00e3o perfeita para voc\u00ea? Ent\u00e3o para ajud\u00e1-lo a tomar essa decis\u00e3o preparamos uma lista de \u00e1reas de atua\u00e7\u00e3o dos arquitetos que est\u00e3o em alta! Confira aqui.<\/p>\n","protected":false},"author":2,"featured_media":3365,"comment_status":"open","ping_status":"open","sticky":false,"template":"","format":"standard","meta":{"spay_email":""},"categories":[1],"tags":[102,103,970,374,1018,1288,108,858,964,109,51,1287,1289,92,1017,1016,1286,107,111,340],"jetpack_featured_media_url":"https:\/\/blog.univicosa.com.br\/wp-content\/uploads\/2022\/03\/capa-blog-arq.png","jetpack_shortlink":"https:\/\/wp.me\/pbcCKk-Sg","_links":{"self":[{"href":"https:\/\/blog.univicosa.com.br\/index.php\/wp-json\/wp\/v2\/posts\/3364"}],"collection":[{"href":"https:\/\/blog.univicosa.com.br\/index.php\/wp-json\/wp\/v2\/posts"}],"about":[{"href":"https:\/\/blog.univicosa.com.br\/index.php\/wp-json\/wp\/v2\/types\/post"}],"author":[{"embeddable":true,"href":"https:\/\/blog.univicosa.com.br\/index.php\/wp-json\/wp\/v2\/users\/2"}],"replies":[{"embeddable":true,"href":"https:\/\/blog.univicosa.com.br\/index.php\/wp-json\/wp\/v2\/comments?post=3364"}],"version-history":[{"count":2,"href":"https:\/\/blog.univicosa.com.br\/index.php\/wp-json\/wp\/v2\/posts\/3364\/revisions"}],"predecessor-version":[{"id":3367,"href":"https:\/\/blog.univicosa.com.br\/index.php\/wp-json\/wp\/v2\/posts\/3364\/revisions\/3367"}],"wp:featuredmedia":[{"embeddable":true,"href":"https:\/\/blog.univicosa.com.br\/index.php\/wp-json\/wp\/v2\/media\/3365"}],"wp:attachment":[{"href":"https:\/\/blog.univicosa.com.br\/index.php\/wp-json\/wp\/v2\/media?parent=3364"}],"wp:term":[{"taxonomy":"category","embeddable":true,"href":"https:\/\/blog.univicosa.com.br\/index.php\/wp-json\/wp\/v2\/categories?post=3364"},{"taxonomy":"post_tag","embeddable":true,"href":"https:\/\/blog.univicosa.com.br\/index.php\/wp-json\/wp\/v2\/tags?post=3364"}],"curies":[{"name":"wp","href":"https:\/\/api.w.org\/{rel}","templated":true}]}}