{"id":3343,"date":"2022-03-28T21:20:12","date_gmt":"2022-03-29T00:20:12","guid":{"rendered":"https:\/\/blog.univicosa.com.br\/?p=3343"},"modified":"2022-05-20T10:50:54","modified_gmt":"2022-05-20T13:50:54","slug":"quero-ser-nutricionista-quem-devo-seguir-no-instagram-ou-no-linkedin","status":"publish","type":"post","link":"https:\/\/blog.univicosa.com.br\/index.php\/2022\/03\/28\/quero-ser-nutricionista-quem-devo-seguir-no-instagram-ou-no-linkedin\/","title":{"rendered":"Quero ser Nutricionista! Quem devo seguir no Instagram ou no LinkedIn?"},"content":{"rendered":"\n<figure class=\"wp-block-image size-large\"><img data-attachment-id=\"3348\" data-permalink=\"https:\/\/blog.univicosa.com.br\/index.php\/2022\/03\/28\/quero-ser-nutricionista-quem-devo-seguir-no-instagram-ou-no-linkedin\/nutri-insta-linkedin\/\" data-orig-file=\"https:\/\/blog.univicosa.com.br\/wp-content\/uploads\/2022\/03\/nutri-insta-linkedin.png\" data-orig-size=\"1086,652\" data-comments-opened=\"1\" data-image-meta=\"{&quot;aperture&quot;:&quot;0&quot;,&quot;credit&quot;:&quot;&quot;,&quot;camera&quot;:&quot;&quot;,&quot;caption&quot;:&quot;&quot;,&quot;created_timestamp&quot;:&quot;0&quot;,&quot;copyright&quot;:&quot;&quot;,&quot;focal_length&quot;:&quot;0&quot;,&quot;iso&quot;:&quot;0&quot;,&quot;shutter_speed&quot;:&quot;0&quot;,&quot;title&quot;:&quot;&quot;,&quot;orientation&quot;:&quot;0&quot;}\" data-image-title=\"nutri-insta-linkedin\" data-image-description=\"\" data-medium-file=\"https:\/\/blog.univicosa.com.br\/wp-content\/uploads\/2022\/03\/nutri-insta-linkedin-300x180.png\" data-large-file=\"https:\/\/blog.univicosa.com.br\/wp-content\/uploads\/2022\/03\/nutri-insta-linkedin-1024x615.png\" loading=\"lazy\" width=\"1024\" height=\"615\" src=\"https:\/\/blog.univicosa.com.br\/wp-content\/uploads\/2022\/03\/nutri-insta-linkedin-1024x615.png\" alt=\"\" class=\"wp-image-3348\" srcset=\"https:\/\/blog.univicosa.com.br\/wp-content\/uploads\/2022\/03\/nutri-insta-linkedin-1024x615.png 1024w, https:\/\/blog.univicosa.com.br\/wp-content\/uploads\/2022\/03\/nutri-insta-linkedin-300x180.png 300w, https:\/\/blog.univicosa.com.br\/wp-content\/uploads\/2022\/03\/nutri-insta-linkedin-768x461.png 768w, https:\/\/blog.univicosa.com.br\/wp-content\/uploads\/2022\/03\/nutri-insta-linkedin-850x510.png 850w, https:\/\/blog.univicosa.com.br\/wp-content\/uploads\/2022\/03\/nutri-insta-linkedin.png 1086w\" sizes=\"(max-width: 1024px) 100vw, 1024px\" \/><\/figure>\n\n\n\n<p>O\u00a0<strong>LinkedIn\u00a0<\/strong>\u00e9 a\u00a0<strong>maior rede social<\/strong>\u00a0para\u00a0<strong>profissionais\u00a0<\/strong>no\u00a0<strong>mundo<\/strong>, sendo essencial para\u00a0<strong>divulgar o seu curr\u00edculo<\/strong>, se manter pr\u00f3ximo de contatos profissionais, al\u00e9m de\u00a0<strong>produzir\u00a0<\/strong>e\u00a0<strong>acompanhar conte\u00fados relevantes e interessantes,<\/strong>\u00a0sempre voltados ao\u00a0<strong>mercado de trabalho<\/strong>\u00a0ou\u00a0<strong>experi\u00eancias profissionais de sucesso<\/strong>. O\u00a0<em>linkedIn\u00a0<\/em>tamb\u00e9m \u00e9 muito \u00fatil para\u00a0<strong>empresas\u00a0<\/strong>que buscam por novos funcion\u00e1rios.<\/p>\n\n\n\n<p>J\u00e1 o <strong>Instagram <\/strong>\u00e9 uma rede social <strong>poderosa <\/strong>no que se refere a <strong>imagem<\/strong>. Destaca-se quem consegue levar <strong>conte\u00fado <\/strong>de <strong>qualidade<\/strong>, <strong>relevante <\/strong>e que de fato <strong>engaje <\/strong>e gere algum sentido ao <strong>seguidor<\/strong>. Atrav\u00e9s do Instagram, voc\u00ea compartilha fotos, v\u00eddeos, stories, al\u00e9m de poder oferecer e vender produtos. <\/p>\n\n\n\n<p>As redes sociais s\u00e3o importantes pois possibilitam criar uma rede de\u00a0<strong>networking, <\/strong>que\u00a0<strong>facilita\u00a0<\/strong>novas\u00a0<strong>possibilidades\u00a0<\/strong>de\u00a0<strong>neg\u00f3cios,<\/strong><br>atrav\u00e9s de um canal efetivo que permite o\u00a0<strong>contato e a intera\u00e7\u00e3o\u00a0<\/strong>de\u00a0<strong>empresas<\/strong>,\u00a0<strong>clientes<\/strong>,\u00a0<strong>profissionais\u00a0<\/strong>e\u00a0<strong>prospects<\/strong>. <\/p>\n\n\n\n<h3><strong>Quem seguir na \u00e1rea da Nutri\u00e7\u00e3o?<\/strong><\/h3>\n\n\n\n<p>Existem diversos profissionais da \u00e1rea da <strong>alimenta\u00e7\u00e3o <\/strong>que mant\u00e9m perfis ativos nas duas redes sociais, compartilhando cases de sucesso, dicas e perspectivas dentro do mercado de trabalho, al\u00e9m da rotina do profissional e dicas importantes. Confira baixo alguns perfis profissionais que separamos especialmente para voc\u00ea!<\/p>\n\n\n\n<h4>&#8211; Andryely Pedroso<\/h4>\n\n\n\n<figure class=\"wp-block-image size-large\"><img data-attachment-id=\"3344\" data-permalink=\"https:\/\/blog.univicosa.com.br\/index.php\/2022\/03\/28\/quero-ser-nutricionista-quem-devo-seguir-no-instagram-ou-no-linkedin\/adryely-pedroso-nutri-linkedin\/\" data-orig-file=\"https:\/\/blog.univicosa.com.br\/wp-content\/uploads\/2022\/03\/adryely-pedroso-nutri-linkedin.png\" data-orig-size=\"1522,1080\" data-comments-opened=\"1\" data-image-meta=\"{&quot;aperture&quot;:&quot;0&quot;,&quot;credit&quot;:&quot;&quot;,&quot;camera&quot;:&quot;&quot;,&quot;caption&quot;:&quot;&quot;,&quot;created_timestamp&quot;:&quot;0&quot;,&quot;copyright&quot;:&quot;&quot;,&quot;focal_length&quot;:&quot;0&quot;,&quot;iso&quot;:&quot;0&quot;,&quot;shutter_speed&quot;:&quot;0&quot;,&quot;title&quot;:&quot;&quot;,&quot;orientation&quot;:&quot;0&quot;}\" data-image-title=\"adryely-pedroso-nutri-linkedin\" data-image-description=\"\" data-medium-file=\"https:\/\/blog.univicosa.com.br\/wp-content\/uploads\/2022\/03\/adryely-pedroso-nutri-linkedin-300x213.png\" data-large-file=\"https:\/\/blog.univicosa.com.br\/wp-content\/uploads\/2022\/03\/adryely-pedroso-nutri-linkedin-1024x727.png\" loading=\"lazy\" width=\"1024\" height=\"727\" src=\"https:\/\/blog.univicosa.com.br\/wp-content\/uploads\/2022\/03\/adryely-pedroso-nutri-linkedin-1024x727.png\" alt=\"\" class=\"wp-image-3344\" srcset=\"https:\/\/blog.univicosa.com.br\/wp-content\/uploads\/2022\/03\/adryely-pedroso-nutri-linkedin-1024x727.png 1024w, https:\/\/blog.univicosa.com.br\/wp-content\/uploads\/2022\/03\/adryely-pedroso-nutri-linkedin-300x213.png 300w, https:\/\/blog.univicosa.com.br\/wp-content\/uploads\/2022\/03\/adryely-pedroso-nutri-linkedin-768x545.png 768w, https:\/\/blog.univicosa.com.br\/wp-content\/uploads\/2022\/03\/adryely-pedroso-nutri-linkedin-850x603.png 850w, https:\/\/blog.univicosa.com.br\/wp-content\/uploads\/2022\/03\/adryely-pedroso-nutri-linkedin.png 1522w\" sizes=\"(max-width: 1024px) 100vw, 1024px\" \/><\/figure>\n\n\n\n<p><strong>Andryely Pedroso<\/strong> foi eleita a primeira nutricionista <strong>LinkedIn Top Voices<\/strong> do <strong>Brasil <\/strong>em 2020, Personal Diet, Mentora de nutricionistas, Palestrante, Autora do livro &#8220;365 ideias para nutricionistas&#8221;, Consultora T\u00e9cnica da Atlhetica Nutrition, Embaixadora da sa\u00fade Desinch\u00e1 e Mestranda em Sa\u00fade da Comunica\u00e7\u00e3o Humana.<\/p>\n\n\n\n<p>Perfil: <a rel=\"noreferrer noopener\" href=\"https:\/\/www.linkedin.com\/in\/andryely-pedroso-nutricionista-saude-palestrante-mentora-creator\/\" target=\"_blank\">https:\/\/www.linkedin.com\/in\/andryely-pedroso-nutricionista-saude-palestrante-mentora-creator\/<\/a><\/p>\n\n\n\n<h4>&#8211; Sophie Deram <\/h4>\n\n\n\n<figure class=\"wp-block-image size-large\"><img data-attachment-id=\"3345\" data-permalink=\"https:\/\/blog.univicosa.com.br\/index.php\/2022\/03\/28\/quero-ser-nutricionista-quem-devo-seguir-no-instagram-ou-no-linkedin\/sophie-deram-instagram\/\" data-orig-file=\"https:\/\/blog.univicosa.com.br\/wp-content\/uploads\/2022\/03\/Sophie-deram-instagram.png\" data-orig-size=\"1522,1080\" data-comments-opened=\"1\" data-image-meta=\"{&quot;aperture&quot;:&quot;0&quot;,&quot;credit&quot;:&quot;&quot;,&quot;camera&quot;:&quot;&quot;,&quot;caption&quot;:&quot;&quot;,&quot;created_timestamp&quot;:&quot;0&quot;,&quot;copyright&quot;:&quot;&quot;,&quot;focal_length&quot;:&quot;0&quot;,&quot;iso&quot;:&quot;0&quot;,&quot;shutter_speed&quot;:&quot;0&quot;,&quot;title&quot;:&quot;&quot;,&quot;orientation&quot;:&quot;0&quot;}\" data-image-title=\"Sophie-deram-instagram\" data-image-description=\"\" data-medium-file=\"https:\/\/blog.univicosa.com.br\/wp-content\/uploads\/2022\/03\/Sophie-deram-instagram-300x213.png\" data-large-file=\"https:\/\/blog.univicosa.com.br\/wp-content\/uploads\/2022\/03\/Sophie-deram-instagram-1024x727.png\" loading=\"lazy\" width=\"1024\" height=\"727\" src=\"https:\/\/blog.univicosa.com.br\/wp-content\/uploads\/2022\/03\/Sophie-deram-instagram-1024x727.png\" alt=\"\" class=\"wp-image-3345\" srcset=\"https:\/\/blog.univicosa.com.br\/wp-content\/uploads\/2022\/03\/Sophie-deram-instagram-1024x727.png 1024w, https:\/\/blog.univicosa.com.br\/wp-content\/uploads\/2022\/03\/Sophie-deram-instagram-300x213.png 300w, https:\/\/blog.univicosa.com.br\/wp-content\/uploads\/2022\/03\/Sophie-deram-instagram-768x545.png 768w, https:\/\/blog.univicosa.com.br\/wp-content\/uploads\/2022\/03\/Sophie-deram-instagram-850x603.png 850w, https:\/\/blog.univicosa.com.br\/wp-content\/uploads\/2022\/03\/Sophie-deram-instagram.png 1522w\" sizes=\"(max-width: 1024px) 100vw, 1024px\" \/><\/figure>\n\n\n\n<p><strong>Sophie Deram<\/strong> \u00e9 francesa naturalizada no Brasil, autora de livros, ela busca auxiliar atrav\u00e9s de seus livros como perder peso sem sofrimento ou restri\u00e7\u00f5es alimentares.<\/p>\n\n\n\n<p>A autora \u00e9 nutricionista e engenheira agr\u00f4noma, e tem como best-seller o livro &#8220;O peso das dietas&#8221;. Sophie estuda h\u00e1 mais de 20 anos diversos assuntos relacionados a \u00e1rea da nutri\u00e7\u00e3o, alimenta\u00e7\u00e3o e neuroci\u00eancia, al\u00e9m de comportamentos alimentares. <\/p>\n\n\n\n<p>Perfil: <a rel=\"noreferrer noopener\" href=\"https:\/\/www.instagram.com\/sophiederam.br\/\" target=\"_blank\">https:\/\/www.instagram.com\/sophiederam.br\/<\/a><\/p>\n\n\n\n<figure class=\"wp-block-image\"><a href=\"https:\/\/univicosa.apprbs.com.br\/blog\/\" target=\"_blank\" rel=\"noreferrer noopener\"><img data-attachment-id=\"2757\" data-permalink=\"https:\/\/blog.univicosa.com.br\/index.php\/2022\/01\/03\/saiba-tudo-sobre-o-curso-de-administracao\/receba-conteudos-univicosa-imagem-geral-blog\/\" data-orig-file=\"https:\/\/blog.univicosa.com.br\/wp-content\/uploads\/2022\/01\/RECEBA-CONTEUDOS-UNIVICOSA-imagem-geral-blog.png\" data-orig-size=\"675,50\" data-comments-opened=\"1\" data-image-meta=\"{&quot;aperture&quot;:&quot;0&quot;,&quot;credit&quot;:&quot;&quot;,&quot;camera&quot;:&quot;&quot;,&quot;caption&quot;:&quot;&quot;,&quot;created_timestamp&quot;:&quot;0&quot;,&quot;copyright&quot;:&quot;&quot;,&quot;focal_length&quot;:&quot;0&quot;,&quot;iso&quot;:&quot;0&quot;,&quot;shutter_speed&quot;:&quot;0&quot;,&quot;title&quot;:&quot;&quot;,&quot;orientation&quot;:&quot;0&quot;}\" data-image-title=\"RECEBA-CONTEUDOS-UNIVICOSA-imagem-geral-blog\" data-image-description=\"\" data-medium-file=\"https:\/\/blog.univicosa.com.br\/wp-content\/uploads\/2022\/01\/RECEBA-CONTEUDOS-UNIVICOSA-imagem-geral-blog-300x22.png\" data-large-file=\"https:\/\/blog.univicosa.com.br\/wp-content\/uploads\/2022\/01\/RECEBA-CONTEUDOS-UNIVICOSA-imagem-geral-blog.png\" loading=\"lazy\" width=\"675\" height=\"50\" src=\"https:\/\/blog.univicosa.com.br\/wp-content\/uploads\/2022\/01\/RECEBA-CONTEUDOS-UNIVICOSA-imagem-geral-blog.png\" alt=\"\" class=\"wp-image-2757\" srcset=\"https:\/\/blog.univicosa.com.br\/wp-content\/uploads\/2022\/01\/RECEBA-CONTEUDOS-UNIVICOSA-imagem-geral-blog.png 675w, https:\/\/blog.univicosa.com.br\/wp-content\/uploads\/2022\/01\/RECEBA-CONTEUDOS-UNIVICOSA-imagem-geral-blog-300x22.png 300w\" sizes=\"(max-width: 675px) 100vw, 675px\" \/><\/a><\/figure>\n\n\n\n<h4>&#8211; Aline Quissak <\/h4>\n\n\n\n<figure class=\"wp-block-image size-large\"><img data-attachment-id=\"3346\" data-permalink=\"https:\/\/blog.univicosa.com.br\/index.php\/2022\/03\/28\/quero-ser-nutricionista-quem-devo-seguir-no-instagram-ou-no-linkedin\/aline-quissak-nutri-insta\/\" data-orig-file=\"https:\/\/blog.univicosa.com.br\/wp-content\/uploads\/2022\/03\/aline-quissak-nutri-insta.png\" data-orig-size=\"1522,1080\" data-comments-opened=\"1\" data-image-meta=\"{&quot;aperture&quot;:&quot;0&quot;,&quot;credit&quot;:&quot;&quot;,&quot;camera&quot;:&quot;&quot;,&quot;caption&quot;:&quot;&quot;,&quot;created_timestamp&quot;:&quot;0&quot;,&quot;copyright&quot;:&quot;&quot;,&quot;focal_length&quot;:&quot;0&quot;,&quot;iso&quot;:&quot;0&quot;,&quot;shutter_speed&quot;:&quot;0&quot;,&quot;title&quot;:&quot;&quot;,&quot;orientation&quot;:&quot;0&quot;}\" data-image-title=\"aline-quissak-nutri-insta\" data-image-description=\"\" data-medium-file=\"https:\/\/blog.univicosa.com.br\/wp-content\/uploads\/2022\/03\/aline-quissak-nutri-insta-300x213.png\" data-large-file=\"https:\/\/blog.univicosa.com.br\/wp-content\/uploads\/2022\/03\/aline-quissak-nutri-insta-1024x727.png\" loading=\"lazy\" width=\"1024\" height=\"727\" src=\"https:\/\/blog.univicosa.com.br\/wp-content\/uploads\/2022\/03\/aline-quissak-nutri-insta-1024x727.png\" alt=\"\" class=\"wp-image-3346\" srcset=\"https:\/\/blog.univicosa.com.br\/wp-content\/uploads\/2022\/03\/aline-quissak-nutri-insta-1024x727.png 1024w, https:\/\/blog.univicosa.com.br\/wp-content\/uploads\/2022\/03\/aline-quissak-nutri-insta-300x213.png 300w, https:\/\/blog.univicosa.com.br\/wp-content\/uploads\/2022\/03\/aline-quissak-nutri-insta-768x545.png 768w, https:\/\/blog.univicosa.com.br\/wp-content\/uploads\/2022\/03\/aline-quissak-nutri-insta-850x603.png 850w, https:\/\/blog.univicosa.com.br\/wp-content\/uploads\/2022\/03\/aline-quissak-nutri-insta.png 1522w\" sizes=\"(max-width: 1024px) 100vw, 1024px\" \/><\/figure>\n\n\n\n<p><strong>Aline Quissak<\/strong> \u00e9 nutricionista funcional, com estudos aprofundados em oncologia, s\u00edndrome metab\u00f3lica e em psicologia da nutri\u00e7\u00e3o, al\u00e9m de desenvolver receitas terap\u00eauticas.<\/p>\n\n\n\n<p>Em seu perfil, compartilha t\u00e9cnicas e receitas que visam aliviar o estresse e a ansiedade.<\/p>\n\n\n\n<p>Perfil: <a rel=\"noreferrer noopener\" href=\"https:\/\/www.instagram.com\/nutri_secrets\/\" target=\"_blank\">https:\/\/www.instagram.com\/nutri_secrets\/ <\/a><\/p>\n\n\n\n<h4>&#8211; Alessandra Luglio <\/h4>\n\n\n\n<figure class=\"wp-block-image size-large\"><img data-attachment-id=\"3347\" data-permalink=\"https:\/\/blog.univicosa.com.br\/index.php\/2022\/03\/28\/quero-ser-nutricionista-quem-devo-seguir-no-instagram-ou-no-linkedin\/alessandra-luglio-nutri-insta\/\" data-orig-file=\"https:\/\/blog.univicosa.com.br\/wp-content\/uploads\/2022\/03\/alessandra-luglio-nutri-insta.png\" data-orig-size=\"1522,1080\" data-comments-opened=\"1\" data-image-meta=\"{&quot;aperture&quot;:&quot;0&quot;,&quot;credit&quot;:&quot;&quot;,&quot;camera&quot;:&quot;&quot;,&quot;caption&quot;:&quot;&quot;,&quot;created_timestamp&quot;:&quot;0&quot;,&quot;copyright&quot;:&quot;&quot;,&quot;focal_length&quot;:&quot;0&quot;,&quot;iso&quot;:&quot;0&quot;,&quot;shutter_speed&quot;:&quot;0&quot;,&quot;title&quot;:&quot;&quot;,&quot;orientation&quot;:&quot;0&quot;}\" data-image-title=\"alessandra-luglio-nutri-insta\" data-image-description=\"\" data-medium-file=\"https:\/\/blog.univicosa.com.br\/wp-content\/uploads\/2022\/03\/alessandra-luglio-nutri-insta-300x213.png\" data-large-file=\"https:\/\/blog.univicosa.com.br\/wp-content\/uploads\/2022\/03\/alessandra-luglio-nutri-insta-1024x727.png\" loading=\"lazy\" width=\"1024\" height=\"727\" src=\"https:\/\/blog.univicosa.com.br\/wp-content\/uploads\/2022\/03\/alessandra-luglio-nutri-insta-1024x727.png\" alt=\"\" class=\"wp-image-3347\" srcset=\"https:\/\/blog.univicosa.com.br\/wp-content\/uploads\/2022\/03\/alessandra-luglio-nutri-insta-1024x727.png 1024w, https:\/\/blog.univicosa.com.br\/wp-content\/uploads\/2022\/03\/alessandra-luglio-nutri-insta-300x213.png 300w, https:\/\/blog.univicosa.com.br\/wp-content\/uploads\/2022\/03\/alessandra-luglio-nutri-insta-768x545.png 768w, https:\/\/blog.univicosa.com.br\/wp-content\/uploads\/2022\/03\/alessandra-luglio-nutri-insta-850x603.png 850w, https:\/\/blog.univicosa.com.br\/wp-content\/uploads\/2022\/03\/alessandra-luglio-nutri-insta.png 1522w\" sizes=\"(max-width: 1024px) 100vw, 1024px\" \/><\/figure>\n\n\n\n<p><strong>Alessandra Luglio<\/strong> \u00e9 Nutricionista com especializa\u00e7\u00e3o em alimenta\u00e7\u00e3o equilibrada, esporte e vida saud\u00e1vel, al\u00e9m de fazer parte da Sociedade Vegetariana Brasileira. No Instagram, Alessandra compartilha sua rotina, exerc\u00edcios e alimenta\u00e7\u00e3o saud\u00e1vel.<\/p>\n\n\n\n<p>Perfil: <a rel=\"noreferrer noopener\" href=\"https:\/\/www.instagram.com\/aleluglio\/\" target=\"_blank\">https:\/\/www.instagram.com\/aleluglio\/<\/a><\/p>\n\n\n\n<figure class=\"wp-block-image\"><a href=\"https:\/\/univicosa.apprbs.com.br\/blog\/\" target=\"_blank\" rel=\"noreferrer noopener\"><img data-attachment-id=\"2757\" data-permalink=\"https:\/\/blog.univicosa.com.br\/index.php\/2022\/01\/03\/saiba-tudo-sobre-o-curso-de-administracao\/receba-conteudos-univicosa-imagem-geral-blog\/\" data-orig-file=\"https:\/\/blog.univicosa.com.br\/wp-content\/uploads\/2022\/01\/RECEBA-CONTEUDOS-UNIVICOSA-imagem-geral-blog.png\" data-orig-size=\"675,50\" data-comments-opened=\"1\" data-image-meta=\"{&quot;aperture&quot;:&quot;0&quot;,&quot;credit&quot;:&quot;&quot;,&quot;camera&quot;:&quot;&quot;,&quot;caption&quot;:&quot;&quot;,&quot;created_timestamp&quot;:&quot;0&quot;,&quot;copyright&quot;:&quot;&quot;,&quot;focal_length&quot;:&quot;0&quot;,&quot;iso&quot;:&quot;0&quot;,&quot;shutter_speed&quot;:&quot;0&quot;,&quot;title&quot;:&quot;&quot;,&quot;orientation&quot;:&quot;0&quot;}\" data-image-title=\"RECEBA-CONTEUDOS-UNIVICOSA-imagem-geral-blog\" data-image-description=\"\" data-medium-file=\"https:\/\/blog.univicosa.com.br\/wp-content\/uploads\/2022\/01\/RECEBA-CONTEUDOS-UNIVICOSA-imagem-geral-blog-300x22.png\" data-large-file=\"https:\/\/blog.univicosa.com.br\/wp-content\/uploads\/2022\/01\/RECEBA-CONTEUDOS-UNIVICOSA-imagem-geral-blog.png\" loading=\"lazy\" width=\"675\" height=\"50\" src=\"https:\/\/blog.univicosa.com.br\/wp-content\/uploads\/2022\/01\/RECEBA-CONTEUDOS-UNIVICOSA-imagem-geral-blog.png\" alt=\"\" class=\"wp-image-2757\" srcset=\"https:\/\/blog.univicosa.com.br\/wp-content\/uploads\/2022\/01\/RECEBA-CONTEUDOS-UNIVICOSA-imagem-geral-blog.png 675w, https:\/\/blog.univicosa.com.br\/wp-content\/uploads\/2022\/01\/RECEBA-CONTEUDOS-UNIVICOSA-imagem-geral-blog-300x22.png 300w\" sizes=\"(max-width: 675px) 100vw, 675px\" \/><\/a><\/figure>\n\n\n\n<p>Claro que existem muitos outros\u00a0<strong>profissionais da \u00e1rea da Nutri\u00e7\u00e3o <\/strong>que est\u00e3o no <strong>Instagram <\/strong>e no\u00a0<strong>LinkedIn<\/strong>, mas n\u00e3o entraram neste post. Quer indicar algu\u00e9m? Deixa nos coment\u00e1rios! Vamos adorar ler. N\u00e3o deixe de explorar todo o potencial que essa rede social pode lhe oferecer!<\/p>\n\n\n\n<p>Ah! E se voc\u00ea quer se tornar um enfermeiro, n\u00e3o pode deixar de conferir tudo que o curso de Nutri\u00e7\u00e3o da UNIVI\u00c7OSA tem para te oferecer.\u00a0<a rel=\"noreferrer noopener\" href=\"https:\/\/www.univicosa.com.br\/graduacao\/cursos\/nutricao\" target=\"_blank\">Clica aqui<\/a>\u00a0e venha conhecer nosso site! Voc\u00ea tamb\u00e9m pode aprender mais com outros posts relacionados a seguir!<\/p>\n\n\n\n<p><em><a rel=\"noreferrer noopener\" href=\"https:\/\/univicosa.apprbs.com.br\/blog\/\" target=\"_blank\">Ei, quer<strong>\u00a0receber conte\u00fados exclusivos<\/strong>\u00a0da Univi\u00e7osa? clique aqui!\u00a0<\/a><\/em><\/p>\n\n\n\n<p><strong><a href=\"https:\/\/blog.univicosa.com.br\/index.php\/2022\/03\/18\/o-perfil-do-profissional-de-nutricao\/\" target=\"_blank\" rel=\"noreferrer noopener\">O perfil do profissional de Nutri\u00e7\u00e3o<\/a><\/strong><\/p>\n\n\n\n<p><a href=\"https:\/\/blog.univicosa.com.br\/index.php\/2022\/02\/15\/gosto-muito-de-trabalhar-com-alimentos-o-curso-de-nutricao-e-uma-boa-para-mim\/\" target=\"_blank\" rel=\"noreferrer noopener\">Gosto muito de trabalhar com alimentos, o curso de Nutri\u00e7\u00e3o \u00e9 uma boa para mim?<\/a><\/p>\n\n\n\n<p id=\"block-2b849cb2-6cea-4e1f-8745-a32b4898255b\"><a href=\"https:\/\/www.univicosa.com.br\/graduacao\/cursos\/nutricao\" target=\"_blank\" rel=\"noreferrer noopener\">Curtiu e quer saber mais sobre o curso de&nbsp;<strong>Nutri\u00e7\u00e3o<\/strong>&nbsp;da&nbsp;<strong>UNIVI\u00c7OSA<\/strong>? Ent\u00e3o acesse o site da Univi\u00e7osa, clique aqui!<\/a><\/p>\n\n\n\n<p><a href=\"https:\/\/blog.univicosa.com.br\/index.php\/2021\/07\/29\/1-e-possivel-manter-uma-vida-saudavel-sem-restricoes-alimentares-serie-alimentacao-sem-sofrencia\/\" target=\"_blank\" rel=\"noreferrer noopener\"><strong>#1 \u2013 \u00c9 poss\u00edvel manter uma vida saud\u00e1vel sem restri\u00e7\u00f5es alimentares? \u2013 S\u00e9rie: \u201cAlimenta\u00e7\u00e3o sem \u201csofr\u00eancia\u201d!<\/strong><\/a><\/p>\n\n\n\n<p><a href=\"https:\/\/blog.univicosa.com.br\/index.php\/2021\/08\/05\/2-opcoes-para-manter-a-qualidade-das-suas-refeicoes-diarias-serie-alimentacao-sem-sofrencia\/\" target=\"_blank\" rel=\"noreferrer noopener\"><strong>#2 \u2013 Op\u00e7\u00f5es para manter a qualidade das suas refei\u00e7\u00f5es di\u00e1rias! \u2013 S\u00e9rie: \u201cAlimenta\u00e7\u00e3o sem \u201csofr\u00eancia\u201d!<\/strong><\/a><\/p>\n\n\n\n<p><strong><a href=\"https:\/\/blog.univicosa.com.br\/index.php\/2021\/08\/13\/fibras-alimentares-saiba-qual-e-a-melhor-para-voce\/\" target=\"_blank\" rel=\"noreferrer noopener\">#3 \u2013 Fibras alimentares: saiba qual \u00e9 a melhor para voc\u00ea! \u2013 S\u00e9rie: \u201cAlimenta\u00e7\u00e3o sem \u201csofr\u00eancia\u201d!<\/a><\/strong><\/p>\n\n\n\n<p><a href=\"https:\/\/blog.univicosa.com.br\/index.php\/2021\/08\/20\/6-rs-para-recuperar-a-saude-intestinal\/\" target=\"_blank\" rel=\"noreferrer noopener\"><strong>#4 \u2013 Seis R\u2019s para recuperar a sa\u00fade intestinal! \u2013 S\u00e9rie: \u201cAlimenta\u00e7\u00e3o sem \u201csofr\u00eancia\u201d!<\/strong><\/a><\/p>\n\n\n\n<p><a href=\"https:\/\/blog.univicosa.com.br\/index.php\/2021\/06\/08\/8-dicas-para-se-preparar-para-uma-entrevista-de-estagio\/\" target=\"_blank\" rel=\"noreferrer noopener\">8 dicas para se preparar para uma entrevista de est\u00e1gio!<\/a><\/p>\n\n\n\n<p><a href=\"https:\/\/blog.univicosa.com.br\/index.php\/2021\/06\/08\/7-dicas-para-melhorar-o-seu-sono\/\" target=\"_blank\" rel=\"noreferrer noopener\">7 dicas para melhorar o seu sono!<\/a><\/p>\n\n\n\n<p><a href=\"https:\/\/blog.univicosa.com.br\/index.php\/2021\/05\/21\/qualidade-do-sono-e-controle-de-peso-corporal\/\" target=\"_blank\" rel=\"noreferrer noopener\">Qualidade do sono e controle de peso corporal<\/a><\/p>\n\n\n\n<p><a href=\"https:\/\/blog.univicosa.com.br\/index.php\/2021\/07\/02\/voce-sabe-qual-e-o-melhor-oleo-para-cozinhar-saude\/\" target=\"_blank\" rel=\"noreferrer noopener\">Voc\u00ea sabe qual \u00e9 o melhor \u00f3leo para cozinhar? #Sa\u00fade<\/a><\/p>\n\n\n\n<p><a href=\"https:\/\/blog.univicosa.com.br\/index.php\/2021\/01\/20\/eu-sou-do-time-ciencias-da-saude-eu-sou-univicosa\/\" target=\"_blank\" rel=\"noreferrer noopener\">Voc\u00ea se interessa pela \u00e1rea da Sa\u00fade? Ent\u00e3o voc\u00ea \u00e9 do time Ci\u00eancias da Sa\u00fade, confira! #UNIVI\u00c7OSA<\/a><\/p>\n\n\n\n<p><a href=\"https:\/\/blog.univicosa.com.br\/index.php\/2020\/08\/05\/10-curiosidades-sobre-a-carreira-em-nutricao\/\" target=\"_blank\" rel=\"noreferrer noopener\"><strong>10 curiosidades sobre a carreira em Nutri\u00e7\u00e3o<\/strong><\/a><\/p>\n\n\n\n<p><a href=\"https:\/\/blog.univicosa.com.br\/index.php\/2021\/06\/22\/4-passos-para-higienizar-corretamente-verduras-e-legumes\/\" target=\"_blank\" rel=\"noreferrer noopener\">4 passos para higienizar corretamente verduras e legumes!<\/a><\/p>\n\n\n\n<p><a href=\"https:\/\/blog.univicosa.com.br\/index.php\/2020\/07\/29\/cuide-se-seu-corpo-relacao-entre-obesidade-e-covid-19\/\" target=\"_blank\" rel=\"noreferrer noopener\">Cuide se seu corpo: rela\u00e7\u00e3o entre obesidade e COVID-19<\/a><\/p>\n\n\n\n<p><a href=\"https:\/\/blog.univicosa.com.br\/index.php\/2020\/07\/16\/uso-de-mascaras-e-luvas-em-estabelecimentos-da-area-de-alimentos\/\" target=\"_blank\" rel=\"noreferrer noopener\">Uso de m\u00e1scaras e luvas em estabelecimentos da \u00e1rea de alimentos<\/a><\/p>\n\n\n\n<p><a href=\"https:\/\/blog.univicosa.com.br\/index.php\/2021\/05\/25\/saiba-tudo-sobre-plantas-medicinais-e-os-seus-beneficios\/\" target=\"_blank\" rel=\"noreferrer noopener\">Saiba tudo sobre plantas medicinais e os seus benef\u00edcios!<\/a><\/p>\n\n\n\n<p><a rel=\"noreferrer noopener\" href=\"https:\/\/blog.univicosa.com.br\/index.php\/2021\/05\/26\/dicas-para-organizar-o-seu-estudo-em-casa\/\" target=\"_blank\">Dicas para organizar o seu estudo em casa!<\/a> <\/p>\n","protected":false},"excerpt":{"rendered":"<p>O\u00a0LinkedIn\u00a0\u00e9 a\u00a0maior rede social\u00a0para\u00a0profissionais\u00a0no\u00a0mundo, sendo essencial para\u00a0divulgar o seu curr\u00edculo, se manter pr\u00f3ximo de contatos profissionais, al\u00e9m de\u00a0produzir\u00a0e\u00a0acompanhar conte\u00fados relevantes e interessantes,\u00a0sempre voltados ao\u00a0mercado de trabalho\u00a0ou\u00a0experi\u00eancias profissionais de sucesso. O\u00a0linkedIn\u00a0tamb\u00e9m \u00e9 muito \u00fatil para\u00a0empresas\u00a0que buscam por novos funcion\u00e1rios. J\u00e1 o Instagram \u00e9 uma rede social poderosa no que se refere a imagem. Destaca-se quem consegue&#8230;<\/p>\n","protected":false},"author":2,"featured_media":3348,"comment_status":"open","ping_status":"open","sticky":false,"template":"","format":"standard","meta":{"spay_email":""},"categories":[43,16],"tags":[409,970,108,51,1150,1321,384,92,112,124,1322,1320,385,1324,1323,96,9,93],"jetpack_featured_media_url":"https:\/\/blog.univicosa.com.br\/wp-content\/uploads\/2022\/03\/nutri-insta-linkedin.png","jetpack_shortlink":"https:\/\/wp.me\/pbcCKk-RV","_links":{"self":[{"href":"https:\/\/blog.univicosa.com.br\/index.php\/wp-json\/wp\/v2\/posts\/3343"}],"collection":[{"href":"https:\/\/blog.univicosa.com.br\/index.php\/wp-json\/wp\/v2\/posts"}],"about":[{"href":"https:\/\/blog.univicosa.com.br\/index.php\/wp-json\/wp\/v2\/types\/post"}],"author":[{"embeddable":true,"href":"https:\/\/blog.univicosa.com.br\/index.php\/wp-json\/wp\/v2\/users\/2"}],"replies":[{"embeddable":true,"href":"https:\/\/blog.univicosa.com.br\/index.php\/wp-json\/wp\/v2\/comments?post=3343"}],"version-history":[{"count":1,"href":"https:\/\/blog.univicosa.com.br\/index.php\/wp-json\/wp\/v2\/posts\/3343\/revisions"}],"predecessor-version":[{"id":3349,"href":"https:\/\/blog.univicosa.com.br\/index.php\/wp-json\/wp\/v2\/posts\/3343\/revisions\/3349"}],"wp:featuredmedia":[{"embeddable":true,"href":"https:\/\/blog.univicosa.com.br\/index.php\/wp-json\/wp\/v2\/media\/3348"}],"wp:attachment":[{"href":"https:\/\/blog.univicosa.com.br\/index.php\/wp-json\/wp\/v2\/media?parent=3343"}],"wp:term":[{"taxonomy":"category","embeddable":true,"href":"https:\/\/blog.univicosa.com.br\/index.php\/wp-json\/wp\/v2\/categories?post=3343"},{"taxonomy":"post_tag","embeddable":true,"href":"https:\/\/blog.univicosa.com.br\/index.php\/wp-json\/wp\/v2\/tags?post=3343"}],"curies":[{"name":"wp","href":"https:\/\/api.w.org\/{rel}","templated":true}]}}