{"id":3326,"date":"2022-03-28T15:27:39","date_gmt":"2022-03-28T18:27:39","guid":{"rendered":"https:\/\/blog.univicosa.com.br\/?p=3326"},"modified":"2022-05-20T10:51:07","modified_gmt":"2022-05-20T13:51:07","slug":"os-4-motivos-para-estudar-e-se-dedicar-a-area-da-contabilidade-publica","status":"publish","type":"post","link":"https:\/\/blog.univicosa.com.br\/index.php\/2022\/03\/28\/os-4-motivos-para-estudar-e-se-dedicar-a-area-da-contabilidade-publica\/","title":{"rendered":"Os 4 motivos para estudar e se dedicar a \u00e1rea da Contabilidade P\u00fablica"},"content":{"rendered":"\n<figure class=\"wp-block-image size-large\"><img data-attachment-id=\"3327\" data-permalink=\"https:\/\/blog.univicosa.com.br\/index.php\/2022\/03\/28\/os-4-motivos-para-estudar-e-se-dedicar-a-area-da-contabilidade-publica\/contabeis-estudar-motivo-blog\/\" data-orig-file=\"https:\/\/blog.univicosa.com.br\/wp-content\/uploads\/2022\/03\/contabeis-estudar-motivo-blog.png\" data-orig-size=\"1086,652\" data-comments-opened=\"1\" data-image-meta=\"{&quot;aperture&quot;:&quot;0&quot;,&quot;credit&quot;:&quot;&quot;,&quot;camera&quot;:&quot;&quot;,&quot;caption&quot;:&quot;&quot;,&quot;created_timestamp&quot;:&quot;0&quot;,&quot;copyright&quot;:&quot;&quot;,&quot;focal_length&quot;:&quot;0&quot;,&quot;iso&quot;:&quot;0&quot;,&quot;shutter_speed&quot;:&quot;0&quot;,&quot;title&quot;:&quot;&quot;,&quot;orientation&quot;:&quot;0&quot;}\" data-image-title=\"contabeis-estudar-motivo-blog\" data-image-description=\"\" data-medium-file=\"https:\/\/blog.univicosa.com.br\/wp-content\/uploads\/2022\/03\/contabeis-estudar-motivo-blog-300x180.png\" data-large-file=\"https:\/\/blog.univicosa.com.br\/wp-content\/uploads\/2022\/03\/contabeis-estudar-motivo-blog-1024x615.png\" loading=\"lazy\" width=\"1024\" height=\"615\" src=\"https:\/\/blog.univicosa.com.br\/wp-content\/uploads\/2022\/03\/contabeis-estudar-motivo-blog-1024x615.png\" alt=\"\" class=\"wp-image-3327\" srcset=\"https:\/\/blog.univicosa.com.br\/wp-content\/uploads\/2022\/03\/contabeis-estudar-motivo-blog-1024x615.png 1024w, https:\/\/blog.univicosa.com.br\/wp-content\/uploads\/2022\/03\/contabeis-estudar-motivo-blog-300x180.png 300w, https:\/\/blog.univicosa.com.br\/wp-content\/uploads\/2022\/03\/contabeis-estudar-motivo-blog-768x461.png 768w, https:\/\/blog.univicosa.com.br\/wp-content\/uploads\/2022\/03\/contabeis-estudar-motivo-blog-850x510.png 850w, https:\/\/blog.univicosa.com.br\/wp-content\/uploads\/2022\/03\/contabeis-estudar-motivo-blog.png 1086w\" sizes=\"(max-width: 1024px) 100vw, 1024px\" \/><\/figure>\n\n\n\n<p>A <strong>Contabilidade P\u00fablica <\/strong>surgiu em meados do <strong>s\u00e9culo XIX<\/strong>, mas<br>especificamente no ano de <strong>1808<\/strong>, com a chegada da <strong>Fam\u00edlia Real<br>Portuguesa ao Brasil.<\/strong> Inicialmente ela tinha como finalidade o controle<br>na arrecada\u00e7\u00e3o de impostos, al\u00e9m de servir como instrumento de<br>tomada de decis\u00f5es do rei. Com o passar dos anos a Contabilidade<br>voltada a \u00e1rea p\u00fablica foi aprimorando-se, trazendo consigo mais<br>finalidades, bem como dados relativos ao patrim\u00f4nio p\u00fablico e suas<br>varia\u00e7\u00f5es.<\/p>\n\n\n\n<p><strong>1)Contabilidade P\u00fablica:<\/strong><br><strong><br><\/strong>A \u00e1rea p\u00fablica apresenta diferen\u00e7as da \u00e1rea privada em diversos<br>aspectos, sendo o mais importante entre elas a finalidade de cada uma.<br>Em contrapartida \u00e0 Gest\u00e3o P\u00fablica, dito-cujo o foco \u00e9 o bem como da<br>popula\u00e7\u00e3o e seu Munic\u00edpio,Estado ou Pa\u00eds, a Administra\u00e7\u00e3o Privada<br>volta-se para o consumo e para a gera\u00e7\u00e3o de lucro. Dito isto, a Gest\u00e3o<br>p\u00fablica se torna uma \u00e1rea mais ampla a ser explorada.<\/p>\n\n\n\n<figure class=\"wp-block-image\"><a href=\"https:\/\/univicosa.apprbs.com.br\/blog\/\" target=\"_blank\" rel=\"noreferrer noopener\"><img data-attachment-id=\"2757\" data-permalink=\"https:\/\/blog.univicosa.com.br\/index.php\/2022\/01\/03\/saiba-tudo-sobre-o-curso-de-administracao\/receba-conteudos-univicosa-imagem-geral-blog\/\" data-orig-file=\"https:\/\/blog.univicosa.com.br\/wp-content\/uploads\/2022\/01\/RECEBA-CONTEUDOS-UNIVICOSA-imagem-geral-blog.png\" data-orig-size=\"675,50\" data-comments-opened=\"1\" data-image-meta=\"{&quot;aperture&quot;:&quot;0&quot;,&quot;credit&quot;:&quot;&quot;,&quot;camera&quot;:&quot;&quot;,&quot;caption&quot;:&quot;&quot;,&quot;created_timestamp&quot;:&quot;0&quot;,&quot;copyright&quot;:&quot;&quot;,&quot;focal_length&quot;:&quot;0&quot;,&quot;iso&quot;:&quot;0&quot;,&quot;shutter_speed&quot;:&quot;0&quot;,&quot;title&quot;:&quot;&quot;,&quot;orientation&quot;:&quot;0&quot;}\" data-image-title=\"RECEBA-CONTEUDOS-UNIVICOSA-imagem-geral-blog\" data-image-description=\"\" data-medium-file=\"https:\/\/blog.univicosa.com.br\/wp-content\/uploads\/2022\/01\/RECEBA-CONTEUDOS-UNIVICOSA-imagem-geral-blog-300x22.png\" data-large-file=\"https:\/\/blog.univicosa.com.br\/wp-content\/uploads\/2022\/01\/RECEBA-CONTEUDOS-UNIVICOSA-imagem-geral-blog.png\" loading=\"lazy\" width=\"675\" height=\"50\" src=\"https:\/\/blog.univicosa.com.br\/wp-content\/uploads\/2022\/01\/RECEBA-CONTEUDOS-UNIVICOSA-imagem-geral-blog.png\" alt=\"\" class=\"wp-image-2757\" srcset=\"https:\/\/blog.univicosa.com.br\/wp-content\/uploads\/2022\/01\/RECEBA-CONTEUDOS-UNIVICOSA-imagem-geral-blog.png 675w, https:\/\/blog.univicosa.com.br\/wp-content\/uploads\/2022\/01\/RECEBA-CONTEUDOS-UNIVICOSA-imagem-geral-blog-300x22.png 300w\" sizes=\"(max-width: 675px) 100vw, 675px\" \/><\/a><\/figure>\n\n\n\n<p><strong>2)Empregabilidade no Setor P\u00fablico:<\/strong><br><strong><br><\/strong>A empregabilidade dentro da \u00e1rea p\u00fablica \u00e9 extremamente relevante<br>para o estudo e o ato de se dedicar na \u00e1rea, pois no setor p\u00fablico h\u00e1<br>uma quantidade reduzida de contadores, sendo resultante este de<br>baixos incentivos, al\u00e9m do m\u00e9dio\/alto conhecimento exigido para o<\/p>\n\n\n\n<p>cargo (tomando em partida, o exemplo de um \u00fanico contador atuar em<br>quatro ou cinco Prefeituras ao mesmo tempo).<\/p>\n\n\n\n<p><strong>3)Participa\u00e7\u00e3o na constru\u00e7\u00e3o de um lugar melhor:<\/strong><br><strong><br><\/strong>O principais benef\u00edcios de trabalhar na gest\u00e3o p\u00fablica est\u00e1 relacionado<br>na oportunidade de atuar de forma direta na mudan\u00e7a do local onde se<br>trabalha, al\u00e9m de construir do in\u00edcio as pol\u00edticas,projetos e o or\u00e7amento<br>que ser\u00e1 utilizado durante os anos, visando moldar o trabalho p\u00fablico,<br>bem como impactar de forma positiva na vida dos mun\u00edcipes.<\/p>\n\n\n\n<figure class=\"wp-block-image\"><a href=\"https:\/\/univicosa.apprbs.com.br\/blog\/\" target=\"_blank\" rel=\"noreferrer noopener\"><img data-attachment-id=\"2757\" data-permalink=\"https:\/\/blog.univicosa.com.br\/index.php\/2022\/01\/03\/saiba-tudo-sobre-o-curso-de-administracao\/receba-conteudos-univicosa-imagem-geral-blog\/\" data-orig-file=\"https:\/\/blog.univicosa.com.br\/wp-content\/uploads\/2022\/01\/RECEBA-CONTEUDOS-UNIVICOSA-imagem-geral-blog.png\" data-orig-size=\"675,50\" data-comments-opened=\"1\" data-image-meta=\"{&quot;aperture&quot;:&quot;0&quot;,&quot;credit&quot;:&quot;&quot;,&quot;camera&quot;:&quot;&quot;,&quot;caption&quot;:&quot;&quot;,&quot;created_timestamp&quot;:&quot;0&quot;,&quot;copyright&quot;:&quot;&quot;,&quot;focal_length&quot;:&quot;0&quot;,&quot;iso&quot;:&quot;0&quot;,&quot;shutter_speed&quot;:&quot;0&quot;,&quot;title&quot;:&quot;&quot;,&quot;orientation&quot;:&quot;0&quot;}\" data-image-title=\"RECEBA-CONTEUDOS-UNIVICOSA-imagem-geral-blog\" data-image-description=\"\" data-medium-file=\"https:\/\/blog.univicosa.com.br\/wp-content\/uploads\/2022\/01\/RECEBA-CONTEUDOS-UNIVICOSA-imagem-geral-blog-300x22.png\" data-large-file=\"https:\/\/blog.univicosa.com.br\/wp-content\/uploads\/2022\/01\/RECEBA-CONTEUDOS-UNIVICOSA-imagem-geral-blog.png\" loading=\"lazy\" width=\"675\" height=\"50\" src=\"https:\/\/blog.univicosa.com.br\/wp-content\/uploads\/2022\/01\/RECEBA-CONTEUDOS-UNIVICOSA-imagem-geral-blog.png\" alt=\"\" class=\"wp-image-2757\" srcset=\"https:\/\/blog.univicosa.com.br\/wp-content\/uploads\/2022\/01\/RECEBA-CONTEUDOS-UNIVICOSA-imagem-geral-blog.png 675w, https:\/\/blog.univicosa.com.br\/wp-content\/uploads\/2022\/01\/RECEBA-CONTEUDOS-UNIVICOSA-imagem-geral-blog-300x22.png 300w\" sizes=\"(max-width: 675px) 100vw, 675px\" \/><\/a><\/figure>\n\n\n\n<p><strong>4)Transpar\u00eancia:<\/strong><br><strong><br><\/strong>Como dito, a contabilidade p\u00fablica deu in\u00edcio no ano de 1808, mas<br>existia a transpar\u00eancia das informa\u00e7\u00f5es? Se existiam, eram realmente<br>transparentes? A resposta \u00e9: n\u00e3o sabemos.<br><br>O controle de sa\u00eddas e entradas de recursos em entes p\u00fablicos n\u00e3o<br>eram t\u00e3o eficazes quanto os de hoje, pois poder\u00edamos facilmente<br>desviar recursos sem suscetibilizar ao p\u00fablico ao qual a informa\u00e7\u00e3o<br>deveria ser divulgada. <br><br>Com o passar dos anos, identificamos que a<br>transpar\u00eancia dos gastos p\u00fablicos, tal como a arrecada\u00e7\u00e3o de receitas,<br>vem sendo ainda mais monitorada e exigida pelo Governo,<br>disponibilizando aos cidad\u00e3os as informa\u00e7\u00f5es de gastos em sites como<br>TCE, Sicom e Portal da Transpar\u00eancia, tornando assim a contabilidade<br>voltada a \u00e1rea p\u00fablica de extrema relev\u00e2ncia, no qual cria um elo entre<br>os entes e a popula\u00e7\u00e3o, elo esse de confiabilidade.<\/p>\n\n\n\n<p><a href=\"https:\/\/blog.univicosa.com.br\/index.php\/2022\/02\/23\/o-perfil-do-profissional-de-ciencias-contabeis\/\">O perfil do profissional de Ci\u00eancias Cont\u00e1beis<\/a><\/p>\n\n\n\n<p><em><strong>Escrito por: <\/strong>Kaio Henrique Furtado;<br>Poliana Lucas Miranda<\/em><\/p>\n\n\n\n<p><strong>Curso<\/strong>: Ci\u00eancias Cont\u00e1beis (7o per\u00edodo) <\/p>\n\n\n\n<p><em><a rel=\"noreferrer noopener\" href=\"https:\/\/univicosa.apprbs.com.br\/blog\/\" target=\"_blank\">Ei, quer<strong>&nbsp;receber conte\u00fados exclusivos<\/strong>&nbsp;da Univi\u00e7osa? clique aqui!&nbsp;<\/a><\/em><\/p>\n\n\n\n<p><a href=\"https:\/\/blog.univicosa.com.br\/index.php\/2022\/01\/03\/saiba-tudo-sobre-o-curso-de-ciencias-contabeis\/\">Saiba tudo sobre o curso de Ci\u00eancias Cont\u00e1beis!<\/a><\/p>\n\n\n\n<p><a rel=\"noreferrer noopener\" href=\"https:\/\/www.univicosa.com.br\/graduacao\/cursos\/ciencias_contabeis\" target=\"_blank\">Curtiu e quer saber mais sobre o curso de&nbsp;<strong>Ci\u00eancias Cont\u00e1beis&nbsp;<\/strong>da&nbsp;<strong>UNIVI\u00c7OSA<\/strong>? Ent\u00e3o acesse o site da Univi\u00e7osa, clique aqui!<\/a><\/p>\n\n\n\n<p><a href=\"https:\/\/blog.univicosa.com.br\/index.php\/2021\/10\/25\/aprenda-como-abrir-a-sua-propria-empresa\/\" target=\"_blank\" rel=\"noreferrer noopener\">Aprenda como abrir a sua pr\u00f3pria empresa<\/a><\/p>\n\n\n\n<p><a href=\"https:\/\/blog.univicosa.com.br\/index.php\/2021\/09\/28\/saiba-tudo-sobre-o-mei-microempreendedor-individual\/\" target=\"_blank\" rel=\"noreferrer noopener\">Saiba tudo sobre o MEI -Microempreendedor Individual!<\/a><\/p>\n\n\n\n<p><a href=\"https:\/\/blog.univicosa.com.br\/index.php\/2021\/10\/21\/entenda-o-cooperativismo-principios-desafios-e-oportunidades\/\" target=\"_blank\" rel=\"noreferrer noopener\">Entenda o Cooperativismo: princ\u00edpios, desafios e oportunidades!<\/a><\/p>\n\n\n\n<p><a rel=\"noreferrer noopener\" href=\"https:\/\/blog.univicosa.com.br\/index.php\/2021\/10\/21\/entenda-o-cooperativismo-principios-desafios-e-oportunidades\/afinal,%20por%20que%20existem?\" target=\"_blank\">Impostos: afinal, por que existem?<\/a><\/p>\n\n\n\n<p><a href=\"https:\/\/blog.univicosa.com.br\/index.php\/2021\/10\/06\/voce-sabe-o-que-e-inflacao-a-gente-te-conta\/\" target=\"_blank\" rel=\"noreferrer noopener\">Voc\u00ea sabe o que \u00e9 infla\u00e7\u00e3o? A gente te conta!<\/a><\/p>\n\n\n\n<p><a href=\"https:\/\/blog.univicosa.com.br\/index.php\/2021\/08\/16\/1-ciencias-contabeis-areas-de-atuacao-auditoria\/\" target=\"_blank\" rel=\"noreferrer noopener\">#1 Ci\u00eancias Cont\u00e1beis \u2013 \u00c1reas de atua\u00e7\u00e3o: Auditoria<\/a><\/p>\n\n\n\n<p><a href=\"https:\/\/blog.univicosa.com.br\/index.php\/2021\/08\/24\/2-ciencias-contabeis-areas-de-atuacao-pericia-contabil\/\" target=\"_blank\" rel=\"noreferrer noopener\">#2 Ci\u00eancias Cont\u00e1beis \u2013 \u00c1reas de atua\u00e7\u00e3o: Per\u00edcia Cont\u00e1bil<\/a><\/p>\n\n\n\n<p><a href=\"https:\/\/blog.univicosa.com.br\/index.php\/2021\/09\/02\/3-ciencias-contabeis-areas-de-atuacao-consultor-tributario\/\" target=\"_blank\" rel=\"noreferrer noopener\">#3 Ci\u00eancias Cont\u00e1beis \u2013 \u00c1reas de atua\u00e7\u00e3o: Consultor Tribut\u00e1rio<\/a><\/p>\n\n\n\n<p><a href=\"https:\/\/blog.univicosa.com.br\/index.php\/2021\/09\/06\/4-ciencias-contabeis-areas-de-atuacao-pesquisa-cientifica\/\" target=\"_blank\" rel=\"noreferrer noopener\">#4 Ci\u00eancias Cont\u00e1beis \u2013 \u00c1reas de atua\u00e7\u00e3o: Pesquisa Cient\u00edfica<\/a><br><br><a href=\"https:\/\/blog.univicosa.com.br\/index.php\/2021\/09\/14\/5-ciencias-contabeis-areas-de-atuacao-pesquisa-cientifica-relatos-de-um-ex-aluno\/\" target=\"_blank\" rel=\"noreferrer noopener\">#5 Ci\u00eancias Cont\u00e1beis \u2013 \u00c1reas de atua\u00e7\u00e3o: Pesquisa Cient\u00edfica \u2013 Relatos de um ex-aluno!<\/a><\/p>\n\n\n\n<p><a href=\"https:\/\/blog.univicosa.com.br\/index.php\/2021\/07\/13\/saiba-como-a-tecnologia-da-informacao-se-aplica-a-contabilidade\/\" target=\"_blank\" rel=\"noreferrer noopener\">Saiba como a tecnologia da informa\u00e7\u00e3o se aplica a contabilidade!<\/a><\/p>\n\n\n\n<p><a href=\"https:\/\/blog.univicosa.com.br\/index.php\/2021\/07\/05\/regime-tributario-brasileiro-conheca-os-3-tipos-existentes\/\" target=\"_blank\" rel=\"noreferrer noopener\">Regime tribut\u00e1rio brasileiro: conhe\u00e7a os 3 tipos existentes!<\/a><\/p>\n\n\n\n<p><a href=\"https:\/\/blog.univicosa.com.br\/index.php\/2021\/06\/07\/voce-sabia-empresas-dentro-do-simples-nacional-podem-pagar-menos-impostos-dentro-da-lei\/\" target=\"_blank\" rel=\"noreferrer noopener\">Voc\u00ea sabia? Empresas dentro do Simples Nacional podem pagar menos impostos dentro da lei!<\/a><\/p>\n\n\n\n<p><a href=\"https:\/\/blog.univicosa.com.br\/index.php\/2021\/06\/01\/5-dicas-para-ter-um-curriculo-de-destaque\/\" target=\"_blank\" rel=\"noreferrer noopener\">5 dicas para criar um curr\u00edculo de sucesso!<\/a><\/p>\n\n\n\n<p><a href=\"https:\/\/blog.univicosa.com.br\/index.php\/2021\/07\/20\/conheca-as-vantagens-de-fazer-uma-segunda-graduacao\/\" target=\"_blank\" rel=\"noreferrer noopener\">Conhe\u00e7a as vantagens de fazer uma segunda gradua\u00e7\u00e3o<\/a><br><br><a href=\"https:\/\/blog.univicosa.com.br\/index.php\/2021\/07\/08\/networking-e-a-pandemia-como-estabelecer-conexoes-autenticas-em-tempos-de-distanciamento-social\/\" target=\"_blank\" rel=\"noreferrer noopener\">Saiba o que \u00e9 Networking e potencialize sua carreira profissional!<\/a><\/p>\n\n\n\n<p><a href=\"https:\/\/blog.univicosa.com.br\/index.php\/2021\/06\/08\/8-dicas-para-se-preparar-para-uma-entrevista-de-estagio\/\" target=\"_blank\" rel=\"noreferrer noopener\">8 dicas para se preparar para uma entrevista de est\u00e1gio!<\/a><\/p>\n\n\n\n<p><a href=\"https:\/\/blog.univicosa.com.br\/index.php\/2021\/06\/15\/10-passos-para-ter-um-perfil-mais-relevante-no-linkedin\/\">10 passos&nbsp;<\/a><a href=\"https:\/\/blog.univicosa.com.br\/index.php\/2021\/06\/15\/10-passos-para-ter-um-perfil-mais-relevante-no-linkedin\/\" target=\"_blank\" rel=\"noreferrer noopener\">p<\/a><a href=\"https:\/\/blog.univicosa.com.br\/index.php\/2021\/06\/15\/10-passos-para-ter-um-perfil-mais-relevante-no-linkedin\/\">ara ter um perfil mais relevante no LinkedIn!<\/a><\/p>\n\n\n\n<p><a rel=\"noreferrer noopener\" href=\"https:\/\/blog.univicosa.com.br\/index.php\/2021\/03\/24\/porque-cursar-ciencias-contabeis\/\" target=\"_blank\">PORQUE CURSAR CI\u00caNCIAS CONT\u00c1BEIS<\/a><br><br><a rel=\"noreferrer noopener\" href=\"https:\/\/blog.univicosa.com.br\/index.php\/2021\/07\/09\/voce-sabe-a-diferenca-entre-trabalhabilidade-e-empregabilidade\/\" target=\"_blank\">Voc\u00ea sabe a diferen\u00e7a entre Trabalhabilidade e Empregabilidade?<\/a><\/p>\n","protected":false},"excerpt":{"rendered":"<p>A Contabilidade P\u00fablica surgiu em meados do s\u00e9culo XIX, masespecificamente no ano de 1808, com a chegada da Fam\u00edlia RealPortuguesa ao Brasil. Inicialmente ela tinha como finalidade o controlena arrecada\u00e7\u00e3o de impostos, al\u00e9m de servir como instrumento detomada de decis\u00f5es do rei. Com o passar dos anos a Contabilidadevoltada a \u00e1rea p\u00fablica foi aprimorando-se, trazendo&#8230;<\/p>\n","protected":false},"author":2,"featured_media":3328,"comment_status":"open","ping_status":"open","sticky":false,"template":"","format":"standard","meta":{"spay_email":""},"categories":[34,15],"tags":[409,970,258,417,1312,108,549,1150,92,596,1311,1310,1313,96,9,93],"jetpack_featured_media_url":"https:\/\/blog.univicosa.com.br\/wp-content\/uploads\/2022\/03\/contabeis-estudar-motivo-blog-1.png","jetpack_shortlink":"https:\/\/wp.me\/pbcCKk-RE","_links":{"self":[{"href":"https:\/\/blog.univicosa.com.br\/index.php\/wp-json\/wp\/v2\/posts\/3326"}],"collection":[{"href":"https:\/\/blog.univicosa.com.br\/index.php\/wp-json\/wp\/v2\/posts"}],"about":[{"href":"https:\/\/blog.univicosa.com.br\/index.php\/wp-json\/wp\/v2\/types\/post"}],"author":[{"embeddable":true,"href":"https:\/\/blog.univicosa.com.br\/index.php\/wp-json\/wp\/v2\/users\/2"}],"replies":[{"embeddable":true,"href":"https:\/\/blog.univicosa.com.br\/index.php\/wp-json\/wp\/v2\/comments?post=3326"}],"version-history":[{"count":2,"href":"https:\/\/blog.univicosa.com.br\/index.php\/wp-json\/wp\/v2\/posts\/3326\/revisions"}],"predecessor-version":[{"id":3331,"href":"https:\/\/blog.univicosa.com.br\/index.php\/wp-json\/wp\/v2\/posts\/3326\/revisions\/3331"}],"wp:featuredmedia":[{"embeddable":true,"href":"https:\/\/blog.univicosa.com.br\/index.php\/wp-json\/wp\/v2\/media\/3328"}],"wp:attachment":[{"href":"https:\/\/blog.univicosa.com.br\/index.php\/wp-json\/wp\/v2\/media?parent=3326"}],"wp:term":[{"taxonomy":"category","embeddable":true,"href":"https:\/\/blog.univicosa.com.br\/index.php\/wp-json\/wp\/v2\/categories?post=3326"},{"taxonomy":"post_tag","embeddable":true,"href":"https:\/\/blog.univicosa.com.br\/index.php\/wp-json\/wp\/v2\/tags?post=3326"}],"curies":[{"name":"wp","href":"https:\/\/api.w.org\/{rel}","templated":true}]}}