{"id":3307,"date":"2022-03-25T10:30:50","date_gmt":"2022-03-25T13:30:50","guid":{"rendered":"https:\/\/blog.univicosa.com.br\/?p=3307"},"modified":"2022-05-20T10:51:16","modified_gmt":"2022-05-20T13:51:16","slug":"a-primeira-expressao-arquitetonica-brasileira","status":"publish","type":"post","link":"https:\/\/blog.univicosa.com.br\/index.php\/2022\/03\/25\/a-primeira-expressao-arquitetonica-brasileira\/","title":{"rendered":"A Primeira Express\u00e3o Arquitet\u00f4nica Brasileira"},"content":{"rendered":"\n<p>A chegada dos Portugueses no territ\u00f3rio brasileiro foi marcada pela identifica\u00e7\u00e3o de uma esp\u00e9cie de \u00e1rvore que fornecia uma madeira muito semelhante a utilizada na Europa trazidas das \u00edndias, o <em>br\u00e9sil, <\/em>como explicitam Bittar <em>et al<\/em>. (2011): \u201cLogo nas primeiras expedi\u00e7\u00f5es, um tipo de madeira atraiu a aten\u00e7\u00e3o dos invasores, pois esp\u00e9cie semelhante j\u00e1 era comercializada na Europa, utilizada para corantes nas tinturas de Flandres. Os comerciantes denominaram <em>br\u00e9sil,<\/em> nome do similar do Oriente, a ibirapitanga dos nativos\u201d.<\/p>\n\n\n\n<figure class=\"wp-block-image size-large is-resized\"><img data-attachment-id=\"3308\" data-permalink=\"https:\/\/blog.univicosa.com.br\/index.php\/2022\/03\/25\/a-primeira-expressao-arquitetonica-brasileira\/arq-1-2\/\" data-orig-file=\"https:\/\/blog.univicosa.com.br\/wp-content\/uploads\/2022\/03\/arq-1.jpg\" data-orig-size=\"259,194\" data-comments-opened=\"1\" data-image-meta=\"{&quot;aperture&quot;:&quot;0&quot;,&quot;credit&quot;:&quot;&quot;,&quot;camera&quot;:&quot;&quot;,&quot;caption&quot;:&quot;&quot;,&quot;created_timestamp&quot;:&quot;0&quot;,&quot;copyright&quot;:&quot;&quot;,&quot;focal_length&quot;:&quot;0&quot;,&quot;iso&quot;:&quot;0&quot;,&quot;shutter_speed&quot;:&quot;0&quot;,&quot;title&quot;:&quot;&quot;,&quot;orientation&quot;:&quot;0&quot;}\" data-image-title=\"arq 1\" data-image-description=\"\" data-medium-file=\"https:\/\/blog.univicosa.com.br\/wp-content\/uploads\/2022\/03\/arq-1.jpg\" data-large-file=\"https:\/\/blog.univicosa.com.br\/wp-content\/uploads\/2022\/03\/arq-1.jpg\" loading=\"lazy\" src=\"https:\/\/blog.univicosa.com.br\/wp-content\/uploads\/2022\/03\/arq-1.jpg\" alt=\"\" class=\"wp-image-3308\" width=\"295\" height=\"221\"\/><\/figure>\n\n\n\n<p>Na coloniza\u00e7\u00e3o\/ocupa\u00e7\u00e3o do \u201cnovo mundo\u201d a primeira express\u00e3o arquitet\u00f4nica foi baseada nas feitorias medievais, muito utilizadas no territ\u00f3rio europeu. Com princ\u00edpios pautados na cultura dos portugueses, a edifica\u00e7\u00e3o era forjada pelos ind\u00edgenas que aqui viviam, e que, em alguma medida, atribu\u00edram seus conhecimentos influenciando na forma de construir as feitorias, como, por exemplo, o elemento pali\u00e7adas que compunha o complexo.<\/p>\n\n\n\n<figure class=\"wp-block-image size-large\"><img data-attachment-id=\"3309\" data-permalink=\"https:\/\/blog.univicosa.com.br\/index.php\/2022\/03\/25\/a-primeira-expressao-arquitetonica-brasileira\/arq-2-2\/\" data-orig-file=\"https:\/\/blog.univicosa.com.br\/wp-content\/uploads\/2022\/03\/arq-2.png\" data-orig-size=\"552,397\" data-comments-opened=\"1\" data-image-meta=\"{&quot;aperture&quot;:&quot;0&quot;,&quot;credit&quot;:&quot;&quot;,&quot;camera&quot;:&quot;&quot;,&quot;caption&quot;:&quot;&quot;,&quot;created_timestamp&quot;:&quot;0&quot;,&quot;copyright&quot;:&quot;&quot;,&quot;focal_length&quot;:&quot;0&quot;,&quot;iso&quot;:&quot;0&quot;,&quot;shutter_speed&quot;:&quot;0&quot;,&quot;title&quot;:&quot;&quot;,&quot;orientation&quot;:&quot;0&quot;}\" data-image-title=\"arq 2\" data-image-description=\"\" data-medium-file=\"https:\/\/blog.univicosa.com.br\/wp-content\/uploads\/2022\/03\/arq-2-300x216.png\" data-large-file=\"https:\/\/blog.univicosa.com.br\/wp-content\/uploads\/2022\/03\/arq-2.png\" loading=\"lazy\" width=\"552\" height=\"397\" src=\"https:\/\/blog.univicosa.com.br\/wp-content\/uploads\/2022\/03\/arq-2.png\" alt=\"\" class=\"wp-image-3309\" srcset=\"https:\/\/blog.univicosa.com.br\/wp-content\/uploads\/2022\/03\/arq-2.png 552w, https:\/\/blog.univicosa.com.br\/wp-content\/uploads\/2022\/03\/arq-2-300x216.png 300w\" sizes=\"(max-width: 552px) 100vw, 552px\" \/><figcaption>Aldeamento protegido por pali\u00e7adas.<\/figcaption><\/figure>\n\n\n\n<p>Com cunho extrativista, a derrubada, armazenamento e extradi\u00e7\u00e3o para Portugal desta \u00e1rvore, o Pau-Brasil, foi a primeira atividade econ\u00f4mica na col\u00f4nia. Para tal, com vistas no armazenamento e prote\u00e7\u00e3o dessa mercadoria foram erigidas estruturas bem rudimentares. Se caracterizavam por conjuntos de poucas casas de madeira e palha, que poderiam ser protegidas ou n\u00e3o por pali\u00e7adas. Al\u00e9m da fun\u00e7\u00e3o de armazenamento da madeira, essas edifica\u00e7\u00f5es tinham fun\u00e7\u00e3o de defesa e marcos de apoio para futuras expedi\u00e7\u00f5es.<\/p>\n\n\n\n<figure class=\"wp-block-image size-large\"><img data-attachment-id=\"3310\" data-permalink=\"https:\/\/blog.univicosa.com.br\/index.php\/2022\/03\/25\/a-primeira-expressao-arquitetonica-brasileira\/arq-3-2\/\" data-orig-file=\"https:\/\/blog.univicosa.com.br\/wp-content\/uploads\/2022\/03\/arq-3.png\" data-orig-size=\"516,357\" data-comments-opened=\"1\" data-image-meta=\"{&quot;aperture&quot;:&quot;0&quot;,&quot;credit&quot;:&quot;&quot;,&quot;camera&quot;:&quot;&quot;,&quot;caption&quot;:&quot;&quot;,&quot;created_timestamp&quot;:&quot;0&quot;,&quot;copyright&quot;:&quot;&quot;,&quot;focal_length&quot;:&quot;0&quot;,&quot;iso&quot;:&quot;0&quot;,&quot;shutter_speed&quot;:&quot;0&quot;,&quot;title&quot;:&quot;&quot;,&quot;orientation&quot;:&quot;0&quot;}\" data-image-title=\"arq 3\" data-image-description=\"\" data-medium-file=\"https:\/\/blog.univicosa.com.br\/wp-content\/uploads\/2022\/03\/arq-3-300x208.png\" data-large-file=\"https:\/\/blog.univicosa.com.br\/wp-content\/uploads\/2022\/03\/arq-3.png\" loading=\"lazy\" width=\"516\" height=\"357\" src=\"https:\/\/blog.univicosa.com.br\/wp-content\/uploads\/2022\/03\/arq-3.png\" alt=\"\" class=\"wp-image-3310\" srcset=\"https:\/\/blog.univicosa.com.br\/wp-content\/uploads\/2022\/03\/arq-3.png 516w, https:\/\/blog.univicosa.com.br\/wp-content\/uploads\/2022\/03\/arq-3-300x208.png 300w\" sizes=\"(max-width: 516px) 100vw, 516px\" \/><figcaption>Imagem litografada do repouso de tropeiros inclu\u00edda no livro Viagem pitoresca, publicado em 1839, de Jean-Baptiste Debret (1768-1848).<\/figcaption><\/figure>\n\n\n\n<p>Dessa maneira, atribui-se a feitoria como sendo a primeira manifesta\u00e7\u00e3o arquitet\u00f4nica pelas m\u00e3os dos portugueses no territ\u00f3rio brasileiro. Vale lembrar que, em todo territ\u00f3rio havia constru\u00e7\u00f5es dos diversos povos ind\u00edgenas, que j\u00e1 viviam aqui, genuinamente nossa primeira arquitetura. Sendo assim, ap\u00f3s a chegada dos portugueses em 22 de abril de 1500, as feitorias ganharam esse cunho arquitet\u00f4nico inicial do colonizador do \u201cnovo mundo\u201d.<\/p>\n\n\n\n<p><em><strong>Por <\/strong>Eleusy Nat\u00e1lia Miguel<\/em> (Professora do curso de Arquitetura).<\/p>\n\n\n\n<p><strong>Refer\u00eancias<\/strong><\/p>\n\n\n\n<p>BITTAR, William Seba Mallmann; MENDES, Francisco Roberval; VER\u00cdSSIMO, Francisco Salvador. <strong>Arquitetura no Brasil <\/strong>\u2013 De Cabral a Dom Jo\u00e3o VI. Rio de Janeiro, Imperial Novo Mil\u00eanio, 2011.<\/p>\n\n\n\n<p>BURY, John. <strong>Arquitetura e arte no Brasil colonial.<\/strong> Bras\u00edlia: IPHAN \/ Monumenta, 2006<\/p>\n\n\n\n<p>DEL PRIORE, Mary, VENANCIO, Renato. Uma Breve Hist\u00f3ria do Brasil. S\u00e3o Paulo: Editora Planeta do Brasil, 2010. REIS FILHO, Nestor Goulart. <strong>Quadro da arquitetura no Brasil<\/strong>. 10. ed. S\u00e3o Paulo: Perspectiva, 2002.<\/p>\n\n\n\n<figure class=\"wp-block-image size-large\"><a href=\"https:\/\/univicosa.apprbs.com.br\/blog\/\" target=\"_blank\" rel=\"noopener\"><img data-attachment-id=\"2905\" data-permalink=\"https:\/\/blog.univicosa.com.br\/index.php\/2022\/02\/01\/5-motivos-para-fazer-nutricao-na-univicosa\/imagem-link-blog\/\" data-orig-file=\"https:\/\/blog.univicosa.com.br\/wp-content\/uploads\/2022\/02\/imagem-link-blog.png\" data-orig-size=\"677,51\" data-comments-opened=\"1\" data-image-meta=\"{&quot;aperture&quot;:&quot;0&quot;,&quot;credit&quot;:&quot;&quot;,&quot;camera&quot;:&quot;&quot;,&quot;caption&quot;:&quot;&quot;,&quot;created_timestamp&quot;:&quot;0&quot;,&quot;copyright&quot;:&quot;&quot;,&quot;focal_length&quot;:&quot;0&quot;,&quot;iso&quot;:&quot;0&quot;,&quot;shutter_speed&quot;:&quot;0&quot;,&quot;title&quot;:&quot;&quot;,&quot;orientation&quot;:&quot;0&quot;}\" data-image-title=\"imagem link blog\" data-image-description=\"\" data-medium-file=\"https:\/\/blog.univicosa.com.br\/wp-content\/uploads\/2022\/02\/imagem-link-blog-300x23.png\" data-large-file=\"https:\/\/blog.univicosa.com.br\/wp-content\/uploads\/2022\/02\/imagem-link-blog.png\" loading=\"lazy\" width=\"677\" height=\"51\" src=\"https:\/\/blog.univicosa.com.br\/wp-content\/uploads\/2022\/02\/imagem-link-blog.png\" alt=\"\" class=\"wp-image-2905\" srcset=\"https:\/\/blog.univicosa.com.br\/wp-content\/uploads\/2022\/02\/imagem-link-blog.png 677w, https:\/\/blog.univicosa.com.br\/wp-content\/uploads\/2022\/02\/imagem-link-blog-300x23.png 300w\" sizes=\"(max-width: 677px) 100vw, 677px\" \/><\/a><\/figure>\n\n\n\n<p>Ah! E se voc\u00ea quer se tornar um arquiteto, n\u00e3o pode deixar de conferir tudo que o Curso de <strong>Arquitetura e Urbanismo<\/strong> da UNIVI\u00c7OSA tem para te oferecer.&nbsp;<a rel=\"noreferrer noopener\" href=\"https:\/\/www.univicosa.com.br\/graduacao\/cursos\/arquitetura_e_urbanismo\" target=\"_blank\">Clica <\/a><a href=\"https:\/\/www.univicosa.com.br\/graduacao\/cursos\/arquitetura_e_urbanismo\" data-type=\"URL\" data-id=\"https:\/\/www.univicosa.com.br\/graduacao\/cursos\/arquitetura_e_urbanismo\" target=\"_blank\" rel=\"noreferrer noopener\">aqui<\/a> e venha conhecer nosso site! Voc\u00ea tamb\u00e9m pode aprender mais com outros posts relacionados a seguir!<\/p>\n\n\n\n<p><a rel=\"noreferrer noopener\" href=\"https:\/\/blog.univicosa.com.br\/index.php\/2022\/02\/22\/iluminacao-na-arquitetura\/\" target=\"_blank\">Ilumina\u00e7\u00e3o na Arquitetura<\/a><\/p>\n\n\n\n<p><a rel=\"noreferrer noopener\" href=\"https:\/\/blog.univicosa.com.br\/index.php\/2022\/02\/16\/o-perfil-do-profissional-de-arquitetura-e-urbanismo\/\" target=\"_blank\">O perfil do profissional de Arquitetura e Urbanismo<\/a><\/p>\n\n\n\n<p><a rel=\"noreferrer noopener\" href=\"https:\/\/blog.univicosa.com.br\/index.php\/2022\/01\/04\/5-motivos-para-fazer-arquitetura-e-urbanismo-na-univicosa\/\" target=\"_blank\">5 motivos para fazer Arquitetura e Urbanismo na UNIVI\u00c7OSA!<\/a><\/p>\n\n\n\n<p><a rel=\"noreferrer noopener\" href=\"https:\/\/blog.univicosa.com.br\/index.php\/2022\/01\/03\/saiba-tudo-sobre-o-curso-de-arquitetura-e-urbanismo\/\" target=\"_blank\">Saiba tudo sobre o curso de Arquitetura e Urbanismo!<\/a><\/p>\n\n\n\n<p><a rel=\"noreferrer noopener\" href=\"https:\/\/blog.univicosa.com.br\/index.php\/2021\/11\/05\/tecnologia-na-arquitetura\/\" target=\"_blank\">Tecnologia na Arquitetura<\/a><\/p>\n\n\n\n<p><a rel=\"noreferrer noopener\" href=\"https:\/\/blog.univicosa.com.br\/index.php\/2021\/10\/22\/os-modos-de-morar-e-a-arquitetura\/\" target=\"_blank\">Os modos de morar e a Arquitetura<\/a><\/p>\n\n\n\n<p><a href=\"https:\/\/blog.univicosa.com.br\/index.php\/2021\/10\/13\/paisagismo-saiba-tudo-sobre-a-arquitetura-da-paisagem\/\" target=\"_blank\" rel=\"noreferrer noopener\">Paisagismo: saiba tudo sobre a arquitetura da paisagem!<\/a><\/p>\n\n\n\n<p><a rel=\"noreferrer noopener\" href=\"https:\/\/blog.univicosa.com.br\/index.php\/2021\/07\/26\/curiosidades-e-mercado-de-trabalho-arquitetura-e-urbanismo\/\" target=\"_blank\">Curiosidades e mercado de trabalho: Arquitetura e Urbanismo<\/a><\/p>\n\n\n\n<p><a rel=\"noreferrer noopener\" href=\"https:\/\/blog.univicosa.com.br\/index.php\/2022\/03\/15\/o-desafio-do-habitar\/\" target=\"_blank\">O desafio do Habitar<\/a><\/p>\n\n\n\n<p><a rel=\"noreferrer noopener\" href=\"https:\/\/blog.univicosa.com.br\/index.php\/2022\/03\/08\/a-percepcao-urbana-por-meio-de-jogos\/\" target=\"_blank\">A percep\u00e7\u00e3o urbana por meio de jogos<\/a><\/p>\n\n\n\n<p><a href=\"https:\/\/blog.univicosa.com.br\/index.php\/2022\/02\/08\/o-arquiteto-e-a-regularizacao-de-imoveis-urbanos\/\" target=\"_blank\" rel=\"noreferrer noopener\">O Arquiteto e a Regulariza\u00e7\u00e3o de Im\u00f3veis Urbanos<\/a><\/p>\n","protected":false},"excerpt":{"rendered":"<p>Na coloniza\u00e7\u00e3o\/ocupa\u00e7\u00e3o do \u201cnovo mundo\u201d a primeira express\u00e3o arquitet\u00f4nica foi baseada nas feitorias medievais, muito utilizadas no territ\u00f3rio europeu. Com princ\u00edpios pautados na cultura dos portugueses, a edifica\u00e7\u00e3o era forjada pelos ind\u00edgenas que aqui viviam, e que, em alguma medida, atribu\u00edram seus conhecimentos influenciando na forma de construir as feitorias, como, por exemplo, o elemento pali\u00e7adas que compunha o complexo. Clica aqui e leia mais!<\/p>\n","protected":false},"author":2,"featured_media":3312,"comment_status":"open","ping_status":"open","sticky":false,"template":"","format":"standard","meta":{"spay_email":""},"categories":[28,14,1],"tags":[102,103,970,374,1018,1288,108,858,964,109,51,1287,1289,92,1017,1016,1286,107,111,340,96],"jetpack_featured_media_url":"https:\/\/blog.univicosa.com.br\/wp-content\/uploads\/2022\/03\/Untitled-2-1.png","jetpack_shortlink":"https:\/\/wp.me\/pbcCKk-Rl","_links":{"self":[{"href":"https:\/\/blog.univicosa.com.br\/index.php\/wp-json\/wp\/v2\/posts\/3307"}],"collection":[{"href":"https:\/\/blog.univicosa.com.br\/index.php\/wp-json\/wp\/v2\/posts"}],"about":[{"href":"https:\/\/blog.univicosa.com.br\/index.php\/wp-json\/wp\/v2\/types\/post"}],"author":[{"embeddable":true,"href":"https:\/\/blog.univicosa.com.br\/index.php\/wp-json\/wp\/v2\/users\/2"}],"replies":[{"embeddable":true,"href":"https:\/\/blog.univicosa.com.br\/index.php\/wp-json\/wp\/v2\/comments?post=3307"}],"version-history":[{"count":2,"href":"https:\/\/blog.univicosa.com.br\/index.php\/wp-json\/wp\/v2\/posts\/3307\/revisions"}],"predecessor-version":[{"id":3313,"href":"https:\/\/blog.univicosa.com.br\/index.php\/wp-json\/wp\/v2\/posts\/3307\/revisions\/3313"}],"wp:featuredmedia":[{"embeddable":true,"href":"https:\/\/blog.univicosa.com.br\/index.php\/wp-json\/wp\/v2\/media\/3312"}],"wp:attachment":[{"href":"https:\/\/blog.univicosa.com.br\/index.php\/wp-json\/wp\/v2\/media?parent=3307"}],"wp:term":[{"taxonomy":"category","embeddable":true,"href":"https:\/\/blog.univicosa.com.br\/index.php\/wp-json\/wp\/v2\/categories?post=3307"},{"taxonomy":"post_tag","embeddable":true,"href":"https:\/\/blog.univicosa.com.br\/index.php\/wp-json\/wp\/v2\/tags?post=3307"}],"curies":[{"name":"wp","href":"https:\/\/api.w.org\/{rel}","templated":true}]}}