{"id":3263,"date":"2022-03-21T18:30:20","date_gmt":"2022-03-21T21:30:20","guid":{"rendered":"https:\/\/blog.univicosa.com.br\/?p=3263"},"modified":"2022-05-20T10:51:38","modified_gmt":"2022-05-20T13:51:38","slug":"quero-ser-enfermeiro-quem-devo-seguir-no-linkedin","status":"publish","type":"post","link":"https:\/\/blog.univicosa.com.br\/index.php\/2022\/03\/21\/quero-ser-enfermeiro-quem-devo-seguir-no-linkedin\/","title":{"rendered":"Quero ser Enfermeiro! Quem devo seguir no LinkedIn?"},"content":{"rendered":"\n<figure class=\"wp-block-image size-large\"><img data-attachment-id=\"3269\" data-permalink=\"https:\/\/blog.univicosa.com.br\/index.php\/2022\/03\/21\/quero-ser-enfermeiro-quem-devo-seguir-no-linkedin\/linkedin-quem-seguir-a\/\" data-orig-file=\"https:\/\/blog.univicosa.com.br\/wp-content\/uploads\/2022\/03\/linkedin-quem-seguir-a.png\" data-orig-size=\"1086,652\" data-comments-opened=\"1\" data-image-meta=\"{&quot;aperture&quot;:&quot;0&quot;,&quot;credit&quot;:&quot;&quot;,&quot;camera&quot;:&quot;&quot;,&quot;caption&quot;:&quot;&quot;,&quot;created_timestamp&quot;:&quot;0&quot;,&quot;copyright&quot;:&quot;&quot;,&quot;focal_length&quot;:&quot;0&quot;,&quot;iso&quot;:&quot;0&quot;,&quot;shutter_speed&quot;:&quot;0&quot;,&quot;title&quot;:&quot;&quot;,&quot;orientation&quot;:&quot;0&quot;}\" data-image-title=\"linkedin-quem-seguir-a\" data-image-description=\"\" data-medium-file=\"https:\/\/blog.univicosa.com.br\/wp-content\/uploads\/2022\/03\/linkedin-quem-seguir-a-300x180.png\" data-large-file=\"https:\/\/blog.univicosa.com.br\/wp-content\/uploads\/2022\/03\/linkedin-quem-seguir-a-1024x615.png\" loading=\"lazy\" width=\"1024\" height=\"615\" src=\"https:\/\/blog.univicosa.com.br\/wp-content\/uploads\/2022\/03\/linkedin-quem-seguir-a-1024x615.png\" alt=\"\" class=\"wp-image-3269\" srcset=\"https:\/\/blog.univicosa.com.br\/wp-content\/uploads\/2022\/03\/linkedin-quem-seguir-a-1024x615.png 1024w, https:\/\/blog.univicosa.com.br\/wp-content\/uploads\/2022\/03\/linkedin-quem-seguir-a-300x180.png 300w, https:\/\/blog.univicosa.com.br\/wp-content\/uploads\/2022\/03\/linkedin-quem-seguir-a-768x461.png 768w, https:\/\/blog.univicosa.com.br\/wp-content\/uploads\/2022\/03\/linkedin-quem-seguir-a-850x510.png 850w, https:\/\/blog.univicosa.com.br\/wp-content\/uploads\/2022\/03\/linkedin-quem-seguir-a.png 1086w\" sizes=\"(max-width: 1024px) 100vw, 1024px\" \/><\/figure>\n\n\n\n<p>O <strong>LinkedIn <\/strong>\u00e9 a <strong>maior rede social<\/strong> para <strong>profissionais <\/strong>no <strong>mundo<\/strong>, sendo essencial para <strong>divulgar o seu curr\u00edculo<\/strong>, se manter pr\u00f3ximo de contatos profissionais, al\u00e9m de <strong>produzir <\/strong>e <strong>acompanhar conte\u00fados relevantes e interessantes,<\/strong> sempre voltados ao <strong>mercado de trabalho<\/strong> ou <strong>experi\u00eancias profissionais de sucesso<\/strong>. O <em>linkedIn <\/em>tamb\u00e9m \u00e9 muito \u00fatil para <strong>empresas <\/strong>que buscam por novos funcion\u00e1rios. <\/p>\n\n\n\n<p>Uma rede de <strong>networking <\/strong>que <strong>facilita <\/strong>novas <strong>possibilidades <\/strong>de <strong>neg\u00f3cios <\/strong>atrav\u00e9s de um canal efetivo que permite o <strong>contato e a intera\u00e7\u00e3o <\/strong>de <strong>empresas<\/strong>, <strong>clientes<\/strong>, <strong>profissionais <\/strong>e <strong>prospects<\/strong>. Segundo <strong>dados <\/strong>da pr\u00f3pria rede social, s\u00e3o mais de <strong>740 milh\u00f5es de membros<\/strong> em todo o mundo, al\u00e9m de mais de <strong>14 milh\u00f5es <\/strong>de <strong>vagas <\/strong>de oportunidades de emprego. <\/p>\n\n\n\n<h4><strong>Quem seguir na \u00e1rea da Enfermagem? <\/strong><\/h4>\n\n\n\n<p>Existem diversos profissionais da \u00e1rea da Enfermagem que mant\u00e9m perfis ativos na rede social, compartilhando cases de sucesso, dicas e perspectivas dentro do mercado de trabalho, confira baixo alguns perfis profissionais que separamos especialmente para voc\u00ea! <\/p>\n\n\n\n<h3>Felipe Queiroz<\/h3>\n\n\n\n<figure class=\"wp-block-image size-large\"><img data-attachment-id=\"3264\" data-permalink=\"https:\/\/blog.univicosa.com.br\/index.php\/2022\/03\/21\/quero-ser-enfermeiro-quem-devo-seguir-no-linkedin\/enf-01-felipe-queiroz\/\" data-orig-file=\"https:\/\/blog.univicosa.com.br\/wp-content\/uploads\/2022\/03\/enf-01-felipe-queiroz.png\" data-orig-size=\"1522,1080\" data-comments-opened=\"1\" data-image-meta=\"{&quot;aperture&quot;:&quot;0&quot;,&quot;credit&quot;:&quot;&quot;,&quot;camera&quot;:&quot;&quot;,&quot;caption&quot;:&quot;&quot;,&quot;created_timestamp&quot;:&quot;0&quot;,&quot;copyright&quot;:&quot;&quot;,&quot;focal_length&quot;:&quot;0&quot;,&quot;iso&quot;:&quot;0&quot;,&quot;shutter_speed&quot;:&quot;0&quot;,&quot;title&quot;:&quot;&quot;,&quot;orientation&quot;:&quot;0&quot;}\" data-image-title=\"enf-01-felipe-queiroz\" data-image-description=\"\" data-medium-file=\"https:\/\/blog.univicosa.com.br\/wp-content\/uploads\/2022\/03\/enf-01-felipe-queiroz-300x213.png\" data-large-file=\"https:\/\/blog.univicosa.com.br\/wp-content\/uploads\/2022\/03\/enf-01-felipe-queiroz-1024x727.png\" loading=\"lazy\" width=\"1024\" height=\"727\" src=\"https:\/\/blog.univicosa.com.br\/wp-content\/uploads\/2022\/03\/enf-01-felipe-queiroz-1024x727.png\" alt=\"\" class=\"wp-image-3264\" srcset=\"https:\/\/blog.univicosa.com.br\/wp-content\/uploads\/2022\/03\/enf-01-felipe-queiroz-1024x727.png 1024w, https:\/\/blog.univicosa.com.br\/wp-content\/uploads\/2022\/03\/enf-01-felipe-queiroz-300x213.png 300w, https:\/\/blog.univicosa.com.br\/wp-content\/uploads\/2022\/03\/enf-01-felipe-queiroz-768x545.png 768w, https:\/\/blog.univicosa.com.br\/wp-content\/uploads\/2022\/03\/enf-01-felipe-queiroz-850x603.png 850w, https:\/\/blog.univicosa.com.br\/wp-content\/uploads\/2022\/03\/enf-01-felipe-queiroz.png 1522w\" sizes=\"(max-width: 1024px) 100vw, 1024px\" \/><\/figure>\n\n\n\n<p><strong>Felipe Queiroz <\/strong>tem mais de dez anos de experi\u00eancia na \u00e1rea da <strong>Enfermagem<\/strong>. Durante esses anos, atuou em diversos setores e grandes institui\u00e7\u00f5es, hoje, Felipe \u00e9 Coordenador de Enfermagem Pronto Socorro. Felipe compartilha no LinkedIn sua experi\u00eancia profissional, seu cotidiano, desafios e perspectivas para o futuro da Enfermagem.  <\/p>\n\n\n\n<p>Tamb\u00e9m conta com experi\u00eancia em gest\u00e3o de equipe assistencial em hospitais de grande porte e alta complexidade.<\/p>\n\n\n\n<p>\u2022 Participa\u00e7\u00e3o na implanta\u00e7\u00e3o da ONA 1 e 2 em Hospital da rede privada.<br>\u2022 Respons\u00e1vel pela implanta\u00e7\u00e3o e gerenciamento de Protocolos Gerenciados.<br>\u2022 Participa\u00e7\u00e3o em auditorias da ONA interna.<\/p>\n\n\n\n<p>Perfil: <a rel=\"noreferrer noopener\" href=\"https:\/\/www.linkedin.com\/in\/felipe-queiroz-948379123\/\" target=\"_blank\">https:\/\/www.linkedin.com\/in\/felipe-queiroz-948379123\/<\/a><\/p>\n\n\n\n<h3>Amanda Carvalho<\/h3>\n\n\n\n<figure class=\"wp-block-image size-large\"><img data-attachment-id=\"3265\" data-permalink=\"https:\/\/blog.univicosa.com.br\/index.php\/2022\/03\/21\/quero-ser-enfermeiro-quem-devo-seguir-no-linkedin\/enf-2-amanda-carvalho\/\" data-orig-file=\"https:\/\/blog.univicosa.com.br\/wp-content\/uploads\/2022\/03\/enf-2-amanda-carvalho.png\" data-orig-size=\"1522,1080\" data-comments-opened=\"1\" data-image-meta=\"{&quot;aperture&quot;:&quot;0&quot;,&quot;credit&quot;:&quot;&quot;,&quot;camera&quot;:&quot;&quot;,&quot;caption&quot;:&quot;&quot;,&quot;created_timestamp&quot;:&quot;0&quot;,&quot;copyright&quot;:&quot;&quot;,&quot;focal_length&quot;:&quot;0&quot;,&quot;iso&quot;:&quot;0&quot;,&quot;shutter_speed&quot;:&quot;0&quot;,&quot;title&quot;:&quot;&quot;,&quot;orientation&quot;:&quot;0&quot;}\" data-image-title=\"enf-2-amanda-carvalho\" data-image-description=\"\" data-medium-file=\"https:\/\/blog.univicosa.com.br\/wp-content\/uploads\/2022\/03\/enf-2-amanda-carvalho-300x213.png\" data-large-file=\"https:\/\/blog.univicosa.com.br\/wp-content\/uploads\/2022\/03\/enf-2-amanda-carvalho-1024x727.png\" loading=\"lazy\" width=\"1024\" height=\"727\" src=\"https:\/\/blog.univicosa.com.br\/wp-content\/uploads\/2022\/03\/enf-2-amanda-carvalho-1024x727.png\" alt=\"\" class=\"wp-image-3265\" srcset=\"https:\/\/blog.univicosa.com.br\/wp-content\/uploads\/2022\/03\/enf-2-amanda-carvalho-1024x727.png 1024w, https:\/\/blog.univicosa.com.br\/wp-content\/uploads\/2022\/03\/enf-2-amanda-carvalho-300x213.png 300w, https:\/\/blog.univicosa.com.br\/wp-content\/uploads\/2022\/03\/enf-2-amanda-carvalho-768x545.png 768w, https:\/\/blog.univicosa.com.br\/wp-content\/uploads\/2022\/03\/enf-2-amanda-carvalho-850x603.png 850w, https:\/\/blog.univicosa.com.br\/wp-content\/uploads\/2022\/03\/enf-2-amanda-carvalho.png 1522w\" sizes=\"(max-width: 1024px) 100vw, 1024px\" \/><\/figure>\n\n\n\n<p>Amanda Carvalho \u00e9 Mestra em Gerenciamento e Administra\u00e7\u00e3o em Servi\u00e7os de Sa\u00fade e Enfermagem, docente de gradua\u00e7\u00e3o em Enfermagem pela Univap, al\u00e9m de ser professora do curso de P\u00f3s-Gradua\u00e7\u00e3o em Administra\u00e7\u00e3o Hospitalar na institui\u00e7\u00e3o. Treinadora da Cordis Treinamentos.<\/p>\n\n\n\n<p>Amanda ministra palestras sobre gest\u00e3o e enfermagem, em seu perfil na rede social, ela compartilha posts sobre a profiss\u00e3o, gerenciamento e desenvolvimento de l\u00edderes. <\/p>\n\n\n\n<p>Perfil: <a rel=\"noreferrer noopener\" href=\"https:\/\/www.linkedin.com\/in\/amandagfcarvalho\/\" target=\"_blank\">https:\/\/www.linkedin.com\/in\/amandagfcarvalho\/<\/a><\/p>\n\n\n\n<figure class=\"wp-block-image\"><a href=\"https:\/\/univicosa.apprbs.com.br\/blog\/\" target=\"_blank\" rel=\"noreferrer noopener\"><img data-attachment-id=\"2757\" data-permalink=\"https:\/\/blog.univicosa.com.br\/index.php\/2022\/01\/03\/saiba-tudo-sobre-o-curso-de-administracao\/receba-conteudos-univicosa-imagem-geral-blog\/\" data-orig-file=\"https:\/\/blog.univicosa.com.br\/wp-content\/uploads\/2022\/01\/RECEBA-CONTEUDOS-UNIVICOSA-imagem-geral-blog.png\" data-orig-size=\"675,50\" data-comments-opened=\"1\" data-image-meta=\"{&quot;aperture&quot;:&quot;0&quot;,&quot;credit&quot;:&quot;&quot;,&quot;camera&quot;:&quot;&quot;,&quot;caption&quot;:&quot;&quot;,&quot;created_timestamp&quot;:&quot;0&quot;,&quot;copyright&quot;:&quot;&quot;,&quot;focal_length&quot;:&quot;0&quot;,&quot;iso&quot;:&quot;0&quot;,&quot;shutter_speed&quot;:&quot;0&quot;,&quot;title&quot;:&quot;&quot;,&quot;orientation&quot;:&quot;0&quot;}\" data-image-title=\"RECEBA-CONTEUDOS-UNIVICOSA-imagem-geral-blog\" data-image-description=\"\" data-medium-file=\"https:\/\/blog.univicosa.com.br\/wp-content\/uploads\/2022\/01\/RECEBA-CONTEUDOS-UNIVICOSA-imagem-geral-blog-300x22.png\" data-large-file=\"https:\/\/blog.univicosa.com.br\/wp-content\/uploads\/2022\/01\/RECEBA-CONTEUDOS-UNIVICOSA-imagem-geral-blog.png\" loading=\"lazy\" width=\"675\" height=\"50\" src=\"https:\/\/blog.univicosa.com.br\/wp-content\/uploads\/2022\/01\/RECEBA-CONTEUDOS-UNIVICOSA-imagem-geral-blog.png\" alt=\"\" class=\"wp-image-2757\" srcset=\"https:\/\/blog.univicosa.com.br\/wp-content\/uploads\/2022\/01\/RECEBA-CONTEUDOS-UNIVICOSA-imagem-geral-blog.png 675w, https:\/\/blog.univicosa.com.br\/wp-content\/uploads\/2022\/01\/RECEBA-CONTEUDOS-UNIVICOSA-imagem-geral-blog-300x22.png 300w\" sizes=\"(max-width: 675px) 100vw, 675px\" \/><\/a><\/figure>\n\n\n\n<h3>Dener Bittencourt<\/h3>\n\n\n\n<figure class=\"wp-block-image size-large\"><img data-attachment-id=\"3266\" data-permalink=\"https:\/\/blog.univicosa.com.br\/index.php\/2022\/03\/21\/quero-ser-enfermeiro-quem-devo-seguir-no-linkedin\/enf-03-dener-bittencourt\/\" data-orig-file=\"https:\/\/blog.univicosa.com.br\/wp-content\/uploads\/2022\/03\/enf-03-dener-bittencourt.png\" data-orig-size=\"1522,1080\" data-comments-opened=\"1\" data-image-meta=\"{&quot;aperture&quot;:&quot;0&quot;,&quot;credit&quot;:&quot;&quot;,&quot;camera&quot;:&quot;&quot;,&quot;caption&quot;:&quot;&quot;,&quot;created_timestamp&quot;:&quot;0&quot;,&quot;copyright&quot;:&quot;&quot;,&quot;focal_length&quot;:&quot;0&quot;,&quot;iso&quot;:&quot;0&quot;,&quot;shutter_speed&quot;:&quot;0&quot;,&quot;title&quot;:&quot;&quot;,&quot;orientation&quot;:&quot;0&quot;}\" data-image-title=\"enf-03-dener-bittencourt\" data-image-description=\"\" data-medium-file=\"https:\/\/blog.univicosa.com.br\/wp-content\/uploads\/2022\/03\/enf-03-dener-bittencourt-300x213.png\" data-large-file=\"https:\/\/blog.univicosa.com.br\/wp-content\/uploads\/2022\/03\/enf-03-dener-bittencourt-1024x727.png\" loading=\"lazy\" width=\"1024\" height=\"727\" src=\"https:\/\/blog.univicosa.com.br\/wp-content\/uploads\/2022\/03\/enf-03-dener-bittencourt-1024x727.png\" alt=\"\" class=\"wp-image-3266\" srcset=\"https:\/\/blog.univicosa.com.br\/wp-content\/uploads\/2022\/03\/enf-03-dener-bittencourt-1024x727.png 1024w, https:\/\/blog.univicosa.com.br\/wp-content\/uploads\/2022\/03\/enf-03-dener-bittencourt-300x213.png 300w, https:\/\/blog.univicosa.com.br\/wp-content\/uploads\/2022\/03\/enf-03-dener-bittencourt-768x545.png 768w, https:\/\/blog.univicosa.com.br\/wp-content\/uploads\/2022\/03\/enf-03-dener-bittencourt-850x603.png 850w, https:\/\/blog.univicosa.com.br\/wp-content\/uploads\/2022\/03\/enf-03-dener-bittencourt.png 1522w\" sizes=\"(max-width: 1024px) 100vw, 1024px\" \/><\/figure>\n\n\n\n<p>Dener Bittencourt \u00e9 Enfermeiro, palestrante, Secret\u00e1rio da Comiss\u00e3o de \u00c9tica, fundador da Atendeclinic e eleito pela rede social um LinkedIn Topvoice. <\/p>\n\n\n\n<p>Formado em 2018, atua no Pronto Socorro Adulto de Barueri, nos setores de ortopedia, cl\u00ednica m\u00e9dica, psiquiatria, interna\u00e7\u00e3o e enfermaria. Secret\u00e1rio da Comiss\u00e3o de \u00c9tica na Santa Casa de Miseric\u00f3rdia de S\u00e3o Bernardo do Campo.<\/p>\n\n\n\n<p>No ano de 2020, foi premiado pela rede social com o t\u00edtulo de LinkedIn Topvoice Sa\u00fade 2020, por ser uma das 12 vozes mais influentes sobre informa\u00e7\u00f5es e publica\u00e7\u00f5es essenciais na luta contra a doen\u00e7a COVID-19.<\/p>\n\n\n\n<p>Dener \u00e9, tamb\u00e9m, microempres\u00e1rio da Atendeclinic 2020 &#8211; Enfermeiro prestador de servi\u00e7os, relacionados ao teste r\u00e1pido Covid 19, al\u00e9m de ser palestrante e Consultor nas \u00e1reas de sa\u00fade e bem estar, geriatria e procedimento com pacientes ostomizados.<\/p>\n\n\n\n<p>Perfil: <a rel=\"noreferrer noopener\" href=\"https:\/\/www.linkedin.com\/in\/dener-bittencourt-67b525146\/\" target=\"_blank\">https:\/\/www.linkedin.com\/in\/dener-bittencourt-67b525146\/<\/a><\/p>\n\n\n\n<h3>Bruna Bueno <\/h3>\n\n\n\n<figure class=\"wp-block-image size-large\"><img data-attachment-id=\"3267\" data-permalink=\"https:\/\/blog.univicosa.com.br\/index.php\/2022\/03\/21\/quero-ser-enfermeiro-quem-devo-seguir-no-linkedin\/enf-04-bruna-bueno\/\" data-orig-file=\"https:\/\/blog.univicosa.com.br\/wp-content\/uploads\/2022\/03\/enf-04-Bruna-Bueno.png\" data-orig-size=\"1522,1080\" data-comments-opened=\"1\" data-image-meta=\"{&quot;aperture&quot;:&quot;0&quot;,&quot;credit&quot;:&quot;&quot;,&quot;camera&quot;:&quot;&quot;,&quot;caption&quot;:&quot;&quot;,&quot;created_timestamp&quot;:&quot;0&quot;,&quot;copyright&quot;:&quot;&quot;,&quot;focal_length&quot;:&quot;0&quot;,&quot;iso&quot;:&quot;0&quot;,&quot;shutter_speed&quot;:&quot;0&quot;,&quot;title&quot;:&quot;&quot;,&quot;orientation&quot;:&quot;0&quot;}\" data-image-title=\"enf-04-Bruna-Bueno\" data-image-description=\"\" data-medium-file=\"https:\/\/blog.univicosa.com.br\/wp-content\/uploads\/2022\/03\/enf-04-Bruna-Bueno-300x213.png\" data-large-file=\"https:\/\/blog.univicosa.com.br\/wp-content\/uploads\/2022\/03\/enf-04-Bruna-Bueno-1024x727.png\" loading=\"lazy\" width=\"1024\" height=\"727\" src=\"https:\/\/blog.univicosa.com.br\/wp-content\/uploads\/2022\/03\/enf-04-Bruna-Bueno-1024x727.png\" alt=\"\" class=\"wp-image-3267\" srcset=\"https:\/\/blog.univicosa.com.br\/wp-content\/uploads\/2022\/03\/enf-04-Bruna-Bueno-1024x727.png 1024w, https:\/\/blog.univicosa.com.br\/wp-content\/uploads\/2022\/03\/enf-04-Bruna-Bueno-300x213.png 300w, https:\/\/blog.univicosa.com.br\/wp-content\/uploads\/2022\/03\/enf-04-Bruna-Bueno-768x545.png 768w, https:\/\/blog.univicosa.com.br\/wp-content\/uploads\/2022\/03\/enf-04-Bruna-Bueno-850x603.png 850w, https:\/\/blog.univicosa.com.br\/wp-content\/uploads\/2022\/03\/enf-04-Bruna-Bueno.png 1522w\" sizes=\"(max-width: 1024px) 100vw, 1024px\" \/><\/figure>\n\n\n\n<p>Bruna Bueno \u00e9 Enfermeira, em sua rede social, compartilha textos e experi\u00eancias referentes \u00e0 Gest\u00e3o de credenciamento, Neg\u00f3cios em Sa\u00fade, Auditoria em Sa\u00fade, Referenciamento e OPME.<\/p>\n\n\n\n<p>\u00c9 formada em Enfermagem. P\u00f3s-graduada em Gest\u00e3o em Sa\u00fade e Auditoria em Sa\u00fade. Na \u00e1rea de desenvolvimento humano, possui forma\u00e7\u00e3o em Professional Self Coaching, Executive Business Coaching &#8211; Instituto Brasileiro de Coaching (IBC), Forma\u00e7\u00e3o em Analista Comportamental &#8211; DISC (IBC), P\u00f3s-Graduada em Psicologia Positiva e Psican\u00e1lise Cognitiva Comportamental. Membership in the International Code Council e Copywriting para Curr\u00edculo Persuasivo. <\/p>\n\n\n\n<p>Perfil: <a rel=\"noreferrer noopener\" href=\"https:\/\/www.linkedin.com\/in\/brunabuenooficial\/?originalSubdomain=br\" target=\"_blank\" data-type=\"URL\" data-id=\"https:\/\/www.linkedin.com\/in\/brunabuenooficial\/?originalSubdomain=br\">https:\/\/www.linkedin.com\/in\/brunabuenooficial\/<\/a><\/p>\n\n\n\n<figure class=\"wp-block-image\"><a href=\"https:\/\/univicosa.apprbs.com.br\/blog\/\" target=\"_blank\" rel=\"noreferrer noopener\"><img data-attachment-id=\"2757\" data-permalink=\"https:\/\/blog.univicosa.com.br\/index.php\/2022\/01\/03\/saiba-tudo-sobre-o-curso-de-administracao\/receba-conteudos-univicosa-imagem-geral-blog\/\" data-orig-file=\"https:\/\/blog.univicosa.com.br\/wp-content\/uploads\/2022\/01\/RECEBA-CONTEUDOS-UNIVICOSA-imagem-geral-blog.png\" data-orig-size=\"675,50\" data-comments-opened=\"1\" data-image-meta=\"{&quot;aperture&quot;:&quot;0&quot;,&quot;credit&quot;:&quot;&quot;,&quot;camera&quot;:&quot;&quot;,&quot;caption&quot;:&quot;&quot;,&quot;created_timestamp&quot;:&quot;0&quot;,&quot;copyright&quot;:&quot;&quot;,&quot;focal_length&quot;:&quot;0&quot;,&quot;iso&quot;:&quot;0&quot;,&quot;shutter_speed&quot;:&quot;0&quot;,&quot;title&quot;:&quot;&quot;,&quot;orientation&quot;:&quot;0&quot;}\" data-image-title=\"RECEBA-CONTEUDOS-UNIVICOSA-imagem-geral-blog\" data-image-description=\"\" data-medium-file=\"https:\/\/blog.univicosa.com.br\/wp-content\/uploads\/2022\/01\/RECEBA-CONTEUDOS-UNIVICOSA-imagem-geral-blog-300x22.png\" data-large-file=\"https:\/\/blog.univicosa.com.br\/wp-content\/uploads\/2022\/01\/RECEBA-CONTEUDOS-UNIVICOSA-imagem-geral-blog.png\" loading=\"lazy\" width=\"675\" height=\"50\" src=\"https:\/\/blog.univicosa.com.br\/wp-content\/uploads\/2022\/01\/RECEBA-CONTEUDOS-UNIVICOSA-imagem-geral-blog.png\" alt=\"\" class=\"wp-image-2757\" srcset=\"https:\/\/blog.univicosa.com.br\/wp-content\/uploads\/2022\/01\/RECEBA-CONTEUDOS-UNIVICOSA-imagem-geral-blog.png 675w, https:\/\/blog.univicosa.com.br\/wp-content\/uploads\/2022\/01\/RECEBA-CONTEUDOS-UNIVICOSA-imagem-geral-blog-300x22.png 300w\" sizes=\"(max-width: 675px) 100vw, 675px\" \/><\/a><\/figure>\n\n\n\n<h3>Eloisio Cota<\/h3>\n\n\n\n<figure class=\"wp-block-image size-large\"><img data-attachment-id=\"3268\" data-permalink=\"https:\/\/blog.univicosa.com.br\/index.php\/2022\/03\/21\/quero-ser-enfermeiro-quem-devo-seguir-no-linkedin\/enf-05-eloisio-cota\/\" data-orig-file=\"https:\/\/blog.univicosa.com.br\/wp-content\/uploads\/2022\/03\/enf-05-eloisio-cota.png\" data-orig-size=\"1522,1080\" data-comments-opened=\"1\" data-image-meta=\"{&quot;aperture&quot;:&quot;0&quot;,&quot;credit&quot;:&quot;&quot;,&quot;camera&quot;:&quot;&quot;,&quot;caption&quot;:&quot;&quot;,&quot;created_timestamp&quot;:&quot;0&quot;,&quot;copyright&quot;:&quot;&quot;,&quot;focal_length&quot;:&quot;0&quot;,&quot;iso&quot;:&quot;0&quot;,&quot;shutter_speed&quot;:&quot;0&quot;,&quot;title&quot;:&quot;&quot;,&quot;orientation&quot;:&quot;0&quot;}\" data-image-title=\"enf-05-eloisio-cota\" data-image-description=\"\" data-medium-file=\"https:\/\/blog.univicosa.com.br\/wp-content\/uploads\/2022\/03\/enf-05-eloisio-cota-300x213.png\" data-large-file=\"https:\/\/blog.univicosa.com.br\/wp-content\/uploads\/2022\/03\/enf-05-eloisio-cota-1024x727.png\" loading=\"lazy\" width=\"1024\" height=\"727\" src=\"https:\/\/blog.univicosa.com.br\/wp-content\/uploads\/2022\/03\/enf-05-eloisio-cota-1024x727.png\" alt=\"\" class=\"wp-image-3268\" srcset=\"https:\/\/blog.univicosa.com.br\/wp-content\/uploads\/2022\/03\/enf-05-eloisio-cota-1024x727.png 1024w, https:\/\/blog.univicosa.com.br\/wp-content\/uploads\/2022\/03\/enf-05-eloisio-cota-300x213.png 300w, https:\/\/blog.univicosa.com.br\/wp-content\/uploads\/2022\/03\/enf-05-eloisio-cota-768x545.png 768w, https:\/\/blog.univicosa.com.br\/wp-content\/uploads\/2022\/03\/enf-05-eloisio-cota-850x603.png 850w, https:\/\/blog.univicosa.com.br\/wp-content\/uploads\/2022\/03\/enf-05-eloisio-cota.png 1522w\" sizes=\"(max-width: 1024px) 100vw, 1024px\" \/><\/figure>\n\n\n\n<p>Eloisio Cota \u00e9 graduado em Enfermagem pelo Centro Universit\u00e1rio de Vi\u00e7osa &#8211; UNIVI\u00c7OSA, com especializa\u00e7\u00e3o em Enfermagem do Trabalho, Enfermeiro de Sa\u00fade Ocupacional, Coordena\u00e7\u00e3o de Enfermagem, Supervis\u00e3o de Enfermagem, Enfermeiro da Qualidade, Seguran\u00e7a do Paciente e Professor de Enfermagem. Atualmente, Eloisio est\u00e1 cursando mestrado em Comunica\u00e7\u00e3o e Ci\u00eancias Sociais aplicadas pela Universidade Federal de Ouro Preto &#8211; UFOP. <\/p>\n\n\n\n<p>Perfil: <a rel=\"noreferrer noopener\" href=\"https:\/\/www.linkedin.com\/in\/eloisiohenriquecotasouza\/\" target=\"_blank\">https:\/\/www.linkedin.com\/in\/eloisiohenriquecotasouza\/ <\/a><\/p>\n\n\n\n<p>Claro que existem muitos outros\u00a0<strong>profissionais da Enfermagem <\/strong>que est\u00e3o no\u00a0<strong>LinkedIn<\/strong>, mas n\u00e3o entraram neste post. Quer indicar algu\u00e9m? Deixa nos coment\u00e1rios! Vamos adorar ler. N\u00e3o deixe de explorar todo o potencial que essa rede social pode lhe oferecer!<\/p>\n\n\n\n<p>Ah! E se voc\u00ea quer se tornar um enfermeiro, n\u00e3o pode deixar de conferir tudo que o Curso de Enfermagem da UNIVI\u00c7OSA tem para te oferecer.\u00a0<a rel=\"noreferrer noopener\" href=\"https:\/\/www.univicosa.com.br\/graduacao\/cursos\/enfermagem\" target=\"_blank\" data-type=\"URL\" data-id=\"https:\/\/www.univicosa.com.br\/graduacao\/cursos\/enfermagem\">Clica aqui<\/a> e venha conhecer nosso site! Voc\u00ea tamb\u00e9m pode aprender mais com outros posts relacionados a seguir!<\/p>\n\n\n\n<p><a rel=\"noreferrer noopener\" href=\"https:\/\/www.univicosa.com.br\/graduacao\/cursos\/enfermagem\" target=\"_blank\">Curtiu e quer saber mais sobre o curso de\u00a0<strong>Enfermagem\u00a0<\/strong>da\u00a0<strong>UNIVI\u00c7OSA<\/strong>? Ent\u00e3o acesse o site da Univi\u00e7osa, clique aqui!<\/a><\/p>\n\n\n\n<p><a href=\"https:\/\/blog.univicosa.com.br\/index.php\/2022\/03\/10\/voce-sabia-que-as-clinicas-e-os-consultorios-de-enfermagem-sao-oportunidades-para-o-enfermeiro-empreendedor\/\">Voc\u00ea sabia que as cl\u00ednicas e os consult\u00f3rios de enfermagem s\u00e3o oportunidades para o enfermeiro empreendedor?<\/a><\/p>\n\n\n\n<p><a href=\"https:\/\/blog.univicosa.com.br\/index.php\/2022\/03\/09\/o-perfil-do-profissional-de-enfermagem\/\">O perfil do profissional de Enfermagem<\/a><\/p>\n\n\n\n<p><a rel=\"noreferrer noopener\" href=\"https:\/\/blog.univicosa.com.br\/index.php\/2020\/08\/03\/alunas-de-enfermagem-da-univicosa-foram-convocadas-para-atuar-no-enfrentamento-da-covid-19-por-meio-do-programa-brasil-conta-comigo\/\" target=\"_blank\">Alunas de Enfermagem da Univi\u00e7osa foram convocadas para atuar no enfrentamento da COVID-19 por meio do Programa \u201cBrasil Conta Comigo\u201d<\/a><\/p>\n\n\n\n<p><a rel=\"noreferrer noopener\" href=\"https:\/\/blog.univicosa.com.br\/index.php\/2021\/11\/19\/saude-da-populacao-negra-no-brasil-mes-da-consciencia-negra\/\" target=\"_blank\">Sa\u00fade da popula\u00e7\u00e3o negra no Brasil \u2013 M\u00eas da consci\u00eancia negra!<\/a><\/p>\n\n\n\n<p><a rel=\"noreferrer noopener\" href=\"https:\/\/blog.univicosa.com.br\/index.php\/2021\/09\/13\/pesquisa-sobre-mercado-de-trabalho-regional-saiba-quais-sao-os-cursos-superiores-que-estao-em-alta\/\" target=\"_blank\">Pesquisa sobre mercado de trabalho regional: saiba quais s\u00e3o os cursos superiores que est\u00e3o em alta<\/a><\/p>\n\n\n\n<p><a rel=\"noreferrer noopener\" href=\"https:\/\/blog.univicosa.com.br\/index.php\/2021\/09\/11\/tudo-o-que-voce-precisa-saber-para-ingressar-em-um-curso-superior\/\" target=\"_blank\">Tudo o que voc\u00ea precisa saber para ingressar em um curso superior<\/a><\/p>\n\n\n\n<p><a rel=\"noreferrer noopener\" href=\"https:\/\/blog.univicosa.com.br\/index.php\/2021\/04\/19\/como-dividir-a-mesma-casa-com-alguem-que-esta-contaminado-com-o-coronavirus\/\" target=\"_blank\">COMO DIVIDIR A MESMA CASA COM ALGU\u00c9M QUE EST\u00c1 CONTAMINADO COM O CORONAV\u00cdRUS<\/a>!<\/p>\n\n\n\n<p><a rel=\"noreferrer noopener\" href=\"https:\/\/blog.univicosa.com.br\/index.php\/2020\/11\/18\/saude-do-homem-preconceito-e-nao-se-cuidar\/\" target=\"_blank\">Sa\u00fade do homem, preconceito \u00e9 n\u00e3o se cuidar!<\/a><\/p>\n\n\n\n<p><a rel=\"noreferrer noopener\" href=\"https:\/\/blog.univicosa.com.br\/index.php\/2020\/04\/20\/uso-de-mascaras-erros-comuns-ao-maneja-las\/\" target=\"_blank\">Uso de m\u00e1scaras: erros comuns ao manej\u00e1-las<\/a><\/p>\n\n\n\n<p><a rel=\"noreferrer noopener\" href=\"https:\/\/blog.univicosa.com.br\/index.php\/2020\/04\/13\/coronavirus-as-criancas-tambem-precisam-saber\/\" target=\"_blank\">Coronav\u00edrus: as crian\u00e7as tamb\u00e9m precisam saber<\/a> <\/p>\n","protected":false},"excerpt":{"rendered":"<p>O LinkedIn \u00e9 a maior rede social para profissionais no mundo, sendo essencial para divulgar o seu curr\u00edculo, se manter pr\u00f3ximo de contatos profissionais, al\u00e9m de produzir e acompanhar conte\u00fados relevantes e interessantes, sempre voltados ao mercado de trabalho ou experi\u00eancias profissionais de sucesso. O linkedIn tamb\u00e9m \u00e9 muito \u00fatil para empresas que buscam por&#8230;<\/p>\n","protected":false},"author":2,"featured_media":3269,"comment_status":"open","ping_status":"open","sticky":false,"template":"","format":"standard","meta":{"spay_email":""},"categories":[40,16],"tags":[409,970,1304,108,1303,71,1301,1302,384,92,1300,96,93],"jetpack_featured_media_url":"https:\/\/blog.univicosa.com.br\/wp-content\/uploads\/2022\/03\/linkedin-quem-seguir-a.png","jetpack_shortlink":"https:\/\/wp.me\/pbcCKk-QD","_links":{"self":[{"href":"https:\/\/blog.univicosa.com.br\/index.php\/wp-json\/wp\/v2\/posts\/3263"}],"collection":[{"href":"https:\/\/blog.univicosa.com.br\/index.php\/wp-json\/wp\/v2\/posts"}],"about":[{"href":"https:\/\/blog.univicosa.com.br\/index.php\/wp-json\/wp\/v2\/types\/post"}],"author":[{"embeddable":true,"href":"https:\/\/blog.univicosa.com.br\/index.php\/wp-json\/wp\/v2\/users\/2"}],"replies":[{"embeddable":true,"href":"https:\/\/blog.univicosa.com.br\/index.php\/wp-json\/wp\/v2\/comments?post=3263"}],"version-history":[{"count":1,"href":"https:\/\/blog.univicosa.com.br\/index.php\/wp-json\/wp\/v2\/posts\/3263\/revisions"}],"predecessor-version":[{"id":3270,"href":"https:\/\/blog.univicosa.com.br\/index.php\/wp-json\/wp\/v2\/posts\/3263\/revisions\/3270"}],"wp:featuredmedia":[{"embeddable":true,"href":"https:\/\/blog.univicosa.com.br\/index.php\/wp-json\/wp\/v2\/media\/3269"}],"wp:attachment":[{"href":"https:\/\/blog.univicosa.com.br\/index.php\/wp-json\/wp\/v2\/media?parent=3263"}],"wp:term":[{"taxonomy":"category","embeddable":true,"href":"https:\/\/blog.univicosa.com.br\/index.php\/wp-json\/wp\/v2\/categories?post=3263"},{"taxonomy":"post_tag","embeddable":true,"href":"https:\/\/blog.univicosa.com.br\/index.php\/wp-json\/wp\/v2\/tags?post=3263"}],"curies":[{"name":"wp","href":"https:\/\/api.w.org\/{rel}","templated":true}]}}