{"id":3192,"date":"2022-03-15T21:14:18","date_gmt":"2022-03-16T00:14:18","guid":{"rendered":"https:\/\/blog.univicosa.com.br\/?p=3192"},"modified":"2022-05-20T11:10:19","modified_gmt":"2022-05-20T14:10:19","slug":"o-desafio-do-habitar","status":"publish","type":"post","link":"https:\/\/blog.univicosa.com.br\/index.php\/2022\/03\/15\/o-desafio-do-habitar\/","title":{"rendered":"O desafio do Habitar"},"content":{"rendered":"\n<figure class=\"wp-block-image size-large\"><img data-attachment-id=\"3201\" data-permalink=\"https:\/\/blog.univicosa.com.br\/index.php\/2022\/03\/15\/o-desafio-do-habitar\/gestwerwr\/\" data-orig-file=\"https:\/\/blog.univicosa.com.br\/wp-content\/uploads\/2022\/03\/gestwerwr.jpg\" data-orig-size=\"1086,652\" data-comments-opened=\"1\" data-image-meta=\"{&quot;aperture&quot;:&quot;0&quot;,&quot;credit&quot;:&quot;&quot;,&quot;camera&quot;:&quot;&quot;,&quot;caption&quot;:&quot;&quot;,&quot;created_timestamp&quot;:&quot;0&quot;,&quot;copyright&quot;:&quot;&quot;,&quot;focal_length&quot;:&quot;0&quot;,&quot;iso&quot;:&quot;0&quot;,&quot;shutter_speed&quot;:&quot;0&quot;,&quot;title&quot;:&quot;&quot;,&quot;orientation&quot;:&quot;1&quot;}\" data-image-title=\"gestwerwr\" data-image-description=\"\" data-medium-file=\"https:\/\/blog.univicosa.com.br\/wp-content\/uploads\/2022\/03\/gestwerwr-300x180.jpg\" data-large-file=\"https:\/\/blog.univicosa.com.br\/wp-content\/uploads\/2022\/03\/gestwerwr-1024x615.jpg\" loading=\"lazy\" width=\"1024\" height=\"615\" src=\"https:\/\/blog.univicosa.com.br\/wp-content\/uploads\/2022\/03\/gestwerwr-1024x615.jpg\" alt=\"\" class=\"wp-image-3201\" srcset=\"https:\/\/blog.univicosa.com.br\/wp-content\/uploads\/2022\/03\/gestwerwr-1024x615.jpg 1024w, https:\/\/blog.univicosa.com.br\/wp-content\/uploads\/2022\/03\/gestwerwr-300x180.jpg 300w, https:\/\/blog.univicosa.com.br\/wp-content\/uploads\/2022\/03\/gestwerwr-768x461.jpg 768w, https:\/\/blog.univicosa.com.br\/wp-content\/uploads\/2022\/03\/gestwerwr-850x510.jpg 850w, https:\/\/blog.univicosa.com.br\/wp-content\/uploads\/2022\/03\/gestwerwr.jpg 1086w\" sizes=\"(max-width: 1024px) 100vw, 1024px\" \/><\/figure>\n\n\n\n<p><em>* Por Maressa Fonseca e Liz Valente.<\/em><\/p>\n\n\n\n<p>As reflex\u00f5es sobre o habitar constantemente permeiam o campo da Arquitetura, tanto nos estudos sobre o tema quanto na pr\u00e1tica projetual.&nbsp; Projetar uma habita\u00e7\u00e3o \u00e9 investigar as diversas possibilidades da vida humana. \u00c9 lidar com anseios, desejos, sonhos e necessidades de pessoas em constante muta\u00e7\u00e3o. A casa \u00e9 uma manifesta\u00e7\u00e3o dos anseios do homem, seu ponto de refer\u00eancia e de seguran\u00e7a, seu lugar confi\u00e1vel para sonhar.<\/p>\n\n\n\n<p>Ao longo da hist\u00f3ria, os arquitetos estiveram comprometidos com este desafio de projetar o local para o homem habitar. Diversos projetos representam hip\u00f3teses interessantes e inovadoras sobre esse processo. \u00c9 o caso do projeto da Casa NA, realizado pelo arquiteto Sou Fujimoto, no Jap\u00e3o.<\/p>\n\n\n\n<figure class=\"wp-block-image size-large\"><img data-attachment-id=\"3193\" data-permalink=\"https:\/\/blog.univicosa.com.br\/index.php\/2022\/03\/15\/o-desafio-do-habitar\/arq-blog-01\/\" data-orig-file=\"https:\/\/blog.univicosa.com.br\/wp-content\/uploads\/2022\/03\/arq-blog-01.jpg\" data-orig-size=\"528,352\" data-comments-opened=\"1\" data-image-meta=\"{&quot;aperture&quot;:&quot;0&quot;,&quot;credit&quot;:&quot;&quot;,&quot;camera&quot;:&quot;&quot;,&quot;caption&quot;:&quot;&quot;,&quot;created_timestamp&quot;:&quot;0&quot;,&quot;copyright&quot;:&quot;&quot;,&quot;focal_length&quot;:&quot;0&quot;,&quot;iso&quot;:&quot;0&quot;,&quot;shutter_speed&quot;:&quot;0&quot;,&quot;title&quot;:&quot;&quot;,&quot;orientation&quot;:&quot;0&quot;}\" data-image-title=\"arq-blog-01\" data-image-description=\"\" data-medium-file=\"https:\/\/blog.univicosa.com.br\/wp-content\/uploads\/2022\/03\/arq-blog-01-300x200.jpg\" data-large-file=\"https:\/\/blog.univicosa.com.br\/wp-content\/uploads\/2022\/03\/arq-blog-01.jpg\" loading=\"lazy\" width=\"528\" height=\"352\" src=\"https:\/\/blog.univicosa.com.br\/wp-content\/uploads\/2022\/03\/arq-blog-01.jpg\" alt=\"\" class=\"wp-image-3193\" srcset=\"https:\/\/blog.univicosa.com.br\/wp-content\/uploads\/2022\/03\/arq-blog-01.jpg 528w, https:\/\/blog.univicosa.com.br\/wp-content\/uploads\/2022\/03\/arq-blog-01-300x200.jpg 300w\" sizes=\"(max-width: 528px) 100vw, 528px\" \/><figcaption><em>Vista externa da Casa NA. Fonte: Archdaily.<\/em><\/figcaption><\/figure>\n\n\n\n<p>A casa transparente de 85 metros quadrados contrasta com as edifica\u00e7\u00f5es densas do entorno. Associado ao conceito de viver dentro de uma \u00e1rvore, o espa\u00e7o interior \u00e9 composto por 21 placas individuais, situadas em v\u00e1rias alturas, que satisfazem o desejo de um cliente que quer viver como n\u00f4made em sua pr\u00f3pria casa.<\/p>\n\n\n\n<figure class=\"wp-block-image size-large is-resized\"><img data-attachment-id=\"3194\" data-permalink=\"https:\/\/blog.univicosa.com.br\/index.php\/2022\/03\/15\/o-desafio-do-habitar\/arq-blog-02\/\" data-orig-file=\"https:\/\/blog.univicosa.com.br\/wp-content\/uploads\/2022\/03\/arq-blog-02.jpg\" data-orig-size=\"528,623\" data-comments-opened=\"1\" data-image-meta=\"{&quot;aperture&quot;:&quot;0&quot;,&quot;credit&quot;:&quot;&quot;,&quot;camera&quot;:&quot;&quot;,&quot;caption&quot;:&quot;&quot;,&quot;created_timestamp&quot;:&quot;0&quot;,&quot;copyright&quot;:&quot;&quot;,&quot;focal_length&quot;:&quot;0&quot;,&quot;iso&quot;:&quot;0&quot;,&quot;shutter_speed&quot;:&quot;0&quot;,&quot;title&quot;:&quot;&quot;,&quot;orientation&quot;:&quot;0&quot;}\" data-image-title=\"arq-blog-02\" data-image-description=\"\" data-medium-file=\"https:\/\/blog.univicosa.com.br\/wp-content\/uploads\/2022\/03\/arq-blog-02-254x300.jpg\" data-large-file=\"https:\/\/blog.univicosa.com.br\/wp-content\/uploads\/2022\/03\/arq-blog-02.jpg\" loading=\"lazy\" src=\"https:\/\/blog.univicosa.com.br\/wp-content\/uploads\/2022\/03\/arq-blog-02.jpg\" alt=\"\" class=\"wp-image-3194\" width=\"460\" height=\"543\" srcset=\"https:\/\/blog.univicosa.com.br\/wp-content\/uploads\/2022\/03\/arq-blog-02.jpg 528w, https:\/\/blog.univicosa.com.br\/wp-content\/uploads\/2022\/03\/arq-blog-02-254x300.jpg 254w, https:\/\/blog.univicosa.com.br\/wp-content\/uploads\/2022\/03\/arq-blog-02-300x354.jpg 300w\" sizes=\"(max-width: 460px) 100vw, 460px\" \/><figcaption><em>Diagrama conceitual da Casa NA. Fonte: Archdaily.<\/em><\/figcaption><\/figure>\n\n\n\n<figure class=\"wp-block-image\"><a href=\"https:\/\/univicosa.apprbs.com.br\/blog\/\" target=\"_blank\" rel=\"noreferrer noopener\"><img data-attachment-id=\"2757\" data-permalink=\"https:\/\/blog.univicosa.com.br\/index.php\/2022\/01\/03\/saiba-tudo-sobre-o-curso-de-administracao\/receba-conteudos-univicosa-imagem-geral-blog\/\" data-orig-file=\"https:\/\/blog.univicosa.com.br\/wp-content\/uploads\/2022\/01\/RECEBA-CONTEUDOS-UNIVICOSA-imagem-geral-blog.png\" data-orig-size=\"675,50\" data-comments-opened=\"1\" data-image-meta=\"{&quot;aperture&quot;:&quot;0&quot;,&quot;credit&quot;:&quot;&quot;,&quot;camera&quot;:&quot;&quot;,&quot;caption&quot;:&quot;&quot;,&quot;created_timestamp&quot;:&quot;0&quot;,&quot;copyright&quot;:&quot;&quot;,&quot;focal_length&quot;:&quot;0&quot;,&quot;iso&quot;:&quot;0&quot;,&quot;shutter_speed&quot;:&quot;0&quot;,&quot;title&quot;:&quot;&quot;,&quot;orientation&quot;:&quot;0&quot;}\" data-image-title=\"RECEBA-CONTEUDOS-UNIVICOSA-imagem-geral-blog\" data-image-description=\"\" data-medium-file=\"https:\/\/blog.univicosa.com.br\/wp-content\/uploads\/2022\/01\/RECEBA-CONTEUDOS-UNIVICOSA-imagem-geral-blog-300x22.png\" data-large-file=\"https:\/\/blog.univicosa.com.br\/wp-content\/uploads\/2022\/01\/RECEBA-CONTEUDOS-UNIVICOSA-imagem-geral-blog.png\" loading=\"lazy\" width=\"675\" height=\"50\" src=\"https:\/\/blog.univicosa.com.br\/wp-content\/uploads\/2022\/01\/RECEBA-CONTEUDOS-UNIVICOSA-imagem-geral-blog.png\" alt=\"\" class=\"wp-image-2757\" srcset=\"https:\/\/blog.univicosa.com.br\/wp-content\/uploads\/2022\/01\/RECEBA-CONTEUDOS-UNIVICOSA-imagem-geral-blog.png 675w, https:\/\/blog.univicosa.com.br\/wp-content\/uploads\/2022\/01\/RECEBA-CONTEUDOS-UNIVICOSA-imagem-geral-blog-300x22.png 300w\" sizes=\"(max-width: 675px) 100vw, 675px\" \/><\/a><\/figure>\n\n\n\n<p>O arquiteto japon\u00eas Sou Fujimoto, afirmou o seguinte sobre o conceito deste projeto: \u201cO ponto intrigante de uma \u00e1rvore \u00e9 que esses lugares n\u00e3o s\u00e3o hermeticamente isolados, mas conectados uns aos outros em sua relatividade \u00fanica. Ouvir a voz de algu\u00e9m de cima para baixo, pular para outro galho e conversar entre ramos diferentes. Esses s\u00e3o alguns dos momentos de riqueza encontrados em uma vida espacialmente densa\u201d.<\/p>\n\n\n\n<figure class=\"wp-block-image size-large\"><img data-attachment-id=\"3195\" data-permalink=\"https:\/\/blog.univicosa.com.br\/index.php\/2022\/03\/15\/o-desafio-do-habitar\/arq-blog-03\/\" data-orig-file=\"https:\/\/blog.univicosa.com.br\/wp-content\/uploads\/2022\/03\/arq-blog-03.jpg\" data-orig-size=\"528,352\" data-comments-opened=\"1\" data-image-meta=\"{&quot;aperture&quot;:&quot;0&quot;,&quot;credit&quot;:&quot;&quot;,&quot;camera&quot;:&quot;&quot;,&quot;caption&quot;:&quot;&quot;,&quot;created_timestamp&quot;:&quot;0&quot;,&quot;copyright&quot;:&quot;&quot;,&quot;focal_length&quot;:&quot;0&quot;,&quot;iso&quot;:&quot;0&quot;,&quot;shutter_speed&quot;:&quot;0&quot;,&quot;title&quot;:&quot;&quot;,&quot;orientation&quot;:&quot;0&quot;}\" data-image-title=\"arq-blog-03\" data-image-description=\"\" data-medium-file=\"https:\/\/blog.univicosa.com.br\/wp-content\/uploads\/2022\/03\/arq-blog-03-300x200.jpg\" data-large-file=\"https:\/\/blog.univicosa.com.br\/wp-content\/uploads\/2022\/03\/arq-blog-03.jpg\" loading=\"lazy\" width=\"528\" height=\"352\" src=\"https:\/\/blog.univicosa.com.br\/wp-content\/uploads\/2022\/03\/arq-blog-03.jpg\" alt=\"\" class=\"wp-image-3195\" srcset=\"https:\/\/blog.univicosa.com.br\/wp-content\/uploads\/2022\/03\/arq-blog-03.jpg 528w, https:\/\/blog.univicosa.com.br\/wp-content\/uploads\/2022\/03\/arq-blog-03-300x200.jpg 300w\" sizes=\"(max-width: 528px) 100vw, 528px\" \/><figcaption><em>Interior da Casa NA. Fonte: Archdaily.<\/em><\/figcaption><\/figure>\n\n\n\n<figure class=\"wp-block-image size-large is-resized\"><img data-attachment-id=\"3196\" data-permalink=\"https:\/\/blog.univicosa.com.br\/index.php\/2022\/03\/15\/o-desafio-do-habitar\/arq-blog-04\/\" data-orig-file=\"https:\/\/blog.univicosa.com.br\/wp-content\/uploads\/2022\/03\/arq-blog-04.jpg\" data-orig-size=\"690,460\" data-comments-opened=\"1\" data-image-meta=\"{&quot;aperture&quot;:&quot;0&quot;,&quot;credit&quot;:&quot;&quot;,&quot;camera&quot;:&quot;&quot;,&quot;caption&quot;:&quot;&quot;,&quot;created_timestamp&quot;:&quot;0&quot;,&quot;copyright&quot;:&quot;&quot;,&quot;focal_length&quot;:&quot;0&quot;,&quot;iso&quot;:&quot;0&quot;,&quot;shutter_speed&quot;:&quot;0&quot;,&quot;title&quot;:&quot;&quot;,&quot;orientation&quot;:&quot;0&quot;}\" data-image-title=\"arq-blog-04\" data-image-description=\"\" data-medium-file=\"https:\/\/blog.univicosa.com.br\/wp-content\/uploads\/2022\/03\/arq-blog-04-300x200.jpg\" data-large-file=\"https:\/\/blog.univicosa.com.br\/wp-content\/uploads\/2022\/03\/arq-blog-04.jpg\" loading=\"lazy\" src=\"https:\/\/blog.univicosa.com.br\/wp-content\/uploads\/2022\/03\/arq-blog-04.jpg\" alt=\"\" class=\"wp-image-3196\" width=\"528\" height=\"351\" srcset=\"https:\/\/blog.univicosa.com.br\/wp-content\/uploads\/2022\/03\/arq-blog-04.jpg 690w, https:\/\/blog.univicosa.com.br\/wp-content\/uploads\/2022\/03\/arq-blog-04-300x200.jpg 300w\" sizes=\"(max-width: 528px) 100vw, 528px\" \/><figcaption><em>Interior da Casa NA. Fonte: Archdaily.<\/em><\/figcaption><\/figure>\n\n\n\n<p>O projeto da Casa NA pode ser considerado como uma provoca\u00e7\u00e3o e um desafio sobre o processo de habitar, uma vez que rompe com concep\u00e7\u00f5es tradicionais e com o senso comum acerca de como uma resid\u00eancia deveria se organizar e como ela poderia parecer.<\/p>\n\n\n\n<p>No curso de Arquitetura e Urbanismo da Univi\u00e7osa, os estudantes tamb\u00e9m s\u00e3o desafiados a romper com o senso comum ao refletir sobre a habita\u00e7\u00e3o.&nbsp; \u00c9 nesse sentido que propomos o Desafio Casa Cubo como primeiro exerc\u00edcio projetual a ser realizado pelos alunos matriculados na disciplina ARQ 115 &#8211; Projeto Arquitet\u00f4nico 1.<\/p>\n\n\n\n<p>Neste desafio, os estudantes desenvolveram a ideia conceitual de uma edifica\u00e7\u00e3o cujos limites m\u00e1ximos deveriam estar dentro da dimens\u00e3o de um cubo de 8m x 8m x 8m. Alguns resultados deste desafio podem ser observados atrav\u00e9s das maquetes feitas pelos estudantes, que demonstram a variedade de abordagens e significados que os mesmos atribu\u00edram o sentido do habitar.<\/p>\n\n\n\n<figure class=\"wp-block-image size-large\"><img data-attachment-id=\"3197\" data-permalink=\"https:\/\/blog.univicosa.com.br\/index.php\/2022\/03\/15\/o-desafio-do-habitar\/arq-blog-05\/\" data-orig-file=\"https:\/\/blog.univicosa.com.br\/wp-content\/uploads\/2022\/03\/arq-blog-05.jpg\" data-orig-size=\"620,465\" data-comments-opened=\"1\" data-image-meta=\"{&quot;aperture&quot;:&quot;0&quot;,&quot;credit&quot;:&quot;&quot;,&quot;camera&quot;:&quot;&quot;,&quot;caption&quot;:&quot;&quot;,&quot;created_timestamp&quot;:&quot;0&quot;,&quot;copyright&quot;:&quot;&quot;,&quot;focal_length&quot;:&quot;0&quot;,&quot;iso&quot;:&quot;0&quot;,&quot;shutter_speed&quot;:&quot;0&quot;,&quot;title&quot;:&quot;&quot;,&quot;orientation&quot;:&quot;0&quot;}\" data-image-title=\"arq-blog-05\" data-image-description=\"\" data-medium-file=\"https:\/\/blog.univicosa.com.br\/wp-content\/uploads\/2022\/03\/arq-blog-05-300x225.jpg\" data-large-file=\"https:\/\/blog.univicosa.com.br\/wp-content\/uploads\/2022\/03\/arq-blog-05.jpg\" loading=\"lazy\" width=\"620\" height=\"465\" src=\"https:\/\/blog.univicosa.com.br\/wp-content\/uploads\/2022\/03\/arq-blog-05.jpg\" alt=\"\" class=\"wp-image-3197\" srcset=\"https:\/\/blog.univicosa.com.br\/wp-content\/uploads\/2022\/03\/arq-blog-05.jpg 620w, https:\/\/blog.univicosa.com.br\/wp-content\/uploads\/2022\/03\/arq-blog-05-300x225.jpg 300w\" sizes=\"(max-width: 620px) 100vw, 620px\" \/><figcaption>Desafio Casa Cubo: Maquetes de projetos de estudantes matriculados no terceiro per\u00edodo do curso de Arquitetura e Urbanismo da Univi\u00e7osa.<\/figcaption><\/figure>\n\n\n\n<figure class=\"wp-block-image size-large\"><img data-attachment-id=\"3198\" data-permalink=\"https:\/\/blog.univicosa.com.br\/index.php\/2022\/03\/15\/o-desafio-do-habitar\/arq-blog-06\/\" data-orig-file=\"https:\/\/blog.univicosa.com.br\/wp-content\/uploads\/2022\/03\/arq-blog-06.jpg\" data-orig-size=\"628,470\" data-comments-opened=\"1\" data-image-meta=\"{&quot;aperture&quot;:&quot;0&quot;,&quot;credit&quot;:&quot;&quot;,&quot;camera&quot;:&quot;&quot;,&quot;caption&quot;:&quot;&quot;,&quot;created_timestamp&quot;:&quot;0&quot;,&quot;copyright&quot;:&quot;&quot;,&quot;focal_length&quot;:&quot;0&quot;,&quot;iso&quot;:&quot;0&quot;,&quot;shutter_speed&quot;:&quot;0&quot;,&quot;title&quot;:&quot;&quot;,&quot;orientation&quot;:&quot;0&quot;}\" data-image-title=\"arq-blog-06\" data-image-description=\"\" data-medium-file=\"https:\/\/blog.univicosa.com.br\/wp-content\/uploads\/2022\/03\/arq-blog-06-300x225.jpg\" data-large-file=\"https:\/\/blog.univicosa.com.br\/wp-content\/uploads\/2022\/03\/arq-blog-06.jpg\" loading=\"lazy\" width=\"628\" height=\"470\" src=\"https:\/\/blog.univicosa.com.br\/wp-content\/uploads\/2022\/03\/arq-blog-06.jpg\" alt=\"\" class=\"wp-image-3198\" srcset=\"https:\/\/blog.univicosa.com.br\/wp-content\/uploads\/2022\/03\/arq-blog-06.jpg 628w, https:\/\/blog.univicosa.com.br\/wp-content\/uploads\/2022\/03\/arq-blog-06-300x225.jpg 300w\" sizes=\"(max-width: 628px) 100vw, 628px\" \/><\/figure>\n\n\n\n<figure class=\"wp-block-image\"><a href=\"https:\/\/univicosa.apprbs.com.br\/blog\/\" target=\"_blank\" rel=\"noreferrer noopener\"><img data-attachment-id=\"2757\" data-permalink=\"https:\/\/blog.univicosa.com.br\/index.php\/2022\/01\/03\/saiba-tudo-sobre-o-curso-de-administracao\/receba-conteudos-univicosa-imagem-geral-blog\/\" data-orig-file=\"https:\/\/blog.univicosa.com.br\/wp-content\/uploads\/2022\/01\/RECEBA-CONTEUDOS-UNIVICOSA-imagem-geral-blog.png\" data-orig-size=\"675,50\" data-comments-opened=\"1\" data-image-meta=\"{&quot;aperture&quot;:&quot;0&quot;,&quot;credit&quot;:&quot;&quot;,&quot;camera&quot;:&quot;&quot;,&quot;caption&quot;:&quot;&quot;,&quot;created_timestamp&quot;:&quot;0&quot;,&quot;copyright&quot;:&quot;&quot;,&quot;focal_length&quot;:&quot;0&quot;,&quot;iso&quot;:&quot;0&quot;,&quot;shutter_speed&quot;:&quot;0&quot;,&quot;title&quot;:&quot;&quot;,&quot;orientation&quot;:&quot;0&quot;}\" data-image-title=\"RECEBA-CONTEUDOS-UNIVICOSA-imagem-geral-blog\" data-image-description=\"\" data-medium-file=\"https:\/\/blog.univicosa.com.br\/wp-content\/uploads\/2022\/01\/RECEBA-CONTEUDOS-UNIVICOSA-imagem-geral-blog-300x22.png\" data-large-file=\"https:\/\/blog.univicosa.com.br\/wp-content\/uploads\/2022\/01\/RECEBA-CONTEUDOS-UNIVICOSA-imagem-geral-blog.png\" loading=\"lazy\" width=\"675\" height=\"50\" src=\"https:\/\/blog.univicosa.com.br\/wp-content\/uploads\/2022\/01\/RECEBA-CONTEUDOS-UNIVICOSA-imagem-geral-blog.png\" alt=\"\" class=\"wp-image-2757\" srcset=\"https:\/\/blog.univicosa.com.br\/wp-content\/uploads\/2022\/01\/RECEBA-CONTEUDOS-UNIVICOSA-imagem-geral-blog.png 675w, https:\/\/blog.univicosa.com.br\/wp-content\/uploads\/2022\/01\/RECEBA-CONTEUDOS-UNIVICOSA-imagem-geral-blog-300x22.png 300w\" sizes=\"(max-width: 675px) 100vw, 675px\" \/><\/a><\/figure>\n\n\n\n<figure class=\"wp-block-image size-large is-resized\"><img data-attachment-id=\"3199\" data-permalink=\"https:\/\/blog.univicosa.com.br\/index.php\/2022\/03\/15\/o-desafio-do-habitar\/arq-blog-07\/\" data-orig-file=\"https:\/\/blog.univicosa.com.br\/wp-content\/uploads\/2022\/03\/arq-blog-07.jpg\" data-orig-size=\"501,376\" data-comments-opened=\"1\" data-image-meta=\"{&quot;aperture&quot;:&quot;0&quot;,&quot;credit&quot;:&quot;&quot;,&quot;camera&quot;:&quot;&quot;,&quot;caption&quot;:&quot;&quot;,&quot;created_timestamp&quot;:&quot;0&quot;,&quot;copyright&quot;:&quot;&quot;,&quot;focal_length&quot;:&quot;0&quot;,&quot;iso&quot;:&quot;0&quot;,&quot;shutter_speed&quot;:&quot;0&quot;,&quot;title&quot;:&quot;&quot;,&quot;orientation&quot;:&quot;0&quot;}\" data-image-title=\"arq-blog-07\" data-image-description=\"\" data-medium-file=\"https:\/\/blog.univicosa.com.br\/wp-content\/uploads\/2022\/03\/arq-blog-07-300x225.jpg\" data-large-file=\"https:\/\/blog.univicosa.com.br\/wp-content\/uploads\/2022\/03\/arq-blog-07.jpg\" loading=\"lazy\" src=\"https:\/\/blog.univicosa.com.br\/wp-content\/uploads\/2022\/03\/arq-blog-07.jpg\" alt=\"\" class=\"wp-image-3199\" width=\"581\" height=\"436\" srcset=\"https:\/\/blog.univicosa.com.br\/wp-content\/uploads\/2022\/03\/arq-blog-07.jpg 501w, https:\/\/blog.univicosa.com.br\/wp-content\/uploads\/2022\/03\/arq-blog-07-300x225.jpg 300w\" sizes=\"(max-width: 581px) 100vw, 581px\" \/><figcaption>Desafio Casa Cubo: Maquetes de projetos de estudantes matriculados no terceiro per\u00edodo do curso de Arquitetura e Urbanismo da Univi\u00e7osa.<\/figcaption><\/figure>\n\n\n\n<figure class=\"wp-block-image size-large is-resized\"><img data-attachment-id=\"3200\" data-permalink=\"https:\/\/blog.univicosa.com.br\/index.php\/2022\/03\/15\/o-desafio-do-habitar\/arq-blog-08\/\" data-orig-file=\"https:\/\/blog.univicosa.com.br\/wp-content\/uploads\/2022\/03\/arq-blog-08.jpg\" data-orig-size=\"285,379\" data-comments-opened=\"1\" data-image-meta=\"{&quot;aperture&quot;:&quot;0&quot;,&quot;credit&quot;:&quot;&quot;,&quot;camera&quot;:&quot;&quot;,&quot;caption&quot;:&quot;&quot;,&quot;created_timestamp&quot;:&quot;0&quot;,&quot;copyright&quot;:&quot;&quot;,&quot;focal_length&quot;:&quot;0&quot;,&quot;iso&quot;:&quot;0&quot;,&quot;shutter_speed&quot;:&quot;0&quot;,&quot;title&quot;:&quot;&quot;,&quot;orientation&quot;:&quot;0&quot;}\" data-image-title=\"arq-blog-08\" data-image-description=\"\" data-medium-file=\"https:\/\/blog.univicosa.com.br\/wp-content\/uploads\/2022\/03\/arq-blog-08-226x300.jpg\" data-large-file=\"https:\/\/blog.univicosa.com.br\/wp-content\/uploads\/2022\/03\/arq-blog-08.jpg\" loading=\"lazy\" src=\"https:\/\/blog.univicosa.com.br\/wp-content\/uploads\/2022\/03\/arq-blog-08.jpg\" alt=\"\" class=\"wp-image-3200\" width=\"580\" height=\"771\" srcset=\"https:\/\/blog.univicosa.com.br\/wp-content\/uploads\/2022\/03\/arq-blog-08.jpg 285w, https:\/\/blog.univicosa.com.br\/wp-content\/uploads\/2022\/03\/arq-blog-08-226x300.jpg 226w\" sizes=\"(max-width: 580px) 100vw, 580px\" \/><\/figure>\n\n\n\n<p><a rel=\"noreferrer noopener\" href=\"https:\/\/www.guiadacarreira.com.br\/carreira\/como-esta-o-mercado-de-trabalho-pra-quem-faz-arquitetura\/\" target=\"_blank\">O mercado de trabalho para o arquiteto e urbanista \u00e9 sempre movimentado<\/a>, tendo em vista que a profiss\u00e3o pressup\u00f5e versatilidade.<\/p>\n\n\n\n<p><strong>Fontes de informa\u00e7\u00f5es:<\/strong><\/p>\n\n\n\n<p>Casa NA \/ Sou Fujimoto Architects.<strong> <\/strong>Dispon\u00edvel em &lt;<a href=\"https:\/\/www.archdaily.com.br\/br\/956304\/casa-na-sou-fujimoto-architects\">https:\/\/www.archdaily.com.br\/br\/956304\/casa-na-sou-fujimoto-architects<\/a>&gt;. Acesso em 10 de mar\u00e7o de 2022.<\/p>\n\n\n\n<p>*<strong><em>Maressa Fonseca<\/em><\/strong>&nbsp; <em>\u2013 arquiteta e urbanista, professora no curso de Arquitetura e Urbanismo da Univi\u00e7osa em disciplinas das \u00e1reas de Hist\u00f3ria e Projeto Arquitet\u00f4nico. Atualmente desenvolve sua pesquisa de doutorado investigando os modos de morar na habita\u00e7\u00e3o estudantil universit\u00e1ria.<\/em><\/p>\n\n\n\n<p>*<em><strong>Liz Valente<\/strong> \u2013 Arquiteta e Urbanista e mestre em Arquitetura pela UFV. Em seu mestrado ela investigou as rela\u00e7\u00f5es entre arte e arquitetura no espa\u00e7o do museu de arte contempor\u00e2nea. Ela tamb\u00e9m \u00e9 autora de pe\u00e7as de teatro, desenhista e artista de diversas m\u00eddias.<\/em><\/p>\n\n\n\n<p><em><a rel=\"noreferrer noopener\" href=\"https:\/\/univicosa.apprbs.com.br\/blog\/\" target=\"_blank\">Ei, quer<strong>&nbsp;receber conte\u00fados exclusivos<\/strong>&nbsp;da Univi\u00e7osa? clique aqui!&nbsp;<\/a><\/em><\/p>\n\n\n\n<p><a href=\"https:\/\/blog.univicosa.com.br\/index.php\/2022\/02\/22\/iluminacao-na-arquitetura\/\">Ilumina\u00e7\u00e3o na Arquitetura<\/a><\/p>\n\n\n\n<p><a rel=\"noreferrer noopener\" href=\"https:\/\/www.univicosa.com.br\/graduacao\/cursos\/arquitetura_e_urbanismo\" target=\"_blank\">Curtiu e quer saber mais sobre o curso de&nbsp;<strong>Arquitetura e Urbanismo<\/strong>&nbsp;da&nbsp;<strong>UNIVI\u00c7OSA<\/strong>? Ent\u00e3o acesse o site da Univi\u00e7osa, clique aqui!<\/a><\/p>\n\n\n\n<p><a href=\"https:\/\/blog.univicosa.com.br\/index.php\/2021\/10\/29\/envelhecimento-saudavel-e-a-casa-de-morar\/\">A velhice e a casa de morar<\/a><\/p>\n\n\n\n<p><a href=\"https:\/\/blog.univicosa.com.br\/index.php\/2021\/10\/22\/os-modos-de-morar-e-a-arquitetura\/\">Os modos de morar e a Arquitetura<\/a><\/p>\n\n\n\n<p><a rel=\"noreferrer noopener\" href=\"https:\/\/blog.univicosa.com.br\/index.php\/2021\/10\/07\/voce-sabe-o-que-e-abstracao-artistica\/\" target=\"_blank\">Voc\u00ea sabe o que \u00e9 abstra\u00e7\u00e3o art\u00edstica?<\/a><\/p>\n\n\n\n<p><a href=\"https:\/\/blog.univicosa.com.br\/index.php\/2021\/10\/22\/os-modos-de-morar-e-a-arquitetura\/saiba%20tudo%20sobre%20a%20arquitetura%20da%20paisagem!\" target=\"_blank\" rel=\"noreferrer noopener\">Paisagismo: saiba tudo sobre a arquitetura da paisagem!<\/a><\/p>\n\n\n\n<p><a href=\"https:\/\/blog.univicosa.com.br\/index.php\/2021\/05\/26\/dicas-para-organizar-o-seu-estudo-em-casa\/\" target=\"_blank\" rel=\"noreferrer noopener\">Dicas para organizar o seu estudo em casa!<\/a><br><br><a href=\"https:\/\/blog.univicosa.com.br\/index.php\/2021\/07\/20\/conheca-as-vantagens-de-fazer-uma-segunda-graduacao\/\" target=\"_blank\" rel=\"noreferrer noopener\">Conhe\u00e7a as vantagens de fazer uma segunda gradua\u00e7\u00e3o<\/a><\/p>\n\n\n\n<p><strong><a rel=\"noreferrer noopener\" href=\"https:\/\/blog.univicosa.com.br\/index.php\/2021\/07\/26\/curiosidades-e-mercado-de-trabalho-arquitetura-e-urbanismo\/\" target=\"_blank\">Curiosidades e mercado de trabalho: Arquitetura e Urbanismo<\/a><br><\/strong><br><a rel=\"noreferrer noopener\" href=\"https:\/\/blog.univicosa.com.br\/index.php\/2021\/07\/16\/5-dicas-para-se-destacar-no-mercado-de-trabalho\/\" target=\"_blank\">5 dicas para se destacar no mercado de trabalho<\/a><br><br><a rel=\"noreferrer noopener\" href=\"https:\/\/blog.univicosa.com.br\/index.php\/2021\/06\/01\/5-dicas-para-ter-um-curriculo-de-destaque\/\" target=\"_blank\">5 dicas para criar um curr\u00edculo de sucesso!<\/a><\/p>\n\n\n\n<p><a href=\"https:\/\/blog.univicosa.com.br\/index.php\/2021\/06\/09\/transmita-suas-ideias-atraves-do-desenho\/\" target=\"_blank\" rel=\"noreferrer noopener\">Transmita suas ideias atrav\u00e9s do desenho!<\/a><br><br><a href=\"https:\/\/blog.univicosa.com.br\/index.php\/2021\/06\/22\/6-dicas-simples-de-como-fazer-um-mapa-mental-e-mandar-bem-nos-estudos\/\" target=\"_blank\" rel=\"noreferrer noopener\">6 dicas simples de como fazer um MAPA MENTAL e mandar bem nos estudos<\/a><br><br><a href=\"https:\/\/blog.univicosa.com.br\/index.php\/2021\/06\/15\/10-passos-para-ter-um-perfil-mais-relevante-no-linkedin\/\" target=\"_blank\" rel=\"noreferrer noopener\">10 passos para ter um perfil mais relevante no LinkedIn!<\/a><\/p>\n\n\n\n<p><a href=\"https:\/\/univicosa.apprbs.com.br\/gruda-na-uni\" target=\"_blank\" rel=\"noreferrer noopener\">Ei, voc\u00ea est\u00e1 estudando para o&nbsp;<strong>ENEM<\/strong>? A gente te ajuda! Tem conte\u00fado de exatas (matem\u00e1tica), humanas (portugu\u00eas), ci\u00eancias da natureza (Qu\u00edmica, Biologia), atualidades e muito mais,&nbsp;<strong>Gruda na Uni<\/strong>&nbsp;e vem! Clique aqui!<\/a><\/p>\n\n\n\n<p><a href=\"https:\/\/blog.univicosa.com.br\/index.php\/2021\/01\/20\/eu-sou-do-time-ciencias-exatas-eu-sou-univicosa\/\" target=\"_blank\" rel=\"noreferrer noopener\">Eu sou do time&nbsp;<strong>Ci\u00eancias Exatas<\/strong>, eu sou #UNIVI\u00c7OSA<\/a><\/p>\n\n\n\n<p><a rel=\"noreferrer noopener\" href=\"https:\/\/blog.univicosa.com.br\/index.php\/2020\/04\/29\/guia-de-organizacao-no-home-office-dicas-deixar-o-seu-ambiente-mais-produtivo\/\" target=\"_blank\">Guia de organiza\u00e7\u00e3o: dicas para deixar o seu&nbsp;<strong>ambiente de estudos<\/strong>&nbsp;ainda mais produtivo<\/a><\/p>\n\n\n\n<hr class=\"wp-block-separator\"\/>\n","protected":false},"excerpt":{"rendered":"<p>* Por Maressa Fonseca e Liz Valente. As reflex\u00f5es sobre o habitar constantemente permeiam o campo da Arquitetura, tanto nos estudos sobre o tema quanto na pr\u00e1tica projetual.&nbsp; Projetar uma habita\u00e7\u00e3o \u00e9 investigar as diversas possibilidades da vida humana. \u00c9 lidar com anseios, desejos, sonhos e necessidades de pessoas em constante muta\u00e7\u00e3o. A casa \u00e9&#8230;<\/p>\n","protected":false},"author":2,"featured_media":3201,"comment_status":"open","ping_status":"open","sticky":false,"template":"","format":"standard","meta":{"spay_email":""},"categories":[28,14],"tags":[102,103,970,374,1018,1288,108,858,964,109,51,1287,1289,92,1017,1016,1286,107,111,340,96,117,93],"jetpack_featured_media_url":"https:\/\/blog.univicosa.com.br\/wp-content\/uploads\/2022\/03\/gestwerwr.jpg","jetpack_shortlink":"https:\/\/wp.me\/pbcCKk-Pu","_links":{"self":[{"href":"https:\/\/blog.univicosa.com.br\/index.php\/wp-json\/wp\/v2\/posts\/3192"}],"collection":[{"href":"https:\/\/blog.univicosa.com.br\/index.php\/wp-json\/wp\/v2\/posts"}],"about":[{"href":"https:\/\/blog.univicosa.com.br\/index.php\/wp-json\/wp\/v2\/types\/post"}],"author":[{"embeddable":true,"href":"https:\/\/blog.univicosa.com.br\/index.php\/wp-json\/wp\/v2\/users\/2"}],"replies":[{"embeddable":true,"href":"https:\/\/blog.univicosa.com.br\/index.php\/wp-json\/wp\/v2\/comments?post=3192"}],"version-history":[{"count":3,"href":"https:\/\/blog.univicosa.com.br\/index.php\/wp-json\/wp\/v2\/posts\/3192\/revisions"}],"predecessor-version":[{"id":3207,"href":"https:\/\/blog.univicosa.com.br\/index.php\/wp-json\/wp\/v2\/posts\/3192\/revisions\/3207"}],"wp:featuredmedia":[{"embeddable":true,"href":"https:\/\/blog.univicosa.com.br\/index.php\/wp-json\/wp\/v2\/media\/3201"}],"wp:attachment":[{"href":"https:\/\/blog.univicosa.com.br\/index.php\/wp-json\/wp\/v2\/media?parent=3192"}],"wp:term":[{"taxonomy":"category","embeddable":true,"href":"https:\/\/blog.univicosa.com.br\/index.php\/wp-json\/wp\/v2\/categories?post=3192"},{"taxonomy":"post_tag","embeddable":true,"href":"https:\/\/blog.univicosa.com.br\/index.php\/wp-json\/wp\/v2\/tags?post=3192"}],"curies":[{"name":"wp","href":"https:\/\/api.w.org\/{rel}","templated":true}]}}