{"id":3154,"date":"2022-03-15T14:31:24","date_gmt":"2022-03-15T17:31:24","guid":{"rendered":"https:\/\/blog.univicosa.com.br\/?p=3154"},"modified":"2022-05-20T11:11:21","modified_gmt":"2022-05-20T14:11:21","slug":"quero-ser-advogado-quem-devo-seguir-no-linkedin","status":"publish","type":"post","link":"https:\/\/blog.univicosa.com.br\/index.php\/2022\/03\/15\/quero-ser-advogado-quem-devo-seguir-no-linkedin\/","title":{"rendered":"Quero ser Advogado! Quem devo seguir no LinkedIn?"},"content":{"rendered":"\n<p>Voc\u00ea j\u00e1 conhece o LinkedIn? Essa \u00e9 uma rede social criada em 2003 para fins de neg\u00f3cios. Isso quer dizer que nela voc\u00ea encontra uma s\u00e9rie de oportunidades de emprego, est\u00e1gio, projetos e, principalmente, poder\u00e1 construir seu network! Por possuir mais de 740 milh\u00f5es de membros em todo o mundo, essa ferramenta est\u00e1 repleta de profissionais de diversas \u00e1reas, e o Direito n\u00e3o fica de fora! Se voc\u00ea est\u00e1 pensando em ser advogado e procura refer\u00eancias para se inspirar, confira essa lista de profissionais do LinkedIn que n\u00f3s separamos para voc\u00ea!<\/p>\n\n\n\n<h2>Nelson Wilians<\/h2>\n\n\n\n<figure class=\"wp-block-image size-large\"><img data-attachment-id=\"3176\" data-permalink=\"https:\/\/blog.univicosa.com.br\/index.php\/2022\/03\/15\/quero-ser-advogado-quem-devo-seguir-no-linkedin\/nelson-wilians\/\" data-orig-file=\"https:\/\/blog.univicosa.com.br\/wp-content\/uploads\/2022\/03\/Nelson-Wilians.png\" data-orig-size=\"790,460\" data-comments-opened=\"1\" data-image-meta=\"{&quot;aperture&quot;:&quot;0&quot;,&quot;credit&quot;:&quot;&quot;,&quot;camera&quot;:&quot;&quot;,&quot;caption&quot;:&quot;&quot;,&quot;created_timestamp&quot;:&quot;0&quot;,&quot;copyright&quot;:&quot;&quot;,&quot;focal_length&quot;:&quot;0&quot;,&quot;iso&quot;:&quot;0&quot;,&quot;shutter_speed&quot;:&quot;0&quot;,&quot;title&quot;:&quot;&quot;,&quot;orientation&quot;:&quot;0&quot;}\" data-image-title=\"Nelson Wilians\" data-image-description=\"\" data-medium-file=\"https:\/\/blog.univicosa.com.br\/wp-content\/uploads\/2022\/03\/Nelson-Wilians-300x175.png\" data-large-file=\"https:\/\/blog.univicosa.com.br\/wp-content\/uploads\/2022\/03\/Nelson-Wilians.png\" loading=\"lazy\" width=\"790\" height=\"460\" src=\"https:\/\/blog.univicosa.com.br\/wp-content\/uploads\/2022\/03\/Nelson-Wilians.png\" alt=\"\" class=\"wp-image-3176\" srcset=\"https:\/\/blog.univicosa.com.br\/wp-content\/uploads\/2022\/03\/Nelson-Wilians.png 790w, https:\/\/blog.univicosa.com.br\/wp-content\/uploads\/2022\/03\/Nelson-Wilians-300x175.png 300w, https:\/\/blog.univicosa.com.br\/wp-content\/uploads\/2022\/03\/Nelson-Wilians-768x447.png 768w\" sizes=\"(max-width: 790px) 100vw, 790px\" \/><\/figure>\n\n\n\n<p>Se voc\u00ea gosta de <strong>empreendedorismo na \u00e1rea jur\u00eddica<\/strong>, n\u00e3o pode deixar de acompanhar os perfil no<strong> LinkedIn de Nelson Wilians.<\/strong> Ele \u00e9 o fundador da  <a rel=\"noreferrer noopener\" href=\"http:\/\/www.nwadv.com.br\" data-type=\"URL\" data-id=\"www.nwadv.com.br\" target=\"_blank\">Nelson Wilians Advogados Associados<\/a>, criada em 1999, primeiramente atuando na \u00e1rea tribut\u00e1ria. <\/p>\n\n\n\n<p>A firma se expandiu nos anos seguintes, criando <strong>filiais em todas as capitais brasileiras <\/strong>at\u00e9 que, em 2010, se tornou um <strong>escrit\u00f3rio Full Service,<\/strong> atraindo grandes nomes do segmento jur\u00eddico do Pa\u00eds das mais diversas \u00e1reas do direito com a finalidade de oferecer \u00e0 todas as regi\u00f5es do Pa\u00eds um trabalho de qualidade uniforme. <\/p>\n\n\n\n<p>O sucesso foi t\u00e3o grande, que em 2017, iniciou o<strong> processo de internacionaliza\u00e7\u00e3o<\/strong>. Hoje, o escrit\u00f3rio atua com <strong>programas e sistemas digitais de vanguarda <\/strong>frente \u00e0 Era Tecnol\u00f3gica que j\u00e1 se iniciou. Para seguir Nelson Wilians, <a rel=\"noreferrer noopener\" href=\"https:\/\/www.linkedin.com\/in\/nelson-wilians-54560a186\/\" data-type=\"URL\" data-id=\"https:\/\/www.linkedin.com\/in\/nelson-wilians-54560a186\/\" target=\"_blank\">clique aqui.<\/a><\/p>\n\n\n\n<h2>Ricardo Amorim<\/h2>\n\n\n\n<figure class=\"wp-block-image size-large\"><img data-attachment-id=\"3177\" data-permalink=\"https:\/\/blog.univicosa.com.br\/index.php\/2022\/03\/15\/quero-ser-advogado-quem-devo-seguir-no-linkedin\/ricardo-amorim\/\" data-orig-file=\"https:\/\/blog.univicosa.com.br\/wp-content\/uploads\/2022\/03\/Ricardo-Amorim.png\" data-orig-size=\"795,482\" data-comments-opened=\"1\" data-image-meta=\"{&quot;aperture&quot;:&quot;0&quot;,&quot;credit&quot;:&quot;&quot;,&quot;camera&quot;:&quot;&quot;,&quot;caption&quot;:&quot;&quot;,&quot;created_timestamp&quot;:&quot;0&quot;,&quot;copyright&quot;:&quot;&quot;,&quot;focal_length&quot;:&quot;0&quot;,&quot;iso&quot;:&quot;0&quot;,&quot;shutter_speed&quot;:&quot;0&quot;,&quot;title&quot;:&quot;&quot;,&quot;orientation&quot;:&quot;0&quot;}\" data-image-title=\"Ricardo Amorim\" data-image-description=\"\" data-medium-file=\"https:\/\/blog.univicosa.com.br\/wp-content\/uploads\/2022\/03\/Ricardo-Amorim-300x182.png\" data-large-file=\"https:\/\/blog.univicosa.com.br\/wp-content\/uploads\/2022\/03\/Ricardo-Amorim.png\" loading=\"lazy\" width=\"795\" height=\"482\" src=\"https:\/\/blog.univicosa.com.br\/wp-content\/uploads\/2022\/03\/Ricardo-Amorim.png\" alt=\"\" class=\"wp-image-3177\" srcset=\"https:\/\/blog.univicosa.com.br\/wp-content\/uploads\/2022\/03\/Ricardo-Amorim.png 795w, https:\/\/blog.univicosa.com.br\/wp-content\/uploads\/2022\/03\/Ricardo-Amorim-300x182.png 300w, https:\/\/blog.univicosa.com.br\/wp-content\/uploads\/2022\/03\/Ricardo-Amorim-768x466.png 768w\" sizes=\"(max-width: 795px) 100vw, 795px\" \/><\/figure>\n\n\n\n<p>Agora, se voc\u00ea \u00e9 daqueles que gosta de seguir um verdadeiro <strong>influenciador digital,<\/strong> n\u00e3o pode deixar de conhecer<strong> Ricardo Amorim<\/strong>, eleito <strong>Influenciador do LinkedIn mais seguido na Am\u00e9rica Latina<\/strong> e Influenciador de <strong>Voz n\u00ba 1 do LinkedIn no Brasil <\/strong>desde 2016. <\/p>\n\n\n\n<p>Ele \u00e9 o \u00fanico brasileiro classificado entre os palestrantes globais mais prestigiados do<strong><em> Speakers Corner,<\/em><\/strong> al\u00e9m de ser o economista mais influente e uma das 100 pessoas mais influentes do Brasil segundo a <strong>Revista Forbes<\/strong>. Recebeu pr\u00eamios como<strong> Pr\u00eamio iBest <\/strong>de melhor conte\u00fado de Economia e Neg\u00f3cios na internet e melhor podcast de neg\u00f3cios e empreendedorismo em 2019, de acordo com o Apple Podcast. <\/p>\n\n\n\n<p>Ricardo Amorim atua dando consultorias, \u00e9 o cofundador da Smartrips, AAA Inova\u00e7\u00e3o e Mentoria Ricardo Amorim e CEO da Ricam Consultoria. Se quiser seguir Ricardo Amorim, <a rel=\"noreferrer noopener\" href=\"https:\/\/www.linkedin.com\/in\/ricardoamorimricam\/\" data-type=\"URL\" data-id=\"https:\/\/www.linkedin.com\/in\/ricardoamorimricam\/\" target=\"_blank\">clique aqui. <\/a><\/p>\n\n\n\n<figure class=\"wp-block-image\"><a href=\"https:\/\/univicosa.apprbs.com.br\/blog\/\" target=\"_blank\" rel=\"noreferrer noopener\"><img data-attachment-id=\"2905\" data-permalink=\"https:\/\/blog.univicosa.com.br\/index.php\/2022\/02\/01\/5-motivos-para-fazer-nutricao-na-univicosa\/imagem-link-blog\/\" data-orig-file=\"https:\/\/blog.univicosa.com.br\/wp-content\/uploads\/2022\/02\/imagem-link-blog.png\" data-orig-size=\"677,51\" data-comments-opened=\"1\" data-image-meta=\"{&quot;aperture&quot;:&quot;0&quot;,&quot;credit&quot;:&quot;&quot;,&quot;camera&quot;:&quot;&quot;,&quot;caption&quot;:&quot;&quot;,&quot;created_timestamp&quot;:&quot;0&quot;,&quot;copyright&quot;:&quot;&quot;,&quot;focal_length&quot;:&quot;0&quot;,&quot;iso&quot;:&quot;0&quot;,&quot;shutter_speed&quot;:&quot;0&quot;,&quot;title&quot;:&quot;&quot;,&quot;orientation&quot;:&quot;0&quot;}\" data-image-title=\"imagem link blog\" data-image-description=\"\" data-medium-file=\"https:\/\/blog.univicosa.com.br\/wp-content\/uploads\/2022\/02\/imagem-link-blog-300x23.png\" data-large-file=\"https:\/\/blog.univicosa.com.br\/wp-content\/uploads\/2022\/02\/imagem-link-blog.png\" loading=\"lazy\" width=\"677\" height=\"51\" src=\"https:\/\/blog.univicosa.com.br\/wp-content\/uploads\/2022\/02\/imagem-link-blog.png\" alt=\"\" class=\"wp-image-2905\" srcset=\"https:\/\/blog.univicosa.com.br\/wp-content\/uploads\/2022\/02\/imagem-link-blog.png 677w, https:\/\/blog.univicosa.com.br\/wp-content\/uploads\/2022\/02\/imagem-link-blog-300x23.png 300w\" sizes=\"(max-width: 677px) 100vw, 677px\" \/><\/a><\/figure>\n\n\n\n<h2>Felipe Asensi<\/h2>\n\n\n\n<figure class=\"wp-block-image size-large\"><img data-attachment-id=\"3178\" data-permalink=\"https:\/\/blog.univicosa.com.br\/index.php\/2022\/03\/15\/quero-ser-advogado-quem-devo-seguir-no-linkedin\/felipe-asensi\/\" data-orig-file=\"https:\/\/blog.univicosa.com.br\/wp-content\/uploads\/2022\/03\/Felipe-Asensi.png\" data-orig-size=\"790,449\" data-comments-opened=\"1\" data-image-meta=\"{&quot;aperture&quot;:&quot;0&quot;,&quot;credit&quot;:&quot;&quot;,&quot;camera&quot;:&quot;&quot;,&quot;caption&quot;:&quot;&quot;,&quot;created_timestamp&quot;:&quot;0&quot;,&quot;copyright&quot;:&quot;&quot;,&quot;focal_length&quot;:&quot;0&quot;,&quot;iso&quot;:&quot;0&quot;,&quot;shutter_speed&quot;:&quot;0&quot;,&quot;title&quot;:&quot;&quot;,&quot;orientation&quot;:&quot;0&quot;}\" data-image-title=\"Felipe Asensi\" data-image-description=\"\" data-medium-file=\"https:\/\/blog.univicosa.com.br\/wp-content\/uploads\/2022\/03\/Felipe-Asensi-300x171.png\" data-large-file=\"https:\/\/blog.univicosa.com.br\/wp-content\/uploads\/2022\/03\/Felipe-Asensi.png\" loading=\"lazy\" width=\"790\" height=\"449\" src=\"https:\/\/blog.univicosa.com.br\/wp-content\/uploads\/2022\/03\/Felipe-Asensi.png\" alt=\"\" class=\"wp-image-3178\" srcset=\"https:\/\/blog.univicosa.com.br\/wp-content\/uploads\/2022\/03\/Felipe-Asensi.png 790w, https:\/\/blog.univicosa.com.br\/wp-content\/uploads\/2022\/03\/Felipe-Asensi-300x171.png 300w, https:\/\/blog.univicosa.com.br\/wp-content\/uploads\/2022\/03\/Felipe-Asensi-768x436.png 768w\" sizes=\"(max-width: 790px) 100vw, 790px\" \/><\/figure>\n\n\n\n<p>Se o seu interesse no LinkedIn \u00e9 procurar<strong> conhecimentos inovadores <\/strong>para profissionais do direito para que atuem com excel\u00eancia nas <strong>institui\u00e7\u00f5es p\u00fablicas e privadas, <\/strong>o perfil ideal para voc\u00ea \u00e9 o <strong>LinkedIn de Felipe Asensi. <\/strong><\/p>\n\n\n\n<p>Com um extenso<strong> curr\u00edculo profissional e acad\u00eamico<\/strong>, Felipe Asensi atua como advogado, cientista social, professor de direito e ocupa o cargo de <strong>CEO do Instituto Di\u00e1logo<\/strong>. Seguindo esse perfil, voc\u00ea ter\u00e1 v\u00e1rias dicas sobre como atuar na <strong>carreira jur\u00eddica, <\/strong>mas tamb\u00e9m sobre como se destacar no <strong>campo acad\u00eamico<\/strong>, com produ\u00e7\u00f5es cient\u00edficas por exemplo. Para seguir Felipe Asensi, <a rel=\"noreferrer noopener\" href=\"https:\/\/www.linkedin.com\/in\/felipe-asensi-04425a71\/\" data-type=\"URL\" data-id=\"https:\/\/www.linkedin.com\/in\/felipe-asensi-04425a71\/\" target=\"_blank\">clique aqui.<\/a><\/p>\n\n\n\n<h2>Alfredo Freitas<\/h2>\n\n\n\n<figure class=\"wp-block-image size-large\"><img data-attachment-id=\"3179\" data-permalink=\"https:\/\/blog.univicosa.com.br\/index.php\/2022\/03\/15\/quero-ser-advogado-quem-devo-seguir-no-linkedin\/alfredo-freitas\/\" data-orig-file=\"https:\/\/blog.univicosa.com.br\/wp-content\/uploads\/2022\/03\/Alfredo-Freitas.png\" data-orig-size=\"793,451\" data-comments-opened=\"1\" data-image-meta=\"{&quot;aperture&quot;:&quot;0&quot;,&quot;credit&quot;:&quot;&quot;,&quot;camera&quot;:&quot;&quot;,&quot;caption&quot;:&quot;&quot;,&quot;created_timestamp&quot;:&quot;0&quot;,&quot;copyright&quot;:&quot;&quot;,&quot;focal_length&quot;:&quot;0&quot;,&quot;iso&quot;:&quot;0&quot;,&quot;shutter_speed&quot;:&quot;0&quot;,&quot;title&quot;:&quot;&quot;,&quot;orientation&quot;:&quot;0&quot;}\" data-image-title=\"Alfredo Freitas\" data-image-description=\"\" data-medium-file=\"https:\/\/blog.univicosa.com.br\/wp-content\/uploads\/2022\/03\/Alfredo-Freitas-300x171.png\" data-large-file=\"https:\/\/blog.univicosa.com.br\/wp-content\/uploads\/2022\/03\/Alfredo-Freitas.png\" loading=\"lazy\" width=\"793\" height=\"451\" src=\"https:\/\/blog.univicosa.com.br\/wp-content\/uploads\/2022\/03\/Alfredo-Freitas.png\" alt=\"\" class=\"wp-image-3179\" srcset=\"https:\/\/blog.univicosa.com.br\/wp-content\/uploads\/2022\/03\/Alfredo-Freitas.png 793w, https:\/\/blog.univicosa.com.br\/wp-content\/uploads\/2022\/03\/Alfredo-Freitas-300x171.png 300w, https:\/\/blog.univicosa.com.br\/wp-content\/uploads\/2022\/03\/Alfredo-Freitas-768x437.png 768w\" sizes=\"(max-width: 793px) 100vw, 793px\" \/><\/figure>\n\n\n\n<p><strong>Alfredo Freitas \u00e9 diretor acad\u00eamico da Ambra University <\/strong>e se dedica a ajudar professores de ensino superior a se tornarem excelentes docentes via internet. Se voc\u00ea deseja <strong>empreender no magist\u00e9rio da \u00e1rea do direto, <\/strong>esse \u00e9 um perfil que precisa estar na sua rede!<br><br>Nas palavras do professor, &#8220;Comecei na \u00e1rea de tecnologia e, hoje, estou na posi\u00e7\u00e3o de educador, usando a tecnologia para eliminar a barreira geogr\u00e1fica e proporcionar uma excelente forma\u00e7\u00e3o baseada na seriedade da institui\u00e7\u00e3o de ensino, dedica\u00e7\u00e3o dos professores e compromisso dos estudantes&#8221;. Para seguir Alfredo Freitas,<a rel=\"noreferrer noopener\" href=\"https:\/\/www.linkedin.com\/in\/alfredofreitas\/\" data-type=\"URL\" data-id=\"https:\/\/www.linkedin.com\/in\/alfredofreitas\/\" target=\"_blank\"> clique aqui.<\/a><\/p>\n\n\n\n<h2>Daniel Goleman<\/h2>\n\n\n\n<figure class=\"wp-block-image size-large\"><img data-attachment-id=\"3180\" data-permalink=\"https:\/\/blog.univicosa.com.br\/index.php\/2022\/03\/15\/quero-ser-advogado-quem-devo-seguir-no-linkedin\/daniel-goleman\/\" data-orig-file=\"https:\/\/blog.univicosa.com.br\/wp-content\/uploads\/2022\/03\/Daniel-Goleman.png\" data-orig-size=\"793,479\" data-comments-opened=\"1\" data-image-meta=\"{&quot;aperture&quot;:&quot;0&quot;,&quot;credit&quot;:&quot;&quot;,&quot;camera&quot;:&quot;&quot;,&quot;caption&quot;:&quot;&quot;,&quot;created_timestamp&quot;:&quot;0&quot;,&quot;copyright&quot;:&quot;&quot;,&quot;focal_length&quot;:&quot;0&quot;,&quot;iso&quot;:&quot;0&quot;,&quot;shutter_speed&quot;:&quot;0&quot;,&quot;title&quot;:&quot;&quot;,&quot;orientation&quot;:&quot;0&quot;}\" data-image-title=\"Daniel Goleman\" data-image-description=\"\" data-medium-file=\"https:\/\/blog.univicosa.com.br\/wp-content\/uploads\/2022\/03\/Daniel-Goleman-300x181.png\" data-large-file=\"https:\/\/blog.univicosa.com.br\/wp-content\/uploads\/2022\/03\/Daniel-Goleman.png\" loading=\"lazy\" width=\"793\" height=\"479\" src=\"https:\/\/blog.univicosa.com.br\/wp-content\/uploads\/2022\/03\/Daniel-Goleman.png\" alt=\"\" class=\"wp-image-3180\" srcset=\"https:\/\/blog.univicosa.com.br\/wp-content\/uploads\/2022\/03\/Daniel-Goleman.png 793w, https:\/\/blog.univicosa.com.br\/wp-content\/uploads\/2022\/03\/Daniel-Goleman-300x180.png 300w, https:\/\/blog.univicosa.com.br\/wp-content\/uploads\/2022\/03\/Daniel-Goleman-768x464.png 768w\" sizes=\"(max-width: 793px) 100vw, 793px\" \/><\/figure>\n\n\n\n<p>O \u00faltimo perfil que separamos foi de <strong>Daniel Goleman,<\/strong> autor do best-seller <strong>Intelig\u00eancia Emocional<\/strong>, bem como de muitos outros trabalhos em intelig\u00eancia emocional e social, lideran\u00e7a e educa\u00e7\u00e3o. Daniel \u00e9 psic\u00f3logo, ex-jornalista cient\u00edfico do New York Times e codiretor do Cons\u00f3rcio para Pesquisa em Intelig\u00eancia Emocional nas Organiza\u00e7\u00f5es. Ele d\u00e1 palestras com frequ\u00eancia para o p\u00fablico profissional.<\/p>\n\n\n\n<p>Se voc\u00ea busca conhecer mais sobre<strong> prop\u00f3sito, lideran\u00e7a consciente, intelig\u00eancia emocional e desenvolvimento de lideran\u00e7a,<\/strong> n\u00e3o deixe de seguir Daniel Goleman, <a rel=\"noreferrer noopener\" href=\"https:\/\/www.linkedin.com\/in\/danielgoleman\/\" target=\"_blank\">clique aqui<\/a>.<\/p>\n\n\n\n<figure class=\"wp-block-image\"><a href=\"https:\/\/univicosa.apprbs.com.br\/blog\/\" target=\"_blank\" rel=\"noreferrer noopener\"><img data-attachment-id=\"2905\" data-permalink=\"https:\/\/blog.univicosa.com.br\/index.php\/2022\/02\/01\/5-motivos-para-fazer-nutricao-na-univicosa\/imagem-link-blog\/\" data-orig-file=\"https:\/\/blog.univicosa.com.br\/wp-content\/uploads\/2022\/02\/imagem-link-blog.png\" data-orig-size=\"677,51\" data-comments-opened=\"1\" data-image-meta=\"{&quot;aperture&quot;:&quot;0&quot;,&quot;credit&quot;:&quot;&quot;,&quot;camera&quot;:&quot;&quot;,&quot;caption&quot;:&quot;&quot;,&quot;created_timestamp&quot;:&quot;0&quot;,&quot;copyright&quot;:&quot;&quot;,&quot;focal_length&quot;:&quot;0&quot;,&quot;iso&quot;:&quot;0&quot;,&quot;shutter_speed&quot;:&quot;0&quot;,&quot;title&quot;:&quot;&quot;,&quot;orientation&quot;:&quot;0&quot;}\" data-image-title=\"imagem link blog\" data-image-description=\"\" data-medium-file=\"https:\/\/blog.univicosa.com.br\/wp-content\/uploads\/2022\/02\/imagem-link-blog-300x23.png\" data-large-file=\"https:\/\/blog.univicosa.com.br\/wp-content\/uploads\/2022\/02\/imagem-link-blog.png\" loading=\"lazy\" width=\"677\" height=\"51\" src=\"https:\/\/blog.univicosa.com.br\/wp-content\/uploads\/2022\/02\/imagem-link-blog.png\" alt=\"\" class=\"wp-image-2905\" srcset=\"https:\/\/blog.univicosa.com.br\/wp-content\/uploads\/2022\/02\/imagem-link-blog.png 677w, https:\/\/blog.univicosa.com.br\/wp-content\/uploads\/2022\/02\/imagem-link-blog-300x23.png 300w\" sizes=\"(max-width: 677px) 100vw, 677px\" \/><\/a><\/figure>\n\n\n\n<p>Claro que existem muitos outros <strong>profissionais do Direito <\/strong>que est\u00e3o no <strong>LinkedIn<\/strong>, mas n\u00e3o entraram neste post. Quer indicar algu\u00e9m? Deixa nos coment\u00e1rios! Vamos adorar ler. N\u00e3o deixe de explorar todo o potencial que essa rede social pode lhe oferecer!<\/p>\n\n\n\n<p>Ah! E se voc\u00ea quer se tornar um Advogado, n\u00e3o pode deixar de conferir tudo que o Curso de Direito da UNIVI\u00c7OSA tem para te oferecer. <a rel=\"noreferrer noopener\" href=\"https:\/\/www.univicosa.com.br\/graduacao\/cursos\/administracao\" target=\"_blank\">Clica <\/a><a rel=\"noreferrer noopener\" href=\"https:\/\/www.univicosa.com.br\/graduacao\/cursos\/direito\" data-type=\"URL\" data-id=\"https:\/\/www.univicosa.com.br\/graduacao\/cursos\/direito\" target=\"_blank\">aqui <\/a>e venha conhecer nosso site! Voc\u00ea tamb\u00e9m pode aprender mais com outros posts relacionados a seguir!<\/p>\n\n\n\n<p><a rel=\"noreferrer noopener\" href=\"https:\/\/blog.univicosa.com.br\/index.php\/2022\/02\/17\/o-perfil-do-profissional-de-direito\/\" data-type=\"URL\" data-id=\"https:\/\/blog.univicosa.com.br\/index.php\/2022\/02\/17\/o-perfil-do-profissional-de-direito\/\" target=\"_blank\">O perfil do profissional de Direito<\/a><\/p>\n\n\n\n<p><a rel=\"noreferrer noopener\" href=\"https:\/\/blog.univicosa.com.br\/index.php\/2022\/02\/08\/5-motivos-para-estudar-direito-na-univicosa\/\" data-type=\"URL\" data-id=\"https:\/\/blog.univicosa.com.br\/index.php\/2022\/02\/08\/5-motivos-para-estudar-direito-na-univicosa\/\" target=\"_blank\">5 motivos para estudar Direito na UNIVI\u00c7OSA<\/a><\/p>\n\n\n\n<p><a rel=\"noreferrer noopener\" href=\"https:\/\/blog.univicosa.com.br\/index.php\/2022\/01\/06\/saiba-tudo-sobre-o-curso-de-direito\/\" data-type=\"URL\" data-id=\"https:\/\/blog.univicosa.com.br\/index.php\/2022\/01\/06\/saiba-tudo-sobre-o-curso-de-direito\/\" target=\"_blank\">Saiba tudo sobre o curso de Direito!<\/a><\/p>\n\n\n\n<p><a href=\"https:\/\/blog.univicosa.com.br\/index.php\/2019\/10\/15\/voce-sabe-quais-sao-as-areas-do-direito\/\" data-type=\"URL\" data-id=\"https:\/\/blog.univicosa.com.br\/index.php\/2019\/10\/15\/voce-sabe-quais-sao-as-areas-do-direito\/\" target=\"_blank\" rel=\"noreferrer noopener\">Voc\u00ea sabe quais s\u00e3o as \u00e1reas do Direito?<\/a><\/p>\n","protected":false},"excerpt":{"rendered":"<p>Voc\u00ea j\u00e1 conhece o LinkedIn? Por possuir mais de 740 milh\u00f5es de membros em todo o mundo, essa ferramenta est\u00e1 repleta de profissionais de diversas \u00e1reas, e o Direito n\u00e3o fica de fora! Se voc\u00ea est\u00e1 pensando em ser advogado e procura refer\u00eancias para se inspirar, confira essa lista de profissionais do LinkedIn que n\u00f3s separamos para voc\u00ea!<\/p>\n","protected":false},"author":2,"featured_media":3184,"comment_status":"open","ping_status":"open","sticky":false,"template":"","format":"standard","meta":{"spay_email":""},"categories":[22,35,15,1],"tags":[1191,699,607,409,970,1189,1190,108,75,109,51,7,106,783,155,100,92,605,1188,1187,96,52,9],"jetpack_featured_media_url":"https:\/\/blog.univicosa.com.br\/wp-content\/uploads\/2022\/03\/Untitled-2.png","jetpack_shortlink":"https:\/\/wp.me\/pbcCKk-OS","_links":{"self":[{"href":"https:\/\/blog.univicosa.com.br\/index.php\/wp-json\/wp\/v2\/posts\/3154"}],"collection":[{"href":"https:\/\/blog.univicosa.com.br\/index.php\/wp-json\/wp\/v2\/posts"}],"about":[{"href":"https:\/\/blog.univicosa.com.br\/index.php\/wp-json\/wp\/v2\/types\/post"}],"author":[{"embeddable":true,"href":"https:\/\/blog.univicosa.com.br\/index.php\/wp-json\/wp\/v2\/users\/2"}],"replies":[{"embeddable":true,"href":"https:\/\/blog.univicosa.com.br\/index.php\/wp-json\/wp\/v2\/comments?post=3154"}],"version-history":[{"count":7,"href":"https:\/\/blog.univicosa.com.br\/index.php\/wp-json\/wp\/v2\/posts\/3154\/revisions"}],"predecessor-version":[{"id":3185,"href":"https:\/\/blog.univicosa.com.br\/index.php\/wp-json\/wp\/v2\/posts\/3154\/revisions\/3185"}],"wp:featuredmedia":[{"embeddable":true,"href":"https:\/\/blog.univicosa.com.br\/index.php\/wp-json\/wp\/v2\/media\/3184"}],"wp:attachment":[{"href":"https:\/\/blog.univicosa.com.br\/index.php\/wp-json\/wp\/v2\/media?parent=3154"}],"wp:term":[{"taxonomy":"category","embeddable":true,"href":"https:\/\/blog.univicosa.com.br\/index.php\/wp-json\/wp\/v2\/categories?post=3154"},{"taxonomy":"post_tag","embeddable":true,"href":"https:\/\/blog.univicosa.com.br\/index.php\/wp-json\/wp\/v2\/tags?post=3154"}],"curies":[{"name":"wp","href":"https:\/\/api.w.org\/{rel}","templated":true}]}}