{"id":3151,"date":"2022-03-14T14:53:18","date_gmt":"2022-03-14T17:53:18","guid":{"rendered":"https:\/\/blog.univicosa.com.br\/?p=3151"},"modified":"2022-05-20T11:10:24","modified_gmt":"2022-05-20T14:10:24","slug":"quero-ser-administrador-quem-devo-seguir-no-linkedin","status":"publish","type":"post","link":"https:\/\/blog.univicosa.com.br\/index.php\/2022\/03\/14\/quero-ser-administrador-quem-devo-seguir-no-linkedin\/","title":{"rendered":"Quero ser Administrador! Quem devo seguir no LinkedIn?"},"content":{"rendered":"\n<p>Voc\u00ea sabia que o<strong> LinkedIn <\/strong>\u00e9 uma \u00f3tima ferramenta para voc\u00ea encontrar <strong>oportunidades de est\u00e1gios, empregos<\/strong> e, principalmente, montar seu <strong>network<\/strong>? Isso porque essa \u00e9 uma rede social de neg\u00f3cios que desde 2003 re\u00fane <strong>profissionais de diversas \u00e1reas.<\/strong> Hoje s\u00e3o mais de 740 milh\u00f5es de membros em todo o mundo! Ent\u00e3o \u00e9 claro que est\u00e1 cheia de <strong>administradores de sucesso<\/strong>, cuja trajet\u00f3ria de empreendedorismo pode inspirar aqueles que est\u00e3o almejando ingressar nessa careira. Venha conferir alguns deles!<\/p>\n\n\n\n<h2>Luiza Helena Trajano<\/h2>\n\n\n\n<figure class=\"wp-block-image size-large\"><img data-attachment-id=\"3164\" data-permalink=\"https:\/\/blog.univicosa.com.br\/index.php\/2022\/03\/14\/quero-ser-administrador-quem-devo-seguir-no-linkedin\/luiza-trajano\/\" data-orig-file=\"https:\/\/blog.univicosa.com.br\/wp-content\/uploads\/2022\/03\/Luiza-Trajano.png\" data-orig-size=\"791,440\" data-comments-opened=\"1\" data-image-meta=\"{&quot;aperture&quot;:&quot;0&quot;,&quot;credit&quot;:&quot;&quot;,&quot;camera&quot;:&quot;&quot;,&quot;caption&quot;:&quot;&quot;,&quot;created_timestamp&quot;:&quot;0&quot;,&quot;copyright&quot;:&quot;&quot;,&quot;focal_length&quot;:&quot;0&quot;,&quot;iso&quot;:&quot;0&quot;,&quot;shutter_speed&quot;:&quot;0&quot;,&quot;title&quot;:&quot;&quot;,&quot;orientation&quot;:&quot;0&quot;}\" data-image-title=\"Luiza Trajano\" data-image-description=\"\" data-medium-file=\"https:\/\/blog.univicosa.com.br\/wp-content\/uploads\/2022\/03\/Luiza-Trajano-300x167.png\" data-large-file=\"https:\/\/blog.univicosa.com.br\/wp-content\/uploads\/2022\/03\/Luiza-Trajano.png\" loading=\"lazy\" width=\"791\" height=\"440\" src=\"https:\/\/blog.univicosa.com.br\/wp-content\/uploads\/2022\/03\/Luiza-Trajano.png\" alt=\"\" class=\"wp-image-3164\" srcset=\"https:\/\/blog.univicosa.com.br\/wp-content\/uploads\/2022\/03\/Luiza-Trajano.png 791w, https:\/\/blog.univicosa.com.br\/wp-content\/uploads\/2022\/03\/Luiza-Trajano-300x167.png 300w, https:\/\/blog.univicosa.com.br\/wp-content\/uploads\/2022\/03\/Luiza-Trajano-768x427.png 768w\" sizes=\"(max-width: 791px) 100vw, 791px\" \/><\/figure>\n\n\n\n<p>Se voc\u00ea gosta de se informar sobre <strong>varejo, empreendedorismo, inova\u00e7\u00e3o e criatividade<\/strong>, Luiza Helena Trajano pode ser uma \u00f3tima op\u00e7\u00e3o para seguir no LinkedIn. Ela \u00e9 presidente do Conselho de Administra\u00e7\u00e3o do <strong>Magazine Luiza<\/strong> e foi respons\u00e1vel pelo salto de inova\u00e7\u00e3o e crescimento que colocou  a rede de lojas entre as <strong>maiores varejistas do Brasil. <\/strong><\/p>\n\n\n\n<p><strong>Luiza tamb\u00e9m atua como Conselheira <\/strong>em 12 diferentes entidades, com destaque para o Instituto para Desenvolvimento do Varejo (IDV), a Federa\u00e7\u00e3o das Ind\u00fastrias do Estado de S\u00e3o Paulo (FIESP), UNICEF e Grupo Consultivo do Fundo de Popula\u00e7\u00e3o da ONU no Brasil. J\u00e1 recebeu v\u00e1rios pr\u00eamios sendo que sua influ\u00eancia nas redes sociais rendeu a primeira coloca\u00e7\u00e3o no <strong>Top Influencer do LinkedIn <\/strong>brasileiro em 2019 e o pr\u00eamio de <strong>Personalidade do Ano de 2020 pela C\u00e2mara do Comercio Brasil-EUA.<\/strong> <\/p>\n\n\n\n<p>Para seguir Luiza Helena Trajano, <a href=\"https:\/\/www.linkedin.com\/in\/luizahelenatrajano\/\" data-type=\"URL\" data-id=\"https:\/\/www.linkedin.com\/in\/luizahelenatrajano\/\" target=\"_blank\" rel=\"noreferrer noopener\">clique aqui<\/a>. <\/p>\n\n\n\n<h2>Camila Fernandez Achutti<\/h2>\n\n\n\n<figure class=\"wp-block-image size-large\"><img data-attachment-id=\"3165\" data-permalink=\"https:\/\/blog.univicosa.com.br\/index.php\/2022\/03\/14\/quero-ser-administrador-quem-devo-seguir-no-linkedin\/camila\/\" data-orig-file=\"https:\/\/blog.univicosa.com.br\/wp-content\/uploads\/2022\/03\/Camila.png\" data-orig-size=\"791,472\" data-comments-opened=\"1\" data-image-meta=\"{&quot;aperture&quot;:&quot;0&quot;,&quot;credit&quot;:&quot;&quot;,&quot;camera&quot;:&quot;&quot;,&quot;caption&quot;:&quot;&quot;,&quot;created_timestamp&quot;:&quot;0&quot;,&quot;copyright&quot;:&quot;&quot;,&quot;focal_length&quot;:&quot;0&quot;,&quot;iso&quot;:&quot;0&quot;,&quot;shutter_speed&quot;:&quot;0&quot;,&quot;title&quot;:&quot;&quot;,&quot;orientation&quot;:&quot;0&quot;}\" data-image-title=\"Camila\" data-image-description=\"\" data-medium-file=\"https:\/\/blog.univicosa.com.br\/wp-content\/uploads\/2022\/03\/Camila-300x179.png\" data-large-file=\"https:\/\/blog.univicosa.com.br\/wp-content\/uploads\/2022\/03\/Camila.png\" loading=\"lazy\" width=\"791\" height=\"472\" src=\"https:\/\/blog.univicosa.com.br\/wp-content\/uploads\/2022\/03\/Camila.png\" alt=\"\" class=\"wp-image-3165\" srcset=\"https:\/\/blog.univicosa.com.br\/wp-content\/uploads\/2022\/03\/Camila.png 791w, https:\/\/blog.univicosa.com.br\/wp-content\/uploads\/2022\/03\/Camila-300x180.png 300w, https:\/\/blog.univicosa.com.br\/wp-content\/uploads\/2022\/03\/Camila-768x458.png 768w\" sizes=\"(max-width: 791px) 100vw, 791px\" \/><\/figure>\n\n\n\n<p>Se voc\u00ea tem interesse pela \u00e1rea de <strong>Tecnologia e o Mundo Digital<\/strong>, <strong>Camila Fernandez Achutti <\/strong>pode ser uma \u00f3tima profissional a ser seguida. Ela trabalhou com grandes empresas como Google, Intel, Accenture, Ita\u00fa, Citibank Leroy Merlin, Renault, TIM e IBM. Juntou toda sua experi\u00eancia e se tornou a fundadora e CEO da <strong>Mastertech, escola de pensamento digital, \u00e1gil, l\u00f3gico e humano<\/strong>.<\/p>\n\n\n\n<p>Camila acredita que <strong>tecnologia \u00e9 sobre transforma\u00e7\u00e3o<\/strong> e faz de tudo para levar essa mensagem por onde passa! Por isso, tem atuando apresentado palestras e semin\u00e1rios, demodays e hackathons realizados nas maiores empresas do Brasil! Para seguir Camila Achutti, <a href=\"https:\/\/www.linkedin.com\/in\/camilaachutti\/\" data-type=\"URL\" data-id=\"https:\/\/www.linkedin.com\/in\/camilaachutti\/\" target=\"_blank\" rel=\"noreferrer noopener\">clique aqui.<\/a><\/p>\n\n\n\n<figure class=\"wp-block-image size-large\"><a href=\"https:\/\/univicosa.apprbs.com.br\/blog\/\" target=\"_blank\" rel=\"noopener\"><img data-attachment-id=\"2905\" data-permalink=\"https:\/\/blog.univicosa.com.br\/index.php\/2022\/02\/01\/5-motivos-para-fazer-nutricao-na-univicosa\/imagem-link-blog\/\" data-orig-file=\"https:\/\/blog.univicosa.com.br\/wp-content\/uploads\/2022\/02\/imagem-link-blog.png\" data-orig-size=\"677,51\" data-comments-opened=\"1\" data-image-meta=\"{&quot;aperture&quot;:&quot;0&quot;,&quot;credit&quot;:&quot;&quot;,&quot;camera&quot;:&quot;&quot;,&quot;caption&quot;:&quot;&quot;,&quot;created_timestamp&quot;:&quot;0&quot;,&quot;copyright&quot;:&quot;&quot;,&quot;focal_length&quot;:&quot;0&quot;,&quot;iso&quot;:&quot;0&quot;,&quot;shutter_speed&quot;:&quot;0&quot;,&quot;title&quot;:&quot;&quot;,&quot;orientation&quot;:&quot;0&quot;}\" data-image-title=\"imagem link blog\" data-image-description=\"\" data-medium-file=\"https:\/\/blog.univicosa.com.br\/wp-content\/uploads\/2022\/02\/imagem-link-blog-300x23.png\" data-large-file=\"https:\/\/blog.univicosa.com.br\/wp-content\/uploads\/2022\/02\/imagem-link-blog.png\" loading=\"lazy\" width=\"677\" height=\"51\" src=\"https:\/\/blog.univicosa.com.br\/wp-content\/uploads\/2022\/02\/imagem-link-blog.png\" alt=\"\" class=\"wp-image-2905\" srcset=\"https:\/\/blog.univicosa.com.br\/wp-content\/uploads\/2022\/02\/imagem-link-blog.png 677w, https:\/\/blog.univicosa.com.br\/wp-content\/uploads\/2022\/02\/imagem-link-blog-300x23.png 300w\" sizes=\"(max-width: 677px) 100vw, 677px\" \/><\/a><\/figure>\n\n\n\n<h2>Cezar Taurion<\/h2>\n\n\n\n<figure class=\"wp-block-image size-large\"><img data-attachment-id=\"3167\" data-permalink=\"https:\/\/blog.univicosa.com.br\/index.php\/2022\/03\/14\/quero-ser-administrador-quem-devo-seguir-no-linkedin\/cesar\/\" data-orig-file=\"https:\/\/blog.univicosa.com.br\/wp-content\/uploads\/2022\/03\/cesar.png\" data-orig-size=\"792,451\" data-comments-opened=\"1\" data-image-meta=\"{&quot;aperture&quot;:&quot;0&quot;,&quot;credit&quot;:&quot;&quot;,&quot;camera&quot;:&quot;&quot;,&quot;caption&quot;:&quot;&quot;,&quot;created_timestamp&quot;:&quot;0&quot;,&quot;copyright&quot;:&quot;&quot;,&quot;focal_length&quot;:&quot;0&quot;,&quot;iso&quot;:&quot;0&quot;,&quot;shutter_speed&quot;:&quot;0&quot;,&quot;title&quot;:&quot;&quot;,&quot;orientation&quot;:&quot;0&quot;}\" data-image-title=\"cesar\" data-image-description=\"\" data-medium-file=\"https:\/\/blog.univicosa.com.br\/wp-content\/uploads\/2022\/03\/cesar-300x171.png\" data-large-file=\"https:\/\/blog.univicosa.com.br\/wp-content\/uploads\/2022\/03\/cesar.png\" loading=\"lazy\" width=\"792\" height=\"451\" src=\"https:\/\/blog.univicosa.com.br\/wp-content\/uploads\/2022\/03\/cesar.png\" alt=\"\" class=\"wp-image-3167\" srcset=\"https:\/\/blog.univicosa.com.br\/wp-content\/uploads\/2022\/03\/cesar.png 792w, https:\/\/blog.univicosa.com.br\/wp-content\/uploads\/2022\/03\/cesar-300x171.png 300w, https:\/\/blog.univicosa.com.br\/wp-content\/uploads\/2022\/03\/cesar-768x437.png 768w\" sizes=\"(max-width: 792px) 100vw, 792px\" \/><\/figure>\n\n\n\n<p>Voc\u00ea sabe o que \u00e9 um <strong>investidor anjo<\/strong>? Normalmente trata-se de um empres\u00e1rio, empreendedor ou executivo que j\u00e1 trilhou uma carreira de sucesso, acumulando recursos suficientes para alocar uma parte (em geral entre 5% a 10% do seu patrim\u00f4nio) para investir em novas empresas, bem como aplicar sua experi\u00eancia apoiando a empresa. <\/p>\n\n\n\n<p>Essa \u00e9 a proposta da <strong>KICK Ventures<\/strong>, que foi fundada para alavancar <strong>cultura de inova\u00e7\u00e3o, sindicato de investidores anjo qualificados, parcerias de empreendimentos corporativos e StartUps<\/strong> com foco em empresas p\u00f3s-aceleradas, early stage e mid-stage que oferecem portf\u00f3lio especial, market fit e pensam sua solu\u00e7\u00e3o de neg\u00f3cios globalmente &#8211; mercados B2B e B2C. <\/p>\n\n\n\n<p>Se essa ideia te chamou aten\u00e7\u00e3o, siga o S\u00f3cio de Transforma\u00e7\u00e3o Digital e Economia da <strong>KICK Ventures<\/strong>, Cezar Taurion <a href=\"https:\/\/www.linkedin.com\/in\/ctaurion\/\" data-type=\"URL\" data-id=\"https:\/\/www.linkedin.com\/in\/ctaurion\/\" target=\"_blank\" rel=\"noreferrer noopener\">clicando aqui.<\/a><\/p>\n\n\n\n<h2>Andr\u00e9 Forastieri<\/h2>\n\n\n\n<figure class=\"wp-block-image size-large\"><img data-attachment-id=\"3168\" data-permalink=\"https:\/\/blog.univicosa.com.br\/index.php\/2022\/03\/14\/quero-ser-administrador-quem-devo-seguir-no-linkedin\/capturar\/\" data-orig-file=\"https:\/\/blog.univicosa.com.br\/wp-content\/uploads\/2022\/03\/Capturar.png\" data-orig-size=\"794,551\" data-comments-opened=\"1\" data-image-meta=\"{&quot;aperture&quot;:&quot;0&quot;,&quot;credit&quot;:&quot;&quot;,&quot;camera&quot;:&quot;&quot;,&quot;caption&quot;:&quot;&quot;,&quot;created_timestamp&quot;:&quot;0&quot;,&quot;copyright&quot;:&quot;&quot;,&quot;focal_length&quot;:&quot;0&quot;,&quot;iso&quot;:&quot;0&quot;,&quot;shutter_speed&quot;:&quot;0&quot;,&quot;title&quot;:&quot;&quot;,&quot;orientation&quot;:&quot;0&quot;}\" data-image-title=\"Capturar\" data-image-description=\"\" data-medium-file=\"https:\/\/blog.univicosa.com.br\/wp-content\/uploads\/2022\/03\/Capturar-300x208.png\" data-large-file=\"https:\/\/blog.univicosa.com.br\/wp-content\/uploads\/2022\/03\/Capturar.png\" loading=\"lazy\" width=\"794\" height=\"551\" src=\"https:\/\/blog.univicosa.com.br\/wp-content\/uploads\/2022\/03\/Capturar.png\" alt=\"\" class=\"wp-image-3168\" srcset=\"https:\/\/blog.univicosa.com.br\/wp-content\/uploads\/2022\/03\/Capturar.png 794w, https:\/\/blog.univicosa.com.br\/wp-content\/uploads\/2022\/03\/Capturar-300x208.png 300w, https:\/\/blog.univicosa.com.br\/wp-content\/uploads\/2022\/03\/Capturar-768x533.png 768w\" sizes=\"(max-width: 794px) 100vw, 794px\" \/><\/figure>\n\n\n\n<p>Por fim, se voc\u00ea tem interesse em saber mais sobre <strong>a nova tend\u00eancia do HomeOffice,<\/strong> t\u00e3o promovida nos tempos de <strong>pandemia do Covid-19<\/strong>, um perfil que voc\u00ea n\u00e3o pode deixar de seguir \u00e9 o de <strong>Andr\u00e9 Forastieri<\/strong>, fundador da <strong>Homework: seu trabalho mais inteligente.<\/strong><\/p>\n\n\n\n<p>Andr\u00e9 utiliza <strong>as redes sociais, como ferramenta para dar Consultorias<\/strong> que visam ajudar organiza\u00e7\u00f5es a se <strong>comunicar melhor<\/strong>, usando as <strong>plataformas digitais <\/strong>e<strong> principalmente o LinkedIn<\/strong> &#8211; seja com seus pr\u00f3prios colaboradores, com potenciais clientes e investidores, com o mercado e com a sociedade. Se voc\u00ea quer conhecer melhor esse trabalho, siga<strong> Andr\u00e9 Forastieri <\/strong><a href=\"https:\/\/www.linkedin.com\/in\/andreforastieri\/\" data-type=\"URL\" data-id=\"https:\/\/www.linkedin.com\/in\/andreforastieri\/\" target=\"_blank\" rel=\"noreferrer noopener\">clicando aqui. <\/a><\/p>\n\n\n\n<figure class=\"wp-block-image size-large\"><a href=\"https:\/\/univicosa.apprbs.com.br\/blog\/\" target=\"_blank\" rel=\"noopener\"><img data-attachment-id=\"2905\" data-permalink=\"https:\/\/blog.univicosa.com.br\/index.php\/2022\/02\/01\/5-motivos-para-fazer-nutricao-na-univicosa\/imagem-link-blog\/\" data-orig-file=\"https:\/\/blog.univicosa.com.br\/wp-content\/uploads\/2022\/02\/imagem-link-blog.png\" data-orig-size=\"677,51\" data-comments-opened=\"1\" data-image-meta=\"{&quot;aperture&quot;:&quot;0&quot;,&quot;credit&quot;:&quot;&quot;,&quot;camera&quot;:&quot;&quot;,&quot;caption&quot;:&quot;&quot;,&quot;created_timestamp&quot;:&quot;0&quot;,&quot;copyright&quot;:&quot;&quot;,&quot;focal_length&quot;:&quot;0&quot;,&quot;iso&quot;:&quot;0&quot;,&quot;shutter_speed&quot;:&quot;0&quot;,&quot;title&quot;:&quot;&quot;,&quot;orientation&quot;:&quot;0&quot;}\" data-image-title=\"imagem link blog\" data-image-description=\"\" data-medium-file=\"https:\/\/blog.univicosa.com.br\/wp-content\/uploads\/2022\/02\/imagem-link-blog-300x23.png\" data-large-file=\"https:\/\/blog.univicosa.com.br\/wp-content\/uploads\/2022\/02\/imagem-link-blog.png\" loading=\"lazy\" width=\"677\" height=\"51\" src=\"https:\/\/blog.univicosa.com.br\/wp-content\/uploads\/2022\/02\/imagem-link-blog.png\" alt=\"\" class=\"wp-image-2905\" srcset=\"https:\/\/blog.univicosa.com.br\/wp-content\/uploads\/2022\/02\/imagem-link-blog.png 677w, https:\/\/blog.univicosa.com.br\/wp-content\/uploads\/2022\/02\/imagem-link-blog-300x23.png 300w\" sizes=\"(max-width: 677px) 100vw, 677px\" \/><\/a><\/figure>\n\n\n\n<p>Claro que existem muitos outros profissionais da Administra\u00e7\u00e3o que n\u00e3o entraram neste post, mas que tamb\u00e9m est\u00e3o no LinkedIn. N\u00e3o deixe de explorar todo o potencial que essa rede social pode lhe oferecer! <\/p>\n\n\n\n<p>Ah! E se voc\u00ea quer se tornar um Administrador, n\u00e3o pode deixar de conferir tudo que o Curso de Administra\u00e7\u00e3o da UNIVI\u00c7OSA tem para te oferecer. <a rel=\"noreferrer noopener\" href=\"https:\/\/www.univicosa.com.br\/graduacao\/cursos\/administracao\" data-type=\"URL\" data-id=\"https:\/\/www.univicosa.com.br\/graduacao\/cursos\/administracao\" target=\"_blank\">Clica aqui <\/a>e venha conhecer nosso site! Voc\u00ea tamb\u00e9m pode aprender mais com outros posts relacionados a seguir!<\/p>\n\n\n\n<p><a rel=\"noreferrer noopener\" href=\"https:\/\/blog.univicosa.com.br\/index.php\/2022\/02\/11\/o-perfil-do-profissional-de-administracao\/\" data-type=\"URL\" data-id=\"https:\/\/blog.univicosa.com.br\/index.php\/2022\/02\/11\/o-perfil-do-profissional-de-administracao\/\" target=\"_blank\">O Perfil do Profissional de Administra\u00e7\u00e3o<\/a><\/p>\n\n\n\n<p><a rel=\"noreferrer noopener\" href=\"https:\/\/blog.univicosa.com.br\/index.php\/2022\/02\/03\/5-motivos-para-estudar-administracao-na-univicosa\/\" data-type=\"URL\" data-id=\"https:\/\/blog.univicosa.com.br\/index.php\/2022\/02\/03\/5-motivos-para-estudar-administracao-na-univicosa\/\" target=\"_blank\">5 motivos para estudar Administra\u00e7\u00e3o na UNIVI\u00c7OSA<\/a><\/p>\n\n\n\n<p><a rel=\"noreferrer noopener\" href=\"https:\/\/blog.univicosa.com.br\/index.php\/2022\/01\/03\/saiba-tudo-sobre-o-curso-de-administracao\/\" data-type=\"URL\" data-id=\"https:\/\/blog.univicosa.com.br\/index.php\/2022\/01\/03\/saiba-tudo-sobre-o-curso-de-administracao\/\" target=\"_blank\">Saiba tudo sobre o curso de Administra\u00e7\u00e3o!<\/a><\/p>\n\n\n\n<p><a rel=\"noreferrer noopener\" href=\"https:\/\/blog.univicosa.com.br\/index.php\/2020\/07\/31\/funcoes-administrativas-pilares-importantes-para-sua-empresa\/\" data-type=\"URL\" data-id=\"https:\/\/blog.univicosa.com.br\/index.php\/2020\/07\/31\/funcoes-administrativas-pilares-importantes-para-sua-empresa\/\" target=\"_blank\">Fun\u00e7\u00f5es administrativas: pilares importantes que todos aspirantes \u00e0 Administra\u00e7\u00e3o precisam conhecer<\/a><\/p>\n\n\n\n<p><a rel=\"noreferrer noopener\" href=\"https:\/\/blog.univicosa.com.br\/index.php\/2020\/07\/23\/10-curiosidades-sobre-a-carreira-em-administracao\/\" data-type=\"URL\" data-id=\"https:\/\/blog.univicosa.com.br\/index.php\/2020\/07\/23\/10-curiosidades-sobre-a-carreira-em-administracao\/\" target=\"_blank\">10 curiosidades sobre a carreira em Administra\u00e7\u00e3o<\/a><\/p>\n\n\n\n<p><a href=\"https:\/\/blog.univicosa.com.br\/index.php\/2019\/07\/08\/caracteristicas-do-curso-e-carreira-em-administracao\/\" data-type=\"URL\" data-id=\"https:\/\/blog.univicosa.com.br\/index.php\/2019\/07\/08\/caracteristicas-do-curso-e-carreira-em-administracao\/\" target=\"_blank\" rel=\"noreferrer noopener\">Caracter\u00edsticas do curso e carreira em Administra\u00e7\u00e3o<\/a><\/p>\n","protected":false},"excerpt":{"rendered":"<p>O LinkedIn est\u00e1 cheio de administradores de sucesso, cuja trajet\u00f3ria de empreendedorismo pode inspirar aqueles que est\u00e3o almejando ingressar nessa careira. Venha conferir alguns deles!<\/p>\n","protected":false},"author":2,"featured_media":3169,"comment_status":"open","ping_status":"open","sticky":false,"template":"","format":"standard","meta":{"spay_email":""},"categories":[33,22,15,1],"tags":[4,699,108,1152,51,783,1158,100,92,1157,107,1156,1153,1151,605,1154,1155,96,52,9],"jetpack_featured_media_url":"https:\/\/blog.univicosa.com.br\/wp-content\/uploads\/2022\/03\/Untitled-1-1.png","jetpack_shortlink":"https:\/\/wp.me\/pbcCKk-OP","_links":{"self":[{"href":"https:\/\/blog.univicosa.com.br\/index.php\/wp-json\/wp\/v2\/posts\/3151"}],"collection":[{"href":"https:\/\/blog.univicosa.com.br\/index.php\/wp-json\/wp\/v2\/posts"}],"about":[{"href":"https:\/\/blog.univicosa.com.br\/index.php\/wp-json\/wp\/v2\/types\/post"}],"author":[{"embeddable":true,"href":"https:\/\/blog.univicosa.com.br\/index.php\/wp-json\/wp\/v2\/users\/2"}],"replies":[{"embeddable":true,"href":"https:\/\/blog.univicosa.com.br\/index.php\/wp-json\/wp\/v2\/comments?post=3151"}],"version-history":[{"count":4,"href":"https:\/\/blog.univicosa.com.br\/index.php\/wp-json\/wp\/v2\/posts\/3151\/revisions"}],"predecessor-version":[{"id":3171,"href":"https:\/\/blog.univicosa.com.br\/index.php\/wp-json\/wp\/v2\/posts\/3151\/revisions\/3171"}],"wp:featuredmedia":[{"embeddable":true,"href":"https:\/\/blog.univicosa.com.br\/index.php\/wp-json\/wp\/v2\/media\/3169"}],"wp:attachment":[{"href":"https:\/\/blog.univicosa.com.br\/index.php\/wp-json\/wp\/v2\/media?parent=3151"}],"wp:term":[{"taxonomy":"category","embeddable":true,"href":"https:\/\/blog.univicosa.com.br\/index.php\/wp-json\/wp\/v2\/categories?post=3151"},{"taxonomy":"post_tag","embeddable":true,"href":"https:\/\/blog.univicosa.com.br\/index.php\/wp-json\/wp\/v2\/tags?post=3151"}],"curies":[{"name":"wp","href":"https:\/\/api.w.org\/{rel}","templated":true}]}}