{"id":3143,"date":"2022-03-10T11:17:15","date_gmt":"2022-03-10T14:17:15","guid":{"rendered":"https:\/\/blog.univicosa.com.br\/?p=3143"},"modified":"2022-05-20T11:10:37","modified_gmt":"2022-05-20T14:10:37","slug":"o-perfil-do-profissional-de-odontologia","status":"publish","type":"post","link":"https:\/\/blog.univicosa.com.br\/index.php\/2022\/03\/10\/o-perfil-do-profissional-de-odontologia\/","title":{"rendered":"O Perfil do Profissional de Odontologia"},"content":{"rendered":"\n<p>A<strong> rotina do Profissional em Odontologia <\/strong>engloba trabalhar em prol da sa\u00fade bucal das pessoas, com preven\u00e7\u00e3o, diagn\u00f3stico e tratamento de diferentes problemas, atendendo desde casos simples at\u00e9 situa\u00e7\u00f5es mais complexas.  Quais <strong>caracter\u00edsticas o profissional da Odontologia<\/strong> deve ter para ser bem-sucedido? A gente vai contar tudo!<br><\/p>\n\n\n\n<figure class=\"wp-block-image size-large\"><img data-attachment-id=\"3144\" data-permalink=\"https:\/\/blog.univicosa.com.br\/index.php\/2022\/03\/10\/o-perfil-do-profissional-de-odontologia\/untitled-1-14\/\" data-orig-file=\"https:\/\/blog.univicosa.com.br\/wp-content\/uploads\/2022\/03\/Untitled-1.png\" data-orig-size=\"850,510\" data-comments-opened=\"1\" data-image-meta=\"{&quot;aperture&quot;:&quot;0&quot;,&quot;credit&quot;:&quot;&quot;,&quot;camera&quot;:&quot;&quot;,&quot;caption&quot;:&quot;&quot;,&quot;created_timestamp&quot;:&quot;0&quot;,&quot;copyright&quot;:&quot;&quot;,&quot;focal_length&quot;:&quot;0&quot;,&quot;iso&quot;:&quot;0&quot;,&quot;shutter_speed&quot;:&quot;0&quot;,&quot;title&quot;:&quot;&quot;,&quot;orientation&quot;:&quot;0&quot;}\" data-image-title=\"Untitled-1\" data-image-description=\"\" data-medium-file=\"https:\/\/blog.univicosa.com.br\/wp-content\/uploads\/2022\/03\/Untitled-1-300x180.png\" data-large-file=\"https:\/\/blog.univicosa.com.br\/wp-content\/uploads\/2022\/03\/Untitled-1.png\" loading=\"lazy\" width=\"850\" height=\"510\" src=\"https:\/\/blog.univicosa.com.br\/wp-content\/uploads\/2022\/03\/Untitled-1.png\" alt=\"\" class=\"wp-image-3144\" srcset=\"https:\/\/blog.univicosa.com.br\/wp-content\/uploads\/2022\/03\/Untitled-1.png 850w, https:\/\/blog.univicosa.com.br\/wp-content\/uploads\/2022\/03\/Untitled-1-300x180.png 300w, https:\/\/blog.univicosa.com.br\/wp-content\/uploads\/2022\/03\/Untitled-1-768x461.png 768w\" sizes=\"(max-width: 850px) 100vw, 850px\" \/><\/figure>\n\n\n\n<p>Se <strong>voc\u00ea pretende fazer gradua\u00e7\u00e3o nessa \u00e1rea<\/strong>, deve saber que o curso tem <strong>dura\u00e7\u00e3o aproximada de 5 anos<\/strong> (10 per\u00edodos), e, por fazer parte da \u00e1rea de <strong>Ci\u00eancias da Sa\u00fade, <\/strong>espera-se que voc\u00ea tenha aptid\u00e3o e goste de estudar disciplinas como Anatomia, Fisiologia, Biologia, Histologia, entre outras, al\u00e9m das espec\u00edficas de odontologia, claro! E voc\u00ea tamb\u00e9m poder\u00e1 estudar disciplinas diversas, como bio\u00e9tica, comunica\u00e7\u00e3o e ingl\u00eas por exemplo. Veja a <a rel=\"noreferrer noopener\" href=\"https:\/\/www.univicosa.com.br\/graduacao\/cursos\/odontologia\/grade-curricular\" data-type=\"URL\" data-id=\"https:\/\/www.univicosa.com.br\/graduacao\/cursos\/odontologia\/grade-curricular\" target=\"_blank\">matriz curricular aqui<\/a>.<\/p>\n\n\n\n<figure class=\"wp-block-image size-large\"><a href=\"https:\/\/univicosa.apprbs.com.br\/blog\/\" target=\"_blank\" rel=\"noopener\"><img data-attachment-id=\"2905\" data-permalink=\"https:\/\/blog.univicosa.com.br\/index.php\/2022\/02\/01\/5-motivos-para-fazer-nutricao-na-univicosa\/imagem-link-blog\/\" data-orig-file=\"https:\/\/blog.univicosa.com.br\/wp-content\/uploads\/2022\/02\/imagem-link-blog.png\" data-orig-size=\"677,51\" data-comments-opened=\"1\" data-image-meta=\"{&quot;aperture&quot;:&quot;0&quot;,&quot;credit&quot;:&quot;&quot;,&quot;camera&quot;:&quot;&quot;,&quot;caption&quot;:&quot;&quot;,&quot;created_timestamp&quot;:&quot;0&quot;,&quot;copyright&quot;:&quot;&quot;,&quot;focal_length&quot;:&quot;0&quot;,&quot;iso&quot;:&quot;0&quot;,&quot;shutter_speed&quot;:&quot;0&quot;,&quot;title&quot;:&quot;&quot;,&quot;orientation&quot;:&quot;0&quot;}\" data-image-title=\"imagem link blog\" data-image-description=\"\" data-medium-file=\"https:\/\/blog.univicosa.com.br\/wp-content\/uploads\/2022\/02\/imagem-link-blog-300x23.png\" data-large-file=\"https:\/\/blog.univicosa.com.br\/wp-content\/uploads\/2022\/02\/imagem-link-blog.png\" loading=\"lazy\" width=\"677\" height=\"51\" src=\"https:\/\/blog.univicosa.com.br\/wp-content\/uploads\/2022\/02\/imagem-link-blog.png\" alt=\"\" class=\"wp-image-2905\" srcset=\"https:\/\/blog.univicosa.com.br\/wp-content\/uploads\/2022\/02\/imagem-link-blog.png 677w, https:\/\/blog.univicosa.com.br\/wp-content\/uploads\/2022\/02\/imagem-link-blog-300x23.png 300w\" sizes=\"(max-width: 677px) 100vw, 677px\" \/><\/a><\/figure>\n\n\n\n<p>Para ter <strong>sucesso <\/strong>em qualquer carreira, \u00e9 preciso <strong>saber cuidar bem do pr\u00f3ximo<\/strong> e <strong>ficar atento ao desenvolvimento tecnol\u00f3gico<\/strong>. Ainda mais em odontologia, em que a cada ano surgem novos aparelhos e a\u00e7\u00f5es para melhorar a qualidade dos tratamentos. Tamb\u00e9m \u00e9 importante <strong>sempre se atualizar,<\/strong> fazer cursos de especializa\u00e7\u00e3o e participar de eventos que apontam as <strong>principais novidades do setor<\/strong>. Al\u00e9m disso, h\u00e1 outros atributos que se espera dos cirurgi\u00f5es-dentistas. Preparamos uma lista com seis caracter\u00edsticas comuns aos profissionais de Odontologia: <\/p>\n\n\n\n<ul><li><strong>Empatia<\/strong>: a capacidade de compreender os estados emocionais das outras pessoas, ou seja, se colocar no lugar do paciente para entender uma determinada situa\u00e7\u00e3o ou o contexto que o levou a um quadro cl\u00ednico espec\u00edfico \u00e9 primordial. <\/li><li><strong>Comunica\u00e7\u00e3o<\/strong>: essa carreira requer que o profissional lide com os pacientes, ajudando as pessoas a terem menos medo do consult\u00f3rio odontol\u00f3gico e a participarem ativamente dos tratamentos de recupera\u00e7\u00e3o da sa\u00fade oral. A comunica\u00e7\u00e3o tamb\u00e9m ajuda a superar barreiras pessoais e \u00e9 um componente crucial para desenvolver rela\u00e7\u00f5es com colegas de trabalho, ampliando o networking (a rede de contatos profissionais) e abrindo portas para a maior empregabilidade nesse setor.<\/li><li><strong>Autoconfian\u00e7a<\/strong>: o futuro cirurgi\u00e3o-dentista deve estar seguro sobre o seu conhecimento e sobre a expertise no tratamento de problemas bucais. A rela\u00e7\u00e3o de autoconfian\u00e7a \u00e9 essencial para passar a seguran\u00e7a necess\u00e1ria para o paciente confiar no profissional. Al\u00e9m disso, um estudante de Odontologia com autoconfian\u00e7a tem facilidade para se dedicar \u00e0s disciplinas e \u00e0s provas durante o curso. <\/li><li><strong>Racioc\u00ednio l\u00f3gico<\/strong>: Nem sempre os estudantes relacionam o racioc\u00ednio l\u00f3gico ao perfil ideal do graduando em Odontologia, mas a verdade \u00e9 que essa caracter\u00edstica ajuda a ter um bom desempenho no curso. Essa caracter\u00edstica permite pensar nas situa\u00e7\u00f5es a partir de determinados paradigmas ou modelos (como a dedu\u00e7\u00e3o e a indu\u00e7\u00e3o), que ajudam a chegar \u00e0 resolu\u00e7\u00e3o dos problemas mais rapidamente. <\/li><li><strong>Concentra\u00e7\u00e3o<\/strong>: Essa \u00e9 uma caracter\u00edstica necess\u00e1ria n\u00e3o apenas para o curso de Odontologia, mas para todos aqueles que querem se desenvolver profissional e academicamente, pois \u00e9 preciso ter muita concentra\u00e7\u00e3o para assistir \u00e0s aulas e participar dos projetos de pesquisa e de extens\u00e3o na faculdade, deixando de lado ou dando menos prioridade a aspectos que podem desviar o seu foco e o seu objetivo no ensino superior.<\/li><li><strong>Disciplina<\/strong>: Concentra\u00e7\u00e3o e disciplina s\u00e3o caracter\u00edsticas intimamente ligadas, motivo pelo qual definem o perfil ideal do estudante de Odontologia. Nesse curso, que prepara o jovem para o mercado de trabalho, \u00e9 necess\u00e1rio estipular metas, sendo ass\u00edduo nas disciplinas para n\u00e3o acumular conte\u00fado e se prejudicar nas avalia\u00e7\u00f5es semestrais. Uma dica valiosa \u00e9 construir cronogramas e usar agendas ou <em>planners<\/em> para definir objetivos claros e marcar datas e compromissos importantes ao longo do semestre. Essa pr\u00e1tica controla imprevistos e aumenta o senso de responsabilidade com a pr\u00f3pria forma\u00e7\u00e3o profissional.<\/li><\/ul>\n\n\n\n<figure class=\"wp-block-image size-large\"><a href=\"https:\/\/univicosa.apprbs.com.br\/blog\/\" target=\"_blank\" rel=\"noopener\"><img data-attachment-id=\"2905\" data-permalink=\"https:\/\/blog.univicosa.com.br\/index.php\/2022\/02\/01\/5-motivos-para-fazer-nutricao-na-univicosa\/imagem-link-blog\/\" data-orig-file=\"https:\/\/blog.univicosa.com.br\/wp-content\/uploads\/2022\/02\/imagem-link-blog.png\" data-orig-size=\"677,51\" data-comments-opened=\"1\" data-image-meta=\"{&quot;aperture&quot;:&quot;0&quot;,&quot;credit&quot;:&quot;&quot;,&quot;camera&quot;:&quot;&quot;,&quot;caption&quot;:&quot;&quot;,&quot;created_timestamp&quot;:&quot;0&quot;,&quot;copyright&quot;:&quot;&quot;,&quot;focal_length&quot;:&quot;0&quot;,&quot;iso&quot;:&quot;0&quot;,&quot;shutter_speed&quot;:&quot;0&quot;,&quot;title&quot;:&quot;&quot;,&quot;orientation&quot;:&quot;0&quot;}\" data-image-title=\"imagem link blog\" data-image-description=\"\" data-medium-file=\"https:\/\/blog.univicosa.com.br\/wp-content\/uploads\/2022\/02\/imagem-link-blog-300x23.png\" data-large-file=\"https:\/\/blog.univicosa.com.br\/wp-content\/uploads\/2022\/02\/imagem-link-blog.png\" loading=\"lazy\" width=\"677\" height=\"51\" src=\"https:\/\/blog.univicosa.com.br\/wp-content\/uploads\/2022\/02\/imagem-link-blog.png\" alt=\"\" class=\"wp-image-2905\" srcset=\"https:\/\/blog.univicosa.com.br\/wp-content\/uploads\/2022\/02\/imagem-link-blog.png 677w, https:\/\/blog.univicosa.com.br\/wp-content\/uploads\/2022\/02\/imagem-link-blog-300x23.png 300w\" sizes=\"(max-width: 677px) 100vw, 677px\" \/><\/a><\/figure>\n\n\n\n<p>Gostou? O objetivo do curso de Odontologia da UNIVI\u00c7OSA \u00e9 capacitar profissionais para identificar, prevenir e tratar doen\u00e7as da boca, dentes, gengivas e ossos da face, oferecendo estrutura moderna e de qualidade, com professores especializados. Quer saber mais? J\u00e1 separamos outros posts do blog sobre a \u00e1rea! Voc\u00ea tamb\u00e9m pode conhecer mais sobre o Curso de Odontologia da UNIVI\u00c7OSA no nosso <a rel=\"noreferrer noopener\" href=\"https:\/\/www.univicosa.com.br\/graduacao\/cursos\/odontologia\" data-type=\"URL\" data-id=\"https:\/\/www.univicosa.com.br\/graduacao\/cursos\/odontologia\" target=\"_blank\">site<\/a>.<\/p>\n\n\n\n<p><a rel=\"noreferrer noopener\" href=\"https:\/\/blog.univicosa.com.br\/index.php\/2022\/02\/02\/5-motivos-para-estudar-odontologia-na-univicosa\/\" data-type=\"URL\" data-id=\"https:\/\/blog.univicosa.com.br\/index.php\/2022\/02\/02\/5-motivos-para-estudar-odontologia-na-univicosa\/\" target=\"_blank\">5 motivos para estudar Odontologia na UNIVI\u00c7OSA<\/a><\/p>\n\n\n\n<p><a rel=\"noreferrer noopener\" href=\"https:\/\/blog.univicosa.com.br\/index.php\/2022\/01\/11\/saiba-tudo-sobre-o-curso-de-odontologia\/\" data-type=\"URL\" data-id=\"https:\/\/blog.univicosa.com.br\/index.php\/2022\/01\/11\/saiba-tudo-sobre-o-curso-de-odontologia\/\" target=\"_blank\">Saiba tudo sobre o curso de Odontologia!<\/a><\/p>\n\n\n\n<p><a rel=\"noreferrer noopener\" href=\"https:\/\/blog.univicosa.com.br\/index.php\/2021\/09\/13\/pesquisa-sobre-mercado-de-trabalho-regional-saiba-quais-sao-os-cursos-superiores-que-estao-em-alta\/\" data-type=\"URL\" data-id=\"https:\/\/blog.univicosa.com.br\/index.php\/2021\/09\/13\/pesquisa-sobre-mercado-de-trabalho-regional-saiba-quais-sao-os-cursos-superiores-que-estao-em-alta\/\" target=\"_blank\">Pesquisa sobre mercado de trabalho regional: saiba quais s\u00e3o os cursos superiores que est\u00e3o em alta<\/a><\/p>\n\n\n\n<p><a rel=\"noreferrer noopener\" href=\"https:\/\/blog.univicosa.com.br\/index.php\/2021\/09\/13\/univicosa-entenda-por-que-voce-deve-escolher-a-nossa-instituicao\/\" data-type=\"URL\" data-id=\"https:\/\/blog.univicosa.com.br\/index.php\/2021\/09\/13\/univicosa-entenda-por-que-voce-deve-escolher-a-nossa-instituicao\/\" target=\"_blank\">UNIVI\u00c7OSA: entenda por que voc\u00ea deve escolher a nossa institui\u00e7\u00e3o<\/a><\/p>\n\n\n\n<p><a rel=\"noreferrer noopener\" href=\"https:\/\/blog.univicosa.com.br\/index.php\/2021\/09\/11\/cursos-superiores-que-mais-empregam-na-regiao-e-no-pais\/\" data-type=\"URL\" data-id=\"https:\/\/blog.univicosa.com.br\/index.php\/2021\/09\/11\/cursos-superiores-que-mais-empregam-na-regiao-e-no-pais\/\" target=\"_blank\">Cursos superiores que mais empregam na regi\u00e3o e no pa\u00eds!<\/a><\/p>\n\n\n\n<p><a href=\"https:\/\/blog.univicosa.com.br\/index.php\/2021\/01\/20\/eu-sou-do-time-ciencias-da-saude-eu-sou-univicosa\/\" data-type=\"URL\" data-id=\"https:\/\/blog.univicosa.com.br\/index.php\/2021\/01\/20\/eu-sou-do-time-ciencias-da-saude-eu-sou-univicosa\/\" target=\"_blank\" rel=\"noreferrer noopener\">Eu sou do time Ci\u00eancias da Sa\u00fade, eu sou #UNIVI\u00c7OSA<\/a><\/p>\n","protected":false},"excerpt":{"rendered":"<p>A rotina do Profissional em Odontologia engloba trabalhar em prol da sa\u00fade bucal das pessoas, com preven\u00e7\u00e3o, diagn\u00f3stico e tratamento de diferentes problemas, atendendo desde casos simples at\u00e9 situa\u00e7\u00f5es mais complexas.  Quais caracter\u00edsticas o profissional da Odontologia deve ter para ser bem-sucedido? A gente vai contar tudo!<\/p>\n","protected":false},"author":2,"featured_media":3144,"comment_status":"open","ping_status":"open","sticky":false,"template":"","format":"standard","meta":{"spay_email":""},"categories":[22,44,1],"tags":[699,409,970,108,1207,311,51,7,783,100,92,862,1204,1205,1206,96,9],"jetpack_featured_media_url":"https:\/\/blog.univicosa.com.br\/wp-content\/uploads\/2022\/03\/Untitled-1.png","jetpack_shortlink":"https:\/\/wp.me\/pbcCKk-OH","_links":{"self":[{"href":"https:\/\/blog.univicosa.com.br\/index.php\/wp-json\/wp\/v2\/posts\/3143"}],"collection":[{"href":"https:\/\/blog.univicosa.com.br\/index.php\/wp-json\/wp\/v2\/posts"}],"about":[{"href":"https:\/\/blog.univicosa.com.br\/index.php\/wp-json\/wp\/v2\/types\/post"}],"author":[{"embeddable":true,"href":"https:\/\/blog.univicosa.com.br\/index.php\/wp-json\/wp\/v2\/users\/2"}],"replies":[{"embeddable":true,"href":"https:\/\/blog.univicosa.com.br\/index.php\/wp-json\/wp\/v2\/comments?post=3143"}],"version-history":[{"count":6,"href":"https:\/\/blog.univicosa.com.br\/index.php\/wp-json\/wp\/v2\/posts\/3143\/revisions"}],"predecessor-version":[{"id":3163,"href":"https:\/\/blog.univicosa.com.br\/index.php\/wp-json\/wp\/v2\/posts\/3143\/revisions\/3163"}],"wp:featuredmedia":[{"embeddable":true,"href":"https:\/\/blog.univicosa.com.br\/index.php\/wp-json\/wp\/v2\/media\/3144"}],"wp:attachment":[{"href":"https:\/\/blog.univicosa.com.br\/index.php\/wp-json\/wp\/v2\/media?parent=3143"}],"wp:term":[{"taxonomy":"category","embeddable":true,"href":"https:\/\/blog.univicosa.com.br\/index.php\/wp-json\/wp\/v2\/categories?post=3143"},{"taxonomy":"post_tag","embeddable":true,"href":"https:\/\/blog.univicosa.com.br\/index.php\/wp-json\/wp\/v2\/tags?post=3143"}],"curies":[{"name":"wp","href":"https:\/\/api.w.org\/{rel}","templated":true}]}}