{"id":3126,"date":"2022-03-09T15:04:54","date_gmt":"2022-03-09T18:04:54","guid":{"rendered":"https:\/\/blog.univicosa.com.br\/?p=3126"},"modified":"2022-05-20T11:10:40","modified_gmt":"2022-05-20T14:10:40","slug":"o-perfil-do-profissional-de-enfermagem","status":"publish","type":"post","link":"https:\/\/blog.univicosa.com.br\/index.php\/2022\/03\/09\/o-perfil-do-profissional-de-enfermagem\/","title":{"rendered":"O perfil do profissional de Enfermagem"},"content":{"rendered":"\n<figure class=\"wp-block-image size-large\"><img data-attachment-id=\"3128\" data-permalink=\"https:\/\/blog.univicosa.com.br\/index.php\/2022\/03\/09\/o-perfil-do-profissional-de-enfermagem\/perfil-enf-blog\/\" data-orig-file=\"https:\/\/blog.univicosa.com.br\/wp-content\/uploads\/2022\/03\/perfil-enf-blog.png\" data-orig-size=\"1086,652\" data-comments-opened=\"1\" data-image-meta=\"{&quot;aperture&quot;:&quot;0&quot;,&quot;credit&quot;:&quot;&quot;,&quot;camera&quot;:&quot;&quot;,&quot;caption&quot;:&quot;&quot;,&quot;created_timestamp&quot;:&quot;0&quot;,&quot;copyright&quot;:&quot;&quot;,&quot;focal_length&quot;:&quot;0&quot;,&quot;iso&quot;:&quot;0&quot;,&quot;shutter_speed&quot;:&quot;0&quot;,&quot;title&quot;:&quot;&quot;,&quot;orientation&quot;:&quot;0&quot;}\" data-image-title=\"perfil-enf-blog\" data-image-description=\"\" data-medium-file=\"https:\/\/blog.univicosa.com.br\/wp-content\/uploads\/2022\/03\/perfil-enf-blog-300x180.png\" data-large-file=\"https:\/\/blog.univicosa.com.br\/wp-content\/uploads\/2022\/03\/perfil-enf-blog-1024x615.png\" loading=\"lazy\" width=\"1024\" height=\"615\" src=\"https:\/\/blog.univicosa.com.br\/wp-content\/uploads\/2022\/03\/perfil-enf-blog-1024x615.png\" alt=\"\" class=\"wp-image-3128\" srcset=\"https:\/\/blog.univicosa.com.br\/wp-content\/uploads\/2022\/03\/perfil-enf-blog-1024x615.png 1024w, https:\/\/blog.univicosa.com.br\/wp-content\/uploads\/2022\/03\/perfil-enf-blog-300x180.png 300w, https:\/\/blog.univicosa.com.br\/wp-content\/uploads\/2022\/03\/perfil-enf-blog-768x461.png 768w, https:\/\/blog.univicosa.com.br\/wp-content\/uploads\/2022\/03\/perfil-enf-blog-850x510.png 850w, https:\/\/blog.univicosa.com.br\/wp-content\/uploads\/2022\/03\/perfil-enf-blog.png 1086w\" sizes=\"(max-width: 1024px) 100vw, 1024px\" \/><\/figure>\n\n\n\n<p>Voc\u00ea deve ter <strong>observado <\/strong>nos \u00faltimos anos o qu\u00e3o<strong> necess\u00e1rio e valorizado <\/strong>\u00e9 o <strong>profissional <\/strong>da <strong>Enfermagem<\/strong>, afinal, este profissional atua na <strong>linha de frente <\/strong>do combate e tratamento de <strong>doen\u00e7as<\/strong>, contribuindo para o bem-estar e recupera\u00e7\u00e3o das pessoas, <strong>promovendo a sa\u00fade.<\/strong><\/p>\n\n\n\n<p>Logo, para escolher a <strong>profiss\u00e3o <\/strong>de <strong>Enfermagem<\/strong>, voc\u00ea dever\u00e1 <strong>levar em conta<\/strong> alguns aspectos muito <strong>importantes <\/strong>da <strong>profiss\u00e3o<\/strong>. Poder\u00e3o surgir d\u00favidas e inseguran\u00e7as durante o caminho, mas n\u00e3o se preocupe, escolher um <strong>curso superior <\/strong>\u00e9 uma decis\u00e3o muito importante e que deve ser tomada muita seguridade, por isso, vamos <strong>entender <\/strong>qual \u00e9 o<strong> perfil do profissional de Enfermagem<\/strong> e como est\u00e1 o<strong> mercado de trabalho <\/strong>para esta \u00e1rea!<\/p>\n\n\n\n<figure class=\"wp-block-image\"><a href=\"https:\/\/univicosa.apprbs.com.br\/blog\/\" target=\"_blank\" rel=\"noreferrer noopener\"><img data-attachment-id=\"2757\" data-permalink=\"https:\/\/blog.univicosa.com.br\/index.php\/2022\/01\/03\/saiba-tudo-sobre-o-curso-de-administracao\/receba-conteudos-univicosa-imagem-geral-blog\/\" data-orig-file=\"https:\/\/blog.univicosa.com.br\/wp-content\/uploads\/2022\/01\/RECEBA-CONTEUDOS-UNIVICOSA-imagem-geral-blog.png\" data-orig-size=\"675,50\" data-comments-opened=\"1\" data-image-meta=\"{&quot;aperture&quot;:&quot;0&quot;,&quot;credit&quot;:&quot;&quot;,&quot;camera&quot;:&quot;&quot;,&quot;caption&quot;:&quot;&quot;,&quot;created_timestamp&quot;:&quot;0&quot;,&quot;copyright&quot;:&quot;&quot;,&quot;focal_length&quot;:&quot;0&quot;,&quot;iso&quot;:&quot;0&quot;,&quot;shutter_speed&quot;:&quot;0&quot;,&quot;title&quot;:&quot;&quot;,&quot;orientation&quot;:&quot;0&quot;}\" data-image-title=\"RECEBA-CONTEUDOS-UNIVICOSA-imagem-geral-blog\" data-image-description=\"\" data-medium-file=\"https:\/\/blog.univicosa.com.br\/wp-content\/uploads\/2022\/01\/RECEBA-CONTEUDOS-UNIVICOSA-imagem-geral-blog-300x22.png\" data-large-file=\"https:\/\/blog.univicosa.com.br\/wp-content\/uploads\/2022\/01\/RECEBA-CONTEUDOS-UNIVICOSA-imagem-geral-blog.png\" loading=\"lazy\" width=\"675\" height=\"50\" src=\"https:\/\/blog.univicosa.com.br\/wp-content\/uploads\/2022\/01\/RECEBA-CONTEUDOS-UNIVICOSA-imagem-geral-blog.png\" alt=\"\" class=\"wp-image-2757\" srcset=\"https:\/\/blog.univicosa.com.br\/wp-content\/uploads\/2022\/01\/RECEBA-CONTEUDOS-UNIVICOSA-imagem-geral-blog.png 675w, https:\/\/blog.univicosa.com.br\/wp-content\/uploads\/2022\/01\/RECEBA-CONTEUDOS-UNIVICOSA-imagem-geral-blog-300x22.png 300w\" sizes=\"(max-width: 675px) 100vw, 675px\" \/><\/a><\/figure>\n\n\n\n<h2>PERFIL DO PROFISSIONAL DE ENFERMAGEM<\/h2>\n\n\n\n<p>Para atuar na \u00e1rea da <strong>Enfermagem<\/strong>, voc\u00ea dever\u00e1 ser <strong>dedicado e paciente<\/strong>, afinal, ir\u00e1 lidar diariamente com situa\u00e7\u00f5es adversas de trabalho, lidando com pacientes que, poder\u00e3o manifestar diversos tipos de rea\u00e7\u00f5es, desde dores, nervosismo, receios a inje\u00e7\u00f5es e medicamentos, al\u00e9m de lidar, tamb\u00e9m, com casos onde ocorre o falecimento.<\/p>\n\n\n\n<p>Portanto, voc\u00ea dever\u00e1<strong> saber como lidar com as emo\u00e7\u00f5es<\/strong> que essas situa\u00e7\u00f5es trar\u00e3o, sempre focando no bem estar e na qualidade do atendimento do paciente, sendo um profissional atencioso, cauteloso e emp\u00e1tico.<\/p>\n\n\n\n<p><strong>Trabalhar em equipe<\/strong> tamb\u00e9m far\u00e1 parte de sua rotina, logo, voc\u00ea dever\u00e1 manter um abiente agrad\u00e1vel e de muito respeito entre os colegas de trabalho. Dentro de uma equipe, cada profissional possui uma fun\u00e7\u00e3o, com isso, todos os membros da equipe devem estar em sintonia, garantindo que tudo d\u00ea certo.<\/p>\n\n\n\n<p>O profissional da Enfermagem muitas vezes enfrenta longos plant\u00f5es de atendimento, plant\u00f5es esses, que podem durar at\u00e9 24h. Por isso, \u00e9 imprescind\u00edvel que o profissional <strong>mantenha sempre o foco,<\/strong> evitando distra\u00e7\u00f5es, afinal, voc\u00ea estar\u00e1 cuidando de um paciente, administrando medicamentos e outros.<\/p>\n\n\n\n<p>O profissional da sa\u00fade precisa ser <strong>emp\u00e1tico e preocupado com o outro<\/strong>, al\u00e9m de<strong> saber lidar com pessoas e com situa\u00e7\u00f5es<\/strong>, afinal, o enfermeiro est\u00e1 sempre em contato com m\u00e9dicos, familiares e pacientes, logo, precisar\u00e1 ser algu\u00e9m <strong>respeitoso e compreens\u00edvel,<\/strong> exercendo <strong>autocontrole <\/strong>para lidar com todos os tipos de cen\u00e1rios e acontecimentos, mas, certificando-se que tais ocorridos no ambiente profissional n\u00e3o sejam transportados para a sua vida pessoal.<\/p>\n\n\n\n<p><a href=\"https:\/\/blog.univicosa.com.br\/index.php\/2022\/02\/07\/5-motivos-para-estudar-enfermagem-na-univicosa\/\">5 motivos para estudar Enfermagem na UNIVI\u00c7OSA<\/a><\/p>\n\n\n\n<figure class=\"wp-block-image\"><a href=\"https:\/\/univicosa.apprbs.com.br\/blog\/\" target=\"_blank\" rel=\"noreferrer noopener\"><img data-attachment-id=\"2757\" data-permalink=\"https:\/\/blog.univicosa.com.br\/index.php\/2022\/01\/03\/saiba-tudo-sobre-o-curso-de-administracao\/receba-conteudos-univicosa-imagem-geral-blog\/\" data-orig-file=\"https:\/\/blog.univicosa.com.br\/wp-content\/uploads\/2022\/01\/RECEBA-CONTEUDOS-UNIVICOSA-imagem-geral-blog.png\" data-orig-size=\"675,50\" data-comments-opened=\"1\" data-image-meta=\"{&quot;aperture&quot;:&quot;0&quot;,&quot;credit&quot;:&quot;&quot;,&quot;camera&quot;:&quot;&quot;,&quot;caption&quot;:&quot;&quot;,&quot;created_timestamp&quot;:&quot;0&quot;,&quot;copyright&quot;:&quot;&quot;,&quot;focal_length&quot;:&quot;0&quot;,&quot;iso&quot;:&quot;0&quot;,&quot;shutter_speed&quot;:&quot;0&quot;,&quot;title&quot;:&quot;&quot;,&quot;orientation&quot;:&quot;0&quot;}\" data-image-title=\"RECEBA-CONTEUDOS-UNIVICOSA-imagem-geral-blog\" data-image-description=\"\" data-medium-file=\"https:\/\/blog.univicosa.com.br\/wp-content\/uploads\/2022\/01\/RECEBA-CONTEUDOS-UNIVICOSA-imagem-geral-blog-300x22.png\" data-large-file=\"https:\/\/blog.univicosa.com.br\/wp-content\/uploads\/2022\/01\/RECEBA-CONTEUDOS-UNIVICOSA-imagem-geral-blog.png\" loading=\"lazy\" width=\"675\" height=\"50\" src=\"https:\/\/blog.univicosa.com.br\/wp-content\/uploads\/2022\/01\/RECEBA-CONTEUDOS-UNIVICOSA-imagem-geral-blog.png\" alt=\"\" class=\"wp-image-2757\" srcset=\"https:\/\/blog.univicosa.com.br\/wp-content\/uploads\/2022\/01\/RECEBA-CONTEUDOS-UNIVICOSA-imagem-geral-blog.png 675w, https:\/\/blog.univicosa.com.br\/wp-content\/uploads\/2022\/01\/RECEBA-CONTEUDOS-UNIVICOSA-imagem-geral-blog-300x22.png 300w\" sizes=\"(max-width: 675px) 100vw, 675px\" \/><\/a><\/figure>\n\n\n\n<h2><strong>MERCADO DE TRABALHO E M\u00c9DIA SALARIAL<\/strong><\/h2>\n\n\n\n<p>O&nbsp;<strong>mercado de trabalho<\/strong>&nbsp;desta \u00e1rea \u00e9<strong>&nbsp;amplo e diversificado<\/strong>, afinal, os cursos na \u00e1rea da sa\u00fade sempre encontram grande procura, o que gera um crescimento no n\u00famero de&nbsp;<strong>vagas&nbsp;<\/strong>para o mercado de trabalho. O&nbsp;<strong>Enfermeiro&nbsp;<\/strong>pode atuar em&nbsp;<strong>diversas \u00e1reas<\/strong>, tendo como objetivo auxiliar a promo\u00e7\u00e3o e a manuten\u00e7\u00e3o da sa\u00fade da popula\u00e7\u00e3o, al\u00e9m de atuar, tamb\u00e9m, na preven\u00e7\u00e3o de doen\u00e7as.<\/p>\n\n\n\n<p>Se voc\u00ea gosta de&nbsp;<strong>cuidar de pessoas<\/strong>&nbsp;e tem o&nbsp;<strong>amor pela vida<\/strong>, essa \u00e9 a profiss\u00e3o certa para voc\u00ea! Recentemente, o Enfermeiro se tornou um&nbsp;<strong>profissional essencial&nbsp;<\/strong>na luta contra&nbsp;<strong>COVID-19<\/strong>, sendo extremamente necess\u00e1rio e elogiado pelo trabalho prestado.<\/p>\n\n\n\n<p>Segundo o portal&nbsp;<strong>Guia da Carreira,<\/strong>&nbsp;o sal\u00e1rio do&nbsp;<strong>profissional enfermeiro<\/strong>&nbsp;\u00e9 bastante&nbsp;<strong>vari\u00e1vel<\/strong>, para rec\u00e9m formados, o valor \u00e9 de<strong>&nbsp;R$ 3.500,00 reais<\/strong>. Ao decorrer dos anos, esse valor pode atingir os R$ 10.000 mil reais.<\/p>\n\n\n\n<p><strong>DIFERENCIAIS DO CURSO DE ENFERMAGEM DA UNIVI\u00c7OSA<\/strong><\/p>\n\n\n\n<p>Na&nbsp;<strong>UNIVI\u00c7OSA<\/strong>, voc\u00ea contar\u00e1 com&nbsp;<strong>professores mestres&nbsp;<\/strong>e&nbsp;<strong>doutores<\/strong>, laborat\u00f3rios modernos e metodologia atualizada, contribuindo para sua \u00f3tima forma\u00e7\u00e3o!<\/p>\n\n\n\n<p>O curso de&nbsp;<strong>Enfermagem&nbsp;<\/strong>da Univi\u00e7osa tamb\u00e9m conta com excelentes notas dadas pelo&nbsp;<strong>MEC&nbsp;<\/strong>(Minist\u00e9rio da Educa\u00e7\u00e3o). Desde o princ\u00edpio, os estudantes desenvolvem a pr\u00e1tica por meio de atendimentos e outros, seja em UBS\u2019s, hospitais e etc;<\/p>\n\n\n\n<ul><li>Professores mestres e doutores, com vasta experi\u00eancia docente e profissional;<\/li><li>Laborat\u00f3rios de procedimentos de Enfermagem modernos e muito bem equipados;<\/li><li>Cl\u00ednica de tratamento de feridas de uso exclusivo do curso de Enfermagem, no atendimento \u00e0 popula\u00e7\u00e3o;<\/li><li>Conv\u00eanios com todas as clinicas, prefeituras e hospitais da regi\u00e3o, para a realiza\u00e7\u00e3o de est\u00e1gios e ensinos cl\u00ednicos, sendo que existe uma Unidade B\u00e1sica de Sa\u00fade dentro do campus da UNIVI\u00c7OSA;<\/li><li>Laborat\u00f3rios modernos de anatomia, microscopia, e de procedimentos de enfermagem nas \u00e1reas de pediatria, obstetr\u00edcia, e urg\u00eancia e emerg\u00eancia;<\/li><li>Salas de aulas confort\u00e1veis, e com recursos de \u00faltima gera\u00e7\u00e3o de multim\u00eddia, como quadro digital, por exemplo;<\/li><li>\u00c9 o primeiro curso de Enfermagem da regi\u00e3o, tendo formado a maioria dos profissionais em atua\u00e7\u00e3o em nossa regi\u00e3o, tendo formado mais de 500 enfermeiros, que est\u00e3o atuando em todas as regi\u00f5es do Brasil e tamb\u00e9m no exterior;<\/li><\/ul>\n\n\n\n<p><a rel=\"noreferrer noopener\" href=\"https:\/\/www.univicosa.com.br\/graduacao\/cursos\/enfermagem\" target=\"_blank\">Curtiu e quer saber mais sobre o curso de\u00a0<strong>Enfermagem <\/strong>da\u00a0<strong>UNIVI\u00c7OSA<\/strong>? Ent\u00e3o acesse o site da Univi\u00e7osa, clique aqui!<\/a><\/p>\n\n\n\n<p><a rel=\"noreferrer noopener\" href=\"https:\/\/blog.univicosa.com.br\/index.php\/2020\/08\/03\/alunas-de-enfermagem-da-univicosa-foram-convocadas-para-atuar-no-enfrentamento-da-covid-19-por-meio-do-programa-brasil-conta-comigo\/\" target=\"_blank\">Alunas de Enfermagem da Univi\u00e7osa foram convocadas para atuar no enfrentamento da COVID-19 por meio do Programa \u201cBrasil Conta Comigo\u201d<\/a><\/p>\n\n\n\n<p><a rel=\"noreferrer noopener\" href=\"https:\/\/blog.univicosa.com.br\/index.php\/2021\/11\/19\/saude-da-populacao-negra-no-brasil-mes-da-consciencia-negra\/\" target=\"_blank\">Sa\u00fade da popula\u00e7\u00e3o negra no Brasil \u2013 M\u00eas da consci\u00eancia negra!<\/a><\/p>\n\n\n\n<p><a rel=\"noreferrer noopener\" href=\"https:\/\/blog.univicosa.com.br\/index.php\/2021\/09\/13\/pesquisa-sobre-mercado-de-trabalho-regional-saiba-quais-sao-os-cursos-superiores-que-estao-em-alta\/\" target=\"_blank\">Pesquisa sobre mercado de trabalho regional: saiba quais s\u00e3o os cursos superiores que est\u00e3o em alta<\/a><\/p>\n\n\n\n<p><a rel=\"noreferrer noopener\" href=\"https:\/\/blog.univicosa.com.br\/index.php\/2021\/09\/11\/tudo-o-que-voce-precisa-saber-para-ingressar-em-um-curso-superior\/\" target=\"_blank\">Tudo o que voc\u00ea precisa saber para ingressar em um curso superior<\/a><\/p>\n\n\n\n<p><a rel=\"noreferrer noopener\" href=\"https:\/\/blog.univicosa.com.br\/index.php\/2021\/04\/19\/como-dividir-a-mesma-casa-com-alguem-que-esta-contaminado-com-o-coronavirus\/\" target=\"_blank\">COMO DIVIDIR A MESMA CASA COM ALGU\u00c9M QUE EST\u00c1 CONTAMINADO COM O CORONAV\u00cdRUS<\/a>!<\/p>\n\n\n\n<p><a rel=\"noreferrer noopener\" href=\"https:\/\/blog.univicosa.com.br\/index.php\/2020\/11\/18\/saude-do-homem-preconceito-e-nao-se-cuidar\/\" target=\"_blank\">Sa\u00fade do homem, preconceito \u00e9 n\u00e3o se cuidar!<\/a><\/p>\n\n\n\n<p><a rel=\"noreferrer noopener\" href=\"https:\/\/blog.univicosa.com.br\/index.php\/2020\/04\/20\/uso-de-mascaras-erros-comuns-ao-maneja-las\/\" target=\"_blank\">Uso de m\u00e1scaras: erros comuns ao manej\u00e1-las<\/a><\/p>\n\n\n\n<p><a rel=\"noreferrer noopener\" href=\"https:\/\/blog.univicosa.com.br\/index.php\/2020\/04\/13\/coronavirus-as-criancas-tambem-precisam-saber\/\" target=\"_blank\">Coronav\u00edrus: as crian\u00e7as tamb\u00e9m precisam saber<\/a><\/p>\n\n\n\n<p><\/p>\n","protected":false},"excerpt":{"rendered":"<p>Voc\u00ea deve ter observado nos \u00faltimos anos o qu\u00e3o necess\u00e1rio e valorizado \u00e9 o profissional da Enfermagem, afinal, este profissional atua na linha de frente do combate e tratamento de doen\u00e7as, contribuindo para o bem-estar e recupera\u00e7\u00e3o das pessoas, promovendo a sa\u00fade. Logo, para escolher a profiss\u00e3o de Enfermagem, voc\u00ea dever\u00e1 levar em conta alguns&#8230;<\/p>\n","protected":false},"author":2,"featured_media":3128,"comment_status":"open","ping_status":"open","sticky":false,"template":"","format":"standard","meta":{"spay_email":""},"categories":[1],"tags":[409,970,71,1278,51,100,92,1277,1244,389,107,64,96,9,93],"jetpack_featured_media_url":"https:\/\/blog.univicosa.com.br\/wp-content\/uploads\/2022\/03\/perfil-enf-blog.png","jetpack_shortlink":"https:\/\/wp.me\/pbcCKk-Oq","_links":{"self":[{"href":"https:\/\/blog.univicosa.com.br\/index.php\/wp-json\/wp\/v2\/posts\/3126"}],"collection":[{"href":"https:\/\/blog.univicosa.com.br\/index.php\/wp-json\/wp\/v2\/posts"}],"about":[{"href":"https:\/\/blog.univicosa.com.br\/index.php\/wp-json\/wp\/v2\/types\/post"}],"author":[{"embeddable":true,"href":"https:\/\/blog.univicosa.com.br\/index.php\/wp-json\/wp\/v2\/users\/2"}],"replies":[{"embeddable":true,"href":"https:\/\/blog.univicosa.com.br\/index.php\/wp-json\/wp\/v2\/comments?post=3126"}],"version-history":[{"count":4,"href":"https:\/\/blog.univicosa.com.br\/index.php\/wp-json\/wp\/v2\/posts\/3126\/revisions"}],"predecessor-version":[{"id":3150,"href":"https:\/\/blog.univicosa.com.br\/index.php\/wp-json\/wp\/v2\/posts\/3126\/revisions\/3150"}],"wp:featuredmedia":[{"embeddable":true,"href":"https:\/\/blog.univicosa.com.br\/index.php\/wp-json\/wp\/v2\/media\/3128"}],"wp:attachment":[{"href":"https:\/\/blog.univicosa.com.br\/index.php\/wp-json\/wp\/v2\/media?parent=3126"}],"wp:term":[{"taxonomy":"category","embeddable":true,"href":"https:\/\/blog.univicosa.com.br\/index.php\/wp-json\/wp\/v2\/categories?post=3126"},{"taxonomy":"post_tag","embeddable":true,"href":"https:\/\/blog.univicosa.com.br\/index.php\/wp-json\/wp\/v2\/tags?post=3126"}],"curies":[{"name":"wp","href":"https:\/\/api.w.org\/{rel}","templated":true}]}}