{"id":311,"date":"2019-07-03T10:14:05","date_gmt":"2019-07-03T13:14:05","guid":{"rendered":"https:\/\/univicosa.wordpress.com\/?p=311"},"modified":"2019-07-03T10:14:05","modified_gmt":"2019-07-03T13:14:05","slug":"falta-etica-profissional","status":"publish","type":"post","link":"https:\/\/blog.univicosa.com.br\/index.php\/2019\/07\/03\/falta-etica-profissional\/","title":{"rendered":"Falta \u00c9tica Profissional?"},"content":{"rendered":"\n<p>\n\nA \u00c9tica Profissional \u00e9 um assunto de suma import\u00e2ncia a ser debatido. Considerada um dos fatores chaves para o sucesso Organizacional \n\n<\/p>\n\n\n\n<p><\/p>\n\n\n\n<ul data-carousel-extra='{\"blog_id\":1,\"permalink\":\"https:\\\/\\\/blog.univicosa.com.br\\\/index.php\\\/2019\\\/07\\\/03\\\/falta-etica-profissional\\\/\"}' class=\"wp-block-gallery columns-1 is-cropped\"><li class=\"blocks-gallery-item\"><figure><img data-attachment-id=\"312\" data-permalink=\"https:\/\/blog.univicosa.com.br\/3\/\" data-orig-file=\"https:\/\/blog.univicosa.com.br\/wp-content\/uploads\/2019\/07\/3-3.jpg\" data-orig-size=\"700,520\" data-comments-opened=\"1\" data-image-meta=\"{&quot;aperture&quot;:&quot;0&quot;,&quot;credit&quot;:&quot;&quot;,&quot;camera&quot;:&quot;&quot;,&quot;caption&quot;:&quot;&quot;,&quot;created_timestamp&quot;:&quot;0&quot;,&quot;copyright&quot;:&quot;&quot;,&quot;focal_length&quot;:&quot;0&quot;,&quot;iso&quot;:&quot;0&quot;,&quot;shutter_speed&quot;:&quot;0&quot;,&quot;title&quot;:&quot;&quot;,&quot;orientation&quot;:&quot;1&quot;}\" data-image-title=\"3\" data-image-description=\"\" data-medium-file=\"https:\/\/blog.univicosa.com.br\/wp-content\/uploads\/2019\/07\/3-3-300x223.jpg\" data-large-file=\"https:\/\/blog.univicosa.com.br\/wp-content\/uploads\/2019\/07\/3-3.jpg\" loading=\"lazy\" width=\"700\" height=\"520\" src=\"https:\/\/blog.univicosa.com.br\/wp-content\/uploads\/2019\/07\/3-3.jpg\" alt=\"\" data-id=\"312\" data-link=\"https:\/\/univicosa.wordpress.com\/3\/\" class=\"wp-image-312\" srcset=\"https:\/\/blog.univicosa.com.br\/wp-content\/uploads\/2019\/07\/3-3.jpg 700w, https:\/\/blog.univicosa.com.br\/wp-content\/uploads\/2019\/07\/3-3-300x223.jpg 300w, https:\/\/blog.univicosa.com.br\/wp-content\/uploads\/2019\/07\/3-3-404x300.jpg 404w\" sizes=\"(max-width: 700px) 100vw, 700px\" \/><\/figure><\/li><\/ul>\n\n\n\n<p style=\"text-align:center;\"> O C\u00f3digo de \u00c9tica da organiza\u00e7\u00e3o permite nortear a conduta desejada pelos colaboradores que fazem da equipe (Foto: MorgueFile) <\/p>\n\n\n\n<p>A \u00c9tica Profissional \u00e9 um assunto de suma import\u00e2ncia a ser debatido pelas pessoas e organiza\u00e7\u00f5es. Ela se resume a um conjunto de valores e normas de comportamento e relacionamento a serem adotados no ambiente de trabalho. Sabe-se que a conduta do profissional afeta positiva ou negativamente todos aqueles que estabelecem uma rela\u00e7\u00e3o direta com ele, como colegas de trabalho e clientes. Nesse sentido, a \u00c9tica Profissional \u00e9 considerada um dos fatores chaves para o sucesso organizacional.<\/p>\n\n\n\n<p>A todo momento \u00e9 relatado um caso de Ass\u00e9dio Moral, Preconceito, Viol\u00eancia, Desrespeito, Ass\u00e9dio Sexual, o famoso \u201cjeitinho\u201d, esperteza, dentro outros, cometidos nos diferentes ambientes de trabalho.<\/p>\n\n\n\n<p>Recentemente, um caso que veio \u00e0 tona, foi do famoso ator global Jos\u00e9 Mayer, acusado por uma figurinista da emissora de Ass\u00e9dio Sexual. Apesar da retrata\u00e7\u00e3o do ator, a TV Globo decidiu suspender Jos\u00e9 Mayer de suas produ\u00e7\u00f5es por tempo indeterminado. O caso gerou muitas reivindica\u00e7\u00f5es e manifesta\u00e7\u00f5es por grupos de funcion\u00e1rios da emissora.<\/p>\n\n\n\n<p>Mas como as organiza\u00e7\u00f5es podem orientar melhor seus colaboradores? Como elas podem minimizar esses problemas que j\u00e1 fazem parte do cotidiano de muitos profissionais, que na maioria das vezes possuem receio de denunciar?<\/p>\n\n\n\n<p>O C\u00f3digo de \u00c9tica da organiza\u00e7\u00e3o permite nortear a conduta desejada pelos colaboradores que fazem parte da equipe. Nesse sentido, busca zelar para que as rela\u00e7\u00f5es entre os funcion\u00e1rios se deem em um ambiente de harmonia e coopera\u00e7\u00e3o.<\/p>\n\n\n\n<p>Os l\u00edderes das organiza\u00e7\u00f5es servem de espelho para seus liderados. Eles s\u00e3o a grande influ\u00eancia e exemplo na conduta desses profissionais. Se buscam por profissionais que sigam qualquer norma ou comportamento desejado, primeiramente, devem servir de exemplo para eles.<\/p>\n\n\n\n<p>Tamb\u00e9m, \u00e9 importante que esse C\u00f3digo de \u00c9tica seja amplamente divulgado. As normas de conduta, premissas e valores, devem ser refor\u00e7ados em reuni\u00f5es, sites, treinamentos, mensagens, para que todos estejam cientes de seu papel enquanto profissionais.<\/p>\n\n\n\n<p>Diante dessa reflex\u00e3o sobre a import\u00e2ncia da \u00c9tica Profissional, o grande Arist\u00f3teles j\u00e1 diria: \u201cN\u00e3o refletimos para saber o que seja a \u00e9tica, mas para tornarmo-nos pessoas \u00e9ticas\u201d.<\/p>\n\n\n\n<p><strong> Por Michele Rodrigues: Mestre em Administra\u00e7\u00e3o. Professora dos cursos de Administra\u00e7\u00e3o e Gest\u00e3o de Empresas. Coordenadora do MBA Gest\u00e3o Empresarial e Desenvolvimento de L\u00edderes da Univi\u00e7osa <\/strong><\/p>\n","protected":false},"excerpt":{"rendered":"<p>A \u00c9tica Profissional \u00e9 um assunto de suma import\u00e2ncia a ser debatido. Considerada um dos fatores chaves para o sucesso Organizacional O C\u00f3digo de \u00c9tica da organiza\u00e7\u00e3o permite nortear a conduta desejada pelos colaboradores que fazem da equipe (Foto: MorgueFile) A \u00c9tica Profissional \u00e9 um assunto de suma import\u00e2ncia a ser debatido pelas pessoas e&#8230;<\/p>\n","protected":false},"author":2,"featured_media":0,"comment_status":"open","ping_status":"open","sticky":false,"template":"","format":"standard","meta":{"spay_email":""},"categories":[1],"tags":[],"jetpack_featured_media_url":"","jetpack_shortlink":"https:\/\/wp.me\/pbcCKk-51","_links":{"self":[{"href":"https:\/\/blog.univicosa.com.br\/index.php\/wp-json\/wp\/v2\/posts\/311"}],"collection":[{"href":"https:\/\/blog.univicosa.com.br\/index.php\/wp-json\/wp\/v2\/posts"}],"about":[{"href":"https:\/\/blog.univicosa.com.br\/index.php\/wp-json\/wp\/v2\/types\/post"}],"author":[{"embeddable":true,"href":"https:\/\/blog.univicosa.com.br\/index.php\/wp-json\/wp\/v2\/users\/2"}],"replies":[{"embeddable":true,"href":"https:\/\/blog.univicosa.com.br\/index.php\/wp-json\/wp\/v2\/comments?post=311"}],"version-history":[{"count":0,"href":"https:\/\/blog.univicosa.com.br\/index.php\/wp-json\/wp\/v2\/posts\/311\/revisions"}],"wp:attachment":[{"href":"https:\/\/blog.univicosa.com.br\/index.php\/wp-json\/wp\/v2\/media?parent=311"}],"wp:term":[{"taxonomy":"category","embeddable":true,"href":"https:\/\/blog.univicosa.com.br\/index.php\/wp-json\/wp\/v2\/categories?post=311"},{"taxonomy":"post_tag","embeddable":true,"href":"https:\/\/blog.univicosa.com.br\/index.php\/wp-json\/wp\/v2\/tags?post=311"}],"curies":[{"name":"wp","href":"https:\/\/api.w.org\/{rel}","templated":true}]}}