{"id":3061,"date":"2022-02-16T15:41:45","date_gmt":"2022-02-16T18:41:45","guid":{"rendered":"https:\/\/blog.univicosa.com.br\/?p=3061"},"modified":"2022-05-20T11:11:52","modified_gmt":"2022-05-20T14:11:52","slug":"o-perfil-do-profissional-de-arquitetura-e-urbanismo","status":"publish","type":"post","link":"https:\/\/blog.univicosa.com.br\/index.php\/2022\/02\/16\/o-perfil-do-profissional-de-arquitetura-e-urbanismo\/","title":{"rendered":"O perfil do profissional de Arquitetura e Urbanismo"},"content":{"rendered":"\n<figure class=\"wp-block-image size-large\"><img data-attachment-id=\"3065\" data-permalink=\"https:\/\/blog.univicosa.com.br\/index.php\/2022\/02\/16\/o-perfil-do-profissional-de-arquitetura-e-urbanismo\/perfil-do-arquiteto-e-urbanista-blog-2\/\" data-orig-file=\"https:\/\/blog.univicosa.com.br\/wp-content\/uploads\/2022\/02\/perfil-do-arquiteto-e-urbanista-blog-2.png\" data-orig-size=\"1086,652\" data-comments-opened=\"1\" data-image-meta=\"{&quot;aperture&quot;:&quot;0&quot;,&quot;credit&quot;:&quot;&quot;,&quot;camera&quot;:&quot;&quot;,&quot;caption&quot;:&quot;&quot;,&quot;created_timestamp&quot;:&quot;0&quot;,&quot;copyright&quot;:&quot;&quot;,&quot;focal_length&quot;:&quot;0&quot;,&quot;iso&quot;:&quot;0&quot;,&quot;shutter_speed&quot;:&quot;0&quot;,&quot;title&quot;:&quot;&quot;,&quot;orientation&quot;:&quot;0&quot;}\" data-image-title=\"perfil-do-arquiteto-e-urbanista-blog-2\" data-image-description=\"\" data-medium-file=\"https:\/\/blog.univicosa.com.br\/wp-content\/uploads\/2022\/02\/perfil-do-arquiteto-e-urbanista-blog-2-300x180.png\" data-large-file=\"https:\/\/blog.univicosa.com.br\/wp-content\/uploads\/2022\/02\/perfil-do-arquiteto-e-urbanista-blog-2-1024x615.png\" loading=\"lazy\" width=\"1024\" height=\"615\" src=\"https:\/\/blog.univicosa.com.br\/wp-content\/uploads\/2022\/02\/perfil-do-arquiteto-e-urbanista-blog-2-1024x615.png\" alt=\"\" class=\"wp-image-3065\" srcset=\"https:\/\/blog.univicosa.com.br\/wp-content\/uploads\/2022\/02\/perfil-do-arquiteto-e-urbanista-blog-2-1024x615.png 1024w, https:\/\/blog.univicosa.com.br\/wp-content\/uploads\/2022\/02\/perfil-do-arquiteto-e-urbanista-blog-2-300x180.png 300w, https:\/\/blog.univicosa.com.br\/wp-content\/uploads\/2022\/02\/perfil-do-arquiteto-e-urbanista-blog-2-768x461.png 768w, https:\/\/blog.univicosa.com.br\/wp-content\/uploads\/2022\/02\/perfil-do-arquiteto-e-urbanista-blog-2-850x510.png 850w, https:\/\/blog.univicosa.com.br\/wp-content\/uploads\/2022\/02\/perfil-do-arquiteto-e-urbanista-blog-2.png 1086w\" sizes=\"(max-width: 1024px) 100vw, 1024px\" \/><\/figure>\n\n\n\n<p>Voc\u00ea sempre sonhou em cursar <strong>Arquitetura e Urbanismo<\/strong>, mas n\u00e3o sabe se \u00e9 a <strong>profiss\u00e3o certa para voc\u00ea? <\/strong>No <em>blogpost <\/em>de hoje, iremos te mostrar o que o profissional da \u00e1rea faz e qual \u00e9 o seu perfil! &nbsp;<\/p>\n\n\n\n<p>O <strong>Arquiteto e Urbanista<\/strong> \u00e9 um profissional com grande <strong>variedade de \u00e1reas de atua\u00e7\u00e3o<\/strong>. \u00c9 o respons\u00e1vel pela cria\u00e7\u00e3o de<strong> projetos de casas, edif\u00edcios, estabelecimentos comerciais, escolas, hospitais;<\/strong> al\u00e9m do planejamento urbano, onde a arquitetura e o urbanismo s\u00e3o pensados em grande escala: escala da cidade ou da regi\u00e3o.<\/p>\n\n\n\n<p>Pode atuar, tamb\u00e9m, na \u00e1rea de <strong>design de interiores, design de m\u00f3veis, paisagismo.<\/strong> As suas atua\u00e7\u00f5es podem ser no \u00e2mbito <strong>p\u00fablico ou privado<\/strong>. \u00c9 um profissional que pode construir a sua carreira como <strong>aut\u00f4nomo, prestador de servi\u00e7os ou trabalhar para terceiros.<\/strong> <\/p>\n\n\n\n<figure class=\"wp-block-image\"><a href=\"https:\/\/univicosa.apprbs.com.br\/blog\/\" target=\"_blank\" rel=\"noreferrer noopener\"><img data-attachment-id=\"2757\" data-permalink=\"https:\/\/blog.univicosa.com.br\/index.php\/2022\/01\/03\/saiba-tudo-sobre-o-curso-de-administracao\/receba-conteudos-univicosa-imagem-geral-blog\/\" data-orig-file=\"https:\/\/blog.univicosa.com.br\/wp-content\/uploads\/2022\/01\/RECEBA-CONTEUDOS-UNIVICOSA-imagem-geral-blog.png\" data-orig-size=\"675,50\" data-comments-opened=\"1\" data-image-meta=\"{&quot;aperture&quot;:&quot;0&quot;,&quot;credit&quot;:&quot;&quot;,&quot;camera&quot;:&quot;&quot;,&quot;caption&quot;:&quot;&quot;,&quot;created_timestamp&quot;:&quot;0&quot;,&quot;copyright&quot;:&quot;&quot;,&quot;focal_length&quot;:&quot;0&quot;,&quot;iso&quot;:&quot;0&quot;,&quot;shutter_speed&quot;:&quot;0&quot;,&quot;title&quot;:&quot;&quot;,&quot;orientation&quot;:&quot;0&quot;}\" data-image-title=\"RECEBA-CONTEUDOS-UNIVICOSA-imagem-geral-blog\" data-image-description=\"\" data-medium-file=\"https:\/\/blog.univicosa.com.br\/wp-content\/uploads\/2022\/01\/RECEBA-CONTEUDOS-UNIVICOSA-imagem-geral-blog-300x22.png\" data-large-file=\"https:\/\/blog.univicosa.com.br\/wp-content\/uploads\/2022\/01\/RECEBA-CONTEUDOS-UNIVICOSA-imagem-geral-blog.png\" loading=\"lazy\" width=\"675\" height=\"50\" src=\"https:\/\/blog.univicosa.com.br\/wp-content\/uploads\/2022\/01\/RECEBA-CONTEUDOS-UNIVICOSA-imagem-geral-blog.png\" alt=\"\" class=\"wp-image-2757\" srcset=\"https:\/\/blog.univicosa.com.br\/wp-content\/uploads\/2022\/01\/RECEBA-CONTEUDOS-UNIVICOSA-imagem-geral-blog.png 675w, https:\/\/blog.univicosa.com.br\/wp-content\/uploads\/2022\/01\/RECEBA-CONTEUDOS-UNIVICOSA-imagem-geral-blog-300x22.png 300w\" sizes=\"(max-width: 675px) 100vw, 675px\" \/><\/a><\/figure>\n\n\n\n<h2><strong>Perfil do Profissional<\/strong><\/h2>\n\n\n\n<p>Se <strong>voc\u00ea <\/strong>\u00e9 daqueles que ama<strong> imaginar ou reimaginar espa\u00e7os, \u00e9 criativo, tem uma sensibilidade e interesse por arte e ama criar<\/strong>, ent\u00e3o a profiss\u00e3o de Arquiteto e Urbanista<strong> foi feita para voc\u00ea!<\/strong><\/p>\n\n\n\n<p>Durante a <strong>gradua\u00e7\u00e3o<\/strong>, voc\u00ea experimentar\u00e1, tamb\u00e9m, uma <strong>aventura pelas &nbsp;pr\u00e1ticas projetuais e o m\u00e3o na massa,<\/strong> a <strong>observa\u00e7\u00e3o e an\u00e1lise<\/strong>, bem como a<strong> din\u00e2mica de trabalhos em grupo. <\/strong>&nbsp;<\/p>\n\n\n\n<p>Atrav\u00e9s da gradua\u00e7\u00e3o, voc\u00ea desenvolver\u00e1 diversas caracter\u00edsticas fundamentais da profiss\u00e3o, como:<\/p>\n\n\n\n<p><strong>Generalista <\/strong>\u2013 aplicar\u00e1 de forma respons\u00e1vel todos os conhecimentos adquiridos, desde conhecimentos hist\u00f3ricos, projetuais, tecnol\u00f3gicos e te\u00f3ricos.<\/p>\n\n\n\n<p><strong>Reflexivo <\/strong>\u2013 analisar, avaliar e questionar o meio em que se est\u00e1 inserido, atuando ativamente para mudan\u00e7as positivas dentro do campo de atua\u00e7\u00e3o.<\/p>\n\n\n\n<p><strong>Trabalho em equipe<\/strong> \u2013 desenvolvendo caracter\u00edsticas fundamentais para o trabalho em equipe, desde a coopera\u00e7\u00e3o at\u00e9 o desenvolvimento dos projetos.<\/p>\n\n\n\n<p><strong>Voc\u00ea desenvolver\u00e1, tamb\u00e9m, as seguintes habilidades: <\/strong>vis\u00e3o interdisciplinar, autonomia intelectual, capacidade de express\u00e3o anal\u00edtica e sint\u00e9tica, conhecimentos tecnol\u00f3gicos, diferen\u00e7as culturais, compet\u00eancias cient\u00edfico-pedag\u00f3gicas, dentre outras.<\/p>\n\n\n\n<p>Atuando na <strong>cria\u00e7\u00e3o <\/strong>de <strong>projetos <\/strong>de <strong>arquitetura <\/strong>e <strong>urbanismo<\/strong>, voc\u00ea contribuir\u00e1 para a satisfa\u00e7\u00e3o das exig\u00eancias est\u00e9ticas, t\u00e9cnicas, funcionais dos seus futuros clientes.<\/p>\n\n\n\n<figure class=\"wp-block-image\"><a href=\"https:\/\/univicosa.apprbs.com.br\/blog\/\" target=\"_blank\" rel=\"noreferrer noopener\"><img data-attachment-id=\"2757\" data-permalink=\"https:\/\/blog.univicosa.com.br\/index.php\/2022\/01\/03\/saiba-tudo-sobre-o-curso-de-administracao\/receba-conteudos-univicosa-imagem-geral-blog\/\" data-orig-file=\"https:\/\/blog.univicosa.com.br\/wp-content\/uploads\/2022\/01\/RECEBA-CONTEUDOS-UNIVICOSA-imagem-geral-blog.png\" data-orig-size=\"675,50\" data-comments-opened=\"1\" data-image-meta=\"{&quot;aperture&quot;:&quot;0&quot;,&quot;credit&quot;:&quot;&quot;,&quot;camera&quot;:&quot;&quot;,&quot;caption&quot;:&quot;&quot;,&quot;created_timestamp&quot;:&quot;0&quot;,&quot;copyright&quot;:&quot;&quot;,&quot;focal_length&quot;:&quot;0&quot;,&quot;iso&quot;:&quot;0&quot;,&quot;shutter_speed&quot;:&quot;0&quot;,&quot;title&quot;:&quot;&quot;,&quot;orientation&quot;:&quot;0&quot;}\" data-image-title=\"RECEBA-CONTEUDOS-UNIVICOSA-imagem-geral-blog\" data-image-description=\"\" data-medium-file=\"https:\/\/blog.univicosa.com.br\/wp-content\/uploads\/2022\/01\/RECEBA-CONTEUDOS-UNIVICOSA-imagem-geral-blog-300x22.png\" data-large-file=\"https:\/\/blog.univicosa.com.br\/wp-content\/uploads\/2022\/01\/RECEBA-CONTEUDOS-UNIVICOSA-imagem-geral-blog.png\" loading=\"lazy\" width=\"675\" height=\"50\" src=\"https:\/\/blog.univicosa.com.br\/wp-content\/uploads\/2022\/01\/RECEBA-CONTEUDOS-UNIVICOSA-imagem-geral-blog.png\" alt=\"\" class=\"wp-image-2757\" srcset=\"https:\/\/blog.univicosa.com.br\/wp-content\/uploads\/2022\/01\/RECEBA-CONTEUDOS-UNIVICOSA-imagem-geral-blog.png 675w, https:\/\/blog.univicosa.com.br\/wp-content\/uploads\/2022\/01\/RECEBA-CONTEUDOS-UNIVICOSA-imagem-geral-blog-300x22.png 300w\" sizes=\"(max-width: 675px) 100vw, 675px\" \/><\/a><\/figure>\n\n\n\n<h2><strong>MERCADO DE TRABALHO<\/strong><\/h2>\n\n\n\n<p>Atualmente, o setor de\u00a0<strong>planejamento urbano\u00a0<\/strong>\u00e9 um dos que mais\u00a0<strong>cresce<\/strong>, j\u00e1 que as demandas do <strong>setor p\u00fablico<\/strong> e a exig\u00eancia da <strong>popula\u00e7\u00e3o <\/strong>por melhores condi\u00e7\u00f5es de habita\u00e7\u00e3o e espa\u00e7os urbanos t\u00eam aumentado cada vez mais.<\/p>\n\n\n\n<p>A \u00e1rea ligada a\u00a0<strong>sustentabilidade\u00a0<\/strong>e<strong>\u00a0acessibilidade<\/strong>\u00a0tamb\u00e9m est\u00e3o em alta, pois as <strong>demandas <\/strong>n\u00e3o param de <strong>crescer<\/strong>. Por ser uma <strong>profiss\u00e3o ampla<\/strong>, o mercado de trabalho para o profissional costuma ser bastante acolhedor, principalmente, para quem \u00e9 criativo para buscar solu\u00e7\u00f5es.\u00a0<\/p>\n\n\n\n<p>Segundo <strong>dados <\/strong>do <strong>Conselho de Arquitetura e Urbanismo do Brasil \u2013 CAU\/BR<\/strong>, os<strong> projetos e obras de renova\u00e7\u00e3o e reforma tiveram um aumento <\/strong>de <strong>20%, <\/strong>e considerando tamb\u00e9m os<strong> projetos de arquitetura interior<\/strong>, o crescimento chega a <strong>43%<\/strong>. Isto \u00e9, o <strong>mercado de trabalho<\/strong> do arquiteto e urbanista est\u00e1 a todo vapor. J\u00e1 dados apontados por um estudo realizado pela <em>startup <strong>Archademy<\/strong><\/em>, <strong>80% <\/strong>dos arquitetos tiveram<strong> aumento na demanda de trabalho em 2021<\/strong>!<\/p>\n\n\n\n<p><a rel=\"noreferrer noopener\" href=\"https:\/\/www.guiadacarreira.com.br\/carreira\/como-esta-o-mercado-de-trabalho-pra-quem-faz-arquitetura\/\" target=\"_blank\">O mercado de trabalho para o arquiteto e urbanista \u00e9 sempre movimentado<\/a>, tendo em vista que a profiss\u00e3o pressup\u00f5e versatilidade.<\/p>\n\n\n\n<p><em><a rel=\"noreferrer noopener\" href=\"https:\/\/univicosa.apprbs.com.br\/blog\/\" target=\"_blank\">Ei, quer<strong>&nbsp;receber conte\u00fados exclusivos<\/strong>&nbsp;da Univi\u00e7osa? clique aqui!&nbsp;<\/a><\/em><\/p>\n\n\n\n<p><a rel=\"noreferrer noopener\" href=\"https:\/\/www.univicosa.com.br\/graduacao\/cursos\/arquitetura_e_urbanismo\" target=\"_blank\">Curtiu e quer saber mais sobre o curso de&nbsp;<strong>Arquitetura e Urbanismo<\/strong>&nbsp;da&nbsp;<strong>UNIVI\u00c7OSA<\/strong>? Ent\u00e3o acesse o site da Univi\u00e7osa, clique aqui!<\/a><\/p>\n\n\n\n<p><a href=\"https:\/\/blog.univicosa.com.br\/index.php\/2021\/10\/29\/envelhecimento-saudavel-e-a-casa-de-morar\/\">A velhice e a casa de morar<\/a><\/p>\n\n\n\n<p><a href=\"https:\/\/blog.univicosa.com.br\/index.php\/2021\/10\/22\/os-modos-de-morar-e-a-arquitetura\/\">Os modos de morar e a Arquitetura<\/a><\/p>\n\n\n\n<p><a rel=\"noreferrer noopener\" href=\"https:\/\/blog.univicosa.com.br\/index.php\/2021\/10\/07\/voce-sabe-o-que-e-abstracao-artistica\/\" target=\"_blank\">Voc\u00ea sabe o que \u00e9 abstra\u00e7\u00e3o art\u00edstica?<\/a><\/p>\n\n\n\n<p><a href=\"https:\/\/blog.univicosa.com.br\/index.php\/2021\/10\/22\/os-modos-de-morar-e-a-arquitetura\/saiba%20tudo%20sobre%20a%20arquitetura%20da%20paisagem!\" target=\"_blank\" rel=\"noreferrer noopener\">Paisagismo: saiba tudo sobre a arquitetura da paisagem!<\/a><\/p>\n\n\n\n<p><a href=\"https:\/\/blog.univicosa.com.br\/index.php\/2021\/05\/26\/dicas-para-organizar-o-seu-estudo-em-casa\/\" target=\"_blank\" rel=\"noreferrer noopener\">Dicas para organizar o seu estudo em casa!<\/a><br><br><a href=\"https:\/\/blog.univicosa.com.br\/index.php\/2021\/07\/20\/conheca-as-vantagens-de-fazer-uma-segunda-graduacao\/\" target=\"_blank\" rel=\"noreferrer noopener\">Conhe\u00e7a as vantagens de fazer uma segunda gradua\u00e7\u00e3o<\/a><\/p>\n\n\n\n<p><strong><a rel=\"noreferrer noopener\" href=\"https:\/\/blog.univicosa.com.br\/index.php\/2021\/07\/26\/curiosidades-e-mercado-de-trabalho-arquitetura-e-urbanismo\/\" target=\"_blank\">Curiosidades e mercado de trabalho: Arquitetura e Urbanismo<\/a><br><\/strong><br><a rel=\"noreferrer noopener\" href=\"https:\/\/blog.univicosa.com.br\/index.php\/2021\/07\/16\/5-dicas-para-se-destacar-no-mercado-de-trabalho\/\" target=\"_blank\">5 dicas para se destacar no mercado de trabalho<\/a><br><br><a rel=\"noreferrer noopener\" href=\"https:\/\/blog.univicosa.com.br\/index.php\/2021\/06\/01\/5-dicas-para-ter-um-curriculo-de-destaque\/\" target=\"_blank\">5 dicas para criar um curr\u00edculo de sucesso!<\/a><\/p>\n\n\n\n<p><a href=\"https:\/\/blog.univicosa.com.br\/index.php\/2021\/06\/09\/transmita-suas-ideias-atraves-do-desenho\/\" target=\"_blank\" rel=\"noreferrer noopener\">Transmita suas ideias atrav\u00e9s do desenho!<\/a><br><br><a href=\"https:\/\/blog.univicosa.com.br\/index.php\/2021\/06\/22\/6-dicas-simples-de-como-fazer-um-mapa-mental-e-mandar-bem-nos-estudos\/\" target=\"_blank\" rel=\"noreferrer noopener\">6 dicas simples de como fazer um MAPA MENTAL e mandar bem nos estudos<\/a><br><br><a href=\"https:\/\/blog.univicosa.com.br\/index.php\/2021\/06\/15\/10-passos-para-ter-um-perfil-mais-relevante-no-linkedin\/\" target=\"_blank\" rel=\"noreferrer noopener\">10 passos para ter um perfil mais relevante no LinkedIn!<\/a><\/p>\n\n\n\n<p><a href=\"https:\/\/univicosa.apprbs.com.br\/gruda-na-uni\" target=\"_blank\" rel=\"noreferrer noopener\">Ei, voc\u00ea est\u00e1 estudando para o&nbsp;<strong>ENEM<\/strong>? A gente te ajuda! Tem conte\u00fado de exatas (matem\u00e1tica), humanas (portugu\u00eas), ci\u00eancias da natureza (Qu\u00edmica, Biologia), atualidades e muito mais,&nbsp;<strong>Gruda na Uni<\/strong>&nbsp;e vem! Clique aqui!<\/a><\/p>\n\n\n\n<p><a href=\"https:\/\/blog.univicosa.com.br\/index.php\/2021\/01\/20\/eu-sou-do-time-ciencias-exatas-eu-sou-univicosa\/\" target=\"_blank\" rel=\"noreferrer noopener\">Eu sou do time&nbsp;<strong>Ci\u00eancias Exatas<\/strong>, eu sou #UNIVI\u00c7OSA<\/a><\/p>\n\n\n\n<p><a rel=\"noreferrer noopener\" href=\"https:\/\/blog.univicosa.com.br\/index.php\/2020\/04\/29\/guia-de-organizacao-no-home-office-dicas-deixar-o-seu-ambiente-mais-produtivo\/\" target=\"_blank\">Guia de organiza\u00e7\u00e3o: dicas para deixar o seu&nbsp;<strong>ambiente de estudos<\/strong>&nbsp;ainda mais produtivo<\/a><\/p>\n\n\n\n<hr class=\"wp-block-separator\"\/>\n\n\n\n<p>Fontes de pesquisa: <br><br>UFSM &#8211; Arquitetura e Urbanismo <br>UNICRUZ &#8211; Arquitetura e Urbanismo <br><\/p>\n","protected":false},"excerpt":{"rendered":"<p>Voc\u00ea sempre sonhou em cursar Arquitetura e Urbanismo, mas n\u00e3o sabe se \u00e9 a profiss\u00e3o certa para voc\u00ea? No blogpost de hoje, iremos te mostrar o que o profissional da \u00e1rea faz e qual \u00e9 o seu perfil! &nbsp; O Arquiteto e Urbanista \u00e9 um profissional com grande variedade de \u00e1reas de atua\u00e7\u00e3o. \u00c9 o&#8230;<\/p>\n","protected":false},"author":2,"featured_media":3065,"comment_status":"open","ping_status":"open","sticky":false,"template":"","format":"standard","meta":{"spay_email":""},"categories":[1],"tags":[103,409,970,108,109,7,100,92,1241,1244,1242,1243,389,754,96,9,117,93],"jetpack_featured_media_url":"https:\/\/blog.univicosa.com.br\/wp-content\/uploads\/2022\/02\/perfil-do-arquiteto-e-urbanista-blog-2.png","jetpack_shortlink":"https:\/\/wp.me\/pbcCKk-Nn","_links":{"self":[{"href":"https:\/\/blog.univicosa.com.br\/index.php\/wp-json\/wp\/v2\/posts\/3061"}],"collection":[{"href":"https:\/\/blog.univicosa.com.br\/index.php\/wp-json\/wp\/v2\/posts"}],"about":[{"href":"https:\/\/blog.univicosa.com.br\/index.php\/wp-json\/wp\/v2\/types\/post"}],"author":[{"embeddable":true,"href":"https:\/\/blog.univicosa.com.br\/index.php\/wp-json\/wp\/v2\/users\/2"}],"replies":[{"embeddable":true,"href":"https:\/\/blog.univicosa.com.br\/index.php\/wp-json\/wp\/v2\/comments?post=3061"}],"version-history":[{"count":3,"href":"https:\/\/blog.univicosa.com.br\/index.php\/wp-json\/wp\/v2\/posts\/3061\/revisions"}],"predecessor-version":[{"id":3068,"href":"https:\/\/blog.univicosa.com.br\/index.php\/wp-json\/wp\/v2\/posts\/3061\/revisions\/3068"}],"wp:featuredmedia":[{"embeddable":true,"href":"https:\/\/blog.univicosa.com.br\/index.php\/wp-json\/wp\/v2\/media\/3065"}],"wp:attachment":[{"href":"https:\/\/blog.univicosa.com.br\/index.php\/wp-json\/wp\/v2\/media?parent=3061"}],"wp:term":[{"taxonomy":"category","embeddable":true,"href":"https:\/\/blog.univicosa.com.br\/index.php\/wp-json\/wp\/v2\/categories?post=3061"},{"taxonomy":"post_tag","embeddable":true,"href":"https:\/\/blog.univicosa.com.br\/index.php\/wp-json\/wp\/v2\/tags?post=3061"}],"curies":[{"name":"wp","href":"https:\/\/api.w.org\/{rel}","templated":true}]}}