{"id":2997,"date":"2022-02-08T14:43:16","date_gmt":"2022-02-08T17:43:16","guid":{"rendered":"https:\/\/blog.univicosa.com.br\/?p=2997"},"modified":"2022-05-20T11:12:15","modified_gmt":"2022-05-20T14:12:15","slug":"o-arquiteto-e-a-regularizacao-de-imoveis-urbanos","status":"publish","type":"post","link":"https:\/\/blog.univicosa.com.br\/index.php\/2022\/02\/08\/o-arquiteto-e-a-regularizacao-de-imoveis-urbanos\/","title":{"rendered":"O Arquiteto e a Regulariza\u00e7\u00e3o de Im\u00f3veis Urbanos"},"content":{"rendered":"\n<p><em>por Arq.Gerusa Ribeiro Borges Coelho<\/em><\/p>\n\n\n\n<p>O sonho da casa pr\u00f3pria permeia a vida de todo cidad\u00e3o brasileiro e, mais que um desejo, se trata de um direito garantido por lei e definido na Constitui\u00e7\u00e3o Federal como um dos fundamentos que estabelecem a dignidade das pessoas. Na forma da Constitui\u00e7\u00e3o s\u00e3o considerados direitos: a educa\u00e7\u00e3o, a sa\u00fade, o trabalho, o transporte, o lazer, a seguran\u00e7a, a previd\u00eancia social, a prote\u00e7\u00e3o \u00e0 maternidade e \u00e0 inf\u00e2ncia, a assist\u00eancia aos desamparados e a moradia, ou seja, o direito de propriedade.<\/p>\n\n\n\n<figure class=\"wp-block-image size-large\"><img data-attachment-id=\"3000\" data-permalink=\"https:\/\/blog.univicosa.com.br\/index.php\/2022\/02\/08\/o-arquiteto-e-a-regularizacao-de-imoveis-urbanos\/whatsapp-image-2022-02-08-at-10-19-35\/\" data-orig-file=\"https:\/\/blog.univicosa.com.br\/wp-content\/uploads\/2022\/02\/WhatsApp-Image-2022-02-08-at-10.19.35.jpeg\" data-orig-size=\"720,1040\" data-comments-opened=\"1\" data-image-meta=\"{&quot;aperture&quot;:&quot;0&quot;,&quot;credit&quot;:&quot;&quot;,&quot;camera&quot;:&quot;&quot;,&quot;caption&quot;:&quot;&quot;,&quot;created_timestamp&quot;:&quot;0&quot;,&quot;copyright&quot;:&quot;&quot;,&quot;focal_length&quot;:&quot;0&quot;,&quot;iso&quot;:&quot;0&quot;,&quot;shutter_speed&quot;:&quot;0&quot;,&quot;title&quot;:&quot;&quot;,&quot;orientation&quot;:&quot;0&quot;}\" data-image-title=\"WhatsApp Image 2022-02-08 at 10.19.35\" data-image-description=\"\" data-medium-file=\"https:\/\/blog.univicosa.com.br\/wp-content\/uploads\/2022\/02\/WhatsApp-Image-2022-02-08-at-10.19.35-208x300.jpeg\" data-large-file=\"https:\/\/blog.univicosa.com.br\/wp-content\/uploads\/2022\/02\/WhatsApp-Image-2022-02-08-at-10.19.35-709x1024.jpeg\" loading=\"lazy\" width=\"709\" height=\"1024\" src=\"https:\/\/blog.univicosa.com.br\/wp-content\/uploads\/2022\/02\/WhatsApp-Image-2022-02-08-at-10.19.35-709x1024.jpeg\" alt=\"\" class=\"wp-image-3000\" srcset=\"https:\/\/blog.univicosa.com.br\/wp-content\/uploads\/2022\/02\/WhatsApp-Image-2022-02-08-at-10.19.35-709x1024.jpeg 709w, https:\/\/blog.univicosa.com.br\/wp-content\/uploads\/2022\/02\/WhatsApp-Image-2022-02-08-at-10.19.35-208x300.jpeg 208w, https:\/\/blog.univicosa.com.br\/wp-content\/uploads\/2022\/02\/WhatsApp-Image-2022-02-08-at-10.19.35-300x433.jpeg 300w, https:\/\/blog.univicosa.com.br\/wp-content\/uploads\/2022\/02\/WhatsApp-Image-2022-02-08-at-10.19.35.jpeg 720w\" sizes=\"(max-width: 709px) 100vw, 709px\" \/><\/figure>\n\n\n\n<p>De acordo com o Minist\u00e9rio do Desenvolvimento Regional, dos 60 milh\u00f5es de domic\u00edlios urbanos do pa\u00eds, metade possui algum tipo de irregularidade e esta situa\u00e7\u00e3o diz respeito \u00e0 condi\u00e7\u00e3o de cadastro junto \u00e0s prefeituras municipais e cart\u00f3rio de registro de im\u00f3veis.<\/p>\n\n\n\n<p>A regulariza\u00e7\u00e3o de um lote, uma casa, um apartamento, um galp\u00e3o, uma loja, entre outros usos, objetiva acima de tudo a seguran\u00e7a jur\u00eddica para o leg\u00edtimo possuidor, garantindo o direito de propriedade e de heran\u00e7a. Ressalta-se que um im\u00f3vel regular \u00e9 mais valorizado no mercado imobili\u00e1rio, permite possibilidades de financiamento e facilita a emiss\u00e3o de alvar\u00e1s de localiza\u00e7\u00e3o e funcionamento para aqueles im\u00f3veis destinados ao uso comercial ou prestadores de servi\u00e7os.<\/p>\n\n\n\n<figure class=\"wp-block-image size-large\"><a href=\"https:\/\/univicosa.apprbs.com.br\/blog\/\" target=\"_blank\" rel=\"noopener\"><img data-attachment-id=\"2905\" data-permalink=\"https:\/\/blog.univicosa.com.br\/index.php\/2022\/02\/01\/5-motivos-para-fazer-nutricao-na-univicosa\/imagem-link-blog\/\" data-orig-file=\"https:\/\/blog.univicosa.com.br\/wp-content\/uploads\/2022\/02\/imagem-link-blog.png\" data-orig-size=\"677,51\" data-comments-opened=\"1\" data-image-meta=\"{&quot;aperture&quot;:&quot;0&quot;,&quot;credit&quot;:&quot;&quot;,&quot;camera&quot;:&quot;&quot;,&quot;caption&quot;:&quot;&quot;,&quot;created_timestamp&quot;:&quot;0&quot;,&quot;copyright&quot;:&quot;&quot;,&quot;focal_length&quot;:&quot;0&quot;,&quot;iso&quot;:&quot;0&quot;,&quot;shutter_speed&quot;:&quot;0&quot;,&quot;title&quot;:&quot;&quot;,&quot;orientation&quot;:&quot;0&quot;}\" data-image-title=\"imagem link blog\" data-image-description=\"\" data-medium-file=\"https:\/\/blog.univicosa.com.br\/wp-content\/uploads\/2022\/02\/imagem-link-blog-300x23.png\" data-large-file=\"https:\/\/blog.univicosa.com.br\/wp-content\/uploads\/2022\/02\/imagem-link-blog.png\" loading=\"lazy\" width=\"677\" height=\"51\" src=\"https:\/\/blog.univicosa.com.br\/wp-content\/uploads\/2022\/02\/imagem-link-blog.png\" alt=\"\" class=\"wp-image-2905\" srcset=\"https:\/\/blog.univicosa.com.br\/wp-content\/uploads\/2022\/02\/imagem-link-blog.png 677w, https:\/\/blog.univicosa.com.br\/wp-content\/uploads\/2022\/02\/imagem-link-blog-300x23.png 300w\" sizes=\"(max-width: 677px) 100vw, 677px\" \/><\/a><\/figure>\n\n\n\n<p>O papel do profissional de arquitetura na \u00e1rea de regulariza\u00e7\u00e3o de im\u00f3veis vai al\u00e9m da elabora\u00e7\u00e3o de um levantamento arquitet\u00f4nico que represente graficamente a realidade construtiva da edifica\u00e7\u00e3o, o famoso projeto <em>\u201cAs Built\u201d. <\/em>Ele recai no acompanhamento e realiza\u00e7\u00e3o de todo o processo que finaliza com a averba\u00e7\u00e3o da edifica\u00e7\u00e3o e abertura de matr\u00edcula no cart\u00f3rio de registro de im\u00f3veis.<\/p>\n\n\n\n<p>Para isso, o arquiteto precisa avaliar se a irregularidade do im\u00f3vel est\u00e1 relacionada \u00e0s dimens\u00f5es ou confronta\u00e7\u00f5es do lote, relativa \u00e0s caracter\u00edsticas construtivas da edifica\u00e7\u00e3o e at\u00e9 mesmo em rela\u00e7\u00e3o ao uso a qual se destina. Trata-se de um processo que tende a ser multidisciplinar, ou seja, demanda a participa\u00e7\u00e3o de outros profissionais como engenheiro civil, engenheiro agrimensor, advogado, entre outros.<\/p>\n\n\n\n<figure class=\"wp-block-image size-large\"><img data-attachment-id=\"2999\" data-permalink=\"https:\/\/blog.univicosa.com.br\/index.php\/2022\/02\/08\/o-arquiteto-e-a-regularizacao-de-imoveis-urbanos\/professional-services-of-young-but-creative-woman\/\" data-orig-file=\"https:\/\/blog.univicosa.com.br\/wp-content\/uploads\/2022\/02\/professional-services-young-creative-woman-2-scaled.jpg\" data-orig-size=\"2560,1706\" data-comments-opened=\"1\" data-image-meta=\"{&quot;aperture&quot;:&quot;2.8&quot;,&quot;credit&quot;:&quot;Anna Bizon&quot;,&quot;camera&quot;:&quot;NIKON D3X&quot;,&quot;caption&quot;:&quot;Professional services of young but creative woman&quot;,&quot;created_timestamp&quot;:&quot;1398769535&quot;,&quot;copyright&quot;:&quot;InnerVisionPRO&quot;,&quot;focal_length&quot;:&quot;50&quot;,&quot;iso&quot;:&quot;100&quot;,&quot;shutter_speed&quot;:&quot;0.0125&quot;,&quot;title&quot;:&quot;Professional services of young but creative woman&quot;,&quot;orientation&quot;:&quot;1&quot;}\" data-image-title=\"Professional services of young but creative woman\" data-image-description=\"\" data-medium-file=\"https:\/\/blog.univicosa.com.br\/wp-content\/uploads\/2022\/02\/professional-services-young-creative-woman-2-300x200.jpg\" data-large-file=\"https:\/\/blog.univicosa.com.br\/wp-content\/uploads\/2022\/02\/professional-services-young-creative-woman-2-1024x683.jpg\" loading=\"lazy\" width=\"1024\" height=\"683\" src=\"https:\/\/blog.univicosa.com.br\/wp-content\/uploads\/2022\/02\/professional-services-young-creative-woman-2-1024x683.jpg\" alt=\"\" class=\"wp-image-2999\" srcset=\"https:\/\/blog.univicosa.com.br\/wp-content\/uploads\/2022\/02\/professional-services-young-creative-woman-2-1024x683.jpg 1024w, https:\/\/blog.univicosa.com.br\/wp-content\/uploads\/2022\/02\/professional-services-young-creative-woman-2-300x200.jpg 300w, https:\/\/blog.univicosa.com.br\/wp-content\/uploads\/2022\/02\/professional-services-young-creative-woman-2-768x512.jpg 768w, https:\/\/blog.univicosa.com.br\/wp-content\/uploads\/2022\/02\/professional-services-young-creative-woman-2-1536x1024.jpg 1536w, https:\/\/blog.univicosa.com.br\/wp-content\/uploads\/2022\/02\/professional-services-young-creative-woman-2-2048x1365.jpg 2048w, https:\/\/blog.univicosa.com.br\/wp-content\/uploads\/2022\/02\/professional-services-young-creative-woman-2-850x567.jpg 850w\" sizes=\"(max-width: 1024px) 100vw, 1024px\" \/><figcaption><a href=\"https:\/\/www.freepik.com\/photos\/business\" target=\"_blank\" rel=\"noreferrer noopener\">Business photo created by gpointstudio &#8211; www.freepik.com<\/a><\/figcaption><\/figure>\n\n\n\n<p>No Munic\u00edpio de Vi\u00e7osa-MG, as edifica\u00e7\u00f5es constru\u00eddas de forma clandestina ou em desacordo com o projeto aprovado poder\u00e3o ser regularizadas desde que n\u00e3o apresentem riscos estruturais, n\u00e3o invadam lote alheio, privado ou p\u00fablico, e n\u00e3o estejam sob lit\u00edgio judicial.<\/p>\n\n\n\n<p>O arquiteto que deseja atuar na \u00e1rea de regulariza\u00e7\u00e3o de im\u00f3veis deve conhecer a abrang\u00eancia desta atividade, a legisla\u00e7\u00e3o urban\u00edstica do munic\u00edpio de atua\u00e7\u00e3o e firmar boas parcerias. Acima de tudo, o arquiteto deve estabelecer uma rela\u00e7\u00e3o de transpar\u00eancia com seu cliente, que precisa estar ciente do caminho que ir\u00e1 trilhar at\u00e9 obter a averba\u00e7\u00e3o do Habite-se no cart\u00f3rio de registro de im\u00f3veis e a t\u00e3o sonhada regulariza\u00e7\u00e3o. Estas condi\u00e7\u00f5es b\u00e1sicas influenciam diretamente na efici\u00eancia e rapidez do resultado do seu trabalho, bem como, permitem realizar uma previs\u00e3o adequada dos custos envolvidos e, principalmente, estabelecer um vantajoso e lucrativo contrato de presta\u00e7\u00e3o de servi\u00e7os.<\/p>\n\n\n\n<p class=\"has-text-align-right\"><em>por Arq.Gerusa Ribeiro Borges Coelho<\/em><\/p>\n\n\n\n<figure class=\"wp-block-image size-large\"><img data-attachment-id=\"2905\" data-permalink=\"https:\/\/blog.univicosa.com.br\/index.php\/2022\/02\/01\/5-motivos-para-fazer-nutricao-na-univicosa\/imagem-link-blog\/\" data-orig-file=\"https:\/\/blog.univicosa.com.br\/wp-content\/uploads\/2022\/02\/imagem-link-blog.png\" data-orig-size=\"677,51\" data-comments-opened=\"1\" data-image-meta=\"{&quot;aperture&quot;:&quot;0&quot;,&quot;credit&quot;:&quot;&quot;,&quot;camera&quot;:&quot;&quot;,&quot;caption&quot;:&quot;&quot;,&quot;created_timestamp&quot;:&quot;0&quot;,&quot;copyright&quot;:&quot;&quot;,&quot;focal_length&quot;:&quot;0&quot;,&quot;iso&quot;:&quot;0&quot;,&quot;shutter_speed&quot;:&quot;0&quot;,&quot;title&quot;:&quot;&quot;,&quot;orientation&quot;:&quot;0&quot;}\" data-image-title=\"imagem link blog\" data-image-description=\"\" data-medium-file=\"https:\/\/blog.univicosa.com.br\/wp-content\/uploads\/2022\/02\/imagem-link-blog-300x23.png\" data-large-file=\"https:\/\/blog.univicosa.com.br\/wp-content\/uploads\/2022\/02\/imagem-link-blog.png\" loading=\"lazy\" width=\"677\" height=\"51\" src=\"https:\/\/blog.univicosa.com.br\/wp-content\/uploads\/2022\/02\/imagem-link-blog.png\" alt=\"\" class=\"wp-image-2905\" srcset=\"https:\/\/blog.univicosa.com.br\/wp-content\/uploads\/2022\/02\/imagem-link-blog.png 677w, https:\/\/blog.univicosa.com.br\/wp-content\/uploads\/2022\/02\/imagem-link-blog-300x23.png 300w\" sizes=\"(max-width: 677px) 100vw, 677px\" \/><\/figure>\n\n\n\n<p>Quer conhecer mais sobre a \u00e1rea e o <strong>curso de Arquitetura e Urbanismo<\/strong> da <strong>UNIVI\u00c7OSA<\/strong>? <a rel=\"noreferrer noopener\" href=\"https:\/\/www.univicosa.com.br\/graduacao\/cursos\/arquitetura_e_urbanismo\" data-type=\"URL\" data-id=\"https:\/\/www.univicosa.com.br\/graduacao\/cursos\/arquitetura_e_urbanismo\" target=\"_blank\">Clique aqui<\/a> para conhecer o curso ou leia mais com os posts sugeridos a seguir:<\/p>\n\n\n\n<p><a rel=\"noreferrer noopener\" href=\"https:\/\/blog.univicosa.com.br\/index.php\/2022\/01\/03\/saiba-tudo-sobre-o-curso-de-arquitetura-e-urbanismo\/\" target=\"_blank\">Saiba tudo sobre o curso de Arquitetura e Urbanismo!<\/a><\/p>\n\n\n\n<p><a rel=\"noreferrer noopener\" href=\"https:\/\/blog.univicosa.com.br\/index.php\/2022\/01\/04\/5-motivos-para-fazer-arquitetura-e-urbanismo-na-univicosa\/\" data-type=\"URL\" data-id=\"https:\/\/blog.univicosa.com.br\/index.php\/2022\/01\/04\/5-motivos-para-fazer-arquitetura-e-urbanismo-na-univicosa\/\" target=\"_blank\">5 motivos para fazer Arquitetura e Urbanismo na UNIVI\u00c7OSA!<\/a><\/p>\n\n\n\n<p><a rel=\"noreferrer noopener\" href=\"https:\/\/blog.univicosa.com.br\/index.php\/2021\/11\/05\/tecnologia-na-arquitetura\/\" data-type=\"URL\" data-id=\"https:\/\/blog.univicosa.com.br\/index.php\/2021\/11\/05\/tecnologia-na-arquitetura\/\" target=\"_blank\">Tecnologia na Arquitetura<\/a><\/p>\n\n\n\n<p><a rel=\"noreferrer noopener\" href=\"https:\/\/blog.univicosa.com.br\/index.php\/2021\/10\/22\/os-modos-de-morar-e-a-arquitetura\/\" target=\"_blank\" data-type=\"URL\" data-id=\"https:\/\/blog.univicosa.com.br\/index.php\/2021\/10\/22\/os-modos-de-morar-e-a-arquitetura\/\">Os modos de morar e a Arquitetura<\/a><\/p>\n\n\n\n<p><a rel=\"noreferrer noopener\" href=\"https:\/\/blog.univicosa.com.br\/index.php\/2021\/10\/13\/paisagismo-saiba-tudo-sobre-a-arquitetura-da-paisagem\/\" target=\"_blank\" data-type=\"URL\" data-id=\"https:\/\/blog.univicosa.com.br\/index.php\/2021\/10\/13\/paisagismo-saiba-tudo-sobre-a-arquitetura-da-paisagem\/\">Paisagismo: saiba tudo sobre a arquitetura da paisagem!<\/a><\/p>\n\n\n\n<p><a href=\"https:\/\/blog.univicosa.com.br\/index.php\/2021\/07\/26\/curiosidades-e-mercado-de-trabalho-arquitetura-e-urbanismo\/\" data-type=\"URL\" data-id=\"https:\/\/blog.univicosa.com.br\/index.php\/2021\/07\/26\/curiosidades-e-mercado-de-trabalho-arquitetura-e-urbanismo\/\">Curiosidades e mercado de trabalho: Arquitetura e Urbanismo<\/a><\/p>\n","protected":false},"excerpt":{"rendered":"<p>O sonho da casa pr\u00f3pria permeia a vida de todo cidad\u00e3o brasileiro e, mais que um desejo, se trata de um direito garantido por lei e definido na Constitui\u00e7\u00e3o Federal como um dos fundamentos que estabelecem a dignidade das pessoas.<\/p>\n","protected":false},"author":2,"featured_media":3003,"comment_status":"open","ping_status":"open","sticky":false,"template":"","format":"standard","meta":{"spay_email":""},"categories":[28,1],"tags":[102,103,925,51,7,1237,100,92,597,1166,1167,107,1236,1238,584,96,9,104,93],"jetpack_featured_media_url":"https:\/\/blog.univicosa.com.br\/wp-content\/uploads\/2022\/02\/capa.jpg","jetpack_shortlink":"https:\/\/wp.me\/pbcCKk-Ml","_links":{"self":[{"href":"https:\/\/blog.univicosa.com.br\/index.php\/wp-json\/wp\/v2\/posts\/2997"}],"collection":[{"href":"https:\/\/blog.univicosa.com.br\/index.php\/wp-json\/wp\/v2\/posts"}],"about":[{"href":"https:\/\/blog.univicosa.com.br\/index.php\/wp-json\/wp\/v2\/types\/post"}],"author":[{"embeddable":true,"href":"https:\/\/blog.univicosa.com.br\/index.php\/wp-json\/wp\/v2\/users\/2"}],"replies":[{"embeddable":true,"href":"https:\/\/blog.univicosa.com.br\/index.php\/wp-json\/wp\/v2\/comments?post=2997"}],"version-history":[{"count":4,"href":"https:\/\/blog.univicosa.com.br\/index.php\/wp-json\/wp\/v2\/posts\/2997\/revisions"}],"predecessor-version":[{"id":3004,"href":"https:\/\/blog.univicosa.com.br\/index.php\/wp-json\/wp\/v2\/posts\/2997\/revisions\/3004"}],"wp:featuredmedia":[{"embeddable":true,"href":"https:\/\/blog.univicosa.com.br\/index.php\/wp-json\/wp\/v2\/media\/3003"}],"wp:attachment":[{"href":"https:\/\/blog.univicosa.com.br\/index.php\/wp-json\/wp\/v2\/media?parent=2997"}],"wp:term":[{"taxonomy":"category","embeddable":true,"href":"https:\/\/blog.univicosa.com.br\/index.php\/wp-json\/wp\/v2\/categories?post=2997"},{"taxonomy":"post_tag","embeddable":true,"href":"https:\/\/blog.univicosa.com.br\/index.php\/wp-json\/wp\/v2\/tags?post=2997"}],"curies":[{"name":"wp","href":"https:\/\/api.w.org\/{rel}","templated":true}]}}