{"id":2972,"date":"2022-02-07T17:28:46","date_gmt":"2022-02-07T20:28:46","guid":{"rendered":"https:\/\/blog.univicosa.com.br\/?p=2972"},"modified":"2022-05-20T11:12:29","modified_gmt":"2022-05-20T14:12:29","slug":"5-motivos-para-estudar-enfermagem-na-univicosa","status":"publish","type":"post","link":"https:\/\/blog.univicosa.com.br\/index.php\/2022\/02\/07\/5-motivos-para-estudar-enfermagem-na-univicosa\/","title":{"rendered":"5 motivos para estudar Enfermagem na UNIVI\u00c7OSA"},"content":{"rendered":"\n<p>Voc\u00ea gosta de estudar assuntos relacionados a <strong>vida, sa\u00fade <\/strong>e <strong>doen\u00e7as <\/strong>e sonha em fazer uma gradua\u00e7\u00e3o na \u00e1rea de Ci\u00eancias da Sa\u00fade, o curso de <strong>Enfermagem&nbsp;<\/strong>pode seu uma \u00f3tima op\u00e7\u00e3o. Neste post vamos mostrar 5 motivos para voc\u00ea iniciar o curso de <strong>Enfermagem <\/strong> na <strong>UNIVI\u00c7OSA<\/strong> ainda em 2022!<\/p>\n\n\n\n<figure class=\"wp-block-image size-large\"><img data-attachment-id=\"2984\" data-permalink=\"https:\/\/blog.univicosa.com.br\/index.php\/2022\/02\/07\/5-motivos-para-estudar-enfermagem-na-univicosa\/capa-enfermagem-2\/\" data-orig-file=\"https:\/\/blog.univicosa.com.br\/wp-content\/uploads\/2022\/02\/capa-enfermagem-1.jpg\" data-orig-size=\"1086,652\" data-comments-opened=\"1\" data-image-meta=\"{&quot;aperture&quot;:&quot;0&quot;,&quot;credit&quot;:&quot;&quot;,&quot;camera&quot;:&quot;&quot;,&quot;caption&quot;:&quot;&quot;,&quot;created_timestamp&quot;:&quot;0&quot;,&quot;copyright&quot;:&quot;&quot;,&quot;focal_length&quot;:&quot;0&quot;,&quot;iso&quot;:&quot;0&quot;,&quot;shutter_speed&quot;:&quot;0&quot;,&quot;title&quot;:&quot;&quot;,&quot;orientation&quot;:&quot;0&quot;}\" data-image-title=\"capa &#8211; enfermagem\" data-image-description=\"\" data-medium-file=\"https:\/\/blog.univicosa.com.br\/wp-content\/uploads\/2022\/02\/capa-enfermagem-1-300x180.jpg\" data-large-file=\"https:\/\/blog.univicosa.com.br\/wp-content\/uploads\/2022\/02\/capa-enfermagem-1-1024x615.jpg\" loading=\"lazy\" width=\"1024\" height=\"615\" src=\"https:\/\/blog.univicosa.com.br\/wp-content\/uploads\/2022\/02\/capa-enfermagem-1-1024x615.jpg\" alt=\"\" class=\"wp-image-2984\" srcset=\"https:\/\/blog.univicosa.com.br\/wp-content\/uploads\/2022\/02\/capa-enfermagem-1-1024x615.jpg 1024w, https:\/\/blog.univicosa.com.br\/wp-content\/uploads\/2022\/02\/capa-enfermagem-1-300x180.jpg 300w, https:\/\/blog.univicosa.com.br\/wp-content\/uploads\/2022\/02\/capa-enfermagem-1-768x461.jpg 768w, https:\/\/blog.univicosa.com.br\/wp-content\/uploads\/2022\/02\/capa-enfermagem-1-850x510.jpg 850w, https:\/\/blog.univicosa.com.br\/wp-content\/uploads\/2022\/02\/capa-enfermagem-1.jpg 1086w\" sizes=\"(max-width: 1024px) 100vw, 1024px\" \/><\/figure>\n\n\n\n<p><strong>1\u00ba \u00c9 uma profiss\u00e3o essencial <\/strong><\/p>\n\n\n\n<p>Se voc\u00ea gosta de\u00a0<strong>cuidar de pessoas<\/strong>\u00a0e tem o\u00a0<strong>amor pela vida<\/strong>, essa \u00e9 a profiss\u00e3o certa para voc\u00ea! O Enfermeiro \u00e9 um\u00a0<strong>profissional essencial<\/strong>, sendo extremamente necess\u00e1rio e elogiado pelo trabalho prestado luta contra\u00a0<strong>COVID-19<\/strong>.<\/p>\n\n\n\n<p><strong>2\u00ba Mercado de trabalho&nbsp;amplo e diversificado<\/strong><\/p>\n\n\n\n<p>Os cursos na <strong>\u00e1rea da sa\u00fade<\/strong> sempre encontram grande procura, o que gera um crescimento no n\u00famero de&nbsp;<strong>vagas&nbsp;<\/strong>para o mercado de trabalho. Algumas das op\u00e7\u00f5es de mercado para o <strong>enfermeiro&nbsp;<\/strong>s\u00e3o auxiliar na <strong>promo\u00e7\u00e3o e na manuten\u00e7\u00e3o da sa\u00fade <\/strong>da popula\u00e7\u00e3o, assim como na <strong>preven\u00e7\u00e3o de doen\u00e7as<\/strong>.<\/p>\n\n\n\n<p><strong>3\u00ba V\u00e1rias op\u00e7\u00f5es de \u00e1rea de atua\u00e7\u00e3o<\/strong><\/p>\n\n\n\n<p>O profissional da&nbsp;<strong>Enfermagem<\/strong> poder\u00e1<strong>&nbsp;atuar em diversas \u00e1reas<\/strong>, seja no <strong>servi\u00e7o p\u00fablico<\/strong> ou no <strong>privado<\/strong>. Confira algumas possibilidades:<strong> Enfermeiro Geral<\/strong>, <strong>Enfermeiro Pediatra, Enfermeiro de Casa<\/strong>&nbsp;(atendimento domiciliar), <strong>Enfermeiro Obstetra, Enfermeiro de Resgate, Enfermeiro do Trabalho, <\/strong>dentre outras!<\/p>\n\n\n\n<figure class=\"wp-block-image size-large\"><a href=\"https:\/\/univicosa.apprbs.com.br\/blog\/\" target=\"_blank\" rel=\"noopener\"><img data-attachment-id=\"2905\" data-permalink=\"https:\/\/blog.univicosa.com.br\/index.php\/2022\/02\/01\/5-motivos-para-fazer-nutricao-na-univicosa\/imagem-link-blog\/\" data-orig-file=\"https:\/\/blog.univicosa.com.br\/wp-content\/uploads\/2022\/02\/imagem-link-blog.png\" data-orig-size=\"677,51\" data-comments-opened=\"1\" data-image-meta=\"{&quot;aperture&quot;:&quot;0&quot;,&quot;credit&quot;:&quot;&quot;,&quot;camera&quot;:&quot;&quot;,&quot;caption&quot;:&quot;&quot;,&quot;created_timestamp&quot;:&quot;0&quot;,&quot;copyright&quot;:&quot;&quot;,&quot;focal_length&quot;:&quot;0&quot;,&quot;iso&quot;:&quot;0&quot;,&quot;shutter_speed&quot;:&quot;0&quot;,&quot;title&quot;:&quot;&quot;,&quot;orientation&quot;:&quot;0&quot;}\" data-image-title=\"imagem link blog\" data-image-description=\"\" data-medium-file=\"https:\/\/blog.univicosa.com.br\/wp-content\/uploads\/2022\/02\/imagem-link-blog-300x23.png\" data-large-file=\"https:\/\/blog.univicosa.com.br\/wp-content\/uploads\/2022\/02\/imagem-link-blog.png\" loading=\"lazy\" width=\"677\" height=\"51\" src=\"https:\/\/blog.univicosa.com.br\/wp-content\/uploads\/2022\/02\/imagem-link-blog.png\" alt=\"\" class=\"wp-image-2905\" srcset=\"https:\/\/blog.univicosa.com.br\/wp-content\/uploads\/2022\/02\/imagem-link-blog.png 677w, https:\/\/blog.univicosa.com.br\/wp-content\/uploads\/2022\/02\/imagem-link-blog-300x23.png 300w\" sizes=\"(max-width: 677px) 100vw, 677px\" \/><\/a><\/figure>\n\n\n\n<p><strong>4\u00ba M\u00e9dia salarial<\/strong><\/p>\n\n\n\n<p>Segundo o site <a rel=\"noreferrer noopener\" href=\"https:\/\/www.vagas.com.br\/cargo\/enfermeira\" data-type=\"URL\" data-id=\"https:\/\/www.vagas.com.br\/cargo\/enfermeira\" target=\"_blank\">Vagas.com<\/a>, hoje quem trabalha como&nbsp;<strong>Enfermeira<\/strong>&nbsp;ganha em m\u00e9dia um&nbsp;<strong>sal\u00e1rio de R$ 3.542,00<\/strong>.&nbsp;Entretanto, o sal\u00e1rio do&nbsp;<strong>profissional enfermeiro<\/strong>&nbsp;\u00e9 bastante&nbsp;<strong>vari\u00e1vel<\/strong>, de forma que para rec\u00e9m-formados, o valor \u00e9 de aproximadamente<strong>&nbsp;R$ 3.500,00<\/strong>. Ao decorrer dos anos, esse valor pode atingir os <strong>R$ 10.000<\/strong>.<\/p>\n\n\n\n<p><strong>5\u00ba Diferenciais do curso de Enfermagem na UNIVI\u00c7OSA<\/strong><\/p>\n\n\n\n<p>O Curso de<strong>&nbsp;Enfermagem<\/strong>&nbsp;da&nbsp;<strong>UNIVI\u00c7OSA&nbsp;<\/strong>tem dura\u00e7\u00e3o de&nbsp;<strong>10 per\u00edodos<\/strong>, \u00e9 oferecido no<strong>&nbsp;turno da manh\u00e3 ou \u00e0 noite&nbsp;<\/strong>e aos formados \u00e9 conferido o t\u00edtulo de&nbsp;<strong>bacharel<\/strong>. O Curso de Enfermagem<strong>&nbsp;forma enfermeiros com compet\u00eancias t\u00e9cnico-cient\u00edficas<\/strong>, pol\u00edticas, sociais, educativas, administrativas, investigativas e \u00e9ticas para o exerc\u00edcio profissional da&nbsp;<strong>Enfermagem&nbsp;<\/strong>no contexto do sistema de sa\u00fade visando \u00e0 qualidade da aten\u00e7\u00e3o em sa\u00fade. Veja alguns de nossos diferenciais:<\/p>\n\n\n\n<ul><li><strong>Professores mestres e doutores<\/strong>, com vasta experi\u00eancia docente e profissional;<\/li><li><strong>Cl\u00ednica Escola de<\/strong> <strong>uso exclusivo do curso<\/strong> de Enfermagem no atendimento \u00e0 popula\u00e7\u00e3o;<\/li><li><strong>Conv\u00eanios com cl\u00ednicas, prefeituras e hospitais da regi\u00e3o<\/strong>, para a realiza\u00e7\u00e3o de <strong>est\u00e1gios e ensinos cl\u00ednicos<\/strong>, sendo que existe uma Unidade B\u00e1sica de Sa\u00fade dentro do <em>campus <\/em>da <strong>UNIVI\u00c7OSA<\/strong>;<\/li><li><strong>Laborat\u00f3rios modernos e completamente equipados <\/strong>de anatomia, microscopia e de procedimentos de enfermagem nas \u00e1reas de pediatria, obstetr\u00edcia e urg\u00eancia e emerg\u00eancia;<\/li><li><strong>Salas de aulas confort\u00e1veis<\/strong> e com <strong>recursos de \u00faltima gera\u00e7\u00e3o<\/strong> de multim\u00eddia, como quadro digital, por exemplo;<\/li><li>\u00c9 o <strong>primeiro curso de Enfermagem da regi\u00e3o<\/strong>, tendo formado mais de 500 enfermeiros que est\u00e3o atuando em todas as regi\u00f5es do Brasil e tamb\u00e9m no exterior.<\/li><\/ul>\n\n\n\n<figure class=\"wp-block-image size-large\"><img data-attachment-id=\"2905\" data-permalink=\"https:\/\/blog.univicosa.com.br\/index.php\/2022\/02\/01\/5-motivos-para-fazer-nutricao-na-univicosa\/imagem-link-blog\/\" data-orig-file=\"https:\/\/blog.univicosa.com.br\/wp-content\/uploads\/2022\/02\/imagem-link-blog.png\" data-orig-size=\"677,51\" data-comments-opened=\"1\" data-image-meta=\"{&quot;aperture&quot;:&quot;0&quot;,&quot;credit&quot;:&quot;&quot;,&quot;camera&quot;:&quot;&quot;,&quot;caption&quot;:&quot;&quot;,&quot;created_timestamp&quot;:&quot;0&quot;,&quot;copyright&quot;:&quot;&quot;,&quot;focal_length&quot;:&quot;0&quot;,&quot;iso&quot;:&quot;0&quot;,&quot;shutter_speed&quot;:&quot;0&quot;,&quot;title&quot;:&quot;&quot;,&quot;orientation&quot;:&quot;0&quot;}\" data-image-title=\"imagem link blog\" data-image-description=\"\" data-medium-file=\"https:\/\/blog.univicosa.com.br\/wp-content\/uploads\/2022\/02\/imagem-link-blog-300x23.png\" data-large-file=\"https:\/\/blog.univicosa.com.br\/wp-content\/uploads\/2022\/02\/imagem-link-blog.png\" loading=\"lazy\" width=\"677\" height=\"51\" src=\"https:\/\/blog.univicosa.com.br\/wp-content\/uploads\/2022\/02\/imagem-link-blog.png\" alt=\"\" class=\"wp-image-2905\" srcset=\"https:\/\/blog.univicosa.com.br\/wp-content\/uploads\/2022\/02\/imagem-link-blog.png 677w, https:\/\/blog.univicosa.com.br\/wp-content\/uploads\/2022\/02\/imagem-link-blog-300x23.png 300w\" sizes=\"(max-width: 677px) 100vw, 677px\" \/><\/figure>\n\n\n\n<p>Curtiu? Vem saber mais sobre o nosso curso de Enfermagem com os posts que separamos para voc\u00ea!<\/p>\n\n\n\n<p><a rel=\"noreferrer noopener\" href=\"https:\/\/blog.univicosa.com.br\/index.php\/2022\/01\/12\/saiba-tudo-sobre-o-curso-de-enfermagem\/\" data-type=\"URL\" data-id=\"https:\/\/blog.univicosa.com.br\/index.php\/2022\/01\/12\/saiba-tudo-sobre-o-curso-de-enfermagem\/\" target=\"_blank\">Saiba tudo sobre o curso de Enfermagem!<\/a><\/p>\n\n\n\n<p><a rel=\"noreferrer noopener\" href=\"https:\/\/blog.univicosa.com.br\/index.php\/2020\/08\/03\/alunas-de-enfermagem-da-univicosa-foram-convocadas-para-atuar-no-enfrentamento-da-covid-19-por-meio-do-programa-brasil-conta-comigo\/\" data-type=\"URL\" data-id=\"https:\/\/blog.univicosa.com.br\/index.php\/2020\/08\/03\/alunas-de-enfermagem-da-univicosa-foram-convocadas-para-atuar-no-enfrentamento-da-covid-19-por-meio-do-programa-brasil-conta-comigo\/\" target=\"_blank\">Alunas de Enfermagem da Univi\u00e7osa foram convocadas para atuar no enfrentamento da COVID-19 por meio do Programa \u201cBrasil Conta Comigo\u201d<\/a><\/p>\n\n\n\n<p><a rel=\"noreferrer noopener\" href=\"https:\/\/blog.univicosa.com.br\/index.php\/2021\/09\/13\/pesquisa-sobre-mercado-de-trabalho-regional-saiba-quais-sao-os-cursos-superiores-que-estao-em-alta\/\" data-type=\"URL\" data-id=\"https:\/\/blog.univicosa.com.br\/index.php\/2021\/09\/13\/pesquisa-sobre-mercado-de-trabalho-regional-saiba-quais-sao-os-cursos-superiores-que-estao-em-alta\/\" target=\"_blank\">Pesquisa sobre mercado de trabalho regional: saiba quais s\u00e3o os cursos superiores que est\u00e3o em alta<\/a><\/p>\n\n\n\n<p><a rel=\"noreferrer noopener\" href=\"https:\/\/blog.univicosa.com.br\/index.php\/2021\/09\/11\/descubra-a-media-salarial-de-profissionais-com-curso-superior-em-cada-area\/\" data-type=\"URL\" data-id=\"https:\/\/blog.univicosa.com.br\/index.php\/2021\/09\/11\/descubra-a-media-salarial-de-profissionais-com-curso-superior-em-cada-area\/\" target=\"_blank\">Descubra a m\u00e9dia salarial de profissionais com curso superior em cada \u00e1rea<\/a><\/p>\n\n\n\n<p><a rel=\"noreferrer noopener\" href=\"https:\/\/blog.univicosa.com.br\/index.php\/2021\/09\/11\/cursos-superiores-que-mais-empregam-na-regiao-e-no-pais\/\" data-type=\"URL\" data-id=\"https:\/\/blog.univicosa.com.br\/index.php\/2021\/09\/11\/cursos-superiores-que-mais-empregam-na-regiao-e-no-pais\/\" target=\"_blank\">Cursos superiores que mais empregam na regi\u00e3o e no pa\u00eds!<\/a><\/p>\n\n\n\n<p><a rel=\"noreferrer noopener\" href=\"https:\/\/blog.univicosa.com.br\/index.php\/2021\/09\/11\/tudo-o-que-voce-precisa-saber-para-ingressar-em-um-curso-superior\/\" data-type=\"URL\" data-id=\"https:\/\/blog.univicosa.com.br\/index.php\/2021\/09\/11\/tudo-o-que-voce-precisa-saber-para-ingressar-em-um-curso-superior\/\" target=\"_blank\">Tudo o que voc\u00ea precisa saber para ingressar em um curso superior<\/a><\/p>\n\n\n\n<p><a href=\"https:\/\/blog.univicosa.com.br\/index.php\/2021\/01\/06\/univicosa-e-nota-4-no-cpc-conceito-preliminar-de-curso-indicador-do-mec\/\" data-type=\"URL\" data-id=\"https:\/\/blog.univicosa.com.br\/index.php\/2021\/01\/06\/univicosa-e-nota-4-no-cpc-conceito-preliminar-de-curso-indicador-do-mec\/\" target=\"_blank\" rel=\"noreferrer noopener\">UNIVI\u00c7OSA \u00e9 nota 4 no conceito preliminar de curso (indicador do MEC) <\/a><\/p>\n","protected":false},"excerpt":{"rendered":"<p>Voc\u00ea gosta de estudar assuntos relacionados a vida, sa\u00fade e doen\u00e7as e sonha em fazer uma gradua\u00e7\u00e3o na \u00e1rea de Ci\u00eancias da Sa\u00fade, o curso de Enfermagem pode seu uma \u00f3tima op\u00e7\u00e3o. Neste post vamos mostrar 5 motivos para voc\u00ea iniciar o curso de Enfermagem  na UNIVI\u00c7OSA ainda em 2022!<\/p>\n","protected":false},"author":2,"featured_media":2984,"comment_status":"open","ping_status":"open","sticky":false,"template":"","format":"standard","meta":{"spay_email":""},"categories":[22,40,16],"tags":[1210,699,629,45,71,51,1211,783,100,92,47,107,1153,934,1208,64,1209,96,9,93],"jetpack_featured_media_url":"https:\/\/blog.univicosa.com.br\/wp-content\/uploads\/2022\/02\/capa-enfermagem-1.jpg","jetpack_shortlink":"https:\/\/wp.me\/pbcCKk-LW","_links":{"self":[{"href":"https:\/\/blog.univicosa.com.br\/index.php\/wp-json\/wp\/v2\/posts\/2972"}],"collection":[{"href":"https:\/\/blog.univicosa.com.br\/index.php\/wp-json\/wp\/v2\/posts"}],"about":[{"href":"https:\/\/blog.univicosa.com.br\/index.php\/wp-json\/wp\/v2\/types\/post"}],"author":[{"embeddable":true,"href":"https:\/\/blog.univicosa.com.br\/index.php\/wp-json\/wp\/v2\/users\/2"}],"replies":[{"embeddable":true,"href":"https:\/\/blog.univicosa.com.br\/index.php\/wp-json\/wp\/v2\/comments?post=2972"}],"version-history":[{"count":10,"href":"https:\/\/blog.univicosa.com.br\/index.php\/wp-json\/wp\/v2\/posts\/2972\/revisions"}],"predecessor-version":[{"id":2987,"href":"https:\/\/blog.univicosa.com.br\/index.php\/wp-json\/wp\/v2\/posts\/2972\/revisions\/2987"}],"wp:featuredmedia":[{"embeddable":true,"href":"https:\/\/blog.univicosa.com.br\/index.php\/wp-json\/wp\/v2\/media\/2984"}],"wp:attachment":[{"href":"https:\/\/blog.univicosa.com.br\/index.php\/wp-json\/wp\/v2\/media?parent=2972"}],"wp:term":[{"taxonomy":"category","embeddable":true,"href":"https:\/\/blog.univicosa.com.br\/index.php\/wp-json\/wp\/v2\/categories?post=2972"},{"taxonomy":"post_tag","embeddable":true,"href":"https:\/\/blog.univicosa.com.br\/index.php\/wp-json\/wp\/v2\/tags?post=2972"}],"curies":[{"name":"wp","href":"https:\/\/api.w.org\/{rel}","templated":true}]}}