{"id":2760,"date":"2022-01-03T17:16:00","date_gmt":"2022-01-03T20:16:00","guid":{"rendered":"https:\/\/blog.univicosa.com.br\/?p=2760"},"modified":"2022-10-04T17:12:54","modified_gmt":"2022-10-04T20:12:54","slug":"saiba-tudo-sobre-o-curso-de-arquitetura-e-urbanismo","status":"publish","type":"post","link":"https:\/\/blog.univicosa.com.br\/index.php\/2022\/01\/03\/saiba-tudo-sobre-o-curso-de-arquitetura-e-urbanismo\/","title":{"rendered":"Saiba tudo sobre o curso de Arquitetura e Urbanismo!"},"content":{"rendered":"\n<figure class=\"wp-block-image size-large\"><img data-attachment-id=\"2761\" data-permalink=\"https:\/\/blog.univicosa.com.br\/index.php\/2022\/01\/03\/saiba-tudo-sobre-o-curso-de-arquitetura-e-urbanismo\/arq-blog\/\" data-orig-file=\"https:\/\/blog.univicosa.com.br\/wp-content\/uploads\/2022\/01\/arq-blog.png\" data-orig-size=\"1086,652\" data-comments-opened=\"1\" data-image-meta=\"{&quot;aperture&quot;:&quot;0&quot;,&quot;credit&quot;:&quot;&quot;,&quot;camera&quot;:&quot;&quot;,&quot;caption&quot;:&quot;&quot;,&quot;created_timestamp&quot;:&quot;0&quot;,&quot;copyright&quot;:&quot;&quot;,&quot;focal_length&quot;:&quot;0&quot;,&quot;iso&quot;:&quot;0&quot;,&quot;shutter_speed&quot;:&quot;0&quot;,&quot;title&quot;:&quot;&quot;,&quot;orientation&quot;:&quot;0&quot;}\" data-image-title=\"arq-blog\" data-image-description=\"\" data-medium-file=\"https:\/\/blog.univicosa.com.br\/wp-content\/uploads\/2022\/01\/arq-blog-300x180.png\" data-large-file=\"https:\/\/blog.univicosa.com.br\/wp-content\/uploads\/2022\/01\/arq-blog-1024x615.png\" loading=\"lazy\" width=\"1024\" height=\"615\" src=\"https:\/\/blog.univicosa.com.br\/wp-content\/uploads\/2022\/01\/arq-blog-1024x615.png\" alt=\"\" class=\"wp-image-2761\" srcset=\"https:\/\/blog.univicosa.com.br\/wp-content\/uploads\/2022\/01\/arq-blog-1024x615.png 1024w, https:\/\/blog.univicosa.com.br\/wp-content\/uploads\/2022\/01\/arq-blog-300x180.png 300w, https:\/\/blog.univicosa.com.br\/wp-content\/uploads\/2022\/01\/arq-blog-768x461.png 768w, https:\/\/blog.univicosa.com.br\/wp-content\/uploads\/2022\/01\/arq-blog-850x510.png 850w, https:\/\/blog.univicosa.com.br\/wp-content\/uploads\/2022\/01\/arq-blog.png 1086w\" sizes=\"(max-width: 1024px) 100vw, 1024px\" \/><\/figure>\n\n\n\n<p><strong>Arquitetura e Urbanismo<\/strong> \u00e9 uma carreira <strong>multidisciplinar<\/strong>, que articula os <strong>conhecimentos <\/strong>da \u00e1rea de&nbsp;<a rel=\"noreferrer noopener\" href=\"https:\/\/blog.univicosa.com.br\/index.php\/2021\/01\/20\/eu-sou-do-time-ciencias-humanas-eu-sou-univicosa\/\" target=\"_blank\"><strong>humanas&nbsp;<\/strong><\/a>e de&nbsp;<a rel=\"noreferrer noopener\" href=\"https:\/\/blog.univicosa.com.br\/index.php\/2021\/01\/20\/eu-sou-do-time-ciencias-exatas-eu-sou-univicosa\/\" target=\"_blank\"><strong>exatas&nbsp;<\/strong><\/a>e que ainda permite o uso da <strong>criatividade <\/strong>al\u00e9m da <strong>t\u00e9cnica<\/strong>. A <strong>gradua\u00e7\u00e3o <\/strong>em Arquitetura e Urbanismo geralmente leva de<strong> 5 a 6 anos<\/strong>, \u00e9 uma \u00e1rea com vastos<strong> setores de atua\u00e7\u00e3o<\/strong> e muitas ofertas de <strong>emprego<\/strong>, afinal, a constru\u00e7\u00e3o civil n\u00e3o para de crescer no Brasil e no mundo.<\/p>\n\n\n\n<p>Ao concluir sua gradua\u00e7\u00e3o, voc\u00ea poder\u00e1 <strong>projetar <\/strong>desde uma simples cadeira at\u00e9 um shopping center, pontes e aeroportos. Este profissional est\u00e1 sempre atento as <strong>novidades <\/strong>de mercado, como materiais, tend\u00eancias de design e outros, al\u00e9m de saber lidar com <strong>est\u00e9tica <\/strong>e com <strong>aspectos estruturais.&nbsp;<\/strong><\/p>\n\n\n\n<h2 class=\"has-white-color has-luminous-vivid-orange-background-color has-text-color has-background\"><strong>\u00c1REAS DE ATUA\u00c7\u00c3O<\/strong><\/h2>\n\n\n\n<p>Portanto, o <strong>Arquiteto e Urbanista<\/strong> \u00e9 um profissional com grande <strong>variedade de \u00e1reas de atua\u00e7\u00e3o<\/strong>. \u00c9 o respons\u00e1vel pela cria\u00e7\u00e3o de projetos de casas, edif\u00edcios, estabelecimentos comerciais, escolas, hospitais; al\u00e9m do planejamento urbano, onde a arquitetura e o urbanismo s\u00e3o pensados em grande escala: escala da cidade ou da regi\u00e3o.<\/p>\n\n\n\n<p>Pode atuar na \u00e1rea de design de interiores, design de m\u00f3veis, paisagismo. As suas atua\u00e7\u00f5es podem ser no \u00e2mbito p\u00fablico ou privado. \u00c9 um profissional que pode construir a sua carreira como aut\u00f4nomo, prestador de servi\u00e7os ou trabalhar para terceiros. <strong>Confira algumas \u00e1reas que selecionamos para voc\u00ea conhecer: <\/strong><\/p>\n\n\n\n<p><strong>&#8211; Estruturas:<\/strong> os arquitetos trabalham com projetos e execu\u00e7\u00e3o de constru\u00e7\u00f5es e reformas, sejam pr\u00e9dios, lojas, casas, shoppings e muito mais.<\/p>\n\n\n\n<p><strong>&#8211; Paisagismo:<\/strong> o paisagismo faz parte inerente do nosso cotidiano, ajudando a transformar o ambiente em um local agrad\u00e1vel, aconchegante e belo. Arquitetos s\u00e3o respons\u00e1veis, tamb\u00e9m, por criar projetos paisag\u00edsticos como jardins, residenciais ou empresariais. Tamb\u00e9m idealizam \u00e1reas verdes de cidades, como pra\u00e7as, canteiros, parques e muito mais.<\/p>\n\n\n\n<p><strong>&#8211; Interiores:<\/strong> por meio de sua \u00f3tima forma\u00e7\u00e3o, o arquiteto pode projetar estruturas tanto externas quanto internas, podendo trabalhar em quest\u00f5es estruturais, seja na instala\u00e7\u00e3o e renova\u00e7\u00e3o de sistemas como \u00e1gua, luz e esgoto, como altera\u00e7\u00f5es de revestimentos, al\u00e9m da parte de m\u00f3veis.<\/p>\n\n\n\n<p><strong>&#8211; Urbanismo:<\/strong> a palavra urbanismo complementa o nome do curso de arquitetura, mas voc\u00ea sabe para que serve? Bom, arquitetos n\u00e3o s\u00f3 planejam pr\u00e9dios, casas ou jardins, eles tamb\u00e9m se envolvem ativamente com o planejamento de cidades, sejam elas grandes ou pequenas.<\/p>\n\n\n\n<p>Atua no estudo do desenho de toda a malha da cidade, analisando loteamentos, encontrando os melhores locais para grandes edif\u00edcios e muito mais, al\u00e9m de como tais projetos impactar\u00e1 no plano diretor desta cidade.<\/p>\n\n\n\n<p><strong>&#8211; Games e Cinema:<\/strong> voc\u00ea sabia que, como arquiteto, poder\u00e1 atuar junto de empresas para gerar melhores solu\u00e7\u00f5es na experi\u00eancia dos espectadores? Incr\u00edvel, n\u00e3o?!<\/p>\n\n\n\n<p>Por meio de todo <strong>conhecimento <\/strong>do Arquiteto Urbanista, as empresas podem criar, virtualmente, cidades e interiores de pr\u00e9dios realistas e mais agrad\u00e1veis aos olhos.-<\/p>\n\n\n\n<p>&#8211; <strong>Voc\u00ea poder\u00e1 atuar, tamb\u00e9m, em in\u00fameras outras \u00e1reas, como:<\/strong> projetos habitacionais, comerciais, institucionais, industriais, etc; urbanismo a n\u00edvel de pra\u00e7a, bairro, cidade, etc; patrim\u00f4nio hist\u00f3rico e restaura\u00e7\u00e3o; designer de m\u00f3veis, produtos e objetos de arte; arquitetura de interiores; paisagismo; comunica\u00e7\u00e3o visual; luminot\u00e9cnica; tecnologia da constru\u00e7\u00e3o; acompanhamento e execu\u00e7\u00e3o de obras; cenografia; per\u00edcia t\u00e9cnica; pesquisas e doc\u00eancia, entre outras possibilidades. \u00c9 uma profiss\u00e3o que traz bastante versatilidade ao profissional.<\/p>\n\n\n\n<figure class=\"wp-block-image size-large\"><img data-attachment-id=\"2762\" data-permalink=\"https:\/\/blog.univicosa.com.br\/index.php\/2022\/01\/03\/saiba-tudo-sobre-o-curso-de-arquitetura-e-urbanismo\/our-project-is-better-than-previous\/\" data-orig-file=\"https:\/\/blog.univicosa.com.br\/wp-content\/uploads\/2022\/01\/our-project-is-better-than-previous.jpg\" data-orig-size=\"1000,667\" data-comments-opened=\"1\" data-image-meta=\"{&quot;aperture&quot;:&quot;0&quot;,&quot;credit&quot;:&quot;&quot;,&quot;camera&quot;:&quot;&quot;,&quot;caption&quot;:&quot;&quot;,&quot;created_timestamp&quot;:&quot;0&quot;,&quot;copyright&quot;:&quot;&quot;,&quot;focal_length&quot;:&quot;0&quot;,&quot;iso&quot;:&quot;0&quot;,&quot;shutter_speed&quot;:&quot;0&quot;,&quot;title&quot;:&quot;&quot;,&quot;orientation&quot;:&quot;0&quot;}\" data-image-title=\"our-project-is-better-than-previous\" data-image-description=\"\" data-medium-file=\"https:\/\/blog.univicosa.com.br\/wp-content\/uploads\/2022\/01\/our-project-is-better-than-previous-300x200.jpg\" data-large-file=\"https:\/\/blog.univicosa.com.br\/wp-content\/uploads\/2022\/01\/our-project-is-better-than-previous.jpg\" loading=\"lazy\" width=\"1000\" height=\"667\" src=\"https:\/\/blog.univicosa.com.br\/wp-content\/uploads\/2022\/01\/our-project-is-better-than-previous.jpg\" alt=\"\" class=\"wp-image-2762\" srcset=\"https:\/\/blog.univicosa.com.br\/wp-content\/uploads\/2022\/01\/our-project-is-better-than-previous.jpg 1000w, https:\/\/blog.univicosa.com.br\/wp-content\/uploads\/2022\/01\/our-project-is-better-than-previous-300x200.jpg 300w, https:\/\/blog.univicosa.com.br\/wp-content\/uploads\/2022\/01\/our-project-is-better-than-previous-768x512.jpg 768w, https:\/\/blog.univicosa.com.br\/wp-content\/uploads\/2022\/01\/our-project-is-better-than-previous-850x567.jpg 850w\" sizes=\"(max-width: 1000px) 100vw, 1000px\" \/><\/figure>\n\n\n\n<h2 class=\"has-white-color has-luminous-vivid-orange-background-color has-text-color has-background\"><strong>MERCADO DE TRABALHO <\/strong><\/h2>\n\n\n\n<p>Atualmente, o setor de <strong>planejamento urbano <\/strong>\u00e9 um dos que mais <strong>cresce<\/strong>, j\u00e1 que as demandas do setor p\u00fablico e a exig\u00eancia da popula\u00e7\u00e3o por melhores condi\u00e7\u00f5es de habita\u00e7\u00e3o t\u00eam aumentado cada vez mais.<\/p>\n\n\n\n<p>A \u00e1rea ligada a <strong>sustentabilidade <\/strong>e<strong> acessibilidade<\/strong> tamb\u00e9m est\u00e3o em alta, pois as demandas n\u00e3o param de crescer. Por ser uma profiss\u00e3o ampla, o mercado de trabalho para o profissional costuma ser bastante acolhedor, principalmente, para quem \u00e9 criativo para buscar solu\u00e7\u00f5es. <a rel=\"noreferrer noopener\" href=\"https:\/\/www.guiadacarreira.com.br\/carreira\/como-esta-o-mercado-de-trabalho-pra-quem-faz-arquitetura\/\" target=\"_blank\">O mercado de trabalho para o arquiteto e urbanista \u00e9 sempre movimentado<\/a>, tendo em vista que a profiss\u00e3o pressup\u00f5e versatilidade.<\/p>\n\n\n\n<figure class=\"wp-block-image\"><a href=\"https:\/\/univicosa.apprbs.com.br\/blog\/\" target=\"_blank\" rel=\"noreferrer noopener\"><img data-attachment-id=\"2757\" data-permalink=\"https:\/\/blog.univicosa.com.br\/index.php\/2022\/01\/03\/saiba-tudo-sobre-o-curso-de-administracao\/receba-conteudos-univicosa-imagem-geral-blog\/\" data-orig-file=\"https:\/\/blog.univicosa.com.br\/wp-content\/uploads\/2022\/01\/RECEBA-CONTEUDOS-UNIVICOSA-imagem-geral-blog.png\" data-orig-size=\"675,50\" data-comments-opened=\"1\" data-image-meta=\"{&quot;aperture&quot;:&quot;0&quot;,&quot;credit&quot;:&quot;&quot;,&quot;camera&quot;:&quot;&quot;,&quot;caption&quot;:&quot;&quot;,&quot;created_timestamp&quot;:&quot;0&quot;,&quot;copyright&quot;:&quot;&quot;,&quot;focal_length&quot;:&quot;0&quot;,&quot;iso&quot;:&quot;0&quot;,&quot;shutter_speed&quot;:&quot;0&quot;,&quot;title&quot;:&quot;&quot;,&quot;orientation&quot;:&quot;0&quot;}\" data-image-title=\"RECEBA-CONTEUDOS-UNIVICOSA-imagem-geral-blog\" data-image-description=\"\" data-medium-file=\"https:\/\/blog.univicosa.com.br\/wp-content\/uploads\/2022\/01\/RECEBA-CONTEUDOS-UNIVICOSA-imagem-geral-blog-300x22.png\" data-large-file=\"https:\/\/blog.univicosa.com.br\/wp-content\/uploads\/2022\/01\/RECEBA-CONTEUDOS-UNIVICOSA-imagem-geral-blog.png\" loading=\"lazy\" width=\"675\" height=\"50\" src=\"https:\/\/blog.univicosa.com.br\/wp-content\/uploads\/2022\/01\/RECEBA-CONTEUDOS-UNIVICOSA-imagem-geral-blog.png\" alt=\"\" class=\"wp-image-2757\" srcset=\"https:\/\/blog.univicosa.com.br\/wp-content\/uploads\/2022\/01\/RECEBA-CONTEUDOS-UNIVICOSA-imagem-geral-blog.png 675w, https:\/\/blog.univicosa.com.br\/wp-content\/uploads\/2022\/01\/RECEBA-CONTEUDOS-UNIVICOSA-imagem-geral-blog-300x22.png 300w\" sizes=\"(max-width: 675px) 100vw, 675px\" \/><\/a><\/figure>\n\n\n\n<h2 class=\"has-white-color has-luminous-vivid-orange-background-color has-text-color has-background\"><strong>M\u00c9DIA SALARIAL<\/strong><\/h2>\n\n\n\n<p>M\u00e9dia salarial: por ser uma profiss\u00e3o muito valorizada, as m\u00e9dias salariais para este profissional s\u00e3o <strong>\u00f3timas<\/strong>. Para rec\u00e9m formados, o valor gira em torno de R$ 5.000 mil reais, podendo atingir os R$ 15.000 mil reais ao longo do tempo.<\/p>\n\n\n\n<figure class=\"wp-block-image size-large\"><img data-attachment-id=\"3800\" data-permalink=\"https:\/\/blog.univicosa.com.br\/index.php\/2022\/01\/03\/saiba-tudo-sobre-o-curso-de-arquitetura-e-urbanismo\/lcs_0881\/\" data-orig-file=\"https:\/\/blog.univicosa.com.br\/wp-content\/uploads\/2022\/10\/LCS_0881-scaled.jpg\" data-orig-size=\"2560,1709\" data-comments-opened=\"1\" data-image-meta=\"{&quot;aperture&quot;:&quot;4&quot;,&quot;credit&quot;:&quot;&quot;,&quot;camera&quot;:&quot;NIKON D750&quot;,&quot;caption&quot;:&quot;&quot;,&quot;created_timestamp&quot;:&quot;1461490254&quot;,&quot;copyright&quot;:&quot;&quot;,&quot;focal_length&quot;:&quot;24&quot;,&quot;iso&quot;:&quot;1600&quot;,&quot;shutter_speed&quot;:&quot;0.008&quot;,&quot;title&quot;:&quot;&quot;,&quot;orientation&quot;:&quot;0&quot;}\" data-image-title=\"LCS_0881\" data-image-description=\"\" data-medium-file=\"https:\/\/blog.univicosa.com.br\/wp-content\/uploads\/2022\/10\/LCS_0881-300x200.jpg\" data-large-file=\"https:\/\/blog.univicosa.com.br\/wp-content\/uploads\/2022\/10\/LCS_0881-1024x684.jpg\" loading=\"lazy\" width=\"1024\" height=\"684\" src=\"https:\/\/blog.univicosa.com.br\/wp-content\/uploads\/2022\/10\/LCS_0881-1024x684.jpg\" alt=\"\" class=\"wp-image-3800\" srcset=\"https:\/\/blog.univicosa.com.br\/wp-content\/uploads\/2022\/10\/LCS_0881-1024x684.jpg 1024w, https:\/\/blog.univicosa.com.br\/wp-content\/uploads\/2022\/10\/LCS_0881-300x200.jpg 300w, https:\/\/blog.univicosa.com.br\/wp-content\/uploads\/2022\/10\/LCS_0881-768x513.jpg 768w, https:\/\/blog.univicosa.com.br\/wp-content\/uploads\/2022\/10\/LCS_0881-1536x1025.jpg 1536w, https:\/\/blog.univicosa.com.br\/wp-content\/uploads\/2022\/10\/LCS_0881-2048x1367.jpg 2048w, https:\/\/blog.univicosa.com.br\/wp-content\/uploads\/2022\/10\/LCS_0881-850x567.jpg 850w\" sizes=\"(max-width: 1024px) 100vw, 1024px\" \/><\/figure>\n\n\n\n<p><strong>Diferenciais do Curso de Arquitetura e Urbanismo da Univi\u00e7osa:<\/strong><strong><\/strong><\/p>\n\n\n\n<ul><li>Articula\u00e7\u00e3o das disciplinas pr\u00e1ticas e te\u00f3ricas, preparando o estudante para o mercado de trabalho;<\/li><li>Laborat\u00f3rio de projetos amplo e acolhedor;<\/li><li>Laborat\u00f3rios de inform\u00e1tica bem equipados;<\/li><li>Diversidade de projetos de extens\u00e3o onde o estudante, desde o primeiro semestre, tem contato com as demandas da comunidade, podendo exercer o papel social do arquiteto e urbanista;<\/li><li>Disciplinas articuladas em todos os semestres de forma que a aprendizagem seja significativa e real;<\/li><li>Disciplinas de projeto onde o estudante tem a oportunidade de exercitar a pr\u00e1tica profissional, com interdisciplinaridade e colabora\u00e7\u00e3o;<\/li><li>Oportunidades de est\u00e1gios em v\u00e1rias \u00e1reas.<\/li><\/ul>\n\n\n\n<p><em><a rel=\"noreferrer noopener\" href=\"https:\/\/univicosa.apprbs.com.br\/blog\/\" target=\"_blank\">Ei, quer<strong>&nbsp;receber conte\u00fados exclusivos<\/strong>&nbsp;da Univi\u00e7osa? clique aqui!&nbsp;<\/a><\/em> <\/p>\n\n\n\n<p><a rel=\"noreferrer noopener\" href=\"https:\/\/www.univicosa.com.br\/graduacao\/cursos\/arquitetura_e_urbanismo\" target=\"_blank\">Curtiu e quer saber mais sobre o curso de&nbsp;<strong>Arquitetura e Urbanismo<\/strong>&nbsp;da&nbsp;<strong>UNIVI\u00c7OSA<\/strong>? Ent\u00e3o acesse o site da Univi\u00e7osa, clique aqui!<\/a><\/p>\n\n\n\n<p><a href=\"https:\/\/blog.univicosa.com.br\/index.php\/2021\/10\/29\/envelhecimento-saudavel-e-a-casa-de-morar\/\">A velhice e a casa de morar<\/a><\/p>\n\n\n\n<p><a href=\"https:\/\/blog.univicosa.com.br\/index.php\/2021\/10\/22\/os-modos-de-morar-e-a-arquitetura\/\">Os modos de morar e a Arquitetura<\/a><\/p>\n\n\n\n<p><a rel=\"noreferrer noopener\" href=\"https:\/\/blog.univicosa.com.br\/index.php\/2021\/10\/07\/voce-sabe-o-que-e-abstracao-artistica\/\" target=\"_blank\">Voc\u00ea sabe o que \u00e9 abstra\u00e7\u00e3o art\u00edstica?<\/a><\/p>\n\n\n\n<p><a href=\"https:\/\/blog.univicosa.com.br\/index.php\/2021\/10\/22\/os-modos-de-morar-e-a-arquitetura\/saiba%20tudo%20sobre%20a%20arquitetura%20da%20paisagem!\" target=\"_blank\" rel=\"noreferrer noopener\">Paisagismo: saiba tudo sobre a arquitetura da paisagem!<\/a><\/p>\n\n\n\n<p><a href=\"https:\/\/blog.univicosa.com.br\/index.php\/2021\/05\/26\/dicas-para-organizar-o-seu-estudo-em-casa\/\" target=\"_blank\" rel=\"noreferrer noopener\">Dicas para organizar o seu estudo em casa!<\/a><br><br><a href=\"https:\/\/blog.univicosa.com.br\/index.php\/2021\/07\/20\/conheca-as-vantagens-de-fazer-uma-segunda-graduacao\/\" target=\"_blank\" rel=\"noreferrer noopener\">Conhe\u00e7a as vantagens de fazer uma segunda gradua\u00e7\u00e3o<\/a><\/p>\n\n\n\n<p><strong><a rel=\"noreferrer noopener\" href=\"https:\/\/blog.univicosa.com.br\/index.php\/2021\/07\/26\/curiosidades-e-mercado-de-trabalho-arquitetura-e-urbanismo\/\" target=\"_blank\">Curiosidades e mercado de trabalho: Arquitetura e Urbanismo<\/a><br><\/strong><br><a rel=\"noreferrer noopener\" href=\"https:\/\/blog.univicosa.com.br\/index.php\/2021\/07\/16\/5-dicas-para-se-destacar-no-mercado-de-trabalho\/\" target=\"_blank\">5 dicas para se destacar no mercado de trabalho<\/a><br><br><a rel=\"noreferrer noopener\" href=\"https:\/\/blog.univicosa.com.br\/index.php\/2021\/06\/01\/5-dicas-para-ter-um-curriculo-de-destaque\/\" target=\"_blank\">5 dicas para criar um curr\u00edculo de sucesso!<\/a><\/p>\n\n\n\n<p><a href=\"https:\/\/blog.univicosa.com.br\/index.php\/2021\/06\/09\/transmita-suas-ideias-atraves-do-desenho\/\" target=\"_blank\" rel=\"noreferrer noopener\">Transmita suas ideias atrav\u00e9s do desenho!<\/a><br><br><a href=\"https:\/\/blog.univicosa.com.br\/index.php\/2021\/06\/22\/6-dicas-simples-de-como-fazer-um-mapa-mental-e-mandar-bem-nos-estudos\/\" target=\"_blank\" rel=\"noreferrer noopener\">6 dicas simples de como fazer um MAPA MENTAL e mandar bem nos estudos<\/a><br><br><a href=\"https:\/\/blog.univicosa.com.br\/index.php\/2021\/06\/15\/10-passos-para-ter-um-perfil-mais-relevante-no-linkedin\/\" target=\"_blank\" rel=\"noreferrer noopener\">10 passos para ter um perfil mais relevante no LinkedIn!<\/a><\/p>\n\n\n\n<p><a href=\"https:\/\/univicosa.apprbs.com.br\/gruda-na-uni\" target=\"_blank\" rel=\"noreferrer noopener\">Ei, voc\u00ea est\u00e1 estudando para o&nbsp;<strong>ENEM<\/strong>? A gente te ajuda! Tem conte\u00fado de exatas (matem\u00e1tica), humanas (portugu\u00eas), ci\u00eancias da natureza (Qu\u00edmica, Biologia), atualidades e muito mais,&nbsp;<strong>Gruda na Uni<\/strong>&nbsp;e vem! Clique aqui!<\/a><\/p>\n\n\n\n<p><a href=\"https:\/\/blog.univicosa.com.br\/index.php\/2021\/01\/20\/eu-sou-do-time-ciencias-exatas-eu-sou-univicosa\/\" target=\"_blank\" rel=\"noreferrer noopener\">Eu sou do time&nbsp;<strong>Ci\u00eancias Exatas<\/strong>, eu sou #UNIVI\u00c7OSA<\/a><\/p>\n\n\n\n<p><a rel=\"noreferrer noopener\" href=\"https:\/\/blog.univicosa.com.br\/index.php\/2020\/04\/29\/guia-de-organizacao-no-home-office-dicas-deixar-o-seu-ambiente-mais-produtivo\/\" target=\"_blank\">Guia de organiza\u00e7\u00e3o: dicas para deixar o seu&nbsp;<strong>ambiente de estudos<\/strong>&nbsp;ainda mais produtivo<\/a><\/p>\n\n\n\n<hr class=\"wp-block-separator\"\/>\n\n\n\n<p>Fontes de pesquisa: Portal Guia da Carreira.<\/p>\n","protected":false},"excerpt":{"rendered":"<p>Arquitetura e Urbanismo \u00e9 uma carreira multidisciplinar, que articula os conhecimentos da \u00e1rea de&nbsp;humanas&nbsp;e de&nbsp;exatas&nbsp;e que ainda permite o uso da criatividade al\u00e9m da t\u00e9cnica. A gradua\u00e7\u00e3o em Arquitetura e Urbanismo geralmente leva de 5 a 6 anos, \u00e9 uma \u00e1rea com vastos setores de atua\u00e7\u00e3o e muitas ofertas de emprego, afinal, a constru\u00e7\u00e3o civil&#8230;<\/p>\n","protected":false},"author":2,"featured_media":2761,"comment_status":"open","ping_status":"open","sticky":false,"template":"","format":"standard","meta":{"spay_email":""},"categories":[28,14],"tags":[699,333,103,629,108,51,7,783,100,92,107,1161,1160,1159,605,96,52,9,93],"jetpack_featured_media_url":"https:\/\/blog.univicosa.com.br\/wp-content\/uploads\/2022\/01\/arq-blog.png","jetpack_shortlink":"https:\/\/wp.me\/pbcCKk-Iw","_links":{"self":[{"href":"https:\/\/blog.univicosa.com.br\/index.php\/wp-json\/wp\/v2\/posts\/2760"}],"collection":[{"href":"https:\/\/blog.univicosa.com.br\/index.php\/wp-json\/wp\/v2\/posts"}],"about":[{"href":"https:\/\/blog.univicosa.com.br\/index.php\/wp-json\/wp\/v2\/types\/post"}],"author":[{"embeddable":true,"href":"https:\/\/blog.univicosa.com.br\/index.php\/wp-json\/wp\/v2\/users\/2"}],"replies":[{"embeddable":true,"href":"https:\/\/blog.univicosa.com.br\/index.php\/wp-json\/wp\/v2\/comments?post=2760"}],"version-history":[{"count":4,"href":"https:\/\/blog.univicosa.com.br\/index.php\/wp-json\/wp\/v2\/posts\/2760\/revisions"}],"predecessor-version":[{"id":3801,"href":"https:\/\/blog.univicosa.com.br\/index.php\/wp-json\/wp\/v2\/posts\/2760\/revisions\/3801"}],"wp:featuredmedia":[{"embeddable":true,"href":"https:\/\/blog.univicosa.com.br\/index.php\/wp-json\/wp\/v2\/media\/2761"}],"wp:attachment":[{"href":"https:\/\/blog.univicosa.com.br\/index.php\/wp-json\/wp\/v2\/media?parent=2760"}],"wp:term":[{"taxonomy":"category","embeddable":true,"href":"https:\/\/blog.univicosa.com.br\/index.php\/wp-json\/wp\/v2\/categories?post=2760"},{"taxonomy":"post_tag","embeddable":true,"href":"https:\/\/blog.univicosa.com.br\/index.php\/wp-json\/wp\/v2\/tags?post=2760"}],"curies":[{"name":"wp","href":"https:\/\/api.w.org\/{rel}","templated":true}]}}