{"id":2728,"date":"2021-12-06T15:04:12","date_gmt":"2021-12-06T18:04:12","guid":{"rendered":"https:\/\/blog.univicosa.com.br\/?p=2728"},"modified":"2022-05-20T11:16:02","modified_gmt":"2022-05-20T14:16:02","slug":"a-paisagem-urbana-e-a-sua-traducao-por-meio-dos-croquis","status":"publish","type":"post","link":"https:\/\/blog.univicosa.com.br\/index.php\/2021\/12\/06\/a-paisagem-urbana-e-a-sua-traducao-por-meio-dos-croquis\/","title":{"rendered":"A paisagem urbana e a sua tradu\u00e7\u00e3o por meio dos croquis"},"content":{"rendered":"\n<figure class=\"wp-block-image size-large\"><img data-attachment-id=\"2729\" data-permalink=\"https:\/\/blog.univicosa.com.br\/index.php\/2021\/12\/06\/a-paisagem-urbana-e-a-sua-traducao-por-meio-dos-croquis\/paisagem-croquis-arq-blog\/\" data-orig-file=\"https:\/\/blog.univicosa.com.br\/wp-content\/uploads\/2021\/12\/paisagem-croquis-arq-blog.png\" data-orig-size=\"1086,652\" data-comments-opened=\"1\" data-image-meta=\"{&quot;aperture&quot;:&quot;0&quot;,&quot;credit&quot;:&quot;&quot;,&quot;camera&quot;:&quot;&quot;,&quot;caption&quot;:&quot;&quot;,&quot;created_timestamp&quot;:&quot;0&quot;,&quot;copyright&quot;:&quot;&quot;,&quot;focal_length&quot;:&quot;0&quot;,&quot;iso&quot;:&quot;0&quot;,&quot;shutter_speed&quot;:&quot;0&quot;,&quot;title&quot;:&quot;&quot;,&quot;orientation&quot;:&quot;0&quot;}\" data-image-title=\"paisagem-croquis-arq-blog\" data-image-description=\"\" data-medium-file=\"https:\/\/blog.univicosa.com.br\/wp-content\/uploads\/2021\/12\/paisagem-croquis-arq-blog-300x180.png\" data-large-file=\"https:\/\/blog.univicosa.com.br\/wp-content\/uploads\/2021\/12\/paisagem-croquis-arq-blog-1024x615.png\" loading=\"lazy\" width=\"1024\" height=\"615\" src=\"https:\/\/blog.univicosa.com.br\/wp-content\/uploads\/2021\/12\/paisagem-croquis-arq-blog-1024x615.png\" alt=\"\" class=\"wp-image-2729\" srcset=\"https:\/\/blog.univicosa.com.br\/wp-content\/uploads\/2021\/12\/paisagem-croquis-arq-blog-1024x615.png 1024w, https:\/\/blog.univicosa.com.br\/wp-content\/uploads\/2021\/12\/paisagem-croquis-arq-blog-300x180.png 300w, https:\/\/blog.univicosa.com.br\/wp-content\/uploads\/2021\/12\/paisagem-croquis-arq-blog-768x461.png 768w, https:\/\/blog.univicosa.com.br\/wp-content\/uploads\/2021\/12\/paisagem-croquis-arq-blog-850x510.png 850w, https:\/\/blog.univicosa.com.br\/wp-content\/uploads\/2021\/12\/paisagem-croquis-arq-blog.png 1086w\" sizes=\"(max-width: 1024px) 100vw, 1024px\" \/><\/figure>\n\n\n\n<p><em>Por: Karine de Almeida Paula*<\/em><\/p>\n\n\n\n<p>Cada<strong> paisagem urbana <\/strong>\u00e9 <strong>\u00fanica<\/strong>, com uma identidade iminente \u00e0 sua forma\u00e7\u00e3o, <strong>despertando sensa\u00e7\u00f5es e sentimentos<\/strong> <strong>singulares <\/strong>e <strong>\u00fanicos <\/strong>frente a um determinado fragmento. <\/p>\n\n\n\n<p>A paisagem pode ser <strong>descrita <\/strong>como tudo aquilo que os <strong>sentidos humanos <\/strong>podem <strong>captar<\/strong>, e esta apreens\u00e3o pode se dar por meio da <strong>m\u00fasica<\/strong>, de <strong>quadros<\/strong>, <strong>pinturas<\/strong>, <strong>mem\u00f3rias <\/strong>e da <strong>observa\u00e7\u00e3o <\/strong>ao <strong>caminhar<\/strong>. A percep\u00e7\u00e3o e apreens\u00e3o da <strong>paisagem <\/strong>podem ser traduzidas por meio de distintas formas, mas dentre elas destaca-se os <strong>croquis<\/strong>, pr\u00e1tica muito comum na <strong>Arquitetura e Urbanismo<\/strong>.<\/p>\n\n\n\n<p>A <strong>utiliza\u00e7\u00e3o do croqui<\/strong> pode se colocar como uma <strong>\u00f3tima alternativa<\/strong> aos estudantes de <strong>Arquitetura e Urbanismo<\/strong>, \u00e0 medida que a t\u00e9cnica do desenvolvimento de <strong>croquis <\/strong>exige maior aten\u00e7\u00e3o \u00e0 <strong>paisagem<\/strong>, n\u00e3o havendo um aprisionamento em quest\u00f5es est\u00e9ticas, e sim uma forma de expressar aquilo que os sentidos captam e, em seguida, <strong>transmiti-los ao papel<\/strong>. <\/p>\n\n\n\n<p>Se dispor a <strong>desenhar <\/strong>e a <strong>retratar <\/strong>a <strong>paisagem<\/strong>, por meio de <strong>croquis<\/strong>, permite ao observador, assim como em distintas <strong>pr\u00e1ticas art\u00edsticas<\/strong>, capturar a beleza por meio do <strong>sentir pessoal<\/strong>. \u00a0<\/p>\n\n\n\n<p><em><a rel=\"noreferrer noopener\" href=\"https:\/\/univicosa.apprbs.com.br\/blog\/\" target=\"_blank\">Ei, quer<strong>\u00a0receber conte\u00fados exclusivos<\/strong>\u00a0da Univi\u00e7osa? clique aqui!\u00a0<\/a><\/em><\/p>\n\n\n\n<figure class=\"wp-block-image size-large\"><img data-attachment-id=\"2730\" data-permalink=\"https:\/\/blog.univicosa.com.br\/index.php\/2021\/12\/06\/a-paisagem-urbana-e-a-sua-traducao-por-meio-dos-croquis\/3adsa\/\" data-orig-file=\"https:\/\/blog.univicosa.com.br\/wp-content\/uploads\/2021\/12\/3adsa.png\" data-orig-size=\"2000,1414\" data-comments-opened=\"1\" data-image-meta=\"{&quot;aperture&quot;:&quot;0&quot;,&quot;credit&quot;:&quot;&quot;,&quot;camera&quot;:&quot;&quot;,&quot;caption&quot;:&quot;&quot;,&quot;created_timestamp&quot;:&quot;0&quot;,&quot;copyright&quot;:&quot;&quot;,&quot;focal_length&quot;:&quot;0&quot;,&quot;iso&quot;:&quot;0&quot;,&quot;shutter_speed&quot;:&quot;0&quot;,&quot;title&quot;:&quot;&quot;,&quot;orientation&quot;:&quot;0&quot;}\" data-image-title=\"3adsa\" data-image-description=\"\" data-medium-file=\"https:\/\/blog.univicosa.com.br\/wp-content\/uploads\/2021\/12\/3adsa-300x212.png\" data-large-file=\"https:\/\/blog.univicosa.com.br\/wp-content\/uploads\/2021\/12\/3adsa-1024x724.png\" loading=\"lazy\" width=\"1024\" height=\"724\" src=\"https:\/\/blog.univicosa.com.br\/wp-content\/uploads\/2021\/12\/3adsa-1024x724.png\" alt=\"\" class=\"wp-image-2730\" srcset=\"https:\/\/blog.univicosa.com.br\/wp-content\/uploads\/2021\/12\/3adsa-1024x724.png 1024w, https:\/\/blog.univicosa.com.br\/wp-content\/uploads\/2021\/12\/3adsa-300x212.png 300w, https:\/\/blog.univicosa.com.br\/wp-content\/uploads\/2021\/12\/3adsa-768x543.png 768w, https:\/\/blog.univicosa.com.br\/wp-content\/uploads\/2021\/12\/3adsa-1536x1086.png 1536w, https:\/\/blog.univicosa.com.br\/wp-content\/uploads\/2021\/12\/3adsa-850x601.png 850w, https:\/\/blog.univicosa.com.br\/wp-content\/uploads\/2021\/12\/3adsa.png 2000w\" sizes=\"(max-width: 1024px) 100vw, 1024px\" \/><\/figure>\n\n\n\n<p><sub>Croqui esquem\u00e1tico. Cidade de Tiradentes &#8211; MG. Fonte: Pr\u00f3pria autora (2021).<\/sub><\/p>\n\n\n\n<figure class=\"wp-block-image size-large is-resized\"><img data-attachment-id=\"2731\" data-permalink=\"https:\/\/blog.univicosa.com.br\/index.php\/2021\/12\/06\/a-paisagem-urbana-e-a-sua-traducao-por-meio-dos-croquis\/fwerwesd\/\" data-orig-file=\"https:\/\/blog.univicosa.com.br\/wp-content\/uploads\/2021\/12\/fwerwesd.png\" data-orig-size=\"2000,1414\" data-comments-opened=\"1\" data-image-meta=\"{&quot;aperture&quot;:&quot;0&quot;,&quot;credit&quot;:&quot;&quot;,&quot;camera&quot;:&quot;&quot;,&quot;caption&quot;:&quot;&quot;,&quot;created_timestamp&quot;:&quot;0&quot;,&quot;copyright&quot;:&quot;&quot;,&quot;focal_length&quot;:&quot;0&quot;,&quot;iso&quot;:&quot;0&quot;,&quot;shutter_speed&quot;:&quot;0&quot;,&quot;title&quot;:&quot;&quot;,&quot;orientation&quot;:&quot;0&quot;}\" data-image-title=\"fwerwesd\" data-image-description=\"\" data-medium-file=\"https:\/\/blog.univicosa.com.br\/wp-content\/uploads\/2021\/12\/fwerwesd-300x212.png\" data-large-file=\"https:\/\/blog.univicosa.com.br\/wp-content\/uploads\/2021\/12\/fwerwesd-1024x724.png\" loading=\"lazy\" src=\"https:\/\/blog.univicosa.com.br\/wp-content\/uploads\/2021\/12\/fwerwesd-1024x724.png\" alt=\"\" class=\"wp-image-2731\" width=\"534\" height=\"377\" srcset=\"https:\/\/blog.univicosa.com.br\/wp-content\/uploads\/2021\/12\/fwerwesd-1024x724.png 1024w, https:\/\/blog.univicosa.com.br\/wp-content\/uploads\/2021\/12\/fwerwesd-300x212.png 300w, https:\/\/blog.univicosa.com.br\/wp-content\/uploads\/2021\/12\/fwerwesd-768x543.png 768w, https:\/\/blog.univicosa.com.br\/wp-content\/uploads\/2021\/12\/fwerwesd-1536x1086.png 1536w, https:\/\/blog.univicosa.com.br\/wp-content\/uploads\/2021\/12\/fwerwesd-850x601.png 850w, https:\/\/blog.univicosa.com.br\/wp-content\/uploads\/2021\/12\/fwerwesd.png 2000w\" sizes=\"(max-width: 534px) 100vw, 534px\" \/><\/figure>\n\n\n\n<p><sub>\u00a0Croqui esquem\u00e1tico. Cidade de Tiradentes &#8211; MG. Fonte: Pr\u00f3pria autora (2021).<\/sub><\/p>\n\n\n\n<p>No <strong>campo da arquitetura e urbanismo<\/strong>, os estudos da <strong>paisagem <\/strong>possibilitam um di\u00e1logo com campos <strong>interdisciplinares<\/strong>, sempre prezando por espa\u00e7os de <strong>significado<\/strong>, <strong>pertencimento <\/strong>e <strong>identidade <\/strong>ao <strong>usu\u00e1rio<\/strong>. <\/p>\n\n\n\n<p>J\u00e1 a <strong>pr\u00e1tica dos croquis <\/strong>se coloca muito importante nos <strong>estudos <\/strong>e <strong>disciplinas <\/strong>que versam sobre a <strong>paisagem urbana<\/strong>, proporcionando aos estudantes uma <strong>abstra\u00e7\u00e3o da realidade<\/strong> e o <strong>desenvolvimento <\/strong>de <strong>habilidades <\/strong>de <strong>comunica\u00e7\u00e3o <\/strong>e di\u00e1logo nas representa\u00e7\u00f5es <strong>projectuais <\/strong>e <strong>urban\u00edsticas<\/strong>.<\/p>\n\n\n\n<p>*<em>Por: Karine de Almeida Paula<\/em> &#8211; <em>Professora nos cursos de Arquitetura e Urbanismo, Engenharia Ambiental e Engenharia Qu\u00edmica.<\/em> <em>Doutoranda em Arquitetura e Urbanismo &#8211; UFV<\/em>.<\/p>\n\n\n\n<p><a rel=\"noreferrer noopener\" href=\"https:\/\/www.univicosa.com.br\/graduacao\/cursos\/arquitetura_e_urbanismo\" target=\"_blank\">Curtiu e quer saber mais sobre o curso de&nbsp;<strong>Arquitetura e Urbanismo<\/strong>&nbsp;da&nbsp;<strong>UNIVI\u00c7OSA<\/strong>? Ent\u00e3o acesse o site da Univi\u00e7osa, clique aqui!<\/a><\/p>\n\n\n\n<p><a rel=\"noreferrer noopener\" href=\"https:\/\/blog.univicosa.com.br\/index.php\/2021\/11\/18\/concepcao-estrutural-e-seus-impactos-no-projeto-arquitetonico\/\" target=\"_blank\">Concep\u00e7\u00e3o estrutural e seus impactos no projeto arquitet\u00f4nico<\/a><\/p>\n\n\n\n<p><a href=\"https:\/\/blog.univicosa.com.br\/index.php\/2021\/11\/12\/o-individuo-a-cidade-e-a-modernidade\/\" target=\"_blank\" rel=\"noreferrer noopener\">O indiv\u00edduo, a cidade e a modernidade<\/a><\/p>\n\n\n\n<p><a href=\"https:\/\/blog.univicosa.com.br\/index.php\/2021\/11\/05\/tecnologia-na-arquitetura\/\" target=\"_blank\" rel=\"noreferrer noopener\">Tecnologia na Arquitetura<\/a><\/p>\n\n\n\n<p><a href=\"https:\/\/blog.univicosa.com.br\/index.php\/2021\/10\/29\/envelhecimento-saudavel-e-a-casa-de-morar\/\" target=\"_blank\" rel=\"noreferrer noopener\">A velhice e a casa de morar<\/a><\/p>\n\n\n\n<p><a href=\"https:\/\/blog.univicosa.com.br\/index.php\/2021\/10\/22\/os-modos-de-morar-e-a-arquitetura\/\" target=\"_blank\" rel=\"noreferrer noopener\">Os modos de morar e a Arquitetura<\/a><\/p>\n\n\n\n<p><a rel=\"noreferrer noopener\" href=\"https:\/\/blog.univicosa.com.br\/index.php\/2021\/10\/07\/voce-sabe-o-que-e-abstracao-artistica\/\" target=\"_blank\">Voc\u00ea sabe o que \u00e9 abstra\u00e7\u00e3o art\u00edstica?<\/a><\/p>\n\n\n\n<p><a href=\"https:\/\/blog.univicosa.com.br\/index.php\/2021\/10\/22\/os-modos-de-morar-e-a-arquitetura\/saiba%20tudo%20sobre%20a%20arquitetura%20da%20paisagem!\" target=\"_blank\" rel=\"noreferrer noopener\">Paisagismo: saiba tudo sobre a arquitetura da paisagem!<\/a><\/p>\n\n\n\n<p><a href=\"https:\/\/blog.univicosa.com.br\/index.php\/2021\/05\/26\/dicas-para-organizar-o-seu-estudo-em-casa\/\" target=\"_blank\" rel=\"noreferrer noopener\">Dicas para organizar o seu estudo em casa!<\/a><br><br><a href=\"https:\/\/blog.univicosa.com.br\/index.php\/2021\/07\/20\/conheca-as-vantagens-de-fazer-uma-segunda-graduacao\/\" target=\"_blank\" rel=\"noreferrer noopener\">Conhe\u00e7a as vantagens de fazer uma segunda gradua\u00e7\u00e3o<\/a><\/p>\n\n\n\n<p><a href=\"https:\/\/blog.univicosa.com.br\/index.php\/2021\/07\/26\/curiosidades-e-mercado-de-trabalho-arquitetura-e-urbanismo\/\" target=\"_blank\" rel=\"noreferrer noopener\">Curiosidades e mercado de trabalho: Arquitetura e Urbanismo<\/a><br><br><a href=\"https:\/\/blog.univicosa.com.br\/index.php\/2021\/07\/16\/5-dicas-para-se-destacar-no-mercado-de-trabalho\/\" target=\"_blank\" rel=\"noreferrer noopener\">5 dicas para se destacar no mercado de trabalho<\/a><br><br><a href=\"https:\/\/blog.univicosa.com.br\/index.php\/2021\/06\/01\/5-dicas-para-ter-um-curriculo-de-destaque\/\" target=\"_blank\" rel=\"noreferrer noopener\">5 dicas para criar um curr\u00edculo de sucesso!<\/a><\/p>\n\n\n\n<p><a href=\"https:\/\/blog.univicosa.com.br\/index.php\/2021\/06\/09\/transmita-suas-ideias-atraves-do-desenho\/\" target=\"_blank\" rel=\"noreferrer noopener\">Transmita suas ideias atrav\u00e9s do desenho!<\/a><br><br><a href=\"https:\/\/blog.univicosa.com.br\/index.php\/2021\/06\/22\/6-dicas-simples-de-como-fazer-um-mapa-mental-e-mandar-bem-nos-estudos\/\" target=\"_blank\" rel=\"noreferrer noopener\">6 dicas simples de como fazer um MAPA MENTAL e mandar bem nos estudos<\/a><br><br><a href=\"https:\/\/blog.univicosa.com.br\/index.php\/2021\/06\/15\/10-passos-para-ter-um-perfil-mais-relevante-no-linkedin\/\" target=\"_blank\" rel=\"noreferrer noopener\">10 passos para ter um perfil mais relevante no LinkedIn!<\/a><\/p>\n\n\n\n<p><a href=\"https:\/\/univicosa.apprbs.com.br\/gruda-na-uni\" target=\"_blank\" rel=\"noreferrer noopener\">Ei, voc\u00ea est\u00e1 estudando para o&nbsp;<strong>ENEM<\/strong>? A gente te ajuda! Tem conte\u00fado de exatas (matem\u00e1tica), humanas (portugu\u00eas), ci\u00eancias da natureza (Qu\u00edmica, Biologia), atualidades e muito mais,&nbsp;<strong>Gruda na Uni<\/strong>&nbsp;e vem! Clique aqui!<\/a><\/p>\n\n\n\n<p><a href=\"https:\/\/blog.univicosa.com.br\/index.php\/2021\/01\/20\/eu-sou-do-time-ciencias-exatas-eu-sou-univicosa\/\" target=\"_blank\" rel=\"noreferrer noopener\">Eu sou do time&nbsp;<strong>Ci\u00eancias Exatas<\/strong>, eu sou #UNIVI\u00c7OSA<\/a><\/p>\n\n\n\n<p><a rel=\"noreferrer noopener\" href=\"https:\/\/blog.univicosa.com.br\/index.php\/2020\/04\/29\/guia-de-organizacao-no-home-office-dicas-deixar-o-seu-ambiente-mais-produtivo\/\" target=\"_blank\">Guia de organiza\u00e7\u00e3o: dicas para deixar o seu&nbsp;<strong>ambiente de estudos<\/strong>&nbsp;ainda mais produtivo<\/a><\/p>\n","protected":false},"excerpt":{"rendered":"<p>Por: Karine de Almeida Paula* Cada paisagem urbana \u00e9 \u00fanica, com uma identidade iminente \u00e0 sua forma\u00e7\u00e3o, despertando sensa\u00e7\u00f5es e sentimentos singulares e \u00fanicos frente a um determinado fragmento. A paisagem pode ser descrita como tudo aquilo que os sentidos humanos podem captar, e esta apreens\u00e3o pode se dar por meio da m\u00fasica, de quadros,&#8230;<\/p>\n","protected":false},"author":2,"featured_media":2729,"comment_status":"open","ping_status":"open","sticky":false,"template":"","format":"standard","meta":{"spay_email":""},"categories":[28,14],"tags":[973,102,103,329,409,970,176,1127,326,51,7,92,171,1128,1129,754,1067,96,9,104,93],"jetpack_featured_media_url":"https:\/\/blog.univicosa.com.br\/wp-content\/uploads\/2021\/12\/paisagem-croquis-arq-blog.png","jetpack_shortlink":"https:\/\/wp.me\/pbcCKk-I0","_links":{"self":[{"href":"https:\/\/blog.univicosa.com.br\/index.php\/wp-json\/wp\/v2\/posts\/2728"}],"collection":[{"href":"https:\/\/blog.univicosa.com.br\/index.php\/wp-json\/wp\/v2\/posts"}],"about":[{"href":"https:\/\/blog.univicosa.com.br\/index.php\/wp-json\/wp\/v2\/types\/post"}],"author":[{"embeddable":true,"href":"https:\/\/blog.univicosa.com.br\/index.php\/wp-json\/wp\/v2\/users\/2"}],"replies":[{"embeddable":true,"href":"https:\/\/blog.univicosa.com.br\/index.php\/wp-json\/wp\/v2\/comments?post=2728"}],"version-history":[{"count":1,"href":"https:\/\/blog.univicosa.com.br\/index.php\/wp-json\/wp\/v2\/posts\/2728\/revisions"}],"predecessor-version":[{"id":2732,"href":"https:\/\/blog.univicosa.com.br\/index.php\/wp-json\/wp\/v2\/posts\/2728\/revisions\/2732"}],"wp:featuredmedia":[{"embeddable":true,"href":"https:\/\/blog.univicosa.com.br\/index.php\/wp-json\/wp\/v2\/media\/2729"}],"wp:attachment":[{"href":"https:\/\/blog.univicosa.com.br\/index.php\/wp-json\/wp\/v2\/media?parent=2728"}],"wp:term":[{"taxonomy":"category","embeddable":true,"href":"https:\/\/blog.univicosa.com.br\/index.php\/wp-json\/wp\/v2\/categories?post=2728"},{"taxonomy":"post_tag","embeddable":true,"href":"https:\/\/blog.univicosa.com.br\/index.php\/wp-json\/wp\/v2\/tags?post=2728"}],"curies":[{"name":"wp","href":"https:\/\/api.w.org\/{rel}","templated":true}]}}