{"id":2722,"date":"2021-12-06T13:21:39","date_gmt":"2021-12-06T16:21:39","guid":{"rendered":"https:\/\/blog.univicosa.com.br\/?p=2722"},"modified":"2022-05-20T11:16:05","modified_gmt":"2022-05-20T14:16:05","slug":"voce-sabe-o-que-e-responsabilidade-social-das-empresas-rse","status":"publish","type":"post","link":"https:\/\/blog.univicosa.com.br\/index.php\/2021\/12\/06\/voce-sabe-o-que-e-responsabilidade-social-das-empresas-rse\/","title":{"rendered":"Voc\u00ea sabe o que \u00e9 Responsabilidade Social das Empresas- RSE?"},"content":{"rendered":"\n<figure class=\"wp-block-image size-large\"><img data-attachment-id=\"2723\" data-permalink=\"https:\/\/blog.univicosa.com.br\/index.php\/2021\/12\/06\/voce-sabe-o-que-e-responsabilidade-social-das-empresas-rse\/resp-social-das-empresas-contabeis-blog\/\" data-orig-file=\"https:\/\/blog.univicosa.com.br\/wp-content\/uploads\/2021\/12\/resp-social-das-empresas-contabeis-blog.png\" data-orig-size=\"1086,652\" data-comments-opened=\"1\" data-image-meta=\"{&quot;aperture&quot;:&quot;0&quot;,&quot;credit&quot;:&quot;&quot;,&quot;camera&quot;:&quot;&quot;,&quot;caption&quot;:&quot;&quot;,&quot;created_timestamp&quot;:&quot;0&quot;,&quot;copyright&quot;:&quot;&quot;,&quot;focal_length&quot;:&quot;0&quot;,&quot;iso&quot;:&quot;0&quot;,&quot;shutter_speed&quot;:&quot;0&quot;,&quot;title&quot;:&quot;&quot;,&quot;orientation&quot;:&quot;0&quot;}\" data-image-title=\"resp-social-das-empresas-contabeis-blog\" data-image-description=\"\" data-medium-file=\"https:\/\/blog.univicosa.com.br\/wp-content\/uploads\/2021\/12\/resp-social-das-empresas-contabeis-blog-300x180.png\" data-large-file=\"https:\/\/blog.univicosa.com.br\/wp-content\/uploads\/2021\/12\/resp-social-das-empresas-contabeis-blog-1024x615.png\" loading=\"lazy\" width=\"1024\" height=\"615\" src=\"https:\/\/blog.univicosa.com.br\/wp-content\/uploads\/2021\/12\/resp-social-das-empresas-contabeis-blog-1024x615.png\" alt=\"\" class=\"wp-image-2723\" srcset=\"https:\/\/blog.univicosa.com.br\/wp-content\/uploads\/2021\/12\/resp-social-das-empresas-contabeis-blog-1024x615.png 1024w, https:\/\/blog.univicosa.com.br\/wp-content\/uploads\/2021\/12\/resp-social-das-empresas-contabeis-blog-300x180.png 300w, https:\/\/blog.univicosa.com.br\/wp-content\/uploads\/2021\/12\/resp-social-das-empresas-contabeis-blog-768x461.png 768w, https:\/\/blog.univicosa.com.br\/wp-content\/uploads\/2021\/12\/resp-social-das-empresas-contabeis-blog-850x510.png 850w, https:\/\/blog.univicosa.com.br\/wp-content\/uploads\/2021\/12\/resp-social-das-empresas-contabeis-blog.png 1086w\" sizes=\"(max-width: 1024px) 100vw, 1024px\" \/><\/figure>\n\n\n\n<p><em>Por Myriam Mello*<\/em><\/p>\n\n\n\n<h2><strong>O CONCEITO<\/strong><\/h2>\n\n\n\n<p>\u00c9 um conceito relacionado ao modo de se <strong>posicionar <\/strong>de <strong>forma \u00e9tica <\/strong>e <strong>sustent\u00e1vel <\/strong>das <strong>empresas <\/strong>na sua <strong>rela\u00e7\u00e3o <\/strong>com as <strong>pessoas <\/strong>e com o <strong>ambiente <\/strong>em que est\u00e1 inserida. Se materializa em a\u00e7\u00f5es concretas de <strong>inclus\u00e3o social <\/strong>e <strong>redu\u00e7\u00e3o <\/strong>de <strong>impactos ambientais <\/strong>das suas <strong>atividades<\/strong>.<\/p>\n\n\n\n<p>Nessa perspectiva, a <strong>responsabilidade social das empresas<\/strong> &#8211; RSE &#8211; pode ser entendido como o compromisso que a empresa tem com o desenvolvimento, bem-estar e melhoramento da qualidade de vida dos empregados, suas fam\u00edlias e sua comunidade em geral<strong>.<\/strong> A aceita\u00e7\u00e3o da responsabilidade social baseia-se, em parte, na vis\u00e3o de que ela interessa para a empresa, mas tamb\u00e9m \u00e9 uma quest\u00e3o de \u00e9tica (valores e princ\u00edpios morais).<\/p>\n\n\n\n<h2><strong>ORIGENS<\/strong><\/h2>\n\n\n\n<p><strong>RESPONSABILIDADE SOCIAL DAS EMPRESAS<\/strong> \u00e9 um <strong>movimento <\/strong>que tem seu <strong>in\u00edcio <\/strong>nos anos <strong>1960<\/strong> e est\u00e1 intimamente relacionado ao <strong>poder <\/strong>das <strong>empresas <\/strong>que experimentavam a transi\u00e7\u00e3o da economia agr\u00edcola para a industrial, a crescente evolu\u00e7\u00e3o tecnol\u00f3gica e a aplica\u00e7\u00e3o da ci\u00eancia na organiza\u00e7\u00e3o do trabalho.<\/p>\n\n\n\n<p>Assim, nos prim\u00f3rdios a instala\u00e7\u00e3o de uma grande empresa em determinada localidade era uma a\u00e7\u00e3o que trazia consequentemente em seu bojo o cumprimento de uma <strong>responsabilidade social<\/strong>, tendo em vista que se gerava <strong>emprego<\/strong>, o <strong>dinheiro circulava<\/strong>, a<strong> economia local se expandia <\/strong>devido a com\u00e9rcios paralelos resultantes das necessidades das empresas e garantia-se condi\u00e7\u00f5es m\u00ednimas de <strong>sobreviv\u00eancia <\/strong>a parcela significativa da <strong>popula\u00e7\u00e3o<\/strong>.<\/p>\n\n\n\n<p>Com o decorrer do tempo essas a\u00e7\u00f5es foram vistas como <strong>obriga\u00e7\u00f5es m\u00ednimas necess\u00e1rias e n\u00e3o como manifesta\u00e7\u00f5es de uma consci\u00eancia social <\/strong>por parte da administra\u00e7\u00e3o da empresa.<\/p>\n\n\n\n<figure class=\"wp-block-image size-large is-resized\"><img data-attachment-id=\"2724\" data-permalink=\"https:\/\/blog.univicosa.com.br\/index.php\/2021\/12\/06\/voce-sabe-o-que-e-responsabilidade-social-das-empresas-rse\/blog_responsa-social-empresarial\/\" data-orig-file=\"https:\/\/blog.univicosa.com.br\/wp-content\/uploads\/2021\/12\/Blog_Responsa-social-empresarial.png\" data-orig-size=\"1000,400\" data-comments-opened=\"1\" data-image-meta=\"{&quot;aperture&quot;:&quot;0&quot;,&quot;credit&quot;:&quot;&quot;,&quot;camera&quot;:&quot;&quot;,&quot;caption&quot;:&quot;&quot;,&quot;created_timestamp&quot;:&quot;0&quot;,&quot;copyright&quot;:&quot;&quot;,&quot;focal_length&quot;:&quot;0&quot;,&quot;iso&quot;:&quot;0&quot;,&quot;shutter_speed&quot;:&quot;0&quot;,&quot;title&quot;:&quot;&quot;,&quot;orientation&quot;:&quot;0&quot;}\" data-image-title=\"Blog_Responsa-social-empresarial\" data-image-description=\"\" data-medium-file=\"https:\/\/blog.univicosa.com.br\/wp-content\/uploads\/2021\/12\/Blog_Responsa-social-empresarial-300x120.png\" data-large-file=\"https:\/\/blog.univicosa.com.br\/wp-content\/uploads\/2021\/12\/Blog_Responsa-social-empresarial.png\" loading=\"lazy\" src=\"https:\/\/blog.univicosa.com.br\/wp-content\/uploads\/2021\/12\/Blog_Responsa-social-empresarial.png\" alt=\"\" class=\"wp-image-2724\" width=\"556\" height=\"222\" srcset=\"https:\/\/blog.univicosa.com.br\/wp-content\/uploads\/2021\/12\/Blog_Responsa-social-empresarial.png 1000w, https:\/\/blog.univicosa.com.br\/wp-content\/uploads\/2021\/12\/Blog_Responsa-social-empresarial-300x120.png 300w, https:\/\/blog.univicosa.com.br\/wp-content\/uploads\/2021\/12\/Blog_Responsa-social-empresarial-768x307.png 768w, https:\/\/blog.univicosa.com.br\/wp-content\/uploads\/2021\/12\/Blog_Responsa-social-empresarial-850x340.png 850w\" sizes=\"(max-width: 556px) 100vw, 556px\" \/><\/figure>\n\n\n\n<p>O <strong>avan\u00e7o <\/strong>do <strong>conhecimento <\/strong>e <strong>estudo <\/strong>sobre <strong>impactos ambientais e sociais<\/strong>, movimentos sindicais e trabalhistas no S\u00e9c. XX ganharam vulto e passaram praticamente a definir as condi\u00e7\u00f5es de trabalho e preserva\u00e7\u00e3o ambiental.<\/p>\n\n\n\n<p>O m\u00ednimo que se passou a esperar das empresas \u00e9 que elas gerassem lucro aos seus acionistas e proporcionasse o giro da economia \u00e0 sua volta, al\u00e9m claro de preservar os recursos naturais.<\/p>\n\n\n\n<p>O desenvolvimento tecnol\u00f3gico e a evolu\u00e7\u00e3o das m\u00e1quinas e ferramentas outros aspectos da influ\u00eancia da atividade industrial passaram a ser questionados importantes aspectos, como:<\/p>\n\n\n\n<ul><li>Cuidado com o meio ambiente em que a ind\u00fastria se encontra;<\/li><li>Benef\u00edcios concedidos aos empregados de modo espont\u00e2neo;<\/li><li>Apoio a projetos locais (educa\u00e7\u00e3o, sa\u00fade, assist\u00eancia social etc.).<\/li><\/ul>\n\n\n\n<p>Desse entendimento, a no\u00e7\u00e3o de RSE passou a abranger um conjunto bem mais amplo de a\u00e7\u00f5es do que apenas atender as <strong>Demandas sociais originadas em popula\u00e7\u00f5es em condi\u00e7\u00f5es de vulnerabilidade social.<\/strong><\/p>\n\n\n\n<p>Agora sua motiva\u00e7\u00e3o se fundamentou na busca por <strong>maior consci\u00eancia <\/strong>de segmentos da sociedade em rela\u00e7\u00e3o \u00e0 responsabilidade das empresas na <strong>preserva\u00e7\u00e3o do meio ambiente <\/strong>e ainda <strong>dos direitos dos trabalhadores e dos consumidores<\/strong>, pelos fatos dessas quest\u00f5es serem compreendidas como de <strong>car\u00e1ter social<\/strong> por estarem referenciadas a problemas da sociedade como um todo.<\/p>\n\n\n\n<h2><strong>MARCOS DA RESPONSABILIDADE SOCIAL DAS EMPRESAS &#8211; RSE<\/strong><\/h2>\n\n\n\n<p><strong>Os principais marcos da Responsabilidade Social das empresas foram:<\/strong><\/p>\n\n\n\n<ul><li>Conscientiza\u00e7\u00e3o de indiv\u00edduos e grupos da sociedade frente \u00e0 decad\u00eancia de grandes centros urbanos;<\/li><li>O aumento de problemas ambientais, como a polui\u00e7\u00e3o,<\/li><li>A remo\u00e7\u00e3o de lixos t\u00f3xicos e nucleares;<\/li><li>e a ascens\u00e3o das leis de prote\u00e7\u00e3o ao trabalhador e ao consumidor.<\/li><\/ul>\n\n\n\n<p>Com esses eventos, come\u00e7a interesse maior pela educa\u00e7\u00e3o ambiental, contabilidade ambiental e responsabilidade social das empresas frente aos impactos que suas atividades produzem na sociedade e no meio ambiente.<\/p>\n\n\n\n<p><em><a rel=\"noreferrer noopener\" href=\"https:\/\/univicosa.apprbs.com.br\/blog\/\" target=\"_blank\">Ei, quer<strong>\u00a0receber conte\u00fados exclusivos<\/strong>\u00a0da Univi\u00e7osa? clique aqui!\u00a0<\/a><\/em><\/p>\n\n\n\n<figure class=\"wp-block-image size-large is-resized\"><img data-attachment-id=\"2725\" data-permalink=\"https:\/\/blog.univicosa.com.br\/index.php\/2021\/12\/06\/voce-sabe-o-que-e-responsabilidade-social-das-empresas-rse\/9912c783-responsabilidade-social-740x493-1\/\" data-orig-file=\"https:\/\/blog.univicosa.com.br\/wp-content\/uploads\/2021\/12\/9912c783-responsabilidade-social-740x493-1.jpg\" data-orig-size=\"740,493\" data-comments-opened=\"1\" data-image-meta=\"{&quot;aperture&quot;:&quot;0&quot;,&quot;credit&quot;:&quot;&quot;,&quot;camera&quot;:&quot;&quot;,&quot;caption&quot;:&quot;&quot;,&quot;created_timestamp&quot;:&quot;0&quot;,&quot;copyright&quot;:&quot;&quot;,&quot;focal_length&quot;:&quot;0&quot;,&quot;iso&quot;:&quot;0&quot;,&quot;shutter_speed&quot;:&quot;0&quot;,&quot;title&quot;:&quot;&quot;,&quot;orientation&quot;:&quot;0&quot;}\" data-image-title=\"9912c783-responsabilidade-social-740&#215;493-1\" data-image-description=\"\" data-medium-file=\"https:\/\/blog.univicosa.com.br\/wp-content\/uploads\/2021\/12\/9912c783-responsabilidade-social-740x493-1-300x200.jpg\" data-large-file=\"https:\/\/blog.univicosa.com.br\/wp-content\/uploads\/2021\/12\/9912c783-responsabilidade-social-740x493-1.jpg\" loading=\"lazy\" src=\"https:\/\/blog.univicosa.com.br\/wp-content\/uploads\/2021\/12\/9912c783-responsabilidade-social-740x493-1.jpg\" alt=\"\" class=\"wp-image-2725\" width=\"554\" height=\"369\" srcset=\"https:\/\/blog.univicosa.com.br\/wp-content\/uploads\/2021\/12\/9912c783-responsabilidade-social-740x493-1.jpg 740w, https:\/\/blog.univicosa.com.br\/wp-content\/uploads\/2021\/12\/9912c783-responsabilidade-social-740x493-1-300x200.jpg 300w\" sizes=\"(max-width: 554px) 100vw, 554px\" \/><\/figure>\n\n\n\n<h2><strong>REFLEX\u00c3O<\/strong><\/h2>\n\n\n\n<p><strong>O que leva as empresas a adotarem um comportamento socialmente respons\u00e1vel na gest\u00e3o dos neg\u00f3cios?<\/strong><\/p>\n\n\n\n<p>N\u00e3o conseguir permanecer indiferente frente \u00e0 gravidade dos problemas sociais que assolam a humanidade, assumindo um compromisso social que contribua para maior bem-estar da sociedade e sustentabilidade do planeta, ou apenas interesses econ\u00f4micos (lucros) e privados de sustentabilidade do pr\u00f3prio neg\u00f3cio.<\/p>\n\n\n\n<p><strong>RESPONSABILIDADE P\u00daBLICA DAS ORGANIZA\u00c7\u00d5ES<\/strong><\/p>\n\n\n\n<p>Pelo que foi exposto no presente texto, percebe-se que a atua\u00e7\u00e3o das empresas orientadas pela RSE n\u00e3o implica que a gest\u00e3o empresarial abandone os seus objetivos econ\u00f4micos e deixe de atender aos interesses de seus propriet\u00e1rios e acionistas.<\/p>\n\n\n\n<p>Pelo contr\u00e1rio, a empresa \u00e9 socialmente respons\u00e1vel e desempenha seu papel econ\u00f4mico na sociedade produzindo bens e servi\u00e7os, gerando emprego e retorno aos acionistas dentro das normas legais e \u00e9ticas.<\/p>\n\n\n\n<p>Contudo, diante dos problemas ambientais enfrentados \u00e9 preciso cada vez mais conscientiza\u00e7\u00e3o das empresas e dos cidad\u00e3os de todo o mundo sobre preserva\u00e7\u00e3o do meio- ambiente, disponibilizar acesso a conhecimento espec\u00edfico sobre o meio ambiente, promover atitudes para preserva\u00e7\u00e3o, desenvolver habilidades especificas para as a\u00e7\u00f5es e ainda promover a participa\u00e7\u00e3o de todos na solu\u00e7\u00e3o dos problemas, empresas e sociedade como um todo.<\/p>\n\n\n\n<figure class=\"wp-block-image size-large is-resized\"><img data-attachment-id=\"2726\" data-permalink=\"https:\/\/blog.univicosa.com.br\/index.php\/2021\/12\/06\/voce-sabe-o-que-e-responsabilidade-social-das-empresas-rse\/timthumb\/\" data-orig-file=\"https:\/\/blog.univicosa.com.br\/wp-content\/uploads\/2021\/12\/timthumb.png\" data-orig-size=\"1068,640\" data-comments-opened=\"1\" data-image-meta=\"{&quot;aperture&quot;:&quot;0&quot;,&quot;credit&quot;:&quot;&quot;,&quot;camera&quot;:&quot;&quot;,&quot;caption&quot;:&quot;&quot;,&quot;created_timestamp&quot;:&quot;0&quot;,&quot;copyright&quot;:&quot;&quot;,&quot;focal_length&quot;:&quot;0&quot;,&quot;iso&quot;:&quot;0&quot;,&quot;shutter_speed&quot;:&quot;0&quot;,&quot;title&quot;:&quot;&quot;,&quot;orientation&quot;:&quot;0&quot;}\" data-image-title=\"timthumb\" data-image-description=\"\" data-medium-file=\"https:\/\/blog.univicosa.com.br\/wp-content\/uploads\/2021\/12\/timthumb-300x180.png\" data-large-file=\"https:\/\/blog.univicosa.com.br\/wp-content\/uploads\/2021\/12\/timthumb-1024x614.png\" loading=\"lazy\" src=\"https:\/\/blog.univicosa.com.br\/wp-content\/uploads\/2021\/12\/timthumb-1024x614.png\" alt=\"\" class=\"wp-image-2726\" width=\"546\" height=\"327\" srcset=\"https:\/\/blog.univicosa.com.br\/wp-content\/uploads\/2021\/12\/timthumb-1024x614.png 1024w, https:\/\/blog.univicosa.com.br\/wp-content\/uploads\/2021\/12\/timthumb-300x180.png 300w, https:\/\/blog.univicosa.com.br\/wp-content\/uploads\/2021\/12\/timthumb-768x460.png 768w, https:\/\/blog.univicosa.com.br\/wp-content\/uploads\/2021\/12\/timthumb-850x509.png 850w, https:\/\/blog.univicosa.com.br\/wp-content\/uploads\/2021\/12\/timthumb.png 1068w\" sizes=\"(max-width: 546px) 100vw, 546px\" \/><\/figure>\n\n\n\n<h2><strong>Como minimizar e diminuir os impactos ambientais?<\/strong><\/h2>\n\n\n\n<p>Por meio de a\u00e7\u00f5es individuais, coletivas e elabora\u00e7\u00e3o de leis e pol\u00edticas ambientais. <strong>Algumas a\u00e7\u00f5es:<\/strong><\/p>\n\n\n\n<p>(i) deixar de comprar canudos de pl\u00e1stico,<\/p>\n\n\n\n<p>(ii) replantio de floresta em \u00e1reas desmatadas,<\/p>\n\n\n\n<p>(iii) separa\u00e7\u00e3o, descarte adequado e reciclagem do lixo,<\/p>\n\n\n\n<p>(iv) economia de \u00e1gua,<\/p>\n\n\n\n<p>(v) maior utiliza\u00e7\u00e3o de transportes coletivos,<\/p>\n\n\n\n<p>(vi) utiliza\u00e7\u00e3o de produtos biodegrad\u00e1veis e;<\/p>\n\n\n\n<p>(vii) redu\u00e7\u00e3o do consumo.<\/p>\n\n\n\n<p>A\u00e7\u00f5es simples mas que ao longo dos anos ser\u00e3o cada vez mais necess\u00e1rias.<\/p>\n\n\n\n<p>*<em>Por\u00a0<strong>Myriam Mello<\/strong>\u00a0\u2013 Professora do curso de Ci\u00eancias Cont\u00e1beis da UNIVI\u00c7OSA.<\/em><\/p>\n\n\n\n<p><a rel=\"noreferrer noopener\" href=\"https:\/\/www.univicosa.com.br\/graduacao\/cursos\/ciencias_contabeis\" target=\"_blank\">Curtiu e quer saber mais sobre o curso de\u00a0<strong>Ci\u00eancias Cont\u00e1beis\u00a0<\/strong>da\u00a0<strong>UNIVI\u00c7OSA<\/strong>? Ent\u00e3o acesse o site da Univi\u00e7osa, clique aqui!<\/a><\/p>\n\n\n\n<p><a href=\"https:\/\/blog.univicosa.com.br\/index.php\/2021\/11\/23\/saiba-tudo-sobre-o-icms-interestadual-e-a-mudanca-no-difal\/\" target=\"_blank\" rel=\"noreferrer noopener\">Saiba tudo sobre o ICMS Interestadual e a Mudan\u00e7a no DIFAL<\/a><\/p>\n\n\n\n<p><a href=\"https:\/\/blog.univicosa.com.br\/index.php\/2021\/11\/16\/departamento-pessoal-saiba-tudo-sobre-esse-setor\/\">Departamento pessoal: Saiba tudo sobre esse setor!<\/a><\/p>\n\n\n\n<p><a href=\"https:\/\/blog.univicosa.com.br\/index.php\/2021\/11\/01\/voce-sabe-o-que-e-ativo-biologico\/\">Voc\u00ea sabe o que \u00e9 ativo biol\u00f3gico?<\/a><\/p>\n\n\n\n<p><a href=\"https:\/\/blog.univicosa.com.br\/index.php\/2021\/10\/26\/saiba-o-que-sao-os-cpcs-e-a-importancia-de-se-estudar-os-pronunciamentos-contabeis\/\" target=\"_blank\" rel=\"noreferrer noopener\">Saiba o que s\u00e3o os CPCs e a import\u00e2ncia de se estudar os Pronunciamentos Cont\u00e1beis<\/a><\/p>\n\n\n\n<p><a href=\"https:\/\/blog.univicosa.com.br\/index.php\/2021\/10\/25\/aprenda-como-abrir-a-sua-propria-empresa\/\" target=\"_blank\" rel=\"noreferrer noopener\">Aprenda como abrir a sua pr\u00f3pria empresa<\/a><\/p>\n\n\n\n<p><a href=\"https:\/\/blog.univicosa.com.br\/index.php\/2021\/09\/28\/saiba-tudo-sobre-o-mei-microempreendedor-individual\/\" target=\"_blank\" rel=\"noreferrer noopener\">Saiba tudo sobre o MEI -Microempreendedor Individual!<\/a><\/p>\n\n\n\n<p><a href=\"https:\/\/blog.univicosa.com.br\/index.php\/2021\/10\/21\/entenda-o-cooperativismo-principios-desafios-e-oportunidades\/\" target=\"_blank\" rel=\"noreferrer noopener\">Entenda o Cooperativismo: princ\u00edpios, desafios e oportunidades!<\/a><\/p>\n\n\n\n<p><a rel=\"noreferrer noopener\" href=\"https:\/\/blog.univicosa.com.br\/index.php\/2021\/10\/21\/entenda-o-cooperativismo-principios-desafios-e-oportunidades\/afinal,%20por%20que%20existem?\" target=\"_blank\">Impostos: afinal, por que existem?<\/a><\/p>\n\n\n\n<p><a href=\"https:\/\/blog.univicosa.com.br\/index.php\/2021\/10\/06\/voce-sabe-o-que-e-inflacao-a-gente-te-conta\/\" target=\"_blank\" rel=\"noreferrer noopener\">Voc\u00ea sabe o que \u00e9 infla\u00e7\u00e3o? A gente te conta!<\/a><\/p>\n\n\n\n<p><a href=\"https:\/\/blog.univicosa.com.br\/index.php\/2021\/08\/16\/1-ciencias-contabeis-areas-de-atuacao-auditoria\/\" target=\"_blank\" rel=\"noreferrer noopener\">#1 Ci\u00eancias Cont\u00e1beis \u2013 \u00c1reas de atua\u00e7\u00e3o: Auditoria<\/a><\/p>\n\n\n\n<p><a href=\"https:\/\/blog.univicosa.com.br\/index.php\/2021\/08\/24\/2-ciencias-contabeis-areas-de-atuacao-pericia-contabil\/\" target=\"_blank\" rel=\"noreferrer noopener\">#2 Ci\u00eancias Cont\u00e1beis \u2013 \u00c1reas de atua\u00e7\u00e3o: Per\u00edcia Cont\u00e1bil<\/a><\/p>\n\n\n\n<p><a href=\"https:\/\/blog.univicosa.com.br\/index.php\/2021\/09\/02\/3-ciencias-contabeis-areas-de-atuacao-consultor-tributario\/\" target=\"_blank\" rel=\"noreferrer noopener\">#3 Ci\u00eancias Cont\u00e1beis \u2013 \u00c1reas de atua\u00e7\u00e3o: Consultor Tribut\u00e1rio<\/a><\/p>\n\n\n\n<p><a href=\"https:\/\/blog.univicosa.com.br\/index.php\/2021\/09\/06\/4-ciencias-contabeis-areas-de-atuacao-pesquisa-cientifica\/\" target=\"_blank\" rel=\"noreferrer noopener\">#4 Ci\u00eancias Cont\u00e1beis \u2013 \u00c1reas de atua\u00e7\u00e3o: Pesquisa Cient\u00edfica<\/a><br><br><a href=\"https:\/\/blog.univicosa.com.br\/index.php\/2021\/09\/14\/5-ciencias-contabeis-areas-de-atuacao-pesquisa-cientifica-relatos-de-um-ex-aluno\/\" target=\"_blank\" rel=\"noreferrer noopener\">#5 Ci\u00eancias Cont\u00e1beis \u2013 \u00c1reas de atua\u00e7\u00e3o: Pesquisa Cient\u00edfica \u2013 Relatos de um ex-aluno!<\/a><\/p>\n\n\n\n<p><a href=\"https:\/\/blog.univicosa.com.br\/index.php\/2021\/07\/13\/saiba-como-a-tecnologia-da-informacao-se-aplica-a-contabilidade\/\" target=\"_blank\" rel=\"noreferrer noopener\">Saiba como a tecnologia da informa\u00e7\u00e3o se aplica a contabilidade!<\/a><\/p>\n\n\n\n<p><a href=\"https:\/\/blog.univicosa.com.br\/index.php\/2021\/07\/05\/regime-tributario-brasileiro-conheca-os-3-tipos-existentes\/\" target=\"_blank\" rel=\"noreferrer noopener\">Regime tribut\u00e1rio brasileiro: conhe\u00e7a os 3 tipos existentes!<\/a><\/p>\n\n\n\n<p><a href=\"https:\/\/blog.univicosa.com.br\/index.php\/2021\/06\/07\/voce-sabia-empresas-dentro-do-simples-nacional-podem-pagar-menos-impostos-dentro-da-lei\/\" target=\"_blank\" rel=\"noreferrer noopener\">Voc\u00ea sabia? Empresas dentro do Simples Nacional podem pagar menos impostos dentro da lei!<\/a><\/p>\n\n\n\n<p><a href=\"https:\/\/blog.univicosa.com.br\/index.php\/2021\/06\/01\/5-dicas-para-ter-um-curriculo-de-destaque\/\" target=\"_blank\" rel=\"noreferrer noopener\">5 dicas para criar um curr\u00edculo de sucesso!<\/a><\/p>\n\n\n\n<p><a href=\"https:\/\/blog.univicosa.com.br\/index.php\/2021\/07\/20\/conheca-as-vantagens-de-fazer-uma-segunda-graduacao\/\" target=\"_blank\" rel=\"noreferrer noopener\">Conhe\u00e7a as vantagens de fazer uma segunda gradua\u00e7\u00e3o<\/a><br><br><a href=\"https:\/\/blog.univicosa.com.br\/index.php\/2021\/07\/08\/networking-e-a-pandemia-como-estabelecer-conexoes-autenticas-em-tempos-de-distanciamento-social\/\" target=\"_blank\" rel=\"noreferrer noopener\">Saiba o que \u00e9 Networking e potencialize sua carreira profissional!<\/a><\/p>\n\n\n\n<p><a href=\"https:\/\/blog.univicosa.com.br\/index.php\/2021\/06\/08\/8-dicas-para-se-preparar-para-uma-entrevista-de-estagio\/\" target=\"_blank\" rel=\"noreferrer noopener\">8 dicas para se preparar para uma entrevista de est\u00e1gio!<\/a><\/p>\n\n\n\n<p><a href=\"https:\/\/blog.univicosa.com.br\/index.php\/2021\/06\/15\/10-passos-para-ter-um-perfil-mais-relevante-no-linkedin\/\">10 passos&nbsp;<\/a><a href=\"https:\/\/blog.univicosa.com.br\/index.php\/2021\/06\/15\/10-passos-para-ter-um-perfil-mais-relevante-no-linkedin\/\" target=\"_blank\" rel=\"noreferrer noopener\">p<\/a><a href=\"https:\/\/blog.univicosa.com.br\/index.php\/2021\/06\/15\/10-passos-para-ter-um-perfil-mais-relevante-no-linkedin\/\">ara ter um perfil mais relevante no LinkedIn!<\/a><\/p>\n\n\n\n<p><a rel=\"noreferrer noopener\" href=\"https:\/\/blog.univicosa.com.br\/index.php\/2021\/03\/24\/porque-cursar-ciencias-contabeis\/\" target=\"_blank\">PORQUE CURSAR CI\u00caNCIAS CONT\u00c1BEIS<\/a><br><br><a rel=\"noreferrer noopener\" href=\"https:\/\/blog.univicosa.com.br\/index.php\/2021\/07\/09\/voce-sabe-a-diferenca-entre-trabalhabilidade-e-empregabilidade\/\" target=\"_blank\">Voc\u00ea sabe a diferen\u00e7a entre Trabalhabilidade e Empregabilidade?<\/a><\/p>\n\n\n\n<p><\/p>\n\n\n\n<hr class=\"wp-block-separator\"\/>\n\n\n\n<p>Fonte: BORGER, Fernanda G. Responsabilidade Social:&nbsp; efeitos da atua\u00e7\u00e3o social na din\u00e2mica empresarial.&nbsp; 2001. p. 258. Tese (Doutorado em Administra\u00e7\u00e3o).&nbsp; Departamento de Administra\u00e7\u00e3o, Faculdade de Economia, Administra\u00e7\u00e3o e Contabilidade,&nbsp; Universidade de S\u00e3o Paulo, 2001.<\/p>\n","protected":false},"excerpt":{"rendered":"<p>Por Myriam Mello* O CONCEITO \u00c9 um conceito relacionado ao modo de se posicionar de forma \u00e9tica e sustent\u00e1vel das empresas na sua rela\u00e7\u00e3o com as pessoas e com o ambiente em que est\u00e1 inserida. Se materializa em a\u00e7\u00f5es concretas de inclus\u00e3o social e redu\u00e7\u00e3o de impactos ambientais das suas atividades. Nessa perspectiva, a responsabilidade&#8230;<\/p>\n","protected":false},"author":2,"featured_media":2723,"comment_status":"open","ping_status":"open","sticky":false,"template":"","format":"standard","meta":{"spay_email":""},"categories":[34,15],"tags":[409,970,258,300,936,420,1124,109,51,1126,1125,272,92,1121,1122,1123,812,203,96,9,117,93],"jetpack_featured_media_url":"https:\/\/blog.univicosa.com.br\/wp-content\/uploads\/2021\/12\/resp-social-das-empresas-contabeis-blog.png","jetpack_shortlink":"https:\/\/wp.me\/pbcCKk-HU","_links":{"self":[{"href":"https:\/\/blog.univicosa.com.br\/index.php\/wp-json\/wp\/v2\/posts\/2722"}],"collection":[{"href":"https:\/\/blog.univicosa.com.br\/index.php\/wp-json\/wp\/v2\/posts"}],"about":[{"href":"https:\/\/blog.univicosa.com.br\/index.php\/wp-json\/wp\/v2\/types\/post"}],"author":[{"embeddable":true,"href":"https:\/\/blog.univicosa.com.br\/index.php\/wp-json\/wp\/v2\/users\/2"}],"replies":[{"embeddable":true,"href":"https:\/\/blog.univicosa.com.br\/index.php\/wp-json\/wp\/v2\/comments?post=2722"}],"version-history":[{"count":1,"href":"https:\/\/blog.univicosa.com.br\/index.php\/wp-json\/wp\/v2\/posts\/2722\/revisions"}],"predecessor-version":[{"id":2727,"href":"https:\/\/blog.univicosa.com.br\/index.php\/wp-json\/wp\/v2\/posts\/2722\/revisions\/2727"}],"wp:featuredmedia":[{"embeddable":true,"href":"https:\/\/blog.univicosa.com.br\/index.php\/wp-json\/wp\/v2\/media\/2723"}],"wp:attachment":[{"href":"https:\/\/blog.univicosa.com.br\/index.php\/wp-json\/wp\/v2\/media?parent=2722"}],"wp:term":[{"taxonomy":"category","embeddable":true,"href":"https:\/\/blog.univicosa.com.br\/index.php\/wp-json\/wp\/v2\/categories?post=2722"},{"taxonomy":"post_tag","embeddable":true,"href":"https:\/\/blog.univicosa.com.br\/index.php\/wp-json\/wp\/v2\/tags?post=2722"}],"curies":[{"name":"wp","href":"https:\/\/api.w.org\/{rel}","templated":true}]}}