{"id":2714,"date":"2021-11-23T18:03:04","date_gmt":"2021-11-23T21:03:04","guid":{"rendered":"https:\/\/blog.univicosa.com.br\/?p=2714"},"modified":"2022-05-20T11:16:13","modified_gmt":"2022-05-20T14:16:13","slug":"saiba-tudo-sobre-o-icms-interestadual-e-a-mudanca-no-difal","status":"publish","type":"post","link":"https:\/\/blog.univicosa.com.br\/index.php\/2021\/11\/23\/saiba-tudo-sobre-o-icms-interestadual-e-a-mudanca-no-difal\/","title":{"rendered":"Saiba tudo sobre o ICMS Interestadual e a Mudan\u00e7a no DIFAL"},"content":{"rendered":"\n<figure class=\"wp-block-image size-large\"><img data-attachment-id=\"2715\" data-permalink=\"https:\/\/blog.univicosa.com.br\/index.php\/2021\/11\/23\/saiba-tudo-sobre-o-icms-interestadual-e-a-mudanca-no-difal\/icms-blog\/\" data-orig-file=\"https:\/\/blog.univicosa.com.br\/wp-content\/uploads\/2021\/11\/icms-blog.png\" data-orig-size=\"1086,652\" data-comments-opened=\"1\" data-image-meta=\"{&quot;aperture&quot;:&quot;0&quot;,&quot;credit&quot;:&quot;&quot;,&quot;camera&quot;:&quot;&quot;,&quot;caption&quot;:&quot;&quot;,&quot;created_timestamp&quot;:&quot;0&quot;,&quot;copyright&quot;:&quot;&quot;,&quot;focal_length&quot;:&quot;0&quot;,&quot;iso&quot;:&quot;0&quot;,&quot;shutter_speed&quot;:&quot;0&quot;,&quot;title&quot;:&quot;&quot;,&quot;orientation&quot;:&quot;0&quot;}\" data-image-title=\"icms-blog\" data-image-description=\"\" data-medium-file=\"https:\/\/blog.univicosa.com.br\/wp-content\/uploads\/2021\/11\/icms-blog-300x180.png\" data-large-file=\"https:\/\/blog.univicosa.com.br\/wp-content\/uploads\/2021\/11\/icms-blog-1024x615.png\" loading=\"lazy\" width=\"1024\" height=\"615\" src=\"https:\/\/blog.univicosa.com.br\/wp-content\/uploads\/2021\/11\/icms-blog-1024x615.png\" alt=\"\" class=\"wp-image-2715\" srcset=\"https:\/\/blog.univicosa.com.br\/wp-content\/uploads\/2021\/11\/icms-blog-1024x615.png 1024w, https:\/\/blog.univicosa.com.br\/wp-content\/uploads\/2021\/11\/icms-blog-300x180.png 300w, https:\/\/blog.univicosa.com.br\/wp-content\/uploads\/2021\/11\/icms-blog-768x461.png 768w, https:\/\/blog.univicosa.com.br\/wp-content\/uploads\/2021\/11\/icms-blog-850x510.png 850w, https:\/\/blog.univicosa.com.br\/wp-content\/uploads\/2021\/11\/icms-blog.png 1086w\" sizes=\"(max-width: 1024px) 100vw, 1024px\" \/><\/figure>\n\n\n\n<p><strong><em>Entenda as mudan\u00e7as ocorridas no Diferencial de al\u00edquotas em 2015<\/em><\/strong><\/p>\n\n\n\n<p><strong>Por Myriam Mello<\/strong>*<\/p>\n\n\n\n<p>O <strong>ICMS <\/strong>\u00e9 um\u00a0<strong>imposto estadual <\/strong>incidente em opera\u00e7\u00f5es relativas \u00e0 circula\u00e7\u00e3o de <strong>mercadorias<\/strong>, e sobre presta\u00e7\u00f5es de servi\u00e7os de transporte interestadual e intermunicipal e de comunica\u00e7\u00e3o, ainda que as opera\u00e7\u00f5es e as presta\u00e7\u00f5es se iniciem no exterior. <\/p>\n\n\n\n<p>Por <strong>circula\u00e7\u00e3o de mercadoria<\/strong> entende-se como todo neg\u00f3cio jur\u00eddico onde ocorra a transmiss\u00e3o da posse ou propriedade do bem m\u00f3vel e que tenha os atributos da habitualidade ou quantidade que torne poss\u00edvel a presun\u00e7\u00e3o de com\u00e9rcio.<\/p>\n\n\n\n<p>Trata-se de um <strong>imposto estadual <\/strong>de <strong>fun\u00e7\u00e3o fiscal<\/strong>, ou seja, sua <strong>finalidade principal \u00e9 arrecadar receita <\/strong>para os <strong>estados<\/strong>. Sendo de compet\u00eancia estadual, cada estado tem autonomia para instituir as <strong>al\u00edquotas <\/strong>e suas pr\u00f3prias regras referentes a esse imposto. Isso claro, sem desrespeitar a Lei Federal do <strong>ICMS<\/strong>, a <strong>Lei Kandir<\/strong>, que tem por objetivo regulamentar al\u00edquotas m\u00e1xima, al\u00edquotas m\u00ednimas e demais condi\u00e7\u00f5es de incid\u00eancia do ICMS no territ\u00f3rio nacional.<\/p>\n\n\n\n<p>Por\u00e9m, quando a <strong>mercadoria <\/strong>\u00e9 <strong>transportada <\/strong>de um <strong>estado para o outro no Brasil<\/strong> temos o <strong>ICMS- INTERESTADUAL<\/strong>, e nesse \u00e9 preciso verificar para qual estado que ser\u00e1 recolhido os valores arrecadados pela cobran\u00e7a do <strong>ICMS<\/strong>. Nesse contexto de opera\u00e7\u00f5es entre os estados \u00e9 que surge o<strong> DIFAL- Diferencial de al\u00edquotas.<\/strong><\/p>\n\n\n\n<p><strong>DIFAL<\/strong>, ou <strong>Diferencial de Al\u00edquota do ICMS <\/strong>\u00e9 um\u00a0instrumento utilizado para<strong> equilibrar a arrecada\u00e7\u00e3o<\/strong> desse imposto entre os <strong>estados<\/strong>, visando tornar mais justa a arrecada\u00e7\u00e3o quando a mercadoria transita entre os estados do pa\u00eds. Portanto a arrecada\u00e7\u00e3o do <strong>DIFAL <\/strong>\u00e9 fundamental para que seja estabelecida uma <strong>justi\u00e7a tribut\u00e1ria<\/strong> entre os estados.<\/p>\n\n\n\n<p>O <strong>DIFAL <\/strong>\u00e9 <strong>obrigat\u00f3rio <\/strong>a todas as <strong>empresas <\/strong>que fazem <strong>vendas interestaduais<\/strong>, onde uma parte do ICMS arrecadado ficar\u00e1 com o estado de origem da mercadoria e a outra parte do valor arrecadado ser\u00e1 destinado para o estado de destino dessa mercadoria. Esse mecanismo de cobran\u00e7a \u00e9 para repartir entre os estados, o valor arrecadado com a cobran\u00e7a do tributo ICMS.<\/p>\n\n\n\n<figure class=\"wp-block-image size-large is-resized\"><img data-attachment-id=\"2716\" data-permalink=\"https:\/\/blog.univicosa.com.br\/index.php\/2021\/11\/23\/saiba-tudo-sobre-o-icms-interestadual-e-a-mudanca-no-difal\/1500x844_compras_online\/\" data-orig-file=\"https:\/\/blog.univicosa.com.br\/wp-content\/uploads\/2021\/11\/1500x844_compras_online.jpg\" data-orig-size=\"1500,844\" data-comments-opened=\"1\" data-image-meta=\"{&quot;aperture&quot;:&quot;0&quot;,&quot;credit&quot;:&quot;&quot;,&quot;camera&quot;:&quot;&quot;,&quot;caption&quot;:&quot;&quot;,&quot;created_timestamp&quot;:&quot;0&quot;,&quot;copyright&quot;:&quot;&quot;,&quot;focal_length&quot;:&quot;0&quot;,&quot;iso&quot;:&quot;0&quot;,&quot;shutter_speed&quot;:&quot;0&quot;,&quot;title&quot;:&quot;&quot;,&quot;orientation&quot;:&quot;0&quot;}\" data-image-title=\"1500x844_compras_online\" data-image-description=\"\" data-medium-file=\"https:\/\/blog.univicosa.com.br\/wp-content\/uploads\/2021\/11\/1500x844_compras_online-300x169.jpg\" data-large-file=\"https:\/\/blog.univicosa.com.br\/wp-content\/uploads\/2021\/11\/1500x844_compras_online-1024x576.jpg\" loading=\"lazy\" src=\"https:\/\/blog.univicosa.com.br\/wp-content\/uploads\/2021\/11\/1500x844_compras_online-1024x576.jpg\" alt=\"\" class=\"wp-image-2716\" width=\"546\" height=\"307\" srcset=\"https:\/\/blog.univicosa.com.br\/wp-content\/uploads\/2021\/11\/1500x844_compras_online-1024x576.jpg 1024w, https:\/\/blog.univicosa.com.br\/wp-content\/uploads\/2021\/11\/1500x844_compras_online-300x169.jpg 300w, https:\/\/blog.univicosa.com.br\/wp-content\/uploads\/2021\/11\/1500x844_compras_online-768x432.jpg 768w, https:\/\/blog.univicosa.com.br\/wp-content\/uploads\/2021\/11\/1500x844_compras_online-850x478.jpg 850w, https:\/\/blog.univicosa.com.br\/wp-content\/uploads\/2021\/11\/1500x844_compras_online.jpg 1500w\" sizes=\"(max-width: 546px) 100vw, 546px\" \/><\/figure>\n\n\n\n<h2><strong>Mudan\u00e7as &#8211; altera\u00e7\u00f5es <\/strong><a href=\"http:\/\/www.planalto.gov.br\/ccivil_03\/constituicao\/emendas\/emc\/emc87.htm\" target=\"_blank\" rel=\"noreferrer noopener\"><strong>Constitucional 87\/2015<\/strong><\/a><strong>\u00a0e do\u00a0<\/strong><a href=\"https:\/\/www.confaz.fazenda.gov.br\/legislacao\/convenios\/2015\/CV093_15\" target=\"_blank\" rel=\"noreferrer noopener\"><strong>Conv\u00eanio ICMS 93\/2015<\/strong><\/a><strong>\u00a0<\/strong><\/h2>\n\n\n\n<p>\u00c9 not\u00f3rio que, nos \u00faltimos anos, houve um <strong>aumento consider\u00e1vel <\/strong>das <strong>compras via internet,<\/strong> em que qualquer pessoa f\u00edsica pode comprar de uma empresa situada em outro estado. <\/p>\n\n\n\n<p>Antes da <strong>mudan\u00e7a implementada <\/strong>pela <strong><a href=\"http:\/\/www.planalto.gov.br\/ccivil_03\/constituicao\/emendas\/emc\/emc87.htm\" target=\"_blank\" rel=\"noreferrer noopener\">Constitucional 87\/2015<\/a>\u00a0e pelo\u00a0<a href=\"https:\/\/www.confaz.fazenda.gov.br\/legislacao\/convenios\/2015\/CV093_15\" target=\"_blank\" rel=\"noreferrer noopener\">Conv\u00eanio ICMS 93\/2015<\/a><\/strong>, o valor arrecadado com essa opera\u00e7\u00e3o era destinado apenas para o estado de origem do produto ou mercadoria. Nessa opera\u00e7\u00e3o o estado de destino n\u00e3o recebia nada do valor arrecadado com a cobran\u00e7a do <strong>ICMS <\/strong>(quando pessoa f\u00edsica comprava de empresas localizadas em outros estados).<\/p>\n\n\n\n<p>Como fonte de<strong> receita estadual, <\/strong>tal fato come\u00e7ou a ser <strong>contestado <\/strong>e <strong>discutido<\/strong> entre os <strong>estados<\/strong>, e as altera\u00e7\u00f5es <a rel=\"noreferrer noopener\" href=\"http:\/\/www.planalto.gov.br\/ccivil_03\/constituicao\/emendas\/emc\/emc87.htm\" target=\"_blank\">Constitucional 87\/2015<\/a>\u00a0e do\u00a0<a rel=\"noreferrer noopener\" href=\"https:\/\/www.confaz.fazenda.gov.br\/legislacao\/convenios\/2015\/CV093_15\" target=\"_blank\">Conv\u00eanio ICMS 93\/2015<\/a> regulamentou e implementou a partilha dessa al\u00edquota do ICMS Interestadual nessas opera\u00e7\u00f5es, contribuindo para uma divis\u00e3o tribut\u00e1ria mais coerente do valor do ICMS. <\/p>\n\n\n\n<p>Dessa forma, <strong>ap\u00f3s 2015,<\/strong> o\u00a0estado no qual o comprador (pessoa f\u00edsica) do produto ou servi\u00e7o reside passou a receber parte do ICMS do valor obtido com a transa\u00e7\u00e3o e recolhimento do ICMS.<\/p>\n\n\n\n<p>ENT\u00c3O, se antes o <strong>DIFAL <\/strong>era recolhido <strong>apenas nas opera\u00e7\u00f5es interestaduais<\/strong> nas quais o consumidor final tamb\u00e9m era contribuinte do ICMS, com as <strong>mudan\u00e7as <\/strong>no DIFAL, passa a ser aplic\u00e1vel a todas as opera\u00e7\u00f5es <strong>interestaduais<\/strong>, incluindo as opera\u00e7\u00f5es nas quais o comprador n\u00e3o \u00e9 contribuinte do ICMS, ou seja, quando o comprador \u00e9 pessoa f\u00edsica.<\/p>\n\n\n\n<p><em><a rel=\"noreferrer noopener\" href=\"https:\/\/univicosa.apprbs.com.br\/blog\/\" target=\"_blank\">Ei, quer<strong>\u00a0receber conte\u00fados exclusivos<\/strong>\u00a0da Univi\u00e7osa? clique aqui!\u00a0<\/a><\/em><\/p>\n\n\n\n<figure class=\"wp-block-image size-large is-resized\"><img data-attachment-id=\"2717\" data-permalink=\"https:\/\/blog.univicosa.com.br\/index.php\/2021\/11\/23\/saiba-tudo-sobre-o-icms-interestadual-e-a-mudanca-no-difal\/shopping-online-concept-parcel-or-paper-cartons-with-a-shopping-cart-logo-in-a-trolley-on-a-laptop-keyboard-shopping-service-on-the-online-web-with-payment-by-credit-card-and-offers-home-delivery\/\" data-orig-file=\"https:\/\/blog.univicosa.com.br\/wp-content\/uploads\/2021\/11\/21933276_ovvzL.jpeg\" data-orig-size=\"900,600\" data-comments-opened=\"1\" data-image-meta=\"{&quot;aperture&quot;:&quot;4&quot;,&quot;credit&quot;:&quot;Getty Images\\\/iStockphoto&quot;,&quot;camera&quot;:&quot;NIKON D7100&quot;,&quot;caption&quot;:&quot;Shopping online concept - Parcel or Paper cartons with a shopping cart logo in a trolley on a laptop keyboard. Shopping service on The online web. with payment by credit card and offers home delivery.&quot;,&quot;created_timestamp&quot;:&quot;1549989165&quot;,&quot;copyright&quot;:&quot;NaMaKuki_2016&quot;,&quot;focal_length&quot;:&quot;38&quot;,&quot;iso&quot;:&quot;200&quot;,&quot;shutter_speed&quot;:&quot;0.0125&quot;,&quot;title&quot;:&quot;Shopping online concept - Parcel or Paper cartons with a shopping cart logo in a trolley on a laptop keyboard. Shopping service on The online web. with payment by credit card and offers home delivery.&quot;,&quot;orientation&quot;:&quot;1&quot;}\" data-image-title=\"Shopping online concept &#8211; Parcel or Paper cartons with a shopping cart logo in a trolley on a laptop keyboard. Shopping service on The online web. with payment by credit card and offers home delivery.\" data-image-description=\"\" data-medium-file=\"https:\/\/blog.univicosa.com.br\/wp-content\/uploads\/2021\/11\/21933276_ovvzL-300x200.jpeg\" data-large-file=\"https:\/\/blog.univicosa.com.br\/wp-content\/uploads\/2021\/11\/21933276_ovvzL.jpeg\" loading=\"lazy\" src=\"https:\/\/blog.univicosa.com.br\/wp-content\/uploads\/2021\/11\/21933276_ovvzL.jpeg\" alt=\"\" class=\"wp-image-2717\" width=\"551\" height=\"367\" srcset=\"https:\/\/blog.univicosa.com.br\/wp-content\/uploads\/2021\/11\/21933276_ovvzL.jpeg 900w, https:\/\/blog.univicosa.com.br\/wp-content\/uploads\/2021\/11\/21933276_ovvzL-300x200.jpeg 300w, https:\/\/blog.univicosa.com.br\/wp-content\/uploads\/2021\/11\/21933276_ovvzL-768x512.jpeg 768w, https:\/\/blog.univicosa.com.br\/wp-content\/uploads\/2021\/11\/21933276_ovvzL-850x567.jpeg 850w\" sizes=\"(max-width: 551px) 100vw, 551px\" \/><\/figure>\n\n\n\n<h2><strong>Quem deve recolher o Difal?<\/strong><\/h2>\n\n\n\n<p>Quando a opera\u00e7\u00e3o ocorre entre <strong>duas empresas contribuintes <\/strong>do <strong>ICMS<\/strong>, o recolhimento \u00e9 realizado pela<strong> empresa compradora<\/strong>, que ir\u00e1 destinar o valor do DIFAL para o estado de destino da mercadoria.<\/p>\n\n\n\n<p>E ap\u00f3s as <strong>mudan\u00e7as <\/strong>implementadas em 2015, quando a opera\u00e7\u00e3o ocorre entre empresa e pessoa f\u00edsica ou n\u00e3o contribuinte de <strong>ICMS<\/strong>, o recolhimento do<strong> Diferencial de Al\u00edquota (DIFAL)<\/strong> do <strong>ICMS <\/strong>passou a ser de\u00a0responsabilidade da empresa vendedora, que ir\u00e1 destinar o valor do DIFAL tamb\u00e9m para o estado de destino da mercadoria.<\/p>\n\n\n\n<p>Para o <strong>pagamento do DIFAL<\/strong>, \u00e9 utilizada a <strong>GNRE<\/strong>, <strong>Guia Nacional de Recolhimento de Tributos Estaduais<\/strong>, emitida a cada nota fiscal gerada ou ainda a empresa pode fazer a emiss\u00e3o por apura\u00e7\u00e3o, na qual a emiss\u00e3o da GNRE \u00e9 feita mensalmente, esse \u00faltimo caso \u00e9 mais indicado para empresas que trabalham com grande volume de transa\u00e7\u00f5es entre estados.<\/p>\n\n\n\n<p>Feita a\u00a0<a rel=\"noreferrer noopener\" href=\"https:\/\/www.jornalcontabil.com.br\/?s=difal\" target=\"_blank\">emiss\u00e3o da GNRE<\/a>, ou de guia similar, \u00e9<strong> poss\u00edvel realizar o pagamento do DIFAL<\/strong> na maioria das <strong>institui\u00e7\u00f5es banc\u00e1rias <\/strong>e uma c\u00f3pia da <strong>Guia Nacional de Recolhimento de Tributos Estaduais<\/strong> deve ser anexada ao <strong>DANFE<\/strong> &#8211;<strong> Documento Auxiliar da Nota Fiscal Eletr\u00f4nica<\/strong> &#8211; a fim de <strong>evitar qualquer transtorno <\/strong>durante o transporte da mercadoria entre os estados.<\/p>\n\n\n\n<p>Pelo que foi <strong>apresentado<\/strong>, percebemos que o <strong>DIFAL n\u00e3o \u00e9 um novo imposto<\/strong>, t\u00e3o pouco seu c\u00e1lculo aparece na nota fiscal, no entanto, ele \u00e9 fundamental para que seja estabelecida uma justi\u00e7a tribut\u00e1ria entre os estados, visto que o ICMS \u00e9 uma importante fonte de receita estadual. <\/p>\n\n\n\n<p>E as <strong>mudan\u00e7as <\/strong>ocorridas em 2015, impulsionadas pelas mudan\u00e7as de comportamento dos consumidores e empresas, possibilitaram uma distribui\u00e7\u00e3o mais justa do valor do ICMS entre os estados de forma a n\u00e3o prejudicar estados menos desenvolvidos economicamente.<\/p>\n\n\n\n<p>*<em>Por\u00a0<strong>Myriam Mello<\/strong>\u00a0\u2013 Professora do curso de Ci\u00eancias Cont\u00e1beis da UNIVI\u00c7OSA.<\/em><\/p>\n\n\n\n<p><a rel=\"noreferrer noopener\" href=\"https:\/\/www.univicosa.com.br\/graduacao\/cursos\/ciencias_contabeis\" target=\"_blank\">Curtiu e quer saber mais sobre o curso de\u00a0<strong>Ci\u00eancias Cont\u00e1beis\u00a0<\/strong>da\u00a0<strong>UNIVI\u00c7OSA<\/strong>? Ent\u00e3o acesse o site da Univi\u00e7osa, clique aqui!<\/a><\/p>\n\n\n\n<p><a href=\"https:\/\/blog.univicosa.com.br\/index.php\/2021\/11\/16\/departamento-pessoal-saiba-tudo-sobre-esse-setor\/\">Departamento pessoal: Saiba tudo sobre esse setor!<\/a> <\/p>\n\n\n\n<p><a href=\"https:\/\/blog.univicosa.com.br\/index.php\/2021\/11\/01\/voce-sabe-o-que-e-ativo-biologico\/\">Voc\u00ea sabe o que \u00e9 ativo biol\u00f3gico?<\/a><\/p>\n\n\n\n<p><a href=\"https:\/\/blog.univicosa.com.br\/index.php\/2021\/10\/26\/saiba-o-que-sao-os-cpcs-e-a-importancia-de-se-estudar-os-pronunciamentos-contabeis\/\" target=\"_blank\" rel=\"noreferrer noopener\">Saiba o que s\u00e3o os CPCs e a import\u00e2ncia de se estudar os Pronunciamentos Cont\u00e1beis<\/a><\/p>\n\n\n\n<p><a href=\"https:\/\/blog.univicosa.com.br\/index.php\/2021\/10\/25\/aprenda-como-abrir-a-sua-propria-empresa\/\" target=\"_blank\" rel=\"noreferrer noopener\">Aprenda como abrir a sua pr\u00f3pria empresa<\/a><\/p>\n\n\n\n<p><a href=\"https:\/\/blog.univicosa.com.br\/index.php\/2021\/09\/28\/saiba-tudo-sobre-o-mei-microempreendedor-individual\/\" target=\"_blank\" rel=\"noreferrer noopener\">Saiba tudo sobre o MEI -Microempreendedor Individual!<\/a><\/p>\n\n\n\n<p><a href=\"https:\/\/blog.univicosa.com.br\/index.php\/2021\/10\/21\/entenda-o-cooperativismo-principios-desafios-e-oportunidades\/\" target=\"_blank\" rel=\"noreferrer noopener\">Entenda o Cooperativismo: princ\u00edpios, desafios e oportunidades!<\/a><\/p>\n\n\n\n<p><a rel=\"noreferrer noopener\" href=\"https:\/\/blog.univicosa.com.br\/index.php\/2021\/10\/21\/entenda-o-cooperativismo-principios-desafios-e-oportunidades\/afinal,%20por%20que%20existem?\" target=\"_blank\">Impostos: afinal, por que existem?<\/a><\/p>\n\n\n\n<p><a href=\"https:\/\/blog.univicosa.com.br\/index.php\/2021\/10\/06\/voce-sabe-o-que-e-inflacao-a-gente-te-conta\/\" target=\"_blank\" rel=\"noreferrer noopener\">Voc\u00ea sabe o que \u00e9 infla\u00e7\u00e3o? A gente te conta!<\/a><\/p>\n\n\n\n<p><a href=\"https:\/\/blog.univicosa.com.br\/index.php\/2021\/08\/16\/1-ciencias-contabeis-areas-de-atuacao-auditoria\/\" target=\"_blank\" rel=\"noreferrer noopener\">#1 Ci\u00eancias Cont\u00e1beis \u2013 \u00c1reas de atua\u00e7\u00e3o: Auditoria<\/a><\/p>\n\n\n\n<p><a href=\"https:\/\/blog.univicosa.com.br\/index.php\/2021\/08\/24\/2-ciencias-contabeis-areas-de-atuacao-pericia-contabil\/\" target=\"_blank\" rel=\"noreferrer noopener\">#2 Ci\u00eancias Cont\u00e1beis \u2013 \u00c1reas de atua\u00e7\u00e3o: Per\u00edcia Cont\u00e1bil<\/a><\/p>\n\n\n\n<p><a href=\"https:\/\/blog.univicosa.com.br\/index.php\/2021\/09\/02\/3-ciencias-contabeis-areas-de-atuacao-consultor-tributario\/\" target=\"_blank\" rel=\"noreferrer noopener\">#3 Ci\u00eancias Cont\u00e1beis \u2013 \u00c1reas de atua\u00e7\u00e3o: Consultor Tribut\u00e1rio<\/a><\/p>\n\n\n\n<p><a href=\"https:\/\/blog.univicosa.com.br\/index.php\/2021\/09\/06\/4-ciencias-contabeis-areas-de-atuacao-pesquisa-cientifica\/\" target=\"_blank\" rel=\"noreferrer noopener\">#4 Ci\u00eancias Cont\u00e1beis \u2013 \u00c1reas de atua\u00e7\u00e3o: Pesquisa Cient\u00edfica<\/a><br><br><a href=\"https:\/\/blog.univicosa.com.br\/index.php\/2021\/09\/14\/5-ciencias-contabeis-areas-de-atuacao-pesquisa-cientifica-relatos-de-um-ex-aluno\/\" target=\"_blank\" rel=\"noreferrer noopener\">#5 Ci\u00eancias Cont\u00e1beis \u2013 \u00c1reas de atua\u00e7\u00e3o: Pesquisa Cient\u00edfica \u2013 Relatos de um ex-aluno!<\/a><\/p>\n\n\n\n<p><a href=\"https:\/\/blog.univicosa.com.br\/index.php\/2021\/07\/13\/saiba-como-a-tecnologia-da-informacao-se-aplica-a-contabilidade\/\" target=\"_blank\" rel=\"noreferrer noopener\">Saiba como a tecnologia da informa\u00e7\u00e3o se aplica a contabilidade!<\/a><\/p>\n\n\n\n<p><a href=\"https:\/\/blog.univicosa.com.br\/index.php\/2021\/07\/05\/regime-tributario-brasileiro-conheca-os-3-tipos-existentes\/\" target=\"_blank\" rel=\"noreferrer noopener\">Regime tribut\u00e1rio brasileiro: conhe\u00e7a os 3 tipos existentes!<\/a><\/p>\n\n\n\n<p><a href=\"https:\/\/blog.univicosa.com.br\/index.php\/2021\/06\/07\/voce-sabia-empresas-dentro-do-simples-nacional-podem-pagar-menos-impostos-dentro-da-lei\/\" target=\"_blank\" rel=\"noreferrer noopener\">Voc\u00ea sabia? Empresas dentro do Simples Nacional podem pagar menos impostos dentro da lei!<\/a><\/p>\n\n\n\n<p><a href=\"https:\/\/blog.univicosa.com.br\/index.php\/2021\/06\/01\/5-dicas-para-ter-um-curriculo-de-destaque\/\" target=\"_blank\" rel=\"noreferrer noopener\">5 dicas para criar um curr\u00edculo de sucesso!<\/a><\/p>\n\n\n\n<p><a href=\"https:\/\/blog.univicosa.com.br\/index.php\/2021\/07\/20\/conheca-as-vantagens-de-fazer-uma-segunda-graduacao\/\" target=\"_blank\" rel=\"noreferrer noopener\">Conhe\u00e7a as vantagens de fazer uma segunda gradua\u00e7\u00e3o<\/a><br><br><a href=\"https:\/\/blog.univicosa.com.br\/index.php\/2021\/07\/08\/networking-e-a-pandemia-como-estabelecer-conexoes-autenticas-em-tempos-de-distanciamento-social\/\" target=\"_blank\" rel=\"noreferrer noopener\">Saiba o que \u00e9 Networking e potencialize sua carreira profissional!<\/a><\/p>\n\n\n\n<p><a href=\"https:\/\/blog.univicosa.com.br\/index.php\/2021\/06\/08\/8-dicas-para-se-preparar-para-uma-entrevista-de-estagio\/\" target=\"_blank\" rel=\"noreferrer noopener\">8 dicas para se preparar para uma entrevista de est\u00e1gio!<\/a><\/p>\n\n\n\n<p><a href=\"https:\/\/blog.univicosa.com.br\/index.php\/2021\/06\/15\/10-passos-para-ter-um-perfil-mais-relevante-no-linkedin\/\">10 passos&nbsp;<\/a><a href=\"https:\/\/blog.univicosa.com.br\/index.php\/2021\/06\/15\/10-passos-para-ter-um-perfil-mais-relevante-no-linkedin\/\" target=\"_blank\" rel=\"noreferrer noopener\">p<\/a><a href=\"https:\/\/blog.univicosa.com.br\/index.php\/2021\/06\/15\/10-passos-para-ter-um-perfil-mais-relevante-no-linkedin\/\">ara ter um perfil mais relevante no LinkedIn!<\/a><\/p>\n\n\n\n<p><a rel=\"noreferrer noopener\" href=\"https:\/\/blog.univicosa.com.br\/index.php\/2021\/03\/24\/porque-cursar-ciencias-contabeis\/\" target=\"_blank\">PORQUE CURSAR CI\u00caNCIAS CONT\u00c1BEIS<\/a><br><br><a rel=\"noreferrer noopener\" href=\"https:\/\/blog.univicosa.com.br\/index.php\/2021\/07\/09\/voce-sabe-a-diferenca-entre-trabalhabilidade-e-empregabilidade\/\" target=\"_blank\">Voc\u00ea sabe a diferen\u00e7a entre Trabalhabilidade e Empregabilidade?<\/a><\/p>\n\n\n\n<hr class=\"wp-block-separator\"\/>\n\n\n\n<p><\/p>\n","protected":false},"excerpt":{"rendered":"<p>Entenda as mudan\u00e7as ocorridas no Diferencial de al\u00edquotas em 2015 Por Myriam Mello* O ICMS \u00e9 um\u00a0imposto estadual incidente em opera\u00e7\u00f5es relativas \u00e0 circula\u00e7\u00e3o de mercadorias, e sobre presta\u00e7\u00f5es de servi\u00e7os de transporte interestadual e intermunicipal e de comunica\u00e7\u00e3o, ainda que as opera\u00e7\u00f5es e as presta\u00e7\u00f5es se iniciem no exterior. Por circula\u00e7\u00e3o de mercadoria entende-se&#8230;<\/p>\n","protected":false},"author":2,"featured_media":2715,"comment_status":"open","ping_status":"open","sticky":false,"template":"","format":"standard","meta":{"spay_email":""},"categories":[34,15],"tags":[1117,409,970,258,936,1110,109,1112,51,1115,1114,7,531,1109,1111,984,1116,1113,754,1040,1120,1118,1119,96,9,117,93],"jetpack_featured_media_url":"https:\/\/blog.univicosa.com.br\/wp-content\/uploads\/2021\/11\/icms-blog.png","jetpack_shortlink":"https:\/\/wp.me\/pbcCKk-HM","_links":{"self":[{"href":"https:\/\/blog.univicosa.com.br\/index.php\/wp-json\/wp\/v2\/posts\/2714"}],"collection":[{"href":"https:\/\/blog.univicosa.com.br\/index.php\/wp-json\/wp\/v2\/posts"}],"about":[{"href":"https:\/\/blog.univicosa.com.br\/index.php\/wp-json\/wp\/v2\/types\/post"}],"author":[{"embeddable":true,"href":"https:\/\/blog.univicosa.com.br\/index.php\/wp-json\/wp\/v2\/users\/2"}],"replies":[{"embeddable":true,"href":"https:\/\/blog.univicosa.com.br\/index.php\/wp-json\/wp\/v2\/comments?post=2714"}],"version-history":[{"count":1,"href":"https:\/\/blog.univicosa.com.br\/index.php\/wp-json\/wp\/v2\/posts\/2714\/revisions"}],"predecessor-version":[{"id":2718,"href":"https:\/\/blog.univicosa.com.br\/index.php\/wp-json\/wp\/v2\/posts\/2714\/revisions\/2718"}],"wp:featuredmedia":[{"embeddable":true,"href":"https:\/\/blog.univicosa.com.br\/index.php\/wp-json\/wp\/v2\/media\/2715"}],"wp:attachment":[{"href":"https:\/\/blog.univicosa.com.br\/index.php\/wp-json\/wp\/v2\/media?parent=2714"}],"wp:term":[{"taxonomy":"category","embeddable":true,"href":"https:\/\/blog.univicosa.com.br\/index.php\/wp-json\/wp\/v2\/categories?post=2714"},{"taxonomy":"post_tag","embeddable":true,"href":"https:\/\/blog.univicosa.com.br\/index.php\/wp-json\/wp\/v2\/tags?post=2714"}],"curies":[{"name":"wp","href":"https:\/\/api.w.org\/{rel}","templated":true}]}}