{"id":2710,"date":"2021-11-19T14:40:34","date_gmt":"2021-11-19T17:40:34","guid":{"rendered":"https:\/\/blog.univicosa.com.br\/?p=2710"},"modified":"2022-05-20T11:16:09","modified_gmt":"2022-05-20T14:16:09","slug":"saude-da-populacao-negra-no-brasil-mes-da-consciencia-negra","status":"publish","type":"post","link":"https:\/\/blog.univicosa.com.br\/index.php\/2021\/11\/19\/saude-da-populacao-negra-no-brasil-mes-da-consciencia-negra\/","title":{"rendered":"Sa\u00fade da popula\u00e7\u00e3o negra no Brasil &#8211; M\u00eas da consci\u00eancia negra!"},"content":{"rendered":"\n<figure class=\"wp-block-image size-large\"><img data-attachment-id=\"2711\" data-permalink=\"https:\/\/blog.univicosa.com.br\/index.php\/2021\/11\/19\/saude-da-populacao-negra-no-brasil-mes-da-consciencia-negra\/saude-negra-blog\/\" data-orig-file=\"https:\/\/blog.univicosa.com.br\/wp-content\/uploads\/2021\/11\/saude-negra-blog.png\" data-orig-size=\"1024,576\" data-comments-opened=\"1\" data-image-meta=\"{&quot;aperture&quot;:&quot;0&quot;,&quot;credit&quot;:&quot;&quot;,&quot;camera&quot;:&quot;&quot;,&quot;caption&quot;:&quot;&quot;,&quot;created_timestamp&quot;:&quot;0&quot;,&quot;copyright&quot;:&quot;&quot;,&quot;focal_length&quot;:&quot;0&quot;,&quot;iso&quot;:&quot;0&quot;,&quot;shutter_speed&quot;:&quot;0&quot;,&quot;title&quot;:&quot;&quot;,&quot;orientation&quot;:&quot;0&quot;}\" data-image-title=\"saude-negra-blog\" data-image-description=\"\" data-medium-file=\"https:\/\/blog.univicosa.com.br\/wp-content\/uploads\/2021\/11\/saude-negra-blog-300x169.png\" data-large-file=\"https:\/\/blog.univicosa.com.br\/wp-content\/uploads\/2021\/11\/saude-negra-blog.png\" loading=\"lazy\" width=\"1024\" height=\"576\" src=\"https:\/\/blog.univicosa.com.br\/wp-content\/uploads\/2021\/11\/saude-negra-blog.png\" alt=\"\" class=\"wp-image-2711\" srcset=\"https:\/\/blog.univicosa.com.br\/wp-content\/uploads\/2021\/11\/saude-negra-blog.png 1024w, https:\/\/blog.univicosa.com.br\/wp-content\/uploads\/2021\/11\/saude-negra-blog-300x169.png 300w, https:\/\/blog.univicosa.com.br\/wp-content\/uploads\/2021\/11\/saude-negra-blog-768x432.png 768w, https:\/\/blog.univicosa.com.br\/wp-content\/uploads\/2021\/11\/saude-negra-blog-850x478.png 850w\" sizes=\"(max-width: 1024px) 100vw, 1024px\" \/><\/figure>\n\n\n\n<p>O dia <strong>20 de novembro<\/strong> \u00e9 uma data muito importante: \u00e9 o <strong>Dia Nacional da Consci\u00eancia Negra<\/strong>. Trata-se de um dia reservado para o <strong>reconhecimento <\/strong>e a <strong>discuss\u00e3o <\/strong>da <strong>import\u00e2ncia hist\u00f3rica e cultural da popula\u00e7\u00e3o negra<\/strong> na constru\u00e7\u00e3o da<strong> sociedade brasileira<\/strong>, abrindo-se espa\u00e7o para discuss\u00e3o sobre o racismo, a discrimina\u00e7\u00e3o, a igualdade social e a inclus\u00e3o do negro na sociedade.\u00a0<\/p>\n\n\n\n<p>Dados estat\u00edsticos: Por que \u00e9 t\u00e3o urgente o olhar sobre a\u00a0<strong>sa\u00fade da popula\u00e7\u00e3o negra no Brasil<\/strong>?<\/p>\n\n\n\n<p>&nbsp;\u2022 Mulheres negras gr\u00e1vidas morrem duas vezes mais de causas maternas que as mulheres brancas e s\u00e3o mais atingidas pela viol\u00eancia obst\u00e9trica (65,4%).<\/p>\n\n\n\n<p>\u2022 Crian\u00e7as negras morrem mais por doen\u00e7as infantis que as crian\u00e7as brancas.<\/p>\n\n\n\n<p>\u2022 Quase 80% da popula\u00e7\u00e3o que usa o SUS se autodeclara parda ou preta.<\/p>\n\n\n\n<p>\u2022 O constante preconceito contra as popula\u00e7\u00f5es negras gera diversos transtornos relacionados \u00e0 autoafirma\u00e7\u00e3o, autoestima, entre outros.<\/p>\n\n\n\n<p><em><a rel=\"noreferrer noopener\" href=\"https:\/\/univicosa.apprbs.com.br\/blog\/\" target=\"_blank\">Ei, quer<strong>\u00a0receber conte\u00fados exclusivos<\/strong>\u00a0da Univi\u00e7osa? clique aqui!\u00a0<\/a><\/em><\/p>\n\n\n\n<figure class=\"wp-block-image size-large is-resized\"><img data-attachment-id=\"2712\" data-permalink=\"https:\/\/blog.univicosa.com.br\/index.php\/2021\/11\/19\/saude-da-populacao-negra-no-brasil-mes-da-consciencia-negra\/sinesp-consciencia-negra\/\" data-orig-file=\"https:\/\/blog.univicosa.com.br\/wp-content\/uploads\/2021\/11\/SINESP-consciencia-negra.jpg\" data-orig-size=\"600,406\" data-comments-opened=\"1\" data-image-meta=\"{&quot;aperture&quot;:&quot;0&quot;,&quot;credit&quot;:&quot;&quot;,&quot;camera&quot;:&quot;&quot;,&quot;caption&quot;:&quot;&quot;,&quot;created_timestamp&quot;:&quot;0&quot;,&quot;copyright&quot;:&quot;&quot;,&quot;focal_length&quot;:&quot;0&quot;,&quot;iso&quot;:&quot;0&quot;,&quot;shutter_speed&quot;:&quot;0&quot;,&quot;title&quot;:&quot;&quot;,&quot;orientation&quot;:&quot;0&quot;}\" data-image-title=\"SINESP-consciencia-negra\" data-image-description=\"\" data-medium-file=\"https:\/\/blog.univicosa.com.br\/wp-content\/uploads\/2021\/11\/SINESP-consciencia-negra-300x203.jpg\" data-large-file=\"https:\/\/blog.univicosa.com.br\/wp-content\/uploads\/2021\/11\/SINESP-consciencia-negra.jpg\" loading=\"lazy\" src=\"https:\/\/blog.univicosa.com.br\/wp-content\/uploads\/2021\/11\/SINESP-consciencia-negra.jpg\" alt=\"\" class=\"wp-image-2712\" width=\"560\" height=\"378\" srcset=\"https:\/\/blog.univicosa.com.br\/wp-content\/uploads\/2021\/11\/SINESP-consciencia-negra.jpg 600w, https:\/\/blog.univicosa.com.br\/wp-content\/uploads\/2021\/11\/SINESP-consciencia-negra-300x203.jpg 300w\" sizes=\"(max-width: 560px) 100vw, 560px\" \/><\/figure>\n\n\n\n<p>\u2022 Nos \u00faltimos 10 anos os n\u00fameros de assassinatos ca\u00edram 8% entre mulheres brancas. E aumentaram 15,4% entre as negras.<\/p>\n\n\n\n<p>\u2022 Hoje a ONU possui uma campanha de combate \u00e0 morte das juventudes negras no Brasil, pois sete a cada dez pessoas assassinadas s\u00e3o negras.<\/p>\n\n\n\n<p>\u00a0\u2022 Segundo pesquisa realizada pela SEPPIR e pelo Senado Federal, 56% da popula\u00e7\u00e3o brasileira concorda com a afirma\u00e7\u00e3o de que \u201ca morte violenta de um jovem negro choca menos a sociedade do que a morte de um jovem branco\u201d. O dado revela como os brasileiros t\u00eam sido indiferentes a um problema que deveria ser de todos.<\/p>\n\n\n\n<p><em>&#8220;Entre outros efeitos, o dia\/m\u00eas da consci\u00eancia negra \u00e9 um momento nacional de reflex\u00e3o sobre a necessidade da permanente, constante e cont\u00ednua discuss\u00e3o da forma\u00e7\u00e3o social brasileira&#8221; <\/em> &#8211; ABN. <\/p>\n\n\n\n<p><a rel=\"noreferrer noopener\" href=\"https:\/\/www.univicosa.com.br\/graduacao\/cursos\/fisioterapia\" target=\"_blank\" data-type=\"URL\" data-id=\"https:\/\/www.univicosa.com.br\/graduacao\/cursos\/fisioterapia\">Curtiu e quer saber mais sobre o curso de\u00a0<strong>Fisioterapia<\/strong>\u00a0da\u00a0<strong>UNIVI\u00c7OSA<\/strong>? Ent\u00e3o acesse o site da Univi\u00e7osa, clique aqui!<\/a> <\/p>\n\n\n\n<p><strong><a rel=\"noreferrer noopener\" href=\"https:\/\/www.abpn.org.br\/post\/para-que-serve-o-dia-m%C3%AAs-da-consci%C3%AAncia-negra\" target=\"_blank\">Para que serve o dia\/m\u00eas da consci\u00eancia negra?<\/a><\/strong> &#8211; Associa\u00e7\u00e3o Brasileira de Pesquisadores\/as Negros\/as. <\/p>\n\n\n\n<p><a rel=\"noreferrer noopener\" href=\"https:\/\/blog.univicosa.com.br\/index.php\/2021\/09\/16\/a-importancia-da-fisioterapia-no-cti-em-tratamento-de-um-paciente-politraumatizado\/\" target=\"_blank\">A import\u00e2ncia da Fisioterapia no CTI em tratamento de um paciente politraumatizado<\/a><\/p>\n\n\n\n<p><a href=\"https:\/\/blog.univicosa.com.br\/index.php\/2021\/03\/29\/o-papel-do-fisioterapeuta-nas-diferentes-fases-da-covid-19\/\">O papel do Fisioterapeuta nas diferentes fases da COVID-19<\/a><\/p>\n\n\n\n<p><a href=\"https:\/\/blog.univicosa.com.br\/index.php\/2020\/11\/26\/fisioterapia-e-saude-disfuncao-temporomandibular-dtm\/\">Fisioterapia e sa\u00fade: disfun\u00e7\u00e3o temporomandibular (DTM)<\/a><\/p>\n\n\n\n<p><a href=\"https:\/\/blog.univicosa.com.br\/index.php\/2021\/06\/17\/sua-faculdade-nao-te-prepara-para-o-mercado-de-trabalho\/\">Sua faculdade n\u00e3o te prepara para o mercado de trabalho?<\/a><\/p>\n\n\n\n<p><a href=\"https:\/\/blog.univicosa.com.br\/index.php\/2020\/08\/03\/alunas-de-enfermagem-da-univicosa-foram-convocadas-para-atuar-no-enfrentamento-da-covid-19-por-meio-do-programa-brasil-conta-comigo\/\">Alunas de Enfermagem da Univi\u00e7osa foram convocadas para atuar no enfrentamento da COVID-19 por meio do Programa \u201cBrasil Conta Comigo\u201d<\/a><\/p>\n\n\n\n<p><a href=\"https:\/\/blog.univicosa.com.br\/index.php\/2021\/09\/13\/univicosa-entenda-por-que-voce-deve-escolher-a-nossa-instituicao\/\" target=\"_blank\" rel=\"noreferrer noopener\">UNIVI\u00c7OSA: entenda por que voc\u00ea deve escolher a nossa institui\u00e7\u00e3o<\/a><\/p>\n\n\n\n<p><a href=\"https:\/\/blog.univicosa.com.br\/index.php\/2021\/09\/11\/saiba-diferenciar-o-ensino-presencial-ead-ensino-remoto-e-o-ensino-hibrido\/\" target=\"_blank\" rel=\"noreferrer noopener\">Saiba diferenciar o Ensino Presencial, EAD, Ensino Remoto e o Ensino H\u00edbrido!<\/a><\/p>\n\n\n\n<p><a href=\"https:\/\/blog.univicosa.com.br\/index.php\/2021\/09\/11\/descubra-o-que-diferencia-bacharelado-licenciatura-e-tecnologico\/\" target=\"_blank\" rel=\"noreferrer noopener\">Descubra o que diferencia bacharelado, licenciatura e tecn\u00f3logo!<\/a><\/p>\n\n\n\n<p><a href=\"https:\/\/blog.univicosa.com.br\/index.php\/2021\/09\/11\/como-convencer-meus-pais-a-investir-na-minha-graduacao\/\" target=\"_blank\" rel=\"noreferrer noopener\">Como convencer meus pais a investir na minha gradua\u00e7\u00e3o?<\/a><\/p>\n\n\n\n<p><a rel=\"noreferrer noopener\" href=\"https:\/\/blog.univicosa.com.br\/index.php\/2021\/09\/11\/tudo-o-que-voce-precisa-saber-para-ingressar-em-um-curso-superior\/\" target=\"_blank\">Tudo o que voc\u00ea precisa saber para ingressar em um curso superior<\/a><\/p>\n\n\n\n<p><strong>Refer\u00eancia:\u00a0<\/strong>BROCHADO, Marisilda.\u00a0<strong>Precisamos falar sobre Consci\u00eancia Negra e Sa\u00fade!<\/strong>: expanda sua consci\u00eancia e percep\u00e7\u00e3o.. .. 2020. MARISILDA BROCHADO. Dispon\u00edvel em:\u00a0<a rel=\"noreferrer noopener\" href=\"https:\/\/guiadaalma.com.br\/consciencia-negra-saude\/\" target=\"_blank\">https:\/\/guiadaalma.com.br\/consciencia-negra-saude\/<\/a>. Acesso em: 10 nov. 2021.<\/p>\n\n\n\n<p><strong>Acad\u00eamico:<\/strong> Gustavo Viana \u2013 estagi\u00e1rio na UBS Barrinha. <\/p>\n","protected":false},"excerpt":{"rendered":"<p>O dia 20 de novembro \u00e9 uma data muito importante: \u00e9 o Dia Nacional da Consci\u00eancia Negra. Trata-se de um dia reservado para o reconhecimento e a discuss\u00e3o da import\u00e2ncia hist\u00f3rica e cultural da popula\u00e7\u00e3o negra na constru\u00e7\u00e3o da sociedade brasileira, abrindo-se espa\u00e7o para discuss\u00e3o sobre o racismo, a discrimina\u00e7\u00e3o, a igualdade social e a&#8230;<\/p>\n","protected":false},"author":2,"featured_media":2711,"comment_status":"open","ping_status":"open","sticky":false,"template":"","format":"standard","meta":{"spay_email":""},"categories":[40,42,16],"tags":[409,970,936,1107,109,71,51,744,92,1108,1104,1106,64,1105,229,96,9,117,93],"jetpack_featured_media_url":"https:\/\/blog.univicosa.com.br\/wp-content\/uploads\/2021\/11\/saude-negra-blog.png","jetpack_shortlink":"https:\/\/wp.me\/pbcCKk-HI","_links":{"self":[{"href":"https:\/\/blog.univicosa.com.br\/index.php\/wp-json\/wp\/v2\/posts\/2710"}],"collection":[{"href":"https:\/\/blog.univicosa.com.br\/index.php\/wp-json\/wp\/v2\/posts"}],"about":[{"href":"https:\/\/blog.univicosa.com.br\/index.php\/wp-json\/wp\/v2\/types\/post"}],"author":[{"embeddable":true,"href":"https:\/\/blog.univicosa.com.br\/index.php\/wp-json\/wp\/v2\/users\/2"}],"replies":[{"embeddable":true,"href":"https:\/\/blog.univicosa.com.br\/index.php\/wp-json\/wp\/v2\/comments?post=2710"}],"version-history":[{"count":1,"href":"https:\/\/blog.univicosa.com.br\/index.php\/wp-json\/wp\/v2\/posts\/2710\/revisions"}],"predecessor-version":[{"id":2713,"href":"https:\/\/blog.univicosa.com.br\/index.php\/wp-json\/wp\/v2\/posts\/2710\/revisions\/2713"}],"wp:featuredmedia":[{"embeddable":true,"href":"https:\/\/blog.univicosa.com.br\/index.php\/wp-json\/wp\/v2\/media\/2711"}],"wp:attachment":[{"href":"https:\/\/blog.univicosa.com.br\/index.php\/wp-json\/wp\/v2\/media?parent=2710"}],"wp:term":[{"taxonomy":"category","embeddable":true,"href":"https:\/\/blog.univicosa.com.br\/index.php\/wp-json\/wp\/v2\/categories?post=2710"},{"taxonomy":"post_tag","embeddable":true,"href":"https:\/\/blog.univicosa.com.br\/index.php\/wp-json\/wp\/v2\/tags?post=2710"}],"curies":[{"name":"wp","href":"https:\/\/api.w.org\/{rel}","templated":true}]}}