{"id":2705,"date":"2021-11-18T21:24:54","date_gmt":"2021-11-19T00:24:54","guid":{"rendered":"https:\/\/blog.univicosa.com.br\/?p=2705"},"modified":"2022-05-20T11:16:16","modified_gmt":"2022-05-20T14:16:16","slug":"concepcao-estrutural-e-seus-impactos-no-projeto-arquitetonico","status":"publish","type":"post","link":"https:\/\/blog.univicosa.com.br\/index.php\/2021\/11\/18\/concepcao-estrutural-e-seus-impactos-no-projeto-arquitetonico\/","title":{"rendered":"Concep\u00e7\u00e3o estrutural e seus impactos no projeto arquitet\u00f4nico"},"content":{"rendered":"\n<figure class=\"wp-block-image size-large\"><img data-attachment-id=\"2706\" data-permalink=\"https:\/\/blog.univicosa.com.br\/index.php\/2021\/11\/18\/concepcao-estrutural-e-seus-impactos-no-projeto-arquitetonico\/blog-arq-projeto-arquitetonico\/\" data-orig-file=\"https:\/\/blog.univicosa.com.br\/wp-content\/uploads\/2021\/11\/blog-arq-projeto-arquitetonico.png\" data-orig-size=\"1024,576\" data-comments-opened=\"1\" data-image-meta=\"{&quot;aperture&quot;:&quot;0&quot;,&quot;credit&quot;:&quot;&quot;,&quot;camera&quot;:&quot;&quot;,&quot;caption&quot;:&quot;&quot;,&quot;created_timestamp&quot;:&quot;0&quot;,&quot;copyright&quot;:&quot;&quot;,&quot;focal_length&quot;:&quot;0&quot;,&quot;iso&quot;:&quot;0&quot;,&quot;shutter_speed&quot;:&quot;0&quot;,&quot;title&quot;:&quot;&quot;,&quot;orientation&quot;:&quot;0&quot;}\" data-image-title=\"blog-arq-projeto-arquitetonico\" data-image-description=\"\" data-medium-file=\"https:\/\/blog.univicosa.com.br\/wp-content\/uploads\/2021\/11\/blog-arq-projeto-arquitetonico-300x169.png\" data-large-file=\"https:\/\/blog.univicosa.com.br\/wp-content\/uploads\/2021\/11\/blog-arq-projeto-arquitetonico.png\" loading=\"lazy\" width=\"1024\" height=\"576\" src=\"https:\/\/blog.univicosa.com.br\/wp-content\/uploads\/2021\/11\/blog-arq-projeto-arquitetonico.png\" alt=\"\" class=\"wp-image-2706\" srcset=\"https:\/\/blog.univicosa.com.br\/wp-content\/uploads\/2021\/11\/blog-arq-projeto-arquitetonico.png 1024w, https:\/\/blog.univicosa.com.br\/wp-content\/uploads\/2021\/11\/blog-arq-projeto-arquitetonico-300x169.png 300w, https:\/\/blog.univicosa.com.br\/wp-content\/uploads\/2021\/11\/blog-arq-projeto-arquitetonico-768x432.png 768w, https:\/\/blog.univicosa.com.br\/wp-content\/uploads\/2021\/11\/blog-arq-projeto-arquitetonico-850x478.png 850w\" sizes=\"(max-width: 1024px) 100vw, 1024px\" \/><\/figure>\n\n\n\n<p>De acordo com a arquiteta <strong>S\u00edlvia Odebrecht<\/strong>, com o <strong>projeto arquitet\u00f4nico <\/strong>busca-se \u201c<em><strong>resolver problemas<\/strong> de ordem <strong>funcional <\/strong>e de ordem <strong>est\u00e9tica<\/strong>, observando o contexto em que se inserem, tanto o <strong>f\u00edsico<\/strong>, como o <strong>cultural<\/strong>, o <strong>socioecon\u00f4mico <\/strong>e o <strong>tecnol\u00f3gico<\/strong><\/em>.\u201d<\/p>\n\n\n\n<p>O <strong>conhecimento t\u00e9cnico <\/strong>sobre insola\u00e7\u00e3o, ventila\u00e7\u00e3o, topografia, concep\u00e7\u00e3o estrutural e outros, quando aplicado ao <strong>projeto arquitet\u00f4nico<\/strong>, agregam <strong>qualidade <\/strong>e <strong>valorizam o espa\u00e7o<\/strong>.<\/p>\n\n\n\n<p>A <strong>concep\u00e7\u00e3o estrutural<\/strong> de um edif\u00edcio consiste na <strong>disposi\u00e7\u00e3o adequada<\/strong> dos <strong>elementos estruturais<\/strong> (pilares, vigas, lajes, dentre outros), de modo a assegurar o atendimento aos aspectos de <strong>economia<\/strong>, <strong>est\u00e9tica <\/strong>e <strong>funcionalidade<\/strong>, simultaneamente. <\/p>\n\n\n\n<figure class=\"wp-block-image size-large is-resized\"><img data-attachment-id=\"2707\" data-permalink=\"https:\/\/blog.univicosa.com.br\/index.php\/2021\/11\/18\/concepcao-estrutural-e-seus-impactos-no-projeto-arquitetonico\/ghetgewrtwer\/\" data-orig-file=\"https:\/\/blog.univicosa.com.br\/wp-content\/uploads\/2021\/11\/ghetgewrtwer.jpg\" data-orig-size=\"1299,793\" data-comments-opened=\"1\" data-image-meta=\"{&quot;aperture&quot;:&quot;0&quot;,&quot;credit&quot;:&quot;&quot;,&quot;camera&quot;:&quot;&quot;,&quot;caption&quot;:&quot;&quot;,&quot;created_timestamp&quot;:&quot;0&quot;,&quot;copyright&quot;:&quot;&quot;,&quot;focal_length&quot;:&quot;0&quot;,&quot;iso&quot;:&quot;0&quot;,&quot;shutter_speed&quot;:&quot;0&quot;,&quot;title&quot;:&quot;&quot;,&quot;orientation&quot;:&quot;0&quot;}\" data-image-title=\"ghetgewrtwer\" data-image-description=\"\" data-medium-file=\"https:\/\/blog.univicosa.com.br\/wp-content\/uploads\/2021\/11\/ghetgewrtwer-300x183.jpg\" data-large-file=\"https:\/\/blog.univicosa.com.br\/wp-content\/uploads\/2021\/11\/ghetgewrtwer-1024x625.jpg\" loading=\"lazy\" src=\"https:\/\/blog.univicosa.com.br\/wp-content\/uploads\/2021\/11\/ghetgewrtwer-1024x625.jpg\" alt=\"\" class=\"wp-image-2707\" width=\"555\" height=\"339\" srcset=\"https:\/\/blog.univicosa.com.br\/wp-content\/uploads\/2021\/11\/ghetgewrtwer-1024x625.jpg 1024w, https:\/\/blog.univicosa.com.br\/wp-content\/uploads\/2021\/11\/ghetgewrtwer-300x183.jpg 300w, https:\/\/blog.univicosa.com.br\/wp-content\/uploads\/2021\/11\/ghetgewrtwer-768x469.jpg 768w, https:\/\/blog.univicosa.com.br\/wp-content\/uploads\/2021\/11\/ghetgewrtwer-850x519.jpg 850w, https:\/\/blog.univicosa.com.br\/wp-content\/uploads\/2021\/11\/ghetgewrtwer.jpg 1299w\" sizes=\"(max-width: 555px) 100vw, 555px\" \/><\/figure>\n\n\n\n<p>A concep\u00e7\u00e3o antecede o<strong> dimensionamento da estrutura<\/strong>, que faz parte do projeto estrutural (atribui\u00e7\u00e3o do engenheiro civil) e que \u00e9 de extrema <strong>import\u00e2ncia <\/strong>para que a <strong>estrutura <\/strong>seja capaz de <strong>suportar as condi\u00e7\u00f5es<\/strong> de trabalho \u00e0s quais estar\u00e1 submetida, garantindo <strong>seguran\u00e7a<\/strong>, <strong>economia <\/strong>e <strong>durabilidade<\/strong>.<\/p>\n\n\n\n<p>As <strong>formas arquitet\u00f4nicas<\/strong> e a <strong>distribui\u00e7\u00e3o <\/strong>dos <strong>diferentes ambientes<\/strong> nos diversos pavimentos de um edif\u00edcio imp\u00f5em restri\u00e7\u00f5es quanto ao tipo de <strong>sistema estrutural<\/strong>, a posi\u00e7\u00e3o dos elementos estruturais e a transmiss\u00e3o das cargas at\u00e9 o solo. <\/p>\n\n\n\n<p>Assim, para garantir uma <strong>rela\u00e7\u00e3o harm\u00f4nica da arquitetura com a estrutura<\/strong>, o arquiteto deve ter no\u00e7\u00f5es de concep\u00e7\u00e3o estrutural, aplicando-as desde as etapas iniciais do projeto. \u00a0<\/p>\n\n\n\n<p><em><a rel=\"noreferrer noopener\" href=\"https:\/\/univicosa.apprbs.com.br\/blog\/\" target=\"_blank\">Ei, quer<strong>\u00a0receber conte\u00fados exclusivos<\/strong>\u00a0da Univi\u00e7osa? clique aqui!\u00a0<\/a><\/em><\/p>\n\n\n\n<figure class=\"wp-block-image size-large is-resized\"><img data-attachment-id=\"2708\" data-permalink=\"https:\/\/blog.univicosa.com.br\/index.php\/2021\/11\/18\/concepcao-estrutural-e-seus-impactos-no-projeto-arquitetonico\/tweryt\/\" data-orig-file=\"https:\/\/blog.univicosa.com.br\/wp-content\/uploads\/2021\/11\/tweryt.jpg\" data-orig-size=\"1299,866\" data-comments-opened=\"1\" data-image-meta=\"{&quot;aperture&quot;:&quot;0&quot;,&quot;credit&quot;:&quot;&quot;,&quot;camera&quot;:&quot;&quot;,&quot;caption&quot;:&quot;&quot;,&quot;created_timestamp&quot;:&quot;0&quot;,&quot;copyright&quot;:&quot;&quot;,&quot;focal_length&quot;:&quot;0&quot;,&quot;iso&quot;:&quot;0&quot;,&quot;shutter_speed&quot;:&quot;0&quot;,&quot;title&quot;:&quot;&quot;,&quot;orientation&quot;:&quot;0&quot;}\" data-image-title=\"tweryt\" data-image-description=\"\" data-medium-file=\"https:\/\/blog.univicosa.com.br\/wp-content\/uploads\/2021\/11\/tweryt-300x200.jpg\" data-large-file=\"https:\/\/blog.univicosa.com.br\/wp-content\/uploads\/2021\/11\/tweryt-1024x683.jpg\" loading=\"lazy\" src=\"https:\/\/blog.univicosa.com.br\/wp-content\/uploads\/2021\/11\/tweryt-1024x683.jpg\" alt=\"\" class=\"wp-image-2708\" width=\"575\" height=\"383\" srcset=\"https:\/\/blog.univicosa.com.br\/wp-content\/uploads\/2021\/11\/tweryt-1024x683.jpg 1024w, https:\/\/blog.univicosa.com.br\/wp-content\/uploads\/2021\/11\/tweryt-300x200.jpg 300w, https:\/\/blog.univicosa.com.br\/wp-content\/uploads\/2021\/11\/tweryt-768x512.jpg 768w, https:\/\/blog.univicosa.com.br\/wp-content\/uploads\/2021\/11\/tweryt-850x567.jpg 850w, https:\/\/blog.univicosa.com.br\/wp-content\/uploads\/2021\/11\/tweryt.jpg 1299w\" sizes=\"(max-width: 575px) 100vw, 575px\" \/><\/figure>\n\n\n\n<p>Segundo <strong>Yopanan Conrado Pereira Rebello<\/strong>, \u201c<em>a concep\u00e7\u00e3o de uma forma implica na concep\u00e7\u00e3o de uma estrutura e, consequentemente, dos materiais e processos para materializ\u00e1-la. Logo, a estrutura e a forma s\u00e3o um s\u00f3 objeto, e, assim sendo, conceber uma implica em conceber a outra. A forma e a estrutura nascem juntas<\/em>\u201d.<\/p>\n\n\n\n<p>Passar da ideia abstrata para a concreta, ou seja, <strong>viabilizar a execu\u00e7\u00e3o de um projeto arquitet\u00f4nico<\/strong> exige a compreens\u00e3o de <strong>conceitos f\u00edsicos<\/strong> e das caracter\u00edsticas e restri\u00e7\u00f5es associadas aos<strong> sistemas estruturais <\/strong>e aos <strong>materiais <\/strong>de <strong>constru\u00e7\u00e3o <\/strong>utilizados com fun\u00e7\u00e3o estrutural (concreto armado, alvenaria estrutural, a\u00e7o ou madeira).<\/p>\n\n\n\n<p>Sendo assim, a parceria entre os <strong>profissionais de arquitetura <\/strong>e <strong>engenharia <\/strong>e a aplica\u00e7\u00e3o do <strong>conhecimento <\/strong>sobre concep\u00e7\u00e3o estrutural durante o desenvolvimento do <strong>projeto arquitet\u00f4nico<\/strong> contribuem para a ado\u00e7\u00e3o de <strong>melhores solu\u00e7\u00f5es<\/strong> para certos problemas de projeto e para garantir a satisfa\u00e7\u00e3o final do cliente.<\/p>\n\n\n\n<p><a rel=\"noreferrer noopener\" href=\"https:\/\/www.univicosa.com.br\/graduacao\/cursos\/arquitetura_e_urbanismo\" target=\"_blank\">Curtiu e quer saber mais sobre o curso de&nbsp;<strong>Arquitetura e Urbanismo<\/strong>&nbsp;da&nbsp;<strong>UNIVI\u00c7OSA<\/strong>? Ent\u00e3o acesse o site da Univi\u00e7osa, clique aqui!<\/a><\/p>\n\n\n\n<p><a href=\"https:\/\/blog.univicosa.com.br\/index.php\/2021\/11\/12\/o-individuo-a-cidade-e-a-modernidade\/\" target=\"_blank\" rel=\"noreferrer noopener\">O indiv\u00edduo, a cidade e a modernidade<\/a><\/p>\n\n\n\n<p><a href=\"https:\/\/blog.univicosa.com.br\/index.php\/2021\/11\/05\/tecnologia-na-arquitetura\/\" target=\"_blank\" rel=\"noreferrer noopener\">Tecnologia na Arquitetura<\/a><\/p>\n\n\n\n<p><a href=\"https:\/\/blog.univicosa.com.br\/index.php\/2021\/10\/29\/envelhecimento-saudavel-e-a-casa-de-morar\/\" target=\"_blank\" rel=\"noreferrer noopener\">A velhice e a casa de morar<\/a><\/p>\n\n\n\n<p><a href=\"https:\/\/blog.univicosa.com.br\/index.php\/2021\/10\/22\/os-modos-de-morar-e-a-arquitetura\/\" target=\"_blank\" rel=\"noreferrer noopener\">Os modos de morar e a Arquitetura<\/a><\/p>\n\n\n\n<p><a rel=\"noreferrer noopener\" href=\"https:\/\/blog.univicosa.com.br\/index.php\/2021\/10\/07\/voce-sabe-o-que-e-abstracao-artistica\/\" target=\"_blank\">Voc\u00ea sabe o que \u00e9 abstra\u00e7\u00e3o art\u00edstica?<\/a><\/p>\n\n\n\n<p><a href=\"https:\/\/blog.univicosa.com.br\/index.php\/2021\/10\/22\/os-modos-de-morar-e-a-arquitetura\/saiba%20tudo%20sobre%20a%20arquitetura%20da%20paisagem!\" target=\"_blank\" rel=\"noreferrer noopener\">Paisagismo: saiba tudo sobre a arquitetura da paisagem!<\/a><\/p>\n\n\n\n<p><a href=\"https:\/\/blog.univicosa.com.br\/index.php\/2021\/05\/26\/dicas-para-organizar-o-seu-estudo-em-casa\/\" target=\"_blank\" rel=\"noreferrer noopener\">Dicas para organizar o seu estudo em casa!<\/a><br><br><a href=\"https:\/\/blog.univicosa.com.br\/index.php\/2021\/07\/20\/conheca-as-vantagens-de-fazer-uma-segunda-graduacao\/\" target=\"_blank\" rel=\"noreferrer noopener\">Conhe\u00e7a as vantagens de fazer uma segunda gradua\u00e7\u00e3o<\/a><\/p>\n\n\n\n<p><a href=\"https:\/\/blog.univicosa.com.br\/index.php\/2021\/07\/26\/curiosidades-e-mercado-de-trabalho-arquitetura-e-urbanismo\/\" target=\"_blank\" rel=\"noreferrer noopener\">Curiosidades e mercado de trabalho: Arquitetura e Urbanismo<\/a><br><br><a href=\"https:\/\/blog.univicosa.com.br\/index.php\/2021\/07\/16\/5-dicas-para-se-destacar-no-mercado-de-trabalho\/\" target=\"_blank\" rel=\"noreferrer noopener\">5 dicas para se destacar no mercado de trabalho<\/a><br><br><a href=\"https:\/\/blog.univicosa.com.br\/index.php\/2021\/06\/01\/5-dicas-para-ter-um-curriculo-de-destaque\/\" target=\"_blank\" rel=\"noreferrer noopener\">5 dicas para criar um curr\u00edculo de sucesso!<\/a><\/p>\n\n\n\n<p><a href=\"https:\/\/blog.univicosa.com.br\/index.php\/2021\/06\/09\/transmita-suas-ideias-atraves-do-desenho\/\" target=\"_blank\" rel=\"noreferrer noopener\">Transmita suas ideias atrav\u00e9s do desenho!<\/a><br><br><a href=\"https:\/\/blog.univicosa.com.br\/index.php\/2021\/06\/22\/6-dicas-simples-de-como-fazer-um-mapa-mental-e-mandar-bem-nos-estudos\/\" target=\"_blank\" rel=\"noreferrer noopener\">6 dicas simples de como fazer um MAPA MENTAL e mandar bem nos estudos<\/a><br><br><a href=\"https:\/\/blog.univicosa.com.br\/index.php\/2021\/06\/15\/10-passos-para-ter-um-perfil-mais-relevante-no-linkedin\/\" target=\"_blank\" rel=\"noreferrer noopener\">10 passos para ter um perfil mais relevante no LinkedIn!<\/a><\/p>\n\n\n\n<p><a href=\"https:\/\/univicosa.apprbs.com.br\/gruda-na-uni\" target=\"_blank\" rel=\"noreferrer noopener\">Ei, voc\u00ea est\u00e1 estudando para o&nbsp;<strong>ENEM<\/strong>? A gente te ajuda! Tem conte\u00fado de exatas (matem\u00e1tica), humanas (portugu\u00eas), ci\u00eancias da natureza (Qu\u00edmica, Biologia), atualidades e muito mais,&nbsp;<strong>Gruda na Uni<\/strong>&nbsp;e vem! Clique aqui!<\/a><\/p>\n\n\n\n<p><a href=\"https:\/\/blog.univicosa.com.br\/index.php\/2021\/01\/20\/eu-sou-do-time-ciencias-exatas-eu-sou-univicosa\/\" target=\"_blank\" rel=\"noreferrer noopener\">Eu sou do time&nbsp;<strong>Ci\u00eancias Exatas<\/strong>, eu sou #UNIVI\u00c7OSA<\/a><\/p>\n\n\n\n<p><a rel=\"noreferrer noopener\" href=\"https:\/\/blog.univicosa.com.br\/index.php\/2020\/04\/29\/guia-de-organizacao-no-home-office-dicas-deixar-o-seu-ambiente-mais-produtivo\/\" target=\"_blank\">Guia de organiza\u00e7\u00e3o: dicas para deixar o seu&nbsp;<strong>ambiente de estudos<\/strong>&nbsp;ainda mais produtivo<\/a><\/p>\n\n\n\n<p><\/p>\n","protected":false},"excerpt":{"rendered":"<p>De acordo com a arquiteta S\u00edlvia Odebrecht, com o projeto arquitet\u00f4nico busca-se \u201cresolver problemas de ordem funcional e de ordem est\u00e9tica, observando o contexto em que se inserem, tanto o f\u00edsico, como o cultural, o socioecon\u00f4mico e o tecnol\u00f3gico.\u201d O conhecimento t\u00e9cnico sobre insola\u00e7\u00e3o, ventila\u00e7\u00e3o, topografia, concep\u00e7\u00e3o estrutural e outros, quando aplicado ao projeto arquitet\u00f4nico,&#8230;<\/p>\n","protected":false},"author":2,"featured_media":2706,"comment_status":"open","ping_status":"open","sticky":false,"template":"","format":"standard","meta":{"spay_email":""},"categories":[28,14],"tags":[1103,333,1101,102,103,409,970,1100,936,964,109,87,861,173,689,51,100,92,754,111,340,1102,96,9,104,93],"jetpack_featured_media_url":"https:\/\/blog.univicosa.com.br\/wp-content\/uploads\/2021\/11\/blog-arq-projeto-arquitetonico.png","jetpack_shortlink":"https:\/\/wp.me\/pbcCKk-HD","_links":{"self":[{"href":"https:\/\/blog.univicosa.com.br\/index.php\/wp-json\/wp\/v2\/posts\/2705"}],"collection":[{"href":"https:\/\/blog.univicosa.com.br\/index.php\/wp-json\/wp\/v2\/posts"}],"about":[{"href":"https:\/\/blog.univicosa.com.br\/index.php\/wp-json\/wp\/v2\/types\/post"}],"author":[{"embeddable":true,"href":"https:\/\/blog.univicosa.com.br\/index.php\/wp-json\/wp\/v2\/users\/2"}],"replies":[{"embeddable":true,"href":"https:\/\/blog.univicosa.com.br\/index.php\/wp-json\/wp\/v2\/comments?post=2705"}],"version-history":[{"count":1,"href":"https:\/\/blog.univicosa.com.br\/index.php\/wp-json\/wp\/v2\/posts\/2705\/revisions"}],"predecessor-version":[{"id":2709,"href":"https:\/\/blog.univicosa.com.br\/index.php\/wp-json\/wp\/v2\/posts\/2705\/revisions\/2709"}],"wp:featuredmedia":[{"embeddable":true,"href":"https:\/\/blog.univicosa.com.br\/index.php\/wp-json\/wp\/v2\/media\/2706"}],"wp:attachment":[{"href":"https:\/\/blog.univicosa.com.br\/index.php\/wp-json\/wp\/v2\/media?parent=2705"}],"wp:term":[{"taxonomy":"category","embeddable":true,"href":"https:\/\/blog.univicosa.com.br\/index.php\/wp-json\/wp\/v2\/categories?post=2705"},{"taxonomy":"post_tag","embeddable":true,"href":"https:\/\/blog.univicosa.com.br\/index.php\/wp-json\/wp\/v2\/tags?post=2705"}],"curies":[{"name":"wp","href":"https:\/\/api.w.org\/{rel}","templated":true}]}}