{"id":2700,"date":"2021-11-16T15:01:35","date_gmt":"2021-11-16T18:01:35","guid":{"rendered":"https:\/\/blog.univicosa.com.br\/?p=2700"},"modified":"2022-05-20T11:16:22","modified_gmt":"2022-05-20T14:16:22","slug":"departamento-pessoal-saiba-tudo-sobre-esse-setor","status":"publish","type":"post","link":"https:\/\/blog.univicosa.com.br\/index.php\/2021\/11\/16\/departamento-pessoal-saiba-tudo-sobre-esse-setor\/","title":{"rendered":"Departamento pessoal:  Saiba tudo sobre esse setor!"},"content":{"rendered":"\n<figure class=\"wp-block-image size-large\"><img data-attachment-id=\"2701\" data-permalink=\"https:\/\/blog.univicosa.com.br\/index.php\/2021\/11\/16\/departamento-pessoal-saiba-tudo-sobre-esse-setor\/dept-pessoal-contabeis-blog\/\" data-orig-file=\"https:\/\/blog.univicosa.com.br\/wp-content\/uploads\/2021\/11\/dept-pessoal-contabeis-blog.png\" data-orig-size=\"1024,576\" data-comments-opened=\"1\" data-image-meta=\"{&quot;aperture&quot;:&quot;0&quot;,&quot;credit&quot;:&quot;&quot;,&quot;camera&quot;:&quot;&quot;,&quot;caption&quot;:&quot;&quot;,&quot;created_timestamp&quot;:&quot;0&quot;,&quot;copyright&quot;:&quot;&quot;,&quot;focal_length&quot;:&quot;0&quot;,&quot;iso&quot;:&quot;0&quot;,&quot;shutter_speed&quot;:&quot;0&quot;,&quot;title&quot;:&quot;&quot;,&quot;orientation&quot;:&quot;0&quot;}\" data-image-title=\"dept-pessoal-contabeis-blog\" data-image-description=\"\" data-medium-file=\"https:\/\/blog.univicosa.com.br\/wp-content\/uploads\/2021\/11\/dept-pessoal-contabeis-blog-300x169.png\" data-large-file=\"https:\/\/blog.univicosa.com.br\/wp-content\/uploads\/2021\/11\/dept-pessoal-contabeis-blog.png\" loading=\"lazy\" width=\"1024\" height=\"576\" src=\"https:\/\/blog.univicosa.com.br\/wp-content\/uploads\/2021\/11\/dept-pessoal-contabeis-blog.png\" alt=\"\" class=\"wp-image-2701\" srcset=\"https:\/\/blog.univicosa.com.br\/wp-content\/uploads\/2021\/11\/dept-pessoal-contabeis-blog.png 1024w, https:\/\/blog.univicosa.com.br\/wp-content\/uploads\/2021\/11\/dept-pessoal-contabeis-blog-300x169.png 300w, https:\/\/blog.univicosa.com.br\/wp-content\/uploads\/2021\/11\/dept-pessoal-contabeis-blog-768x432.png 768w, https:\/\/blog.univicosa.com.br\/wp-content\/uploads\/2021\/11\/dept-pessoal-contabeis-blog-850x478.png 850w\" sizes=\"(max-width: 1024px) 100vw, 1024px\" \/><\/figure>\n\n\n\n<p><em><strong>Por Myriam Mello<\/strong>*<\/em><\/p>\n\n\n\n<p>Importante <strong>setor<\/strong> encarregado da <strong>administra\u00e7\u00e3o dos funcion\u00e1rios<\/strong> de uma <strong>empresa<\/strong>, o <strong>Departamento de Pessoal<\/strong> (DP) \u00e9 <strong>respons\u00e1vel <\/strong>por fazer os<br><strong>processos <\/strong>de <strong>admiss\u00e3o de funcion\u00e1rios<\/strong>, <strong>c\u00e1lculos de folha de pagamento <\/strong>dos <strong>colaboradores<\/strong>, <strong>f\u00e9rias<\/strong>, <strong>13\u00ba<\/strong> e <strong>rescis\u00f5es <\/strong>de <strong>contratos <\/strong>de <strong>trabalho<\/strong>.<\/p>\n\n\n\n<p>Come\u00e7ando pelo <strong>processo admissional<\/strong>, esse \u00e9 simplesmente realizar o registro do funcion\u00e1rio que est\u00e1 sendo admitido na empresa. As empresas t\u00eam at\u00e9 48 ap\u00f3s o in\u00edcio do funcion\u00e1rio para fazer o registro do mesmo.<\/p>\n\n\n\n<p>Os <strong>documentos <\/strong>b\u00e1sicos para o processo de admiss\u00e3o s\u00e3o: <strong>c\u00f3pia do RG, c\u00f3pia do CPF, original e c\u00f3pia da carteira de trabalho (CTPS)<\/strong>; inscri\u00e7\u00e3o no <strong>PIS\/Pasep<\/strong>, <strong>foto 3\u00d74<\/strong>, <strong>c\u00f3pia do t\u00edtulo de eleitor<\/strong>; c\u00f3pia do c<strong>omprovante de endere\u00e7o<\/strong>; c\u00f3pia do comprovante de <strong>escolaridade<\/strong>; c\u00f3pia da <strong>certid\u00e3o de nascimento<\/strong> (caso solteiro) ou<strong> certid\u00e3o de casamento<\/strong> (caso casado), original do<strong> atestado de sa\u00fade ocupacional <\/strong>(obtido em uma<br>cl\u00ednica de exame admissional), c\u00f3pia do certificado de reservista (para homens entre 18 e 45 anos) e c\u00f3pia da certid\u00e3o de nascimento de filhos de at\u00e9 21 anos.<\/p>\n\n\n\n<figure class=\"wp-block-image size-large is-resized\"><img data-attachment-id=\"2702\" data-permalink=\"https:\/\/blog.univicosa.com.br\/index.php\/2021\/11\/16\/departamento-pessoal-saiba-tudo-sobre-esse-setor\/sinai-banners-8-1\/\" data-orig-file=\"https:\/\/blog.univicosa.com.br\/wp-content\/uploads\/2021\/11\/SINAI-BANNERS-8-1.png\" data-orig-size=\"1024,685\" data-comments-opened=\"1\" data-image-meta=\"{&quot;aperture&quot;:&quot;0&quot;,&quot;credit&quot;:&quot;&quot;,&quot;camera&quot;:&quot;&quot;,&quot;caption&quot;:&quot;&quot;,&quot;created_timestamp&quot;:&quot;0&quot;,&quot;copyright&quot;:&quot;&quot;,&quot;focal_length&quot;:&quot;0&quot;,&quot;iso&quot;:&quot;0&quot;,&quot;shutter_speed&quot;:&quot;0&quot;,&quot;title&quot;:&quot;&quot;,&quot;orientation&quot;:&quot;0&quot;}\" data-image-title=\"SINAI-BANNERS-8-1\" data-image-description=\"\" data-medium-file=\"https:\/\/blog.univicosa.com.br\/wp-content\/uploads\/2021\/11\/SINAI-BANNERS-8-1-300x201.png\" data-large-file=\"https:\/\/blog.univicosa.com.br\/wp-content\/uploads\/2021\/11\/SINAI-BANNERS-8-1.png\" loading=\"lazy\" src=\"https:\/\/blog.univicosa.com.br\/wp-content\/uploads\/2021\/11\/SINAI-BANNERS-8-1.png\" alt=\"\" class=\"wp-image-2702\" width=\"552\" height=\"368\" srcset=\"https:\/\/blog.univicosa.com.br\/wp-content\/uploads\/2021\/11\/SINAI-BANNERS-8-1.png 1024w, https:\/\/blog.univicosa.com.br\/wp-content\/uploads\/2021\/11\/SINAI-BANNERS-8-1-300x201.png 300w, https:\/\/blog.univicosa.com.br\/wp-content\/uploads\/2021\/11\/SINAI-BANNERS-8-1-768x514.png 768w\" sizes=\"(max-width: 552px) 100vw, 552px\" \/><\/figure>\n\n\n\n<h2>Folha de pagamento &#8211; rotina importante do departamento pessoal<\/h2>\n\n\n\n<p>A <strong>Folha de Pagamento<\/strong> \u00e9 um documento trabalhista preparado por todas as <strong>pessoas jur\u00eddicas <\/strong>e equiparadas que possuam <strong>funcion\u00e1rios<\/strong>. Podendo ser elaborada mensal, quinzenal ou semanalmente, esses processos s\u00e3o respons\u00e1veis por grande parte do tempo de trabalho da equipe do departamento pessoal, principalmente se a <strong>empresa <\/strong>conta com um quadro de <strong>colaboradores extenso.<\/strong> \u00c9 importante ressaltar que, a elabora\u00e7\u00e3o da folha de pagamento de empregados nas empresas \u00e9 um documento obrigat\u00f3rio tendo como fundamento a <strong>fiscaliza\u00e7\u00e3o trabalhista <\/strong>e <strong>previdenci\u00e1ria<\/strong>.<\/p>\n\n\n\n<p>Do <strong>sal\u00e1rio bruto <\/strong>dos funcion\u00e1rios os<strong> principais descontos s\u00e3o<\/strong>: (i) <strong>INSS <\/strong>parte do funcion\u00e1rio; (ii) dependentes e (iii) imposto de renda retido na fonte. Podendo ainda ser descontados pens\u00e3o aliment\u00edcia, faltas, atrasos, vale transporte, adiantamento salarial e contribui\u00e7\u00e3o sindical.<\/p>\n\n\n\n<p><strong>FGTS <\/strong>&#8211; Sobre o valor do sal\u00e1rio bruto dos funcion\u00e1rios, a empresa recolhe 8% a t\u00edtulo de FGTS (esse valor \u00e9 custo da empresa), a empresa deve depositar em uma conta na<strong> Caixa Econ\u00f4mica Federal<\/strong> em nome do empregado. Esse valor o funcion\u00e1rio poder\u00e1 sacar o montante integral se for demitido sem justa causa ou em certos casos como compra de im\u00f3vel e doen\u00e7a.<\/p>\n\n\n\n<p>Para o recolhimento mensal do <strong>FGTS <\/strong>\u00e9 utilizada a Guia de Recolhimento do FGTS \u2013 GRF, e para o recolhimento rescis\u00f3rio a guia \u00e9 a GRRF \u2013 Guia de Recolhimento Rescis\u00f3rio do FGTS.<\/p>\n\n\n\n<p><strong>INSS patronal<\/strong>&#8211; tamb\u00e9m \u00e9 um custo da empresa, que dever\u00e1 recolher 20% do valor da folha de sal\u00e1rios atrav\u00e9s da GPS declarada na GFIP\/SEFIP.<\/p>\n\n\n\n<figure class=\"wp-block-image size-large is-resized\"><img data-attachment-id=\"2703\" data-permalink=\"https:\/\/blog.univicosa.com.br\/index.php\/2021\/11\/16\/departamento-pessoal-saiba-tudo-sobre-esse-setor\/vagas-urgentes-bh-assistente-de-dp\/\" data-orig-file=\"https:\/\/blog.univicosa.com.br\/wp-content\/uploads\/2021\/11\/vagas-urgentes-bh-Assistente-de-DP.jpg\" data-orig-size=\"640,427\" data-comments-opened=\"1\" data-image-meta=\"{&quot;aperture&quot;:&quot;0&quot;,&quot;credit&quot;:&quot;&quot;,&quot;camera&quot;:&quot;&quot;,&quot;caption&quot;:&quot;&quot;,&quot;created_timestamp&quot;:&quot;0&quot;,&quot;copyright&quot;:&quot;&quot;,&quot;focal_length&quot;:&quot;0&quot;,&quot;iso&quot;:&quot;0&quot;,&quot;shutter_speed&quot;:&quot;0&quot;,&quot;title&quot;:&quot;&quot;,&quot;orientation&quot;:&quot;0&quot;}\" data-image-title=\"vagas-urgentes-bh-Assistente-de-DP\" data-image-description=\"\" data-medium-file=\"https:\/\/blog.univicosa.com.br\/wp-content\/uploads\/2021\/11\/vagas-urgentes-bh-Assistente-de-DP-300x200.jpg\" data-large-file=\"https:\/\/blog.univicosa.com.br\/wp-content\/uploads\/2021\/11\/vagas-urgentes-bh-Assistente-de-DP.jpg\" loading=\"lazy\" src=\"https:\/\/blog.univicosa.com.br\/wp-content\/uploads\/2021\/11\/vagas-urgentes-bh-Assistente-de-DP.jpg\" alt=\"\" class=\"wp-image-2703\" width=\"553\" height=\"368\" srcset=\"https:\/\/blog.univicosa.com.br\/wp-content\/uploads\/2021\/11\/vagas-urgentes-bh-Assistente-de-DP.jpg 640w, https:\/\/blog.univicosa.com.br\/wp-content\/uploads\/2021\/11\/vagas-urgentes-bh-Assistente-de-DP-300x200.jpg 300w\" sizes=\"(max-width: 553px) 100vw, 553px\" \/><\/figure>\n\n\n\n<p><strong>F\u00e9rias &#8211;<\/strong> O direito de f\u00e9rias \u00e9 garantido constitucionalmente pelo art. 7\u00ba, inciso XVII. Esse direito \u00e9 aplicado a todos os empregados, seja no setor rural ou urbano, e ainda servidores p\u00fablicos, membros das for\u00e7as armadas e empregados dom\u00e9sticos, este \u00faltimo de acordo com o art. 7, par\u00e1grafo \u00fanico da Constitui\u00e7\u00e3o Federal.<\/p>\n\n\n\n<p>As f\u00e9rias ser\u00e3o gozadas em dias corridos, contando-se domingos e feriados e de uma s\u00f3 vez, nos moldes do art. 134 da <strong>Consolida\u00e7\u00e3o das leis trabalhistas <\/strong>(<strong>CLT<\/strong>). Todavia, \u00e9 poss\u00edvel, em casos excepcionais, o fracionamento em tr\u00eas per\u00edodos, um dos quais n\u00e3o poder\u00e1 ser inferior a 5 dias. Esta possibilidade \u00e9 vedada aos menores de 18 e maiores de 50 anos.<\/p>\n\n\n\n<p>As f\u00e9rias s\u00e3o calculadas com base no sal\u00e1rio atual do empregado, somado com a m\u00e9dia dos eventos vari\u00e1veis do \u00faltimo per\u00edodo. <strong>Sendo que o per\u00edodo de f\u00e9rias \u00e9 vari\u00e1vel de acordo com a categoria<\/strong>. Sobre essa base de c\u00e1lculo, \u00e9 adicionado o 1\/3 constitucional ao sal\u00e1rio de f\u00e9rias, a ter\u00e7a parte do sal\u00e1rio. Os eventos vari\u00e1veis s\u00e3o hora-extra, adicional de insalubridade, adicional de periculosidade, comiss\u00f5es, pr\u00eamios, ajuda de custo e sal\u00e1rio maternidade.<\/p>\n\n\n\n<h2><strong>13\u00ba Sal\u00e1rio<\/strong><\/h2>\n\n\n\n<p>\u00c9 ainda no departamento pessoal onde \u00e9 realizada a provis\u00e3o para d\u00e9cimo terceiro sal\u00e1rio. O 13\u00ba \u00e9 uma remunera\u00e7\u00e3o natalina obrigat\u00f3ria. O empregador deve<br>pagar esta remunera\u00e7\u00e3o em duas parcelas, a primeira a qualquer<br>momento, at\u00e9 o dia 30\/11 e a segunda parcela at\u00e9 20\/12 de cada ano.<\/p>\n\n\n\n<p>A base de c\u00e1lculo do 13\u00ba \u00e9 levantada da mesma forma que as<br>f\u00e9rias (Sal\u00e1rio Base + M\u00e9dia Remunera\u00e7\u00f5es vari\u00e1veis no ano). Sobre a primeira parcela do 13\u00ba sal\u00e1rio n\u00e3o incide tributos e sobre a segunda parcela ir\u00e1 incidir Imposto de Renda e INSS. Esses impostos ir\u00e3o incidir sobre o valor total do d\u00e9cimo terceiro e n\u00e3o apenas sobre a segunda parcela.<\/p>\n\n\n\n<h2><strong>Rescis\u00e3o do contrato de trabalho<\/strong><\/h2>\n\n\n\n<p>A <strong>rescis\u00e3o \u00e9 o desligamento do empregado<\/strong>, que pode ocorrer de v\u00e1rias formas que impactar\u00e3o no<strong> c\u00e1lculo da rescis\u00e3o<\/strong>, as principais formas de desligamento s\u00e3o: (i) demiss\u00e3o sem justa causa; (ii) demiss\u00e3o com justa causa; (iii) pedido de demiss\u00e3o e (iv) acordo entre as partes.<\/p>\n\n\n\n<p>Esse texto apresenta de forma resumida as <strong>principais fun\u00e7\u00f5es e rotinas do departamento pessoal<\/strong>, n\u00e3o pretendendo esgotar o assunto que \u00e9 extenso e envolve t\u00e9cnicas cont\u00e1beis, legisla\u00e7\u00e3o trabalhista e legisla\u00e7\u00e3o previdenci\u00e1ria. Al\u00e9m das normas da <strong>Consolida\u00e7\u00e3o das Leis Trabalhistas <\/strong>(CLT), do Minist\u00e9rio do trabalho e emprego, dos sindicatos e medicina do trabalho e seguran\u00e7a.<\/p>\n\n\n\n<p><a rel=\"noreferrer noopener\" href=\"https:\/\/www.univicosa.com.br\/graduacao\/cursos\/ciencias_contabeis\" target=\"_blank\">Curtiu e quer saber mais sobre o curso de\u00a0<strong>Ci\u00eancias Cont\u00e1beis\u00a0<\/strong>da\u00a0<strong>UNIVI\u00c7OSA<\/strong>? Ent\u00e3o acesse o site da Univi\u00e7osa, clique aqui!<\/a><\/p>\n\n\n\n<p><a href=\"https:\/\/blog.univicosa.com.br\/index.php\/2021\/11\/01\/voce-sabe-o-que-e-ativo-biologico\/\">Voc\u00ea sabe o que \u00e9 ativo biol\u00f3gico?<\/a> <\/p>\n\n\n\n<p><a href=\"https:\/\/blog.univicosa.com.br\/index.php\/2021\/10\/26\/saiba-o-que-sao-os-cpcs-e-a-importancia-de-se-estudar-os-pronunciamentos-contabeis\/\" target=\"_blank\" rel=\"noreferrer noopener\">Saiba o que s\u00e3o os CPCs e a import\u00e2ncia de se estudar os Pronunciamentos Cont\u00e1beis<\/a><\/p>\n\n\n\n<p><a href=\"https:\/\/blog.univicosa.com.br\/index.php\/2021\/10\/25\/aprenda-como-abrir-a-sua-propria-empresa\/\" target=\"_blank\" rel=\"noreferrer noopener\">Aprenda como abrir a sua pr\u00f3pria empresa<\/a><\/p>\n\n\n\n<p><a href=\"https:\/\/blog.univicosa.com.br\/index.php\/2021\/09\/28\/saiba-tudo-sobre-o-mei-microempreendedor-individual\/\" target=\"_blank\" rel=\"noreferrer noopener\">Saiba tudo sobre o MEI -Microempreendedor Individual!<\/a><\/p>\n\n\n\n<p><a href=\"https:\/\/blog.univicosa.com.br\/index.php\/2021\/10\/21\/entenda-o-cooperativismo-principios-desafios-e-oportunidades\/\" target=\"_blank\" rel=\"noreferrer noopener\">Entenda o Cooperativismo: princ\u00edpios, desafios e oportunidades!<\/a><\/p>\n\n\n\n<p><a rel=\"noreferrer noopener\" href=\"https:\/\/blog.univicosa.com.br\/index.php\/2021\/10\/21\/entenda-o-cooperativismo-principios-desafios-e-oportunidades\/afinal,%20por%20que%20existem?\" target=\"_blank\">Impostos: afinal, por que existem?<\/a><\/p>\n\n\n\n<p><a href=\"https:\/\/blog.univicosa.com.br\/index.php\/2021\/10\/06\/voce-sabe-o-que-e-inflacao-a-gente-te-conta\/\" target=\"_blank\" rel=\"noreferrer noopener\">Voc\u00ea sabe o que \u00e9 infla\u00e7\u00e3o? A gente te conta!<\/a><\/p>\n\n\n\n<p><a href=\"https:\/\/blog.univicosa.com.br\/index.php\/2021\/08\/16\/1-ciencias-contabeis-areas-de-atuacao-auditoria\/\" target=\"_blank\" rel=\"noreferrer noopener\">#1 Ci\u00eancias Cont\u00e1beis \u2013 \u00c1reas de atua\u00e7\u00e3o: Auditoria<\/a><\/p>\n\n\n\n<p><a href=\"https:\/\/blog.univicosa.com.br\/index.php\/2021\/08\/24\/2-ciencias-contabeis-areas-de-atuacao-pericia-contabil\/\" target=\"_blank\" rel=\"noreferrer noopener\">#2 Ci\u00eancias Cont\u00e1beis \u2013 \u00c1reas de atua\u00e7\u00e3o: Per\u00edcia Cont\u00e1bil<\/a><\/p>\n\n\n\n<p><a href=\"https:\/\/blog.univicosa.com.br\/index.php\/2021\/09\/02\/3-ciencias-contabeis-areas-de-atuacao-consultor-tributario\/\" target=\"_blank\" rel=\"noreferrer noopener\">#3 Ci\u00eancias Cont\u00e1beis \u2013 \u00c1reas de atua\u00e7\u00e3o: Consultor Tribut\u00e1rio<\/a><\/p>\n\n\n\n<p><a href=\"https:\/\/blog.univicosa.com.br\/index.php\/2021\/09\/06\/4-ciencias-contabeis-areas-de-atuacao-pesquisa-cientifica\/\" target=\"_blank\" rel=\"noreferrer noopener\">#4 Ci\u00eancias Cont\u00e1beis \u2013 \u00c1reas de atua\u00e7\u00e3o: Pesquisa Cient\u00edfica<\/a><br><br><a href=\"https:\/\/blog.univicosa.com.br\/index.php\/2021\/09\/14\/5-ciencias-contabeis-areas-de-atuacao-pesquisa-cientifica-relatos-de-um-ex-aluno\/\" target=\"_blank\" rel=\"noreferrer noopener\">#5 Ci\u00eancias Cont\u00e1beis \u2013 \u00c1reas de atua\u00e7\u00e3o: Pesquisa Cient\u00edfica \u2013 Relatos de um ex-aluno!<\/a><\/p>\n\n\n\n<p><a href=\"https:\/\/blog.univicosa.com.br\/index.php\/2021\/07\/13\/saiba-como-a-tecnologia-da-informacao-se-aplica-a-contabilidade\/\" target=\"_blank\" rel=\"noreferrer noopener\">Saiba como a tecnologia da informa\u00e7\u00e3o se aplica a contabilidade!<\/a><\/p>\n\n\n\n<p><a href=\"https:\/\/blog.univicosa.com.br\/index.php\/2021\/07\/05\/regime-tributario-brasileiro-conheca-os-3-tipos-existentes\/\" target=\"_blank\" rel=\"noreferrer noopener\">Regime tribut\u00e1rio brasileiro: conhe\u00e7a os 3 tipos existentes!<\/a><\/p>\n\n\n\n<p><a href=\"https:\/\/blog.univicosa.com.br\/index.php\/2021\/06\/07\/voce-sabia-empresas-dentro-do-simples-nacional-podem-pagar-menos-impostos-dentro-da-lei\/\" target=\"_blank\" rel=\"noreferrer noopener\">Voc\u00ea sabia? Empresas dentro do Simples Nacional podem pagar menos impostos dentro da lei!<\/a><\/p>\n\n\n\n<p><a href=\"https:\/\/blog.univicosa.com.br\/index.php\/2021\/06\/01\/5-dicas-para-ter-um-curriculo-de-destaque\/\" target=\"_blank\" rel=\"noreferrer noopener\">5 dicas para criar um curr\u00edculo de sucesso!<\/a><\/p>\n\n\n\n<p><a href=\"https:\/\/blog.univicosa.com.br\/index.php\/2021\/07\/20\/conheca-as-vantagens-de-fazer-uma-segunda-graduacao\/\" target=\"_blank\" rel=\"noreferrer noopener\">Conhe\u00e7a as vantagens de fazer uma segunda gradua\u00e7\u00e3o<\/a><br><br><a href=\"https:\/\/blog.univicosa.com.br\/index.php\/2021\/07\/08\/networking-e-a-pandemia-como-estabelecer-conexoes-autenticas-em-tempos-de-distanciamento-social\/\" target=\"_blank\" rel=\"noreferrer noopener\">Saiba o que \u00e9 Networking e potencialize sua carreira profissional!<\/a><\/p>\n\n\n\n<p><a href=\"https:\/\/blog.univicosa.com.br\/index.php\/2021\/06\/08\/8-dicas-para-se-preparar-para-uma-entrevista-de-estagio\/\" target=\"_blank\" rel=\"noreferrer noopener\">8 dicas para se preparar para uma entrevista de est\u00e1gio!<\/a><\/p>\n\n\n\n<p><a href=\"https:\/\/blog.univicosa.com.br\/index.php\/2021\/06\/15\/10-passos-para-ter-um-perfil-mais-relevante-no-linkedin\/\">10 passos&nbsp;<\/a><a href=\"https:\/\/blog.univicosa.com.br\/index.php\/2021\/06\/15\/10-passos-para-ter-um-perfil-mais-relevante-no-linkedin\/\" target=\"_blank\" rel=\"noreferrer noopener\">p<\/a><a href=\"https:\/\/blog.univicosa.com.br\/index.php\/2021\/06\/15\/10-passos-para-ter-um-perfil-mais-relevante-no-linkedin\/\">ara ter um perfil mais relevante no LinkedIn!<\/a><\/p>\n\n\n\n<p><a rel=\"noreferrer noopener\" href=\"https:\/\/blog.univicosa.com.br\/index.php\/2021\/03\/24\/porque-cursar-ciencias-contabeis\/\" target=\"_blank\">PORQUE CURSAR CI\u00caNCIAS CONT\u00c1BEIS<\/a><br><br><a rel=\"noreferrer noopener\" href=\"https:\/\/blog.univicosa.com.br\/index.php\/2021\/07\/09\/voce-sabe-a-diferenca-entre-trabalhabilidade-e-empregabilidade\/\" target=\"_blank\">Voc\u00ea sabe a diferen\u00e7a entre Trabalhabilidade e Empregabilidade?<\/a><\/p>\n\n\n\n<hr class=\"wp-block-separator\"\/>\n\n\n\n<p>Fonte: BRASIL. Consolida\u00e7\u00e3o das leis do trabalho. <strong>Legisla\u00e7\u00e3o previdenci\u00e1ria.<\/strong> Constitui\u00e7\u00e3o Federal. S\u00e3o Paulo: Saraiva, 2019.<\/p>\n","protected":false},"excerpt":{"rendered":"<p>Por Myriam Mello* Importante setor encarregado da administra\u00e7\u00e3o dos funcion\u00e1rios de uma empresa, o Departamento de Pessoal (DP) \u00e9 respons\u00e1vel por fazer osprocessos de admiss\u00e3o de funcion\u00e1rios, c\u00e1lculos de folha de pagamento dos colaboradores, f\u00e9rias, 13\u00ba e rescis\u00f5es de contratos de trabalho. Come\u00e7ando pelo processo admissional, esse \u00e9 simplesmente realizar o registro do funcion\u00e1rio que&#8230;<\/p>\n","protected":false},"author":2,"featured_media":2701,"comment_status":"open","ping_status":"open","sticky":false,"template":"","format":"standard","meta":{"spay_email":""},"categories":[34,15],"tags":[1099,409,970,258,157,300,417,936,1092,109,51,1096,372,1097,529,1098,92,754,1094,1093,605,1095,96,9,117,93],"jetpack_featured_media_url":"https:\/\/blog.univicosa.com.br\/wp-content\/uploads\/2021\/11\/dept-pessoal-contabeis-blog.png","jetpack_shortlink":"https:\/\/wp.me\/pbcCKk-Hy","_links":{"self":[{"href":"https:\/\/blog.univicosa.com.br\/index.php\/wp-json\/wp\/v2\/posts\/2700"}],"collection":[{"href":"https:\/\/blog.univicosa.com.br\/index.php\/wp-json\/wp\/v2\/posts"}],"about":[{"href":"https:\/\/blog.univicosa.com.br\/index.php\/wp-json\/wp\/v2\/types\/post"}],"author":[{"embeddable":true,"href":"https:\/\/blog.univicosa.com.br\/index.php\/wp-json\/wp\/v2\/users\/2"}],"replies":[{"embeddable":true,"href":"https:\/\/blog.univicosa.com.br\/index.php\/wp-json\/wp\/v2\/comments?post=2700"}],"version-history":[{"count":1,"href":"https:\/\/blog.univicosa.com.br\/index.php\/wp-json\/wp\/v2\/posts\/2700\/revisions"}],"predecessor-version":[{"id":2704,"href":"https:\/\/blog.univicosa.com.br\/index.php\/wp-json\/wp\/v2\/posts\/2700\/revisions\/2704"}],"wp:featuredmedia":[{"embeddable":true,"href":"https:\/\/blog.univicosa.com.br\/index.php\/wp-json\/wp\/v2\/media\/2701"}],"wp:attachment":[{"href":"https:\/\/blog.univicosa.com.br\/index.php\/wp-json\/wp\/v2\/media?parent=2700"}],"wp:term":[{"taxonomy":"category","embeddable":true,"href":"https:\/\/blog.univicosa.com.br\/index.php\/wp-json\/wp\/v2\/categories?post=2700"},{"taxonomy":"post_tag","embeddable":true,"href":"https:\/\/blog.univicosa.com.br\/index.php\/wp-json\/wp\/v2\/tags?post=2700"}],"curies":[{"name":"wp","href":"https:\/\/api.w.org\/{rel}","templated":true}]}}