{"id":2689,"date":"2021-11-12T15:16:51","date_gmt":"2021-11-12T18:16:51","guid":{"rendered":"https:\/\/blog.univicosa.com.br\/?p=2689"},"modified":"2022-05-20T11:17:00","modified_gmt":"2022-05-20T14:17:00","slug":"o-individuo-a-cidade-e-a-modernidade","status":"publish","type":"post","link":"https:\/\/blog.univicosa.com.br\/index.php\/2021\/11\/12\/o-individuo-a-cidade-e-a-modernidade\/","title":{"rendered":"O indiv\u00edduo, a cidade e a modernidade"},"content":{"rendered":"\n<figure class=\"wp-block-image size-large\"><img data-attachment-id=\"2690\" data-permalink=\"https:\/\/blog.univicosa.com.br\/index.php\/2021\/11\/12\/o-individuo-a-cidade-e-a-modernidade\/modernidade-arq-blog\/\" data-orig-file=\"https:\/\/blog.univicosa.com.br\/wp-content\/uploads\/2021\/11\/modernidade-arq-blog.png\" data-orig-size=\"1024,576\" data-comments-opened=\"1\" data-image-meta=\"{&quot;aperture&quot;:&quot;0&quot;,&quot;credit&quot;:&quot;&quot;,&quot;camera&quot;:&quot;&quot;,&quot;caption&quot;:&quot;&quot;,&quot;created_timestamp&quot;:&quot;0&quot;,&quot;copyright&quot;:&quot;&quot;,&quot;focal_length&quot;:&quot;0&quot;,&quot;iso&quot;:&quot;0&quot;,&quot;shutter_speed&quot;:&quot;0&quot;,&quot;title&quot;:&quot;&quot;,&quot;orientation&quot;:&quot;0&quot;}\" data-image-title=\"modernidade-arq-blog\" data-image-description=\"\" data-medium-file=\"https:\/\/blog.univicosa.com.br\/wp-content\/uploads\/2021\/11\/modernidade-arq-blog-300x169.png\" data-large-file=\"https:\/\/blog.univicosa.com.br\/wp-content\/uploads\/2021\/11\/modernidade-arq-blog.png\" loading=\"lazy\" width=\"1024\" height=\"576\" src=\"https:\/\/blog.univicosa.com.br\/wp-content\/uploads\/2021\/11\/modernidade-arq-blog.png\" alt=\"\" class=\"wp-image-2690\" srcset=\"https:\/\/blog.univicosa.com.br\/wp-content\/uploads\/2021\/11\/modernidade-arq-blog.png 1024w, https:\/\/blog.univicosa.com.br\/wp-content\/uploads\/2021\/11\/modernidade-arq-blog-300x169.png 300w, https:\/\/blog.univicosa.com.br\/wp-content\/uploads\/2021\/11\/modernidade-arq-blog-768x432.png 768w, https:\/\/blog.univicosa.com.br\/wp-content\/uploads\/2021\/11\/modernidade-arq-blog-850x478.png 850w\" sizes=\"(max-width: 1024px) 100vw, 1024px\" \/><\/figure>\n\n\n\n<p><strong><em>Por: Tamyres V Lopes Silveira<\/em><\/strong><\/p>\n\n\n\n<p class=\"has-text-align-right\"><em><sub>Poderia falar de quantos degraus s\u00e3o feitas as ruas em forma de escada, da circunfer\u00eancia dos arcos dos p\u00f3rticos, de quais l\u00e2minas de zinco s\u00e3o recobertos os tetos; mas sei que seria o mesmo que n\u00e3o dizer nada. A cidade n\u00e3o \u00e9 feita disso, mas das rela\u00e7\u00f5es entre as medidas de seu espa\u00e7o e os acontecimentos do passado [&#8230;]<\/sub><\/em><\/p>\n\n\n\n<p class=\"has-text-align-right\"><sub><strong>\u00a0\u00cdtalo Calvino. <em>As Cidades Invis\u00edveis<\/em>. 1990<\/strong><\/sub><\/p>\n\n\n\n<p>Evocar<strong> \u00cdtalo Calvino<\/strong> \u00e9 sempre pertinente quando se pretende falar sobre a <strong>cidade<\/strong>. O que \u00e9 a cidade sen\u00e3o a soma das <strong>rela\u00e7\u00f5es <\/strong>entre <strong>indiv\u00edduos<\/strong>, o resultado de uma<strong> constru\u00e7\u00e3o social.<\/strong><\/p>\n\n\n\n<p>Pensar a nossa rela\u00e7\u00e3o com a cidade \u00e9 falar sobre um coletivo de mem\u00f3rias e sentimentos, \u00e9 sobre <strong>pertencimento<\/strong>. Podemos falar de um tempo em que a cidade era palco das mais diversas atividades, desde as brincadeiras infantis e rodas de conversa na porta das casas, \u00e0s festas t\u00edpicas e desfiles. Estou certa de que voc\u00ea poderia citar algum momento nost\u00e1lgico da sua inf\u00e2ncia que tenha a cidade com palco.<\/p>\n\n\n\n<p>A <strong>modernidade<\/strong>, por\u00e9m, alterou a <strong>nossa rela\u00e7\u00e3o com a cidade<\/strong>. Voc\u00ea j\u00e1 se perguntou porque n\u00e3o nos sentamos mais \u00e0 porta de nossas casas para conversar com o vizinho, ou porque as crian\u00e7as n\u00e3o mais povoam as ruas com suas brincadeiras? Talvez a resposta para isso permeie seus pensamentos e voc\u00ea se lembre com saudosismo sobre esses tempos. <\/p>\n\n\n\n<p>A <strong>falta de tempo em geral <\/strong>\u00e9 a explica\u00e7\u00e3o mais recorrente, somada \u00e9 claro a quest\u00f5es de <strong>seguran\u00e7a<\/strong>.<\/p>\n\n\n\n<p><em><a rel=\"noreferrer noopener\" href=\"https:\/\/univicosa.apprbs.com.br\/blog\/\" target=\"_blank\">Ei, quer<strong>\u00a0receber conte\u00fados exclusivos<\/strong>\u00a0da Univi\u00e7osa? clique aqui!\u00a0<\/a><\/em><\/p>\n\n\n\n<figure class=\"wp-block-image size-large is-resized\"><img data-attachment-id=\"2691\" data-permalink=\"https:\/\/blog.univicosa.com.br\/index.php\/2021\/11\/12\/o-individuo-a-cidade-e-a-modernidade\/destaque_cidade-pessoas\/\" data-orig-file=\"https:\/\/blog.univicosa.com.br\/wp-content\/uploads\/2021\/11\/destaque_cidade-pessoas.png\" data-orig-size=\"811,490\" data-comments-opened=\"1\" data-image-meta=\"{&quot;aperture&quot;:&quot;0&quot;,&quot;credit&quot;:&quot;&quot;,&quot;camera&quot;:&quot;&quot;,&quot;caption&quot;:&quot;&quot;,&quot;created_timestamp&quot;:&quot;0&quot;,&quot;copyright&quot;:&quot;&quot;,&quot;focal_length&quot;:&quot;0&quot;,&quot;iso&quot;:&quot;0&quot;,&quot;shutter_speed&quot;:&quot;0&quot;,&quot;title&quot;:&quot;&quot;,&quot;orientation&quot;:&quot;0&quot;}\" data-image-title=\"destaque_cidade-pessoas\" data-image-description=\"\" data-medium-file=\"https:\/\/blog.univicosa.com.br\/wp-content\/uploads\/2021\/11\/destaque_cidade-pessoas-300x181.png\" data-large-file=\"https:\/\/blog.univicosa.com.br\/wp-content\/uploads\/2021\/11\/destaque_cidade-pessoas.png\" loading=\"lazy\" src=\"https:\/\/blog.univicosa.com.br\/wp-content\/uploads\/2021\/11\/destaque_cidade-pessoas.png\" alt=\"\" class=\"wp-image-2691\" width=\"558\" height=\"337\" srcset=\"https:\/\/blog.univicosa.com.br\/wp-content\/uploads\/2021\/11\/destaque_cidade-pessoas.png 811w, https:\/\/blog.univicosa.com.br\/wp-content\/uploads\/2021\/11\/destaque_cidade-pessoas-300x180.png 300w, https:\/\/blog.univicosa.com.br\/wp-content\/uploads\/2021\/11\/destaque_cidade-pessoas-768x464.png 768w\" sizes=\"(max-width: 558px) 100vw, 558px\" \/><\/figure>\n\n\n\n<p><strong>Mas seria apenas isso? Me permita falar um pouco mais sobre essas transforma\u00e7\u00f5es.<\/strong><\/p>\n\n\n\n<p>Segundo o antrop\u00f3logo <strong>N\u00e9stor Garcia Canclini<\/strong> (1999), os <strong>processos <\/strong>de <strong>globaliza\u00e7\u00e3o <\/strong>criam consumidores para os mesmos bens, a <strong>valoriza\u00e7\u00e3o <\/strong>do desconhecido em detrimento ao local. No mundo inteiro os jovens desejam o mesmo t\u00eanis, o mesmo celular, assistem aos mesmos filmes, e a cultura global ganha espa\u00e7o entre n\u00f3s, substituindo gradativamente costumes e h\u00e1bitos locais. <\/p>\n\n\n\n<p>Esses <strong>processos <\/strong>ocorrem de forma mais intensa em <strong>grandes cidades<\/strong>, mas n\u00e3o deixam de modificar a din\u00e2mica em pequenas cidades, como as que vivemos.<\/p>\n\n\n\n<p>Mas afinal, como essas <strong>transforma\u00e7\u00f5es <\/strong>alteram nossa <strong>rela\u00e7\u00e3o <\/strong>com a <strong>cidade<\/strong>? \u00c0 medida que deixamos de ir ao cinema para assistir filmes em casa, ou que trocamos um bate papo na pra\u00e7a por conversas em redes sociais, ou mesmo quando optamos por comprar um artigo pela internet no lugar de frequentar uma loja local, estamos mudando nossa rela\u00e7\u00e3o com a cidade.<\/p>\n\n\n\n<figure class=\"wp-block-image size-large is-resized\"><img data-attachment-id=\"2692\" data-permalink=\"https:\/\/blog.univicosa.com.br\/index.php\/2021\/11\/12\/o-individuo-a-cidade-e-a-modernidade\/sem-titulo-14-de-julho-de-2018-4\/\" data-orig-file=\"https:\/\/blog.univicosa.com.br\/wp-content\/uploads\/2021\/11\/sem-titulo-14-de-julho-de-2018-4.jpg\" data-orig-size=\"1600,1066\" data-comments-opened=\"1\" data-image-meta=\"{&quot;aperture&quot;:&quot;0&quot;,&quot;credit&quot;:&quot;Washington Takeuchi&quot;,&quot;camera&quot;:&quot;&quot;,&quot;caption&quot;:&quot;&quot;,&quot;created_timestamp&quot;:&quot;0&quot;,&quot;copyright&quot;:&quot;&quot;,&quot;focal_length&quot;:&quot;0&quot;,&quot;iso&quot;:&quot;0&quot;,&quot;shutter_speed&quot;:&quot;0&quot;,&quot;title&quot;:&quot;&quot;,&quot;orientation&quot;:&quot;0&quot;}\" data-image-title=\"sem-titulo-14-de-julho-de-2018-4\" data-image-description=\"\" data-medium-file=\"https:\/\/blog.univicosa.com.br\/wp-content\/uploads\/2021\/11\/sem-titulo-14-de-julho-de-2018-4-300x200.jpg\" data-large-file=\"https:\/\/blog.univicosa.com.br\/wp-content\/uploads\/2021\/11\/sem-titulo-14-de-julho-de-2018-4-1024x682.jpg\" loading=\"lazy\" src=\"https:\/\/blog.univicosa.com.br\/wp-content\/uploads\/2021\/11\/sem-titulo-14-de-julho-de-2018-4-1024x682.jpg\" alt=\"\" class=\"wp-image-2692\" width=\"561\" height=\"373\" srcset=\"https:\/\/blog.univicosa.com.br\/wp-content\/uploads\/2021\/11\/sem-titulo-14-de-julho-de-2018-4-1024x682.jpg 1024w, https:\/\/blog.univicosa.com.br\/wp-content\/uploads\/2021\/11\/sem-titulo-14-de-julho-de-2018-4-300x200.jpg 300w, https:\/\/blog.univicosa.com.br\/wp-content\/uploads\/2021\/11\/sem-titulo-14-de-julho-de-2018-4-768x512.jpg 768w, https:\/\/blog.univicosa.com.br\/wp-content\/uploads\/2021\/11\/sem-titulo-14-de-julho-de-2018-4-1536x1023.jpg 1536w, https:\/\/blog.univicosa.com.br\/wp-content\/uploads\/2021\/11\/sem-titulo-14-de-julho-de-2018-4-850x566.jpg 850w, https:\/\/blog.univicosa.com.br\/wp-content\/uploads\/2021\/11\/sem-titulo-14-de-julho-de-2018-4.jpg 1600w\" sizes=\"(max-width: 561px) 100vw, 561px\" \/><\/figure>\n\n\n\n<p>Estamos <strong>enfraquecendo <\/strong>nossos v\u00ednculos locais, deixando de perceber, e muitas vezes de nos <strong>importar <\/strong>sobre a condi\u00e7\u00e3o das pra\u00e7as e cal\u00e7adas, sobre os espa\u00e7os destinados ao lazer, sobre nossa hist\u00f3ria. O contexto de pandemia que estamos vivendo nos fez desacelerar, nos trouxe uma oportunidade de olhar ao nosso redor. Privados do livre ir e vir, sentimos falta da cidade, falta do conv\u00edvio social.<\/p>\n\n\n\n<p>Os <strong>processos globalizantes <\/strong>e <strong>modernizadores <\/strong>s\u00e3o <strong>irrevers\u00edveis<\/strong>, mas te convido a refletir sobre esse tema. Pensar a cidade e a nossa rela\u00e7\u00e3o com a mesma \u00e9 um <strong>papel de todos n\u00f3s<\/strong>.<\/p>\n\n\n\n<p><a rel=\"noreferrer noopener\" href=\"https:\/\/www.univicosa.com.br\/graduacao\/cursos\/arquitetura_e_urbanismo\" target=\"_blank\">Curtiu e quer saber mais sobre o curso de\u00a0<strong>Arquitetura e Urbanismo<\/strong>\u00a0da\u00a0<strong>UNIVI\u00c7OSA<\/strong>? Ent\u00e3o acesse o site da Univi\u00e7osa, clique aqui!<\/a><\/p>\n\n\n\n<p><a href=\"https:\/\/blog.univicosa.com.br\/index.php\/2021\/11\/05\/tecnologia-na-arquitetura\/\" target=\"_blank\" rel=\"noreferrer noopener\">Tecnologia na Arquitetura<\/a><\/p>\n\n\n\n<p><a href=\"https:\/\/blog.univicosa.com.br\/index.php\/2021\/10\/29\/envelhecimento-saudavel-e-a-casa-de-morar\/\" target=\"_blank\" rel=\"noreferrer noopener\">A velhice e a casa de morar<\/a><\/p>\n\n\n\n<p><a href=\"https:\/\/blog.univicosa.com.br\/index.php\/2021\/10\/22\/os-modos-de-morar-e-a-arquitetura\/\" target=\"_blank\" rel=\"noreferrer noopener\">Os modos de morar e a Arquitetura<\/a><\/p>\n\n\n\n<p><a rel=\"noreferrer noopener\" href=\"https:\/\/blog.univicosa.com.br\/index.php\/2021\/10\/07\/voce-sabe-o-que-e-abstracao-artistica\/\" target=\"_blank\">Voc\u00ea sabe o que \u00e9 abstra\u00e7\u00e3o art\u00edstica?<\/a><\/p>\n\n\n\n<p><a href=\"https:\/\/blog.univicosa.com.br\/index.php\/2021\/10\/22\/os-modos-de-morar-e-a-arquitetura\/saiba%20tudo%20sobre%20a%20arquitetura%20da%20paisagem!\" target=\"_blank\" rel=\"noreferrer noopener\">Paisagismo: saiba tudo sobre a arquitetura da paisagem!<\/a><\/p>\n\n\n\n<p><a href=\"https:\/\/blog.univicosa.com.br\/index.php\/2021\/05\/26\/dicas-para-organizar-o-seu-estudo-em-casa\/\" target=\"_blank\" rel=\"noreferrer noopener\">Dicas para organizar o seu estudo em casa!<\/a><br><br><a href=\"https:\/\/blog.univicosa.com.br\/index.php\/2021\/07\/20\/conheca-as-vantagens-de-fazer-uma-segunda-graduacao\/\" target=\"_blank\" rel=\"noreferrer noopener\">Conhe\u00e7a as vantagens de fazer uma segunda gradua\u00e7\u00e3o<\/a><\/p>\n\n\n\n<p><a href=\"https:\/\/blog.univicosa.com.br\/index.php\/2021\/07\/26\/curiosidades-e-mercado-de-trabalho-arquitetura-e-urbanismo\/\" target=\"_blank\" rel=\"noreferrer noopener\">Curiosidades e mercado de trabalho: Arquitetura e Urbanismo<\/a><br><br><a href=\"https:\/\/blog.univicosa.com.br\/index.php\/2021\/07\/16\/5-dicas-para-se-destacar-no-mercado-de-trabalho\/\" target=\"_blank\" rel=\"noreferrer noopener\">5 dicas para se destacar no mercado de trabalho<\/a><br><br><a href=\"https:\/\/blog.univicosa.com.br\/index.php\/2021\/06\/01\/5-dicas-para-ter-um-curriculo-de-destaque\/\" target=\"_blank\" rel=\"noreferrer noopener\">5 dicas para criar um curr\u00edculo de sucesso!<\/a><\/p>\n\n\n\n<p><a href=\"https:\/\/blog.univicosa.com.br\/index.php\/2021\/06\/09\/transmita-suas-ideias-atraves-do-desenho\/\" target=\"_blank\" rel=\"noreferrer noopener\">Transmita suas ideias atrav\u00e9s do desenho!<\/a><br><br><a href=\"https:\/\/blog.univicosa.com.br\/index.php\/2021\/06\/22\/6-dicas-simples-de-como-fazer-um-mapa-mental-e-mandar-bem-nos-estudos\/\" target=\"_blank\" rel=\"noreferrer noopener\">6 dicas simples de como fazer um MAPA MENTAL e mandar bem nos estudos<\/a><br><br><a href=\"https:\/\/blog.univicosa.com.br\/index.php\/2021\/06\/15\/10-passos-para-ter-um-perfil-mais-relevante-no-linkedin\/\" target=\"_blank\" rel=\"noreferrer noopener\">10 passos para ter um perfil mais relevante no LinkedIn!<\/a><\/p>\n\n\n\n<p><a href=\"https:\/\/univicosa.apprbs.com.br\/gruda-na-uni\" target=\"_blank\" rel=\"noreferrer noopener\">Ei, voc\u00ea est\u00e1 estudando para o&nbsp;<strong>ENEM<\/strong>? A gente te ajuda! Tem conte\u00fado de exatas (matem\u00e1tica), humanas (portugu\u00eas), ci\u00eancias da natureza (Qu\u00edmica, Biologia), atualidades e muito mais,&nbsp;<strong>Gruda na Uni<\/strong>&nbsp;e vem! Clique aqui!<\/a><\/p>\n\n\n\n<p><a href=\"https:\/\/blog.univicosa.com.br\/index.php\/2021\/01\/20\/eu-sou-do-time-ciencias-exatas-eu-sou-univicosa\/\" target=\"_blank\" rel=\"noreferrer noopener\">Eu sou do time&nbsp;<strong>Ci\u00eancias Exatas<\/strong>, eu sou #UNIVI\u00c7OSA<\/a><\/p>\n\n\n\n<p><a rel=\"noreferrer noopener\" href=\"https:\/\/blog.univicosa.com.br\/index.php\/2020\/04\/29\/guia-de-organizacao-no-home-office-dicas-deixar-o-seu-ambiente-mais-produtivo\/\" target=\"_blank\">Guia de organiza\u00e7\u00e3o: dicas para deixar o seu&nbsp;<strong>ambiente de estudos<\/strong>&nbsp;ainda mais produtivo<\/a><\/p>\n","protected":false},"excerpt":{"rendered":"<p>Por: Tamyres V Lopes Silveira Poderia falar de quantos degraus s\u00e3o feitas as ruas em forma de escada, da circunfer\u00eancia dos arcos dos p\u00f3rticos, de quais l\u00e2minas de zinco s\u00e3o recobertos os tetos; mas sei que seria o mesmo que n\u00e3o dizer nada. A cidade n\u00e3o \u00e9 feita disso, mas das rela\u00e7\u00f5es entre as medidas&#8230;<\/p>\n","protected":false},"author":2,"featured_media":2690,"comment_status":"open","ping_status":"open","sticky":false,"template":"","format":"standard","meta":{"spay_email":""},"categories":[28,14],"tags":[1074,102,409,970,175,936,109,1081,51,418,1083,1075,1080,92,179,178,1073,1077,1076,1079,107,1078,943,1082,96,9,117,93],"jetpack_featured_media_url":"https:\/\/blog.univicosa.com.br\/wp-content\/uploads\/2021\/11\/modernidade-arq-blog.png","jetpack_shortlink":"https:\/\/wp.me\/pbcCKk-Hn","_links":{"self":[{"href":"https:\/\/blog.univicosa.com.br\/index.php\/wp-json\/wp\/v2\/posts\/2689"}],"collection":[{"href":"https:\/\/blog.univicosa.com.br\/index.php\/wp-json\/wp\/v2\/posts"}],"about":[{"href":"https:\/\/blog.univicosa.com.br\/index.php\/wp-json\/wp\/v2\/types\/post"}],"author":[{"embeddable":true,"href":"https:\/\/blog.univicosa.com.br\/index.php\/wp-json\/wp\/v2\/users\/2"}],"replies":[{"embeddable":true,"href":"https:\/\/blog.univicosa.com.br\/index.php\/wp-json\/wp\/v2\/comments?post=2689"}],"version-history":[{"count":1,"href":"https:\/\/blog.univicosa.com.br\/index.php\/wp-json\/wp\/v2\/posts\/2689\/revisions"}],"predecessor-version":[{"id":2693,"href":"https:\/\/blog.univicosa.com.br\/index.php\/wp-json\/wp\/v2\/posts\/2689\/revisions\/2693"}],"wp:featuredmedia":[{"embeddable":true,"href":"https:\/\/blog.univicosa.com.br\/index.php\/wp-json\/wp\/v2\/media\/2690"}],"wp:attachment":[{"href":"https:\/\/blog.univicosa.com.br\/index.php\/wp-json\/wp\/v2\/media?parent=2689"}],"wp:term":[{"taxonomy":"category","embeddable":true,"href":"https:\/\/blog.univicosa.com.br\/index.php\/wp-json\/wp\/v2\/categories?post=2689"},{"taxonomy":"post_tag","embeddable":true,"href":"https:\/\/blog.univicosa.com.br\/index.php\/wp-json\/wp\/v2\/tags?post=2689"}],"curies":[{"name":"wp","href":"https:\/\/api.w.org\/{rel}","templated":true}]}}