{"id":2680,"date":"2021-11-05T13:44:36","date_gmt":"2021-11-05T16:44:36","guid":{"rendered":"https:\/\/blog.univicosa.com.br\/?p=2680"},"modified":"2022-05-20T11:17:05","modified_gmt":"2022-05-20T14:17:05","slug":"tecnologia-na-arquitetura","status":"publish","type":"post","link":"https:\/\/blog.univicosa.com.br\/index.php\/2021\/11\/05\/tecnologia-na-arquitetura\/","title":{"rendered":"Tecnologia na Arquitetura"},"content":{"rendered":"\n<figure class=\"wp-block-image size-large\"><img data-attachment-id=\"2681\" data-permalink=\"https:\/\/blog.univicosa.com.br\/index.php\/2021\/11\/05\/tecnologia-na-arquitetura\/tecnologia-arquitetura-blog\/\" data-orig-file=\"https:\/\/blog.univicosa.com.br\/wp-content\/uploads\/2021\/11\/tecnologia-arquitetura-blog.png\" data-orig-size=\"1086,652\" data-comments-opened=\"1\" data-image-meta=\"{&quot;aperture&quot;:&quot;0&quot;,&quot;credit&quot;:&quot;&quot;,&quot;camera&quot;:&quot;&quot;,&quot;caption&quot;:&quot;&quot;,&quot;created_timestamp&quot;:&quot;0&quot;,&quot;copyright&quot;:&quot;&quot;,&quot;focal_length&quot;:&quot;0&quot;,&quot;iso&quot;:&quot;0&quot;,&quot;shutter_speed&quot;:&quot;0&quot;,&quot;title&quot;:&quot;&quot;,&quot;orientation&quot;:&quot;0&quot;}\" data-image-title=\"tecnologia-arquitetura-blog\" data-image-description=\"\" data-medium-file=\"https:\/\/blog.univicosa.com.br\/wp-content\/uploads\/2021\/11\/tecnologia-arquitetura-blog-300x180.png\" data-large-file=\"https:\/\/blog.univicosa.com.br\/wp-content\/uploads\/2021\/11\/tecnologia-arquitetura-blog-1024x615.png\" loading=\"lazy\" width=\"1024\" height=\"615\" src=\"https:\/\/blog.univicosa.com.br\/wp-content\/uploads\/2021\/11\/tecnologia-arquitetura-blog-1024x615.png\" alt=\"\" class=\"wp-image-2681\" srcset=\"https:\/\/blog.univicosa.com.br\/wp-content\/uploads\/2021\/11\/tecnologia-arquitetura-blog-1024x615.png 1024w, https:\/\/blog.univicosa.com.br\/wp-content\/uploads\/2021\/11\/tecnologia-arquitetura-blog-300x180.png 300w, https:\/\/blog.univicosa.com.br\/wp-content\/uploads\/2021\/11\/tecnologia-arquitetura-blog-768x461.png 768w, https:\/\/blog.univicosa.com.br\/wp-content\/uploads\/2021\/11\/tecnologia-arquitetura-blog-850x510.png 850w, https:\/\/blog.univicosa.com.br\/wp-content\/uploads\/2021\/11\/tecnologia-arquitetura-blog.png 1086w\" sizes=\"(max-width: 1024px) 100vw, 1024px\" \/><\/figure>\n\n\n\n<p><em><strong>Por: Eraldo Coelho<\/strong><\/em>* <\/p>\n\n\n\n<p>A <strong>tecnologia <\/strong>n\u00e3o \u00e9 desenvolvida para fazer o trabalho do <strong>projetista <\/strong>e sim torn\u00e1-lo mais <strong>r\u00e1pido<\/strong>, <strong>preciso <\/strong>e <strong>eficiente<\/strong>, uma vez que libera o <strong>arquiteto <\/strong>para desenvolver a <strong>criatividade <\/strong>sem se preocupar com tarefas que podem ser automatizadas.<br><br>Torna-se <strong>imprescind\u00edvel <\/strong>ressaltar que, realizar as mesmas tarefas tradicionais apenas alterando para o formato para o digital n\u00e3o melhora significativamente o processo.<br><br>A <strong>vantagem da tecnologia<\/strong> \u00e9 <strong>potencializada <\/strong>quando aplicada ao <strong>processo de projeto <\/strong>e resulta em tempo livre para desenvolver conjuntamente t\u00e9cnicas <strong>tradicionais <\/strong>e <strong>inovadoras <\/strong>para as demandas do cliente e <strong>solu\u00e7\u00f5es <\/strong>para execu\u00e7\u00e3o da obra.<br><br>Conclui-se, paradoxalmente que a <strong>tecnologia <\/strong>permite a aplica\u00e7\u00e3o da arte ao ato <strong>projetual<\/strong>, elevando a fun\u00e7\u00e3o do <strong>arquiteto <\/strong>a um patamar <strong>estrat\u00e9gico\/art\u00edstico<\/strong>, focando no desenvolvimento de solu\u00e7\u00f5es mais <strong>eficientes <\/strong>e <strong>criativas<\/strong>, em menos tempo.<\/p>\n\n\n\n<p><em><a rel=\"noreferrer noopener\" href=\"https:\/\/univicosa.apprbs.com.br\/blog\/\" target=\"_blank\">Ei, quer<strong>\u00a0receber conte\u00fados exclusivos<\/strong>\u00a0da Univi\u00e7osa? clique aqui!\u00a0<\/a><\/em><\/p>\n\n\n\n<figure class=\"wp-block-image size-large is-resized\"><img data-attachment-id=\"2683\" data-permalink=\"https:\/\/blog.univicosa.com.br\/index.php\/2021\/11\/05\/tecnologia-na-arquitetura\/gettyimages-938314668\/\" data-orig-file=\"https:\/\/blog.univicosa.com.br\/wp-content\/uploads\/2021\/11\/GettyImages-938314668.jpg\" data-orig-size=\"2121,1414\" data-comments-opened=\"1\" data-image-meta=\"{&quot;aperture&quot;:&quot;0&quot;,&quot;credit&quot;:&quot;&quot;,&quot;camera&quot;:&quot;&quot;,&quot;caption&quot;:&quot;&quot;,&quot;created_timestamp&quot;:&quot;0&quot;,&quot;copyright&quot;:&quot;&quot;,&quot;focal_length&quot;:&quot;0&quot;,&quot;iso&quot;:&quot;0&quot;,&quot;shutter_speed&quot;:&quot;0&quot;,&quot;title&quot;:&quot;&quot;,&quot;orientation&quot;:&quot;0&quot;}\" data-image-title=\"GettyImages-938314668\" data-image-description=\"\" data-medium-file=\"https:\/\/blog.univicosa.com.br\/wp-content\/uploads\/2021\/11\/GettyImages-938314668-300x200.jpg\" data-large-file=\"https:\/\/blog.univicosa.com.br\/wp-content\/uploads\/2021\/11\/GettyImages-938314668-1024x683.jpg\" loading=\"lazy\" src=\"https:\/\/blog.univicosa.com.br\/wp-content\/uploads\/2021\/11\/GettyImages-938314668-1024x683.jpg\" alt=\"\" class=\"wp-image-2683\" width=\"556\" height=\"370\" srcset=\"https:\/\/blog.univicosa.com.br\/wp-content\/uploads\/2021\/11\/GettyImages-938314668-1024x683.jpg 1024w, https:\/\/blog.univicosa.com.br\/wp-content\/uploads\/2021\/11\/GettyImages-938314668-300x200.jpg 300w, https:\/\/blog.univicosa.com.br\/wp-content\/uploads\/2021\/11\/GettyImages-938314668-768x512.jpg 768w, https:\/\/blog.univicosa.com.br\/wp-content\/uploads\/2021\/11\/GettyImages-938314668-1536x1024.jpg 1536w, https:\/\/blog.univicosa.com.br\/wp-content\/uploads\/2021\/11\/GettyImages-938314668-2048x1365.jpg 2048w, https:\/\/blog.univicosa.com.br\/wp-content\/uploads\/2021\/11\/GettyImages-938314668-850x567.jpg 850w\" sizes=\"(max-width: 556px) 100vw, 556px\" \/><\/figure>\n\n\n\n<p>As <strong>ferramentas <\/strong>de <strong>modelagem 3D<\/strong>, tem como <strong>objetivo <\/strong>a elabora\u00e7\u00e3o de <strong>modelos <\/strong>de<strong> realidade virtual,<\/strong> passando a ideia de como os ambientes projetados ser\u00e3o, ap\u00f3s executados fisicamente, eliminando uma grande dificuldade, que \u00e9 a <strong>interpreta\u00e7\u00e3o <\/strong>e <strong>compreens\u00e3o <\/strong>de <strong>plantas t\u00e9cnicas<\/strong> pelo cliente.<br><br>Resumidamente, <strong>desenhos t\u00e9cnicos<\/strong>, <strong>planilhas <\/strong>e <strong>memoriais <\/strong>do <strong>projeto<\/strong>, s\u00e3o <strong>apresentados <\/strong>de forma que qualquer um consiga <strong>entender<\/strong>.<br><br>Concomitantemente, <strong>modelos tridimensionais<\/strong> <strong>digitais <\/strong>e <strong>f\u00edsicos <\/strong>permitem exp\u00f4r uma <strong>ideia<\/strong>, divulgar um novo <strong>empreendimento<\/strong>, criar imagens e v\u00eddeos, de como ser\u00e1 a obra ap\u00f3s a execu\u00e7\u00e3o, gerando exemplos de ocupa\u00e7\u00e3o do espa\u00e7o, usos e atividades, com a <strong>humaniza\u00e7\u00e3o<\/strong>, que consiste na introdu\u00e7\u00e3o de <strong>pessoas<\/strong>, <strong>animais<\/strong>, <strong>ve\u00edculos<\/strong>, <strong>decora\u00e7\u00e3o<\/strong>, <strong>ilumina\u00e7\u00e3o<\/strong>, <strong>vegeta\u00e7\u00e3o <\/strong>em cenas do cotidiano, detalhando as propor\u00e7\u00f5es dos espa\u00e7os de forma mais <strong>amig\u00e1vel <\/strong>ao expectador.<br><br>Como vemos, a <strong>tecnologia <\/strong>tem muito a contribuir em <strong>diversas \u00e1reas profissionais<\/strong>, promovendo <strong>qualidade <\/strong>de <strong>vida <\/strong>e <strong>produtividade<\/strong>.<\/p>\n\n\n\n<figure class=\"wp-block-image size-large is-resized\"><img data-attachment-id=\"2684\" data-permalink=\"https:\/\/blog.univicosa.com.br\/index.php\/2021\/11\/05\/tecnologia-na-arquitetura\/d6c36b64-28cc-4734-89c6-106b2345af8e\/\" data-orig-file=\"https:\/\/blog.univicosa.com.br\/wp-content\/uploads\/2021\/11\/d6c36b64-28cc-4734-89c6-106b2345af8e.jpeg\" data-orig-size=\"960,720\" data-comments-opened=\"1\" data-image-meta=\"{&quot;aperture&quot;:&quot;0&quot;,&quot;credit&quot;:&quot;&quot;,&quot;camera&quot;:&quot;&quot;,&quot;caption&quot;:&quot;&quot;,&quot;created_timestamp&quot;:&quot;0&quot;,&quot;copyright&quot;:&quot;&quot;,&quot;focal_length&quot;:&quot;0&quot;,&quot;iso&quot;:&quot;0&quot;,&quot;shutter_speed&quot;:&quot;0&quot;,&quot;title&quot;:&quot;&quot;,&quot;orientation&quot;:&quot;0&quot;}\" data-image-title=\"d6c36b64-28cc-4734-89c6-106b2345af8e\" data-image-description=\"\" data-medium-file=\"https:\/\/blog.univicosa.com.br\/wp-content\/uploads\/2021\/11\/d6c36b64-28cc-4734-89c6-106b2345af8e-300x225.jpeg\" data-large-file=\"https:\/\/blog.univicosa.com.br\/wp-content\/uploads\/2021\/11\/d6c36b64-28cc-4734-89c6-106b2345af8e.jpeg\" loading=\"lazy\" src=\"https:\/\/blog.univicosa.com.br\/wp-content\/uploads\/2021\/11\/d6c36b64-28cc-4734-89c6-106b2345af8e.jpeg\" alt=\"\" class=\"wp-image-2684\" width=\"559\" height=\"419\" srcset=\"https:\/\/blog.univicosa.com.br\/wp-content\/uploads\/2021\/11\/d6c36b64-28cc-4734-89c6-106b2345af8e.jpeg 960w, https:\/\/blog.univicosa.com.br\/wp-content\/uploads\/2021\/11\/d6c36b64-28cc-4734-89c6-106b2345af8e-300x225.jpeg 300w, https:\/\/blog.univicosa.com.br\/wp-content\/uploads\/2021\/11\/d6c36b64-28cc-4734-89c6-106b2345af8e-768x576.jpeg 768w, https:\/\/blog.univicosa.com.br\/wp-content\/uploads\/2021\/11\/d6c36b64-28cc-4734-89c6-106b2345af8e-850x638.jpeg 850w\" sizes=\"(max-width: 559px) 100vw, 559px\" \/><\/figure>\n\n\n\n<p>Estas e muitas outras quest\u00f5es s\u00e3o <strong>abordadas <\/strong>nas<strong> disciplinas de Representa\u00e7\u00e3o gr\u00e1fica<\/strong>, <strong>Conforto Ambiental<\/strong>, <strong>Tecnologias Computacionais<\/strong> aplicadas a <strong>Arquitetura<\/strong>, entre outras, do curso de <strong>Arquitetura e Urbanismo da Univi\u00e7osa.<\/strong><br><br>Venha se juntar a n\u00f3s.<\/p>\n\n\n\n<p><strong><em>*Por: Eraldo Coelho &#8211; Arquiteto<\/em><\/strong><\/p>\n\n\n\n<p><a rel=\"noreferrer noopener\" href=\"https:\/\/www.univicosa.com.br\/graduacao\/cursos\/arquitetura_e_urbanismo\" target=\"_blank\">Curtiu e quer saber mais sobre o curso de\u00a0<strong>Arquitetura e Urbanismo<\/strong>\u00a0da\u00a0<strong>UNIVI\u00c7OSA<\/strong>? Ent\u00e3o acesse o site da Univi\u00e7osa, clique aqui!<\/a><\/p>\n\n\n\n<p><a href=\"https:\/\/blog.univicosa.com.br\/index.php\/2021\/10\/29\/envelhecimento-saudavel-e-a-casa-de-morar\/\">A velhice e a casa de morar<\/a> <\/p>\n\n\n\n<p><a href=\"https:\/\/blog.univicosa.com.br\/index.php\/2021\/10\/22\/os-modos-de-morar-e-a-arquitetura\/\">Os modos de morar e a Arquitetura<\/a><\/p>\n\n\n\n<p><a rel=\"noreferrer noopener\" href=\"https:\/\/blog.univicosa.com.br\/index.php\/2021\/10\/07\/voce-sabe-o-que-e-abstracao-artistica\/\" target=\"_blank\">Voc\u00ea sabe o que \u00e9 abstra\u00e7\u00e3o art\u00edstica?<\/a><\/p>\n\n\n\n<p><a href=\"https:\/\/blog.univicosa.com.br\/index.php\/2021\/10\/22\/os-modos-de-morar-e-a-arquitetura\/saiba%20tudo%20sobre%20a%20arquitetura%20da%20paisagem!\" target=\"_blank\" rel=\"noreferrer noopener\">Paisagismo: saiba tudo sobre a arquitetura da paisagem!<\/a><\/p>\n\n\n\n<p><a href=\"https:\/\/blog.univicosa.com.br\/index.php\/2021\/05\/26\/dicas-para-organizar-o-seu-estudo-em-casa\/\" target=\"_blank\" rel=\"noreferrer noopener\">Dicas para organizar o seu estudo em casa!<\/a><br><br><a href=\"https:\/\/blog.univicosa.com.br\/index.php\/2021\/07\/20\/conheca-as-vantagens-de-fazer-uma-segunda-graduacao\/\" target=\"_blank\" rel=\"noreferrer noopener\">Conhe\u00e7a as vantagens de fazer uma segunda gradua\u00e7\u00e3o<\/a><\/p>\n\n\n\n<p><a href=\"https:\/\/blog.univicosa.com.br\/index.php\/2021\/07\/26\/curiosidades-e-mercado-de-trabalho-arquitetura-e-urbanismo\/\" target=\"_blank\" rel=\"noreferrer noopener\">Curiosidades e mercado de trabalho: Arquitetura e Urbanismo<\/a><br><br><a href=\"https:\/\/blog.univicosa.com.br\/index.php\/2021\/07\/16\/5-dicas-para-se-destacar-no-mercado-de-trabalho\/\" target=\"_blank\" rel=\"noreferrer noopener\">5 dicas para se destacar no mercado de trabalho<\/a><br><br><a href=\"https:\/\/blog.univicosa.com.br\/index.php\/2021\/06\/01\/5-dicas-para-ter-um-curriculo-de-destaque\/\" target=\"_blank\" rel=\"noreferrer noopener\">5 dicas para criar um curr\u00edculo de sucesso!<\/a><\/p>\n\n\n\n<p><a href=\"https:\/\/blog.univicosa.com.br\/index.php\/2021\/06\/09\/transmita-suas-ideias-atraves-do-desenho\/\" target=\"_blank\" rel=\"noreferrer noopener\">Transmita suas ideias atrav\u00e9s do desenho!<\/a><br><br><a href=\"https:\/\/blog.univicosa.com.br\/index.php\/2021\/06\/22\/6-dicas-simples-de-como-fazer-um-mapa-mental-e-mandar-bem-nos-estudos\/\" target=\"_blank\" rel=\"noreferrer noopener\">6 dicas simples de como fazer um MAPA MENTAL e mandar bem nos estudos<\/a><br><br><a href=\"https:\/\/blog.univicosa.com.br\/index.php\/2021\/06\/15\/10-passos-para-ter-um-perfil-mais-relevante-no-linkedin\/\" target=\"_blank\" rel=\"noreferrer noopener\">10 passos para ter um perfil mais relevante no LinkedIn!<\/a><\/p>\n\n\n\n<p><a href=\"https:\/\/univicosa.apprbs.com.br\/gruda-na-uni\" target=\"_blank\" rel=\"noreferrer noopener\">Ei, voc\u00ea est\u00e1 estudando para o&nbsp;<strong>ENEM<\/strong>? A gente te ajuda! Tem conte\u00fado de exatas (matem\u00e1tica), humanas (portugu\u00eas), ci\u00eancias da natureza (Qu\u00edmica, Biologia), atualidades e muito mais,&nbsp;<strong>Gruda na Uni<\/strong>&nbsp;e vem! Clique aqui!<\/a><\/p>\n\n\n\n<p><a href=\"https:\/\/blog.univicosa.com.br\/index.php\/2021\/01\/20\/eu-sou-do-time-ciencias-exatas-eu-sou-univicosa\/\" target=\"_blank\" rel=\"noreferrer noopener\">Eu sou do time&nbsp;<strong>Ci\u00eancias Exatas<\/strong>, eu sou #UNIVI\u00c7OSA<\/a><\/p>\n\n\n\n<p><a rel=\"noreferrer noopener\" href=\"https:\/\/blog.univicosa.com.br\/index.php\/2020\/04\/29\/guia-de-organizacao-no-home-office-dicas-deixar-o-seu-ambiente-mais-produtivo\/\" target=\"_blank\">Guia de organiza\u00e7\u00e3o: dicas para deixar o seu&nbsp;<strong>ambiente de estudos<\/strong>&nbsp;ainda mais produtivo<\/a><\/p>\n","protected":false},"excerpt":{"rendered":"<p>Por: Eraldo Coelho* A tecnologia n\u00e3o \u00e9 desenvolvida para fazer o trabalho do projetista e sim torn\u00e1-lo mais r\u00e1pido, preciso e eficiente, uma vez que libera o arquiteto para desenvolver a criatividade sem se preocupar com tarefas que podem ser automatizadas. Torna-se imprescind\u00edvel ressaltar que, realizar as mesmas tarefas tradicionais apenas alterando para o formato&#8230;<\/p>\n","protected":false},"author":2,"featured_media":2681,"comment_status":"open","ping_status":"open","sticky":false,"template":"","format":"standard","meta":{"spay_email":""},"categories":[28,14],"tags":[1066,333,102,103,409,1071,109,51,7,408,92,107,111,340,1067,1070,1072,1068,460,1065,96,9,117,93,1069],"jetpack_featured_media_url":"https:\/\/blog.univicosa.com.br\/wp-content\/uploads\/2021\/11\/tecnologia-arquitetura-blog.png","jetpack_shortlink":"https:\/\/wp.me\/pbcCKk-He","_links":{"self":[{"href":"https:\/\/blog.univicosa.com.br\/index.php\/wp-json\/wp\/v2\/posts\/2680"}],"collection":[{"href":"https:\/\/blog.univicosa.com.br\/index.php\/wp-json\/wp\/v2\/posts"}],"about":[{"href":"https:\/\/blog.univicosa.com.br\/index.php\/wp-json\/wp\/v2\/types\/post"}],"author":[{"embeddable":true,"href":"https:\/\/blog.univicosa.com.br\/index.php\/wp-json\/wp\/v2\/users\/2"}],"replies":[{"embeddable":true,"href":"https:\/\/blog.univicosa.com.br\/index.php\/wp-json\/wp\/v2\/comments?post=2680"}],"version-history":[{"count":3,"href":"https:\/\/blog.univicosa.com.br\/index.php\/wp-json\/wp\/v2\/posts\/2680\/revisions"}],"predecessor-version":[{"id":2687,"href":"https:\/\/blog.univicosa.com.br\/index.php\/wp-json\/wp\/v2\/posts\/2680\/revisions\/2687"}],"wp:featuredmedia":[{"embeddable":true,"href":"https:\/\/blog.univicosa.com.br\/index.php\/wp-json\/wp\/v2\/media\/2681"}],"wp:attachment":[{"href":"https:\/\/blog.univicosa.com.br\/index.php\/wp-json\/wp\/v2\/media?parent=2680"}],"wp:term":[{"taxonomy":"category","embeddable":true,"href":"https:\/\/blog.univicosa.com.br\/index.php\/wp-json\/wp\/v2\/categories?post=2680"},{"taxonomy":"post_tag","embeddable":true,"href":"https:\/\/blog.univicosa.com.br\/index.php\/wp-json\/wp\/v2\/tags?post=2680"}],"curies":[{"name":"wp","href":"https:\/\/api.w.org\/{rel}","templated":true}]}}